{"id":4389,"date":"2018-07-30T20:43:21","date_gmt":"2018-07-30T18:43:21","guid":{"rendered":"https:\/\/blog.wiwo.de\/schweinehund\/?p=4389"},"modified":"2018-07-31T08:39:21","modified_gmt":"2018-07-31T06:39:21","slug":"t-5-die-strecke-die-anstiege-der-wind-der-wahnsinn-norseman-hier-bin-ich","status":"publish","type":"post","link":"https:\/\/blog.wiwo.de\/schweinehund\/2018\/07\/30\/t-5-die-strecke-die-anstiege-der-wind-der-wahnsinn-norseman-hier-bin-ich\/","title":{"rendered":"T -5 Die Strecke. Die Anstiege. Der Wind. Der Wahnsinn. Norseman &#8211; hier bin ich"},"content":{"rendered":"<p>Ich bin da. In Eidfjord. Montag abend, noch vier Tage, dann ist Start. Heute Streckenbesichtigung. Von hinten nach vorne, da ich aus Oslo angereist bin.<\/p>\n<p>Nun. Leicht ist das nicht. Was auch immer ich mir unter dem Zombie Hill ab Kilometer 25 des abschlie\u00dfenden Marathons genau vorgestellt habe. Es ist dann ein gut 7 Kilometer langer Anstieg, den der Wagen mit vernehmlicher M\u00fche und hoher Drehzahl hochge\u00e4chzt ist. Das ist dann Kilometer 25 bis 32 des Marathons. Den Weg ganz auf den Gaustatoppen habe ich aus Zeitgr\u00fcnden ausgelassen. Der Gipfel hing eh in den Wolken. Ich werde es Samstag da wohl hoch schaffen m\u00fcssen, also ein schwarzes T-Shirt erk\u00e4mpfen, wenn ich ihn oben sehen will.<\/p>\n<p>Immerhin: Die Temperatur fiel in dem St\u00fcck vielleicht gerade mal um f\u00fcnf bis zehn Grad. Unten T-Shirt-warm. Oben Fleecejackenwetter.<\/p>\n<p>Ich war zu besch\u00e4ftigt mit Fahren auf den Stra\u00dfen, um hysterisch zu lachen. Aber im Grunde h\u00e4tte ich das die 180 Kilometer auf der Radstrecke tun m\u00fcssen. Die Summe an langen Anstiegen, der harsche Wind, der uns mehrheitlich von vorne ins Gesicht pusten wird, die Temperaturschwankungen von 14 bis 26 Grad und zur\u00fcck &#8211; das ist schon alles starker Tobak.<\/p>\n<p>Keine Ahnung &#8211; ich habe mir das so vorgestellt und hatte dann doch keine Ahnung. Karge, menschenfeindliche Ger\u00f6llw\u00fcsten, durchsetzt mit Holzh\u00fctten f\u00fcr Skifahrer. Die Wanderer, die mir entgegenkamen, sahen alle aus wie f\u00fcr Sturm eingepackt. Der ja auch war.<\/p>\n<p>Zu viele Eindr\u00fccke auf einmal f\u00fcr einen zusammenh\u00e4ngenden logischen sinnvollen Text. Das wird einfach eine gro\u00dfartige absurde wunderbare Veranstaltung. Respekt, Angst, Zuversicht &#8211; alles mischt sich. Ich wei\u00df nur eines: Das haben andere vor mir geschafft, warum sollte ich es nicht auch schaffen?<\/p>\n<p>&nbsp;<\/p>\n","protected":false},"excerpt":{"rendered":"<p>Ich bin da. In Eidfjord. Montag abend, noch vier Tage, dann ist Start. Heute Streckenbesichtigung. Von hinten nach vorne, da ich aus Oslo angereist bin. Nun. Leicht ist das nicht. Was auch immer ich mir unter dem Zombie Hill ab &hellip; <a href=\"https:\/\/blog.wiwo.de\/schweinehund\/2018\/07\/30\/t-5-die-strecke-die-anstiege-der-wind-der-wahnsinn-norseman-hier-bin-ich\/\">Weiterlesen <span class=\"meta-nav\">&rarr;<\/span><\/a><\/p>\n","protected":false},"author":56,"featured_media":0,"comment_status":"open","ping_status":"open","sticky":false,"template":"","format":"standard","meta":{"footnotes":""},"categories":[1],"tags":[],"class_list":["post-4389","post","type-post","status-publish","format-standard","hentry","category-allgemein"],"_links":{"self":[{"href":"https:\/\/blog.wiwo.de\/schweinehund\/wp-json\/wp\/v2\/posts\/4389","targetHints":{"allow":["GET"]}}],"collection":[{"href":"https:\/\/blog.wiwo.de\/schweinehund\/wp-json\/wp\/v2\/posts"}],"about":[{"href":"https:\/\/blog.wiwo.de\/schweinehund\/wp-json\/wp\/v2\/types\/post"}],"author":[{"embeddable":true,"href":"https:\/\/blog.wiwo.de\/schweinehund\/wp-json\/wp\/v2\/users\/56"}],"replies":[{"embeddable":true,"href":"https:\/\/blog.wiwo.de\/schweinehund\/wp-json\/wp\/v2\/comments?post=4389"}],"version-history":[{"count":4,"href":"https:\/\/blog.wiwo.de\/schweinehund\/wp-json\/wp\/v2\/posts\/4389\/revisions"}],"predecessor-version":[{"id":4393,"href":"https:\/\/blog.wiwo.de\/schweinehund\/wp-json\/wp\/v2\/posts\/4389\/revisions\/4393"}],"wp:attachment":[{"href":"https:\/\/blog.wiwo.de\/schweinehund\/wp-json\/wp\/v2\/media?parent=4389"}],"wp:term":[{"taxonomy":"category","embeddable":true,"href":"https:\/\/blog.wiwo.de\/schweinehund\/wp-json\/wp\/v2\/categories?post=4389"},{"taxonomy":"post_tag","embeddable":true,"href":"https:\/\/blog.wiwo.de\/schweinehund\/wp-json\/wp\/v2\/tags?post=4389"}],"curies":[{"name":"wp","href":"https:\/\/api.w.org\/{rel}","templated":true}]}}