{"id":4299,"date":"2018-04-23T08:11:13","date_gmt":"2018-04-23T06:11:13","guid":{"rendered":"https:\/\/blog.wiwo.de\/schweinehund\/?p=4299"},"modified":"2018-04-23T12:50:16","modified_gmt":"2018-04-23T10:50:16","slug":"t-102-licht-schatten-flexibilitaet-die-zielgerade-zum-norseman-steht-an","status":"publish","type":"post","link":"https:\/\/blog.wiwo.de\/schweinehund\/2018\/04\/23\/t-102-licht-schatten-flexibilitaet-die-zielgerade-zum-norseman-steht-an\/","title":{"rendered":"T -102 Licht, Schatten, Flexibilit\u00e4t &#8211; Die Zielgerade zum Norseman steht an."},"content":{"rendered":"<p>Vermutlich, nein ganz sicher, wollte ich am Stichtag T -100 einen Blogbeitrag schreiben zu den Vorbereitungen auf den Norseman. Nun also 102 Tage, denn man muss flexibel bleiben und Mittwoch komme ich vielleicht nicht dazu, jetzt sitze ich aber gerade im Zug und habe noch ausreichend Zeit bis zum Ziel.<\/p>\n<p>Habe ich auch ausreichend Zeit f\u00fcrs Training bis zum Ziel auf dem Gaustatoppen in Norwegen am 4. August? Das werde ich sicher erst am 4. August endg\u00fcltig beantworten k\u00f6nnen, denn nur der Tag z\u00e4hlt. Alles andere ist Theorie. Die Zeit nicht ungenutzt verstreichen zu lassen \u2013 das ist die eigentliche Herausforderung. Arbeit, Familie, Freunde, Haushalt \u2013 kurz den Alltag \u2013 gibt es schlie\u00dflich auch noch. Und sollen auch sein, ich neige bei aller Begeisterung nicht dazu, zum Sportmonster zu mutieren, das alles andere in seinem Leben dem einen Ziel unterordnet.<\/p>\n<div id=\"attachment_4301\" style=\"width: 160px\" class=\"wp-caption alignleft\"><a href=\"https:\/\/blog.wiwo.de\/schweinehund\/files\/2018\/04\/IMG_03041.jpg\"><img loading=\"lazy\" decoding=\"async\" aria-describedby=\"caption-attachment-4301\" class=\"size-thumbnail wp-image-4301\" src=\"https:\/\/blog.wiwo.de\/schweinehund\/files\/2018\/04\/IMG_03041-150x150.jpg\" alt=\"\" width=\"150\" height=\"150\" \/><\/a><p id=\"caption-attachment-4301\" class=\"wp-caption-text\">Bier und Zug statt bike back from work. Auch so eine Plan\u00e4nderung muss mal sein.<\/p><\/div>\n<p>Also hei\u00dft es derzeit, die Zeitfenster clever und effizient zu nutzen. Als Hobbysportler ohne Trainer \u2013 also auch ohne ganz arg fundamentalen theoretischen Hintergrund \u2013 ist das vielleicht nicht so effizient, wie es ginge. Aber f\u00fcr mich geh\u00f6rt das auch zu meiner Art, diesen Sport zu betreiben.<\/p>\n<p>Gute Ratschl\u00e4ge bekommt jeder \u00fcberall. Immer einer, der es so macht, der andere, der es so macht. Meist in v\u00f6lliger Unkenntnis der Gegebenheiten, der Umst\u00e4nde und vor allem der Pers\u00f6nlichkeit des Menschen. Wenn ich mein Geld damit verdienen w\u00fcrde, s\u00e4he die Sache anders aus. So aber bin am Ende ich es, der s\u00e4mtliche Faktoren kennt.<\/p>\n<p>Und ich bin zumindest in einer Disziplin in meinen Augen immer ganz gut: Nicht irritieren lassen. Das Schwimmbad mit der 50-Meter-Bahn, in dem ich am liebsten trainiere, weil es nicht so langweilig ist und ich deswegen nicht abbreche und ich deswegen ganz gut Kilometer absolviere &#8211;\u00a0 es hatte zwei Wochen geschlossen. Fest geplante Einheiten fielen aus, einmal habe ich versucht, ein anderes Schwimmbad zu w\u00e4hlen, aber in den Ferien sah ich Samstag nachmittag schon von au\u00dfen: Sinnloses Unterfangen. Mund abputzen, heim Fahren, stattdessen laufen gehen.<\/p>\n<p>Vorgestern wollte ich ebenfalls am Samstag zum Schwimmbad radeln, dort meine Bahnen ziehen, heimradeln, Sonntags laufen. Ein Platten nach 3 Kilometern mitten im Wald zwang mich, den Plan zu \u00e4ndern, denn selbst wenn ich daheim wieder mit einem anderen Rad losgefahren w\u00e4re \u2013 das Schwimmbad h\u00e4tte schon geschlossen gehabt bei meiner Ankunft. Also: Laufschuhe an, spontan einen Halbmarathon angesetzt in mittlerem Tempo. Bei der Hitze dieser Tage Umstellung genug. Und den Sonntag f\u00fcr eine sehr ausgiebige Radfahrt mit f\u00fcr meine Verh\u00e4ltnisse reichlich H\u00f6henmeter geplant.<\/p>\n<p>Schwimmen \u2013 so der Plan \u2013 heute in Berlin zwischen zwei Terminen als Mittagspause. Flexibel bleiben, was bleibt einem schon?<\/p>\n<p>Unter all diesen Umst\u00e4nden beginnt nun also \u00fcbermorgen die intensivste Zeit des Jahres. 100 Tage bis zum Wettkampf \u2013 das z\u00e4hlt sich rasend schnell herunter. Also noch etwas fr\u00fcher aufstehen, noch etwas fr\u00fcher ins Bett also eh schon, um \u2013 so ist die Idee \u2013 um gegen 6:30 im Schwimmbad zu sein und danach ins B\u00fcro zu fahren. Ob ich das so hinbekomme \u2013 werden wir sehen. Das sind sicher die Momente, wo sich Spreu von Weizen trennen und eigentlich die Anerkennung f\u00fcr gezollt werden sollte: Trainieren, wenn es nicht leicht f\u00e4llt. Die einsamen Stunden, wo keiner zuguckt.<\/p>\n<p>Das sind auch jene, die mich im Wettbewerb erwarten. Anstrengungen ohne irgendwen, der es sieht oder gar applaudiert. 250 Starter, die am Ende vermutlich ein weit auseinandergezogenes Feld bilden. Im Stra\u00dfenverkehr ohne Absperrung mit Licht am Triathlonrad und Warnweste an. Da ist man allein, mit sich, der Natur und seinen Gedanken. Mir gef\u00e4llt das, da ist jeder anders, das ist mir klar.<\/p>\n<p>102 Tage also noch und ja, mir macht das auch Sorgen. Keine der drei Disziplinen \u2013 na, gut, doch Schwimmen schon \u2013 traue ich mir derzeit auf Anhieb einzeln zu. In Kombination? Absurd. Absurder als Ironman eh schon ist.<\/p>\n<p>Es sind dann die kleinen Erfolge, die einem helfen, sich dem Ziel zu n\u00e4hern, das man schlie\u00dflich auch nicht 102 Tage vorher, sondern an Tag X. Zum Gl\u00fcck kenne ich dieses Auf und Ab aus beinahe Verzweiflung angesichts der scheinbar unl\u00f6sbaren Aufgabe und der Zuversicht, dass man das schaffen kann, wenn es andere auch schon geschafft haben. Es gibt keinen Grund anzunehmen, man sei der einzige, der etwas nicht hinbek\u00e4me, was schwer vorstellbar ist. Das Privileg bleibt den wahren Pionieren vorbehalten.<\/p>\n<p>Und ohne das gro\u00df geplant und erst mittendrin realisiert zu haben, habe ich gestern einen kleinen \u201eRekord\u201c f\u00fcr mich aufgestellt, der nur m\u00f6glich war, weil ich mich von dem kleinen &#8222;R\u00fcckschlag&#8220; Samstag nicht habe beirren lassen: So viele H\u00f6henmeter wie noch nie an einem Tag geradelt. Und das auf einer k\u00fcrzeren Strecke als dem Ironman Klagenfurt, also\u00a0eigentlich\u00a0anstrengender. Gut \u2013 das ist noch immer noch nicht halb so viel, wie in Eidfjord n\u00f6tig sein werden \u2013 aber es sind ja noch 102 Tage hin.<\/p>\n","protected":false},"excerpt":{"rendered":"<p>Vermutlich, nein ganz sicher, wollte ich am Stichtag T -100 einen Blogbeitrag schreiben zu den Vorbereitungen auf den Norseman. Nun also 102 Tage, denn man muss flexibel bleiben und Mittwoch komme ich vielleicht nicht dazu, jetzt sitze ich aber gerade &hellip; <a href=\"https:\/\/blog.wiwo.de\/schweinehund\/2018\/04\/23\/t-102-licht-schatten-flexibilitaet-die-zielgerade-zum-norseman-steht-an\/\">Weiterlesen <span class=\"meta-nav\">&rarr;<\/span><\/a><\/p>\n","protected":false},"author":56,"featured_media":0,"comment_status":"open","ping_status":"open","sticky":false,"template":"","format":"standard","meta":{"footnotes":""},"categories":[1],"tags":[],"class_list":["post-4299","post","type-post","status-publish","format-standard","hentry","category-allgemein"],"_links":{"self":[{"href":"https:\/\/blog.wiwo.de\/schweinehund\/wp-json\/wp\/v2\/posts\/4299","targetHints":{"allow":["GET"]}}],"collection":[{"href":"https:\/\/blog.wiwo.de\/schweinehund\/wp-json\/wp\/v2\/posts"}],"about":[{"href":"https:\/\/blog.wiwo.de\/schweinehund\/wp-json\/wp\/v2\/types\/post"}],"author":[{"embeddable":true,"href":"https:\/\/blog.wiwo.de\/schweinehund\/wp-json\/wp\/v2\/users\/56"}],"replies":[{"embeddable":true,"href":"https:\/\/blog.wiwo.de\/schweinehund\/wp-json\/wp\/v2\/comments?post=4299"}],"version-history":[{"count":0,"href":"https:\/\/blog.wiwo.de\/schweinehund\/wp-json\/wp\/v2\/posts\/4299\/revisions"}],"wp:attachment":[{"href":"https:\/\/blog.wiwo.de\/schweinehund\/wp-json\/wp\/v2\/media?parent=4299"}],"wp:term":[{"taxonomy":"category","embeddable":true,"href":"https:\/\/blog.wiwo.de\/schweinehund\/wp-json\/wp\/v2\/categories?post=4299"},{"taxonomy":"post_tag","embeddable":true,"href":"https:\/\/blog.wiwo.de\/schweinehund\/wp-json\/wp\/v2\/tags?post=4299"}],"curies":[{"name":"wp","href":"https:\/\/api.w.org\/{rel}","templated":true}]}}