{"id":4249,"date":"2018-01-05T15:38:07","date_gmt":"2018-01-05T13:38:07","guid":{"rendered":"https:\/\/blog.wiwo.de\/schweinehund\/?p=4249"},"modified":"2018-01-05T15:39:17","modified_gmt":"2018-01-05T13:39:17","slug":"t-210-alles-anders-2018-fortschritt-im-rueckschritt","status":"publish","type":"post","link":"https:\/\/blog.wiwo.de\/schweinehund\/2018\/01\/05\/t-210-alles-anders-2018-fortschritt-im-rueckschritt\/","title":{"rendered":"T -210 Alles anders 2018 &#8211; Fortschritt im R\u00fcckschritt."},"content":{"rendered":"<p>Im Grunde m\u00fcsste ich geknickt sein. In den vergangenen Jahren habe ich mit Freude gleich den ersten Marathon des Jahres in <a href=\"https:\/\/blog.wiwo.de\/schweinehund\/2014\/01\/05\/honigkuchen-und-tomatenmark-warum-ich-mit-einer-tube-tomatenmark-3-fach-konzentriert-beim-marathon-laufe\/\">Kevelear <\/a>mitgenommen. Eine sch\u00f6ne Veranstaltung und einfach eine gute Gelegenheit, mindestens mal eine gute Trainingseinheit zu absolvieren. Ich werde das dieses Jahr lassen.<\/p>\n<p>Ferner werde ich auch Ende Januar beim ebenfalls lieb gewonnenen <a href=\"https:\/\/blog.wiwo.de\/schweinehund\/2016\/02\/03\/fear-and-loathing-in-rodgau-dudenhofen-warum-ich-nach-meinem-ersten-dnf-auch-ein-wenig-stolz-bin\/\">Ultramarathon <\/a>des RLT Rodgau kaum die volle Distanz von 50 Kilometer angehen, sondern aller Voraussicht nach es bei 30 Kilometer belassen. Das hatte ich mir bei der Anmeldung anders vorgestellt, aber es betr\u00fcbt mich nicht\u00a0dieses Jahr.<\/p>\n<p>Im Gegenteil &#8211; das Ziel dies Jahr ist der Norseman, dem ordne ich alles unter. Bis dahin sind zwar nur noch 210 Tage, aber es ist nicht wichtig, dass ich jetzt schon richtig fit bin, sondern eine sehr solide Basis zu schaffen, auf der ich dann zur rechten Zeit aufbauen kann. L\u00e4uferisch hinke ich meiner alten Form eh meilenweit hinterher. Die lediglich 1200 Laufkilometer 2017 haben Spuren hinterlassen. In der Fitness. Die gilt es wiederzuerlangen.<\/p>\n<p>Dabei f\u00fchle ich mich aber auf einem guten Weg. Die Hosenbunde sprechen eine deutliche Sprache, die allerdings die Waage noch nicht versteht. Egal. D\u00fcnner ist d\u00fcnner und sicher irgendwann auch leichter.<\/p>\n<p>Die \u00fcber lange Zeit schmerzende Achillessehne im linken Fu\u00df ist eigentlich v\u00f6llig beschwerdefrei. Daf\u00fcr zickt jetzt die im rechten Fu\u00df. Kann ich nat\u00fcrlich ignorieren und Gas geben. Steht aber nicht daf\u00fcr. Ich passe mein Training dem an, fahre mehr Rad, schwimme mehr, so dass der Fu\u00df nicht unn\u00f6tig Belastung bekommt. Das Laufpensum bleibt also vorerst gering. Damit kann man aber keinen Ultramarathon sinnvoll laufen. Irgendwie ums Verrecken \u00fcber die Distanz zu bringen &#8211; kein Interesse dieses Jahr.<\/p>\n<p>Ich nehme, nicht zuletzt, weil ich dort viele liebe Bekannte treffen werde, die Gelegenheit wahr, mit Versorgung eine solide Trainingseinheit zu laufen. Gemeldet bin ich eh, also hin da. Ich freue mich drauf, werde das Beste draus machen und mich nicht im geringsten gr\u00e4men, dass dieses Jahr da l\u00e4uferisch nichts drin ist f\u00fcr mich.<\/p>\n","protected":false},"excerpt":{"rendered":"<p>Im Grunde m\u00fcsste ich geknickt sein. In den vergangenen Jahren habe ich mit Freude gleich den ersten Marathon des Jahres in Kevelear mitgenommen. Eine sch\u00f6ne Veranstaltung und einfach eine gute Gelegenheit, mindestens mal eine gute Trainingseinheit zu absolvieren. Ich werde &hellip; <a href=\"https:\/\/blog.wiwo.de\/schweinehund\/2018\/01\/05\/t-210-alles-anders-2018-fortschritt-im-rueckschritt\/\">Weiterlesen <span class=\"meta-nav\">&rarr;<\/span><\/a><\/p>\n","protected":false},"author":56,"featured_media":0,"comment_status":"open","ping_status":"open","sticky":false,"template":"","format":"standard","meta":{"footnotes":""},"categories":[1],"tags":[],"class_list":["post-4249","post","type-post","status-publish","format-standard","hentry","category-allgemein"],"_links":{"self":[{"href":"https:\/\/blog.wiwo.de\/schweinehund\/wp-json\/wp\/v2\/posts\/4249","targetHints":{"allow":["GET"]}}],"collection":[{"href":"https:\/\/blog.wiwo.de\/schweinehund\/wp-json\/wp\/v2\/posts"}],"about":[{"href":"https:\/\/blog.wiwo.de\/schweinehund\/wp-json\/wp\/v2\/types\/post"}],"author":[{"embeddable":true,"href":"https:\/\/blog.wiwo.de\/schweinehund\/wp-json\/wp\/v2\/users\/56"}],"replies":[{"embeddable":true,"href":"https:\/\/blog.wiwo.de\/schweinehund\/wp-json\/wp\/v2\/comments?post=4249"}],"version-history":[{"count":0,"href":"https:\/\/blog.wiwo.de\/schweinehund\/wp-json\/wp\/v2\/posts\/4249\/revisions"}],"wp:attachment":[{"href":"https:\/\/blog.wiwo.de\/schweinehund\/wp-json\/wp\/v2\/media?parent=4249"}],"wp:term":[{"taxonomy":"category","embeddable":true,"href":"https:\/\/blog.wiwo.de\/schweinehund\/wp-json\/wp\/v2\/categories?post=4249"},{"taxonomy":"post_tag","embeddable":true,"href":"https:\/\/blog.wiwo.de\/schweinehund\/wp-json\/wp\/v2\/tags?post=4249"}],"curies":[{"name":"wp","href":"https:\/\/api.w.org\/{rel}","templated":true}]}}