{"id":687040,"date":"2025-12-06T18:05:46","date_gmt":"2025-12-06T17:05:46","guid":{"rendered":"https:\/\/blog.wiwo.de\/management\/?p=687040"},"modified":"2025-12-06T18:05:46","modified_gmt":"2025-12-06T17:05:46","slug":"lesetipp-wiwo-de-und-dann-aenderte-sich-alles-mit-dachser-ceo-burkhard-eling-der-sich-mit-nicht-mal-30-jahren-auf-ein-karriere-abenteuer-einliess","status":"publish","type":"post","link":"https:\/\/blog.wiwo.de\/management\/2025\/12\/06\/lesetipp-wiwo-de-und-dann-aenderte-sich-alles-mit-dachser-ceo-burkhard-eling-der-sich-mit-nicht-mal-30-jahren-auf-ein-karriere-abenteuer-einliess\/","title":{"rendered":"Lesetipp wiwo.de (+): &#8222;Und dann \u00e4nderte sich alles&#8220; mit Dachser-CEO Burkhard Eling, der sich mit nicht mal 30 Jahren auf ein Karriere-Abenteuer einlie\u00df"},"content":{"rendered":"<p>Und dann \u00e4nderte sich alles<\/p>\n<p>\u201eGestandene Manager br\u00fcllten sich auf dem Gang an\u201c<\/p>\n<p>Burkhard Eling leitete mit nur 30 Jahren das \u00adControlling beim hoch verschuldeten \u00adHolzmann-Konzern. Diese Krise lehrte den heutigen Dachser-CEO viel \u00fcber Menschen.<\/p>\n<p><a href=\"https:\/\/www.wiwo.de\/erfolg\/management\/burkhard-eling-gestandene-manager-bruellten-sich-auf-dem-gang-an\/100179245.html\">Burkhard Eling: \u201eGestandene Manager br\u00fcllten sich auf dem Gang an\u201c<\/a><\/p>\n<p>&nbsp;<\/p>\n<div id=\"attachment_687041\" style=\"width: 660px\" class=\"wp-caption aligncenter\"><img loading=\"lazy\" decoding=\"async\" aria-describedby=\"caption-attachment-687041\" class=\"size-full wp-image-687041\" src=\"https:\/\/blog.wiwo.de\/management\/files\/2025\/12\/udaesa.foto_.eling_.jpeg\" alt=\"\" width=\"650\" height=\"433\" srcset=\"https:\/\/blog.wiwo.de\/management\/files\/2025\/12\/udaesa.foto_.eling_.jpeg 650w, https:\/\/blog.wiwo.de\/management\/files\/2025\/12\/udaesa.foto_.eling_-300x200.jpeg 300w, https:\/\/blog.wiwo.de\/management\/files\/2025\/12\/udaesa.foto_.eling_-450x300.jpeg 450w\" sizes=\"auto, (max-width: 650px) 100vw, 650px\" \/><p id=\"caption-attachment-687041\" class=\"wp-caption-text\">Burkhard Eling (Foto: Privat)<\/p><\/div>\n<p>&nbsp;<\/p>\n<p>&nbsp;<\/p>\n<p>&nbsp;<\/p>\n<p><a href=\"https:\/\/www.faktenkontor.de\/pressemeldungen\/blogger-relevanzindex-das-sind-deutschlands-top-100-blogs\/\"><img loading=\"lazy\" decoding=\"async\" class=\"aligncenter size-medium wp-image-680063\" src=\"https:\/\/149798077.v2.pressablecdn.com\/management\/files\/2022\/06\/Wiwo.top_.10.blog_.2022.Blogger-Relevanzindex_Top-10-Blogs-2022-227x300.jpg\" alt=\"\" width=\"227\" height=\"300\" srcset=\"https:\/\/blog.wiwo.de\/management\/files\/2022\/06\/Wiwo.top_.10.blog_.2022.Blogger-Relevanzindex_Top-10-Blogs-2022-227x300.jpg 227w, https:\/\/blog.wiwo.de\/management\/files\/2022\/06\/Wiwo.top_.10.blog_.2022.Blogger-Relevanzindex_Top-10-Blogs-2022.jpg 492w\" sizes=\"auto, (max-width: 227px) 100vw, 227px\" \/><\/a><\/p>\n<div id=\"main\">\n<div id=\"primary\">\n<div id=\"content\" role=\"main\">\n<article id=\"post-679588\" class=\"post-679588 post type-post status-publish format-standard hentry category-allgemein tag-arbeitsbedingung tag-arbeitsklima tag-betriebsklima tag-big-quit tag-ey-ernst-young tag-fachkraftemangel tag-gehalt tag-great-resignation tag-jobwechsel tag-kundigung tag-kuendigungsabsicht tag-loehne tag-umfrage\">\n<div class=\"entry-content\">\n<p>&nbsp;<\/p>\n<p>&nbsp;<\/p>\n<p><a href=\"https:\/\/www.presseportal.de\/pm\/52884\/5255623\"><img loading=\"lazy\" decoding=\"async\" class=\"aligncenter size-medium wp-image-676731\" src=\"https:\/\/149798077.v2.pressablecdn.com\/management\/files\/2021\/06\/bloggerinnen.2021.neu_-300x212.jpg\" alt=\"\" width=\"300\" height=\"212\" srcset=\"https:\/\/blog.wiwo.de\/management\/files\/2021\/06\/bloggerinnen.2021.neu_-300x212.jpg 300w, https:\/\/blog.wiwo.de\/management\/files\/2021\/06\/bloggerinnen.2021.neu_-424x300.jpg 424w, https:\/\/blog.wiwo.de\/management\/files\/2021\/06\/bloggerinnen.2021.neu_.jpg 650w\" sizes=\"auto, (max-width: 300px) 100vw, 300px\" \/><\/a><\/p>\n<p>&nbsp;<\/p>\n<p><strong>Copyright: @Claudia T\u00f6dtmann. Alle Rechte vorbehalten.\u00a0<\/strong><\/p>\n<p><strong>Kontakt f\u00fcr Nutzungsrechte: claudia.toedtmann@wiwo.de<\/strong><\/p>\n<p><strong>Alle inhaltlichen Rechte des Management-Blogs von Claudia T\u00f6dtmann liegen bei der Blog-Inhaberin. Jegliche Nutzung der Inhalte bed\u00fcrfen der ausdr\u00fccklichen Genehmigung.<\/strong><\/p>\n<\/div>\n<p><strong>Um den Lesefluss nicht zu behindern, wird in Management-Blog-Texten nur die m\u00e4nnliche Form genannt, aber immer sind die weibliche und andere Formen gleicherma\u00dfen mit gemeint.<\/strong><\/p>\n<\/article>\n<\/div>\n<\/div>\n<\/div>\n","protected":false},"excerpt":{"rendered":"<p>Und dann \u00e4nderte sich alles \u201eGestandene Manager br\u00fcllten sich auf dem Gang an\u201c Burkhard Eling leitete mit nur 30 Jahren das \u00adControlling beim hoch verschuldeten \u00adHolzmann-Konzern. Diese Krise lehrte den heutigen Dachser-CEO viel \u00fcber Menschen. Burkhard Eling: \u201eGestandene Manager br\u00fcllten &hellip; <a href=\"https:\/\/blog.wiwo.de\/management\/2025\/12\/06\/lesetipp-wiwo-de-und-dann-aenderte-sich-alles-mit-dachser-ceo-burkhard-eling-der-sich-mit-nicht-mal-30-jahren-auf-ein-karriere-abenteuer-einliess\/\">Weiterlesen <span class=\"meta-nav\">&rarr;<\/span><\/a><\/p>\n","protected":false},"author":19,"featured_media":0,"comment_status":"open","ping_status":"open","sticky":false,"template":"","format":"standard","meta":{"footnotes":""},"categories":[1],"tags":[12506,12505,12507,1508,2391,11583],"class_list":["post-687040","post","type-post","status-publish","format-standard","hentry","category-allgemein","tag-burkhard-eling","tag-dachser","tag-holzmann","tag-lesetipp","tag-wiwo-de","tag-und-dann-aenderte-sich-alles"],"_links":{"self":[{"href":"https:\/\/blog.wiwo.de\/management\/wp-json\/wp\/v2\/posts\/687040","targetHints":{"allow":["GET"]}}],"collection":[{"href":"https:\/\/blog.wiwo.de\/management\/wp-json\/wp\/v2\/posts"}],"about":[{"href":"https:\/\/blog.wiwo.de\/management\/wp-json\/wp\/v2\/types\/post"}],"author":[{"embeddable":true,"href":"https:\/\/blog.wiwo.de\/management\/wp-json\/wp\/v2\/users\/19"}],"replies":[{"embeddable":true,"href":"https:\/\/blog.wiwo.de\/management\/wp-json\/wp\/v2\/comments?post=687040"}],"version-history":[{"count":1,"href":"https:\/\/blog.wiwo.de\/management\/wp-json\/wp\/v2\/posts\/687040\/revisions"}],"predecessor-version":[{"id":687042,"href":"https:\/\/blog.wiwo.de\/management\/wp-json\/wp\/v2\/posts\/687040\/revisions\/687042"}],"wp:attachment":[{"href":"https:\/\/blog.wiwo.de\/management\/wp-json\/wp\/v2\/media?parent=687040"}],"wp:term":[{"taxonomy":"category","embeddable":true,"href":"https:\/\/blog.wiwo.de\/management\/wp-json\/wp\/v2\/categories?post=687040"},{"taxonomy":"post_tag","embeddable":true,"href":"https:\/\/blog.wiwo.de\/management\/wp-json\/wp\/v2\/tags?post=687040"}],"curies":[{"name":"wp","href":"https:\/\/api.w.org\/{rel}","templated":true}]}}