{"id":686835,"date":"2025-10-16T01:58:25","date_gmt":"2025-10-15T23:58:25","guid":{"rendered":"https:\/\/blog.wiwo.de\/management\/?p=686835"},"modified":"2025-10-16T01:58:25","modified_gmt":"2025-10-15T23:58:25","slug":"lesetipp-wiwo-de-die-neuen-kranken-die-schon-vorher-da-waren-aok-fehlzeiten-report-2025","status":"publish","type":"post","link":"https:\/\/blog.wiwo.de\/management\/2025\/10\/16\/lesetipp-wiwo-de-die-neuen-kranken-die-schon-vorher-da-waren-aok-fehlzeiten-report-2025\/","title":{"rendered":"Lesetipp wiwo.de: Die neuen Kranken, die schon vorher da waren &#8211; AOK-Fehlzeiten-Report 2025"},"content":{"rendered":"<h1><a href=\"http:\/\/AOK-Fehlzeiten-Report 2025: Dunkelziffer der Krankmeldungen wird sichtbar\">AOK-Fehlzeiten-Report<\/a><\/h1>\n<h1>Die neuen Kranken, die schon vorher da waren<\/h1>\n<h1><\/h1>\n<h1>Der AOK-Fehlzeiten-Report sorgt f\u00fcr Klarheit: Es gibt nicht mehr Kranke unter den deutschen Besch\u00e4ftigten. Sie werden nur endlich korrekt erfasst. (wiwo+)<\/h1>\n<p><a href=\"https:\/\/www.wiwo.de\/erfolg\/management\/aok-fehlzeiten-report-2025-dunkelziffer-der-krankmeldungen-wird-sichtbar\/100163027.html\">AOK-Fehlzeiten-Report 2025: Dunkelziffer der Krankmeldungen wird sichtbar<\/a><\/p>\n<p>&nbsp;<\/p>\n<div id=\"attachment_685826\" style=\"width: 498px\" class=\"wp-caption aligncenter\"><img loading=\"lazy\" decoding=\"async\" aria-describedby=\"caption-attachment-685826\" class=\"size-full wp-image-685826\" src=\"https:\/\/blog.wiwo.de\/management\/files\/2025\/02\/AU.Foto_.Blog_.jpg\" alt=\"\" width=\"488\" height=\"650\" srcset=\"https:\/\/blog.wiwo.de\/management\/files\/2025\/02\/AU.Foto_.Blog_.jpg 488w, https:\/\/blog.wiwo.de\/management\/files\/2025\/02\/AU.Foto_.Blog_-225x300.jpg 225w\" sizes=\"auto, (max-width: 488px) 100vw, 488px\" \/><p id=\"caption-attachment-685826\" class=\"wp-caption-text\">(Foto: C.T\u00f6dtmann)<\/p><\/div>\n<p>&nbsp;<\/p>\n<p>&nbsp;<\/p>\n<p>&nbsp;<\/p>\n<p><a href=\"https:\/\/www.faktenkontor.de\/pressemeldungen\/blogger-relevanzindex-das-sind-deutschlands-top-100-blogs\/\"><img loading=\"lazy\" decoding=\"async\" class=\"aligncenter size-medium wp-image-680063\" src=\"https:\/\/149798077.v2.pressablecdn.com\/management\/files\/2022\/06\/Wiwo.top_.10.blog_.2022.Blogger-Relevanzindex_Top-10-Blogs-2022-227x300.jpg\" alt=\"\" width=\"227\" height=\"300\" srcset=\"https:\/\/blog.wiwo.de\/management\/files\/2022\/06\/Wiwo.top_.10.blog_.2022.Blogger-Relevanzindex_Top-10-Blogs-2022-227x300.jpg 227w, https:\/\/blog.wiwo.de\/management\/files\/2022\/06\/Wiwo.top_.10.blog_.2022.Blogger-Relevanzindex_Top-10-Blogs-2022.jpg 492w\" sizes=\"auto, (max-width: 227px) 100vw, 227px\" \/><\/a><\/p>\n<div id=\"main\">\n<div id=\"primary\">\n<div id=\"content\" role=\"main\">\n<article id=\"post-679588\" class=\"post-679588 post type-post status-publish format-standard hentry category-allgemein tag-arbeitsbedingung tag-arbeitsklima tag-betriebsklima tag-big-quit tag-ey-ernst-young tag-fachkraftemangel tag-gehalt tag-great-resignation tag-jobwechsel tag-kundigung tag-kuendigungsabsicht tag-loehne tag-umfrage\">\n<div class=\"entry-content\">\n<p>&nbsp;<\/p>\n<p>&nbsp;<\/p>\n<p><a href=\"https:\/\/www.presseportal.de\/pm\/52884\/5255623\"><img loading=\"lazy\" decoding=\"async\" class=\"aligncenter size-medium wp-image-676731\" src=\"https:\/\/149798077.v2.pressablecdn.com\/management\/files\/2021\/06\/bloggerinnen.2021.neu_-300x212.jpg\" alt=\"\" width=\"300\" height=\"212\" srcset=\"https:\/\/blog.wiwo.de\/management\/files\/2021\/06\/bloggerinnen.2021.neu_-300x212.jpg 300w, https:\/\/blog.wiwo.de\/management\/files\/2021\/06\/bloggerinnen.2021.neu_-424x300.jpg 424w, https:\/\/blog.wiwo.de\/management\/files\/2021\/06\/bloggerinnen.2021.neu_.jpg 650w\" sizes=\"auto, (max-width: 300px) 100vw, 300px\" \/><\/a><\/p>\n<p>&nbsp;<\/p>\n<p><strong>Copyright: @Claudia T\u00f6dtmann. Alle Rechte vorbehalten.\u00a0<\/strong><\/p>\n<p><strong>M\u00f6chten Sie einen Blog-Beitrag nutzen, um nicht von Links abh\u00e4ngig zu sein? Kontakt f\u00fcr Nutzungsrechte, um Inhalte dauerhaft zu sichern: claudia.toedtmann@wiwo.de<\/strong><\/p>\n<p><strong>Alle inhaltlichen Rechte des Management-Blogs von Claudia T\u00f6dtmann liegen bei der Blog-Inhaberin. Jegliche Nutzung der Inhalte bed\u00fcrfen der ausdr\u00fccklichen Genehmigung.<\/strong><\/p>\n<\/div>\n<p><strong>Um den Lesefluss nicht zu behindern, wird in Management-Blog-Texten nur die m\u00e4nnliche Form genannt, aber immer sind die weibliche und andere Formen gleicherma\u00dfen mit gemeint.<\/strong><\/p>\n<\/article>\n<\/div>\n<\/div>\n<\/div>\n","protected":false},"excerpt":{"rendered":"<p>AOK-Fehlzeiten-Report Die neuen Kranken, die schon vorher da waren Der AOK-Fehlzeiten-Report sorgt f\u00fcr Klarheit: Es gibt nicht mehr Kranke unter den deutschen Besch\u00e4ftigten. Sie werden nur endlich korrekt erfasst. (wiwo+) AOK-Fehlzeiten-Report 2025: Dunkelziffer der Krankmeldungen wird sichtbar &nbsp; &nbsp; &nbsp; &hellip; <a href=\"https:\/\/blog.wiwo.de\/management\/2025\/10\/16\/lesetipp-wiwo-de-die-neuen-kranken-die-schon-vorher-da-waren-aok-fehlzeiten-report-2025\/\">Weiterlesen <span class=\"meta-nav\">&rarr;<\/span><\/a><\/p>\n","protected":false},"author":19,"featured_media":0,"comment_status":"open","ping_status":"open","sticky":false,"template":"","format":"standard","meta":{"footnotes":""},"categories":[1],"tags":[12464,7944,12465,6083],"class_list":["post-686835","post","type-post","status-publish","format-standard","hentry","category-allgemein","tag-aok-fehlzeiten-report-2025","tag-arbeitsunfaehigkeitsbescheinigung","tag-krankenstand-in-unternehmen","tag-lesetipp-wiwo-de"],"_links":{"self":[{"href":"https:\/\/blog.wiwo.de\/management\/wp-json\/wp\/v2\/posts\/686835","targetHints":{"allow":["GET"]}}],"collection":[{"href":"https:\/\/blog.wiwo.de\/management\/wp-json\/wp\/v2\/posts"}],"about":[{"href":"https:\/\/blog.wiwo.de\/management\/wp-json\/wp\/v2\/types\/post"}],"author":[{"embeddable":true,"href":"https:\/\/blog.wiwo.de\/management\/wp-json\/wp\/v2\/users\/19"}],"replies":[{"embeddable":true,"href":"https:\/\/blog.wiwo.de\/management\/wp-json\/wp\/v2\/comments?post=686835"}],"version-history":[{"count":1,"href":"https:\/\/blog.wiwo.de\/management\/wp-json\/wp\/v2\/posts\/686835\/revisions"}],"predecessor-version":[{"id":686836,"href":"https:\/\/blog.wiwo.de\/management\/wp-json\/wp\/v2\/posts\/686835\/revisions\/686836"}],"wp:attachment":[{"href":"https:\/\/blog.wiwo.de\/management\/wp-json\/wp\/v2\/media?parent=686835"}],"wp:term":[{"taxonomy":"category","embeddable":true,"href":"https:\/\/blog.wiwo.de\/management\/wp-json\/wp\/v2\/categories?post=686835"},{"taxonomy":"post_tag","embeddable":true,"href":"https:\/\/blog.wiwo.de\/management\/wp-json\/wp\/v2\/tags?post=686835"}],"curies":[{"name":"wp","href":"https:\/\/api.w.org\/{rel}","templated":true}]}}