{"id":686557,"date":"2025-08-30T06:00:53","date_gmt":"2025-08-30T04:00:53","guid":{"rendered":"https:\/\/blog.wiwo.de\/management\/?p=686557"},"modified":"2025-09-01T14:58:19","modified_gmt":"2025-09-01T12:58:19","slug":"fragebogen-nahaufnahme-mit-guido-zeppenfeld-von-mayer-brown-der-als-rentner-im-hafen-von-ibiza-strassenmusik-machen-will","status":"publish","type":"post","link":"https:\/\/blog.wiwo.de\/management\/2025\/08\/30\/fragebogen-nahaufnahme-mit-guido-zeppenfeld-von-mayer-brown-der-als-rentner-im-hafen-von-ibiza-strassenmusik-machen-will\/","title":{"rendered":"Fragebogen &#8222;Nahaufnahme&#8220; mit Guido Zeppenfeld von Mayer Brown, der als Rentner im Hafen von Ibiza Stra\u00dfenmusik machen will"},"content":{"rendered":"<p><strong>Den Fragebogen &#8222;Nahaufnahme&#8220; beantwortet <a href=\"https:\/\/www.linkedin.com\/in\/zeppenfeld-guido-71a95219\/\">Guido Zeppenfeld<\/a>, Managing Partner der Kanzlei Mayer Brown, die in 1881 in Chicago gegr\u00fcndet wurde und <a href=\"https:\/\/www.lto.de\/kanzleien-unternehmen\/kanzleien\/profile\/mayer-brown\">weltweit 1.900 Anw\u00e4lte an 22 Standorten<\/a> in Nord- und S\u00fcdamerika, Europa, Asien und dem Nahen Osten hat.<\/strong><\/p>\n<p>&nbsp;<\/p>\n<div id=\"attachment_686558\" style=\"width: 626px\" class=\"wp-caption aligncenter\"><img loading=\"lazy\" decoding=\"async\" aria-describedby=\"caption-attachment-686558\" class=\"size-full wp-image-686558\" src=\"https:\/\/blog.wiwo.de\/management\/files\/2025\/08\/mayerbrown.gzeppenfeld.jpg\" alt=\"\" width=\"616\" height=\"650\" srcset=\"https:\/\/blog.wiwo.de\/management\/files\/2025\/08\/mayerbrown.gzeppenfeld.jpg 616w, https:\/\/blog.wiwo.de\/management\/files\/2025\/08\/mayerbrown.gzeppenfeld-284x300.jpg 284w\" sizes=\"auto, (max-width: 616px) 100vw, 616px\" \/><p id=\"caption-attachment-686558\" class=\"wp-caption-text\">Guido Zeppenfeld (PR\/Mayer Brown)<\/p><\/div>\n<p>&nbsp;<\/p>\n<p><strong>Erkl\u00e4ren Sie in\u00a0einem\u00a0Satz, was Ihr Unternehmen tut.<\/strong><\/p>\n<p>Wir helfen unseren Mandanten bei dem Erreichen ihrer Ziele mit praxisnahen Rechtsdienstleistungen auf h\u00f6chstem Niveau.<\/p>\n<p>&nbsp;<\/p>\n<p><strong>Womit beginnt Ihr normaler Tag?<\/strong><\/p>\n<p>Der Wecker klingelt um f\u00fcnf Uhr. Aufstehen mit tagesformabh\u00e4ngiger Verz\u00f6gerung. Kaffee, Zeitung, Kippchen. Danach etwas Schwimmen.<\/p>\n<p>&nbsp;<\/p>\n<p><strong>Was unterscheidet Sie von anderen im Auftreten und im Behave im Job?<\/strong><\/p>\n<p>Ich rauche im B\u00fcro, ganz old-school, und habe die Fenster im B\u00fcro immer offen. Dass\u00a0 Raucher \u00fcblicherweise entspannt sind, trifft auf mich leider nicht immer zu.<\/p>\n<p>&nbsp;<\/p>\n<p><strong>&#8230; und was w\u00fcrden Ihre Mitarbeiter darauf antworten?<\/strong><\/p>\n<p>Das mit dem Rauchen w\u00fcrden sie best\u00e4tigen. Das andere, bef\u00fcrchte ich, auch.<\/p>\n<p>&nbsp;<\/p>\n<p><strong>Tee oder Kaffee?<\/strong><\/p>\n<p>Ich mag beides, vor allem t\u00fcrkischen \u00e7ay. Unter der Woche allerdings \u00fcberwiegend Kaffee, weil&#8217;s schneller geht.<\/p>\n<p>&nbsp;<\/p>\n<p><strong>Ihr Spitzname ist&#8230;?<\/strong><\/p>\n<p>Bei der Bundeswehr war ich oft nur &#8222;Zeppi&#8220;. Heute nennen mich nur noch wenige so.<\/p>\n<p>&nbsp;<\/p>\n<p><strong>Verraten Sie eine Marotte.<\/strong><\/p>\n<p>Privat hat f\u00fcr mich jede Sache drei Seiten \u2013 eine positive, eine negative und eine komische. Dabei \u00fcberwiegt f\u00fcr mich meist das Komische, was nicht immer und \u00fcberall gut ankommt.<\/p>\n<p>&nbsp;<\/p>\n<p><strong>Was bringt Sie in Harnisch?<\/strong><\/p>\n<p>Menschen, die immer die Schuld bei anderen oder in den Umst\u00e4nden suchen, wenn sie ihre Ziele nicht erreichen.<\/p>\n<p>&nbsp;<\/p>\n<p><strong>&#8230;und was bringt andere an Ihnen in Harnisch?<\/strong><\/p>\n<p>Meine angeborene Ungeduld.<\/p>\n<p>&nbsp;<\/p>\n<p><strong>Was m\u00f6chten Sie gerne in Rente machen?<\/strong><\/p>\n<p>Philosophie studieren und mindestens einmal die Woche im Hafen von Ibiza Stra\u00dfenmusik machen.<\/p>\n<p>&nbsp;<\/p>\n<p><strong>Was sch\u00e4tzen Sie an anderen Menschen am meisten?<\/strong><\/p>\n<p>Wenn man sich nicht mit halben Sachen zufrieden gibt.<\/p>\n<p>&nbsp;<\/p>\n<p><strong>Auf welche drei Dinge k\u00f6nnten Sie niemals verzichten?<\/strong><\/p>\n<p>Meine Lesebrille, mein Handy und meine Zigarillos.<\/p>\n<p>&nbsp;<\/p>\n<p><strong>Auf welches Erlebnis h\u00e4tten Sie lieber verzichtet?<\/strong><\/p>\n<p>Auf den Tod meines Hundes Rocky.<\/p>\n<p>&nbsp;<\/p>\n<p><strong>Welche Eigenschaft haben Sie von Ihrer Mutter \u00fcbernommen?<\/strong><\/p>\n<p>Leider meinen J\u00e4hzorn.<\/p>\n<p>&nbsp;<\/p>\n<p><strong>Wenn Sie f\u00fcr einen Tag den Job von jemand anderem \u00fcbernehmen k\u00f6nnten &#8211; welcher w\u00e4re das?<\/strong><\/p>\n<p>Den des Sportreporters, der im Fernsehen das Finale der Fu\u00dfball-WM 2026 moderieren wird. Damit endlich mal wahre Leidenschaft in die Moderation kommt, wenn Deutschland seinen f\u00fcnften Stern gewinnt.<\/p>\n<p>&nbsp;<\/p>\n<p>&nbsp;<\/p>\n<div id=\"attachment_686581\" style=\"width: 490px\" class=\"wp-caption aligncenter\"><img loading=\"lazy\" decoding=\"async\" aria-describedby=\"caption-attachment-686581\" class=\"size-full wp-image-686581\" src=\"https:\/\/blog.wiwo.de\/management\/files\/2025\/08\/mayer.brown_.nahaufnahme.Zeppi-002.jpg\" alt=\"\" width=\"480\" height=\"640\" srcset=\"https:\/\/blog.wiwo.de\/management\/files\/2025\/08\/mayer.brown_.nahaufnahme.Zeppi-002.jpg 480w, https:\/\/blog.wiwo.de\/management\/files\/2025\/08\/mayer.brown_.nahaufnahme.Zeppi-002-225x300.jpg 225w\" sizes=\"auto, (max-width: 480px) 100vw, 480px\" \/><p id=\"caption-attachment-686581\" class=\"wp-caption-text\">(Foto: Privat)<\/p><\/div>\n<p>&nbsp;<\/p>\n<p>&nbsp;<\/p>\n<p>&nbsp;<\/p>\n<p>&nbsp;<\/p>\n<p>&nbsp;<\/p>\n<p>&nbsp;<\/p>\n<p>&nbsp;<\/p>\n<div id=\"main\">\n<div id=\"primary\">\n<div id=\"content\" role=\"main\">\n<article id=\"post-686544\" class=\"post-686544 post type-post status-publish format-standard hentry category-allgemein tag-daimler-und-benz-stiftung tag-dialog-im-museum tag-lambert-wiesing tag-luxus tag-schoenheit\">\n<div class=\"entry-content\">\n<p><a href=\"https:\/\/www.faktenkontor.de\/pressemeldungen\/blogger-relevanzindex-das-sind-deutschlands-top-100-blogs\/\"><img loading=\"lazy\" decoding=\"async\" class=\"aligncenter size-medium wp-image-680063\" src=\"https:\/\/149798077.v2.pressablecdn.com\/management\/files\/2022\/06\/Wiwo.top_.10.blog_.2022.Blogger-Relevanzindex_Top-10-Blogs-2022-227x300.jpg\" alt=\"\" width=\"227\" height=\"300\" srcset=\"https:\/\/blog.wiwo.de\/management\/files\/2022\/06\/Wiwo.top_.10.blog_.2022.Blogger-Relevanzindex_Top-10-Blogs-2022-227x300.jpg 227w, https:\/\/blog.wiwo.de\/management\/files\/2022\/06\/Wiwo.top_.10.blog_.2022.Blogger-Relevanzindex_Top-10-Blogs-2022.jpg 492w\" sizes=\"auto, (max-width: 227px) 100vw, 227px\" \/><\/a><\/p>\n<div id=\"main\">\n<div id=\"primary\">\n<div id=\"content\" role=\"main\">\n<article id=\"post-679588\" class=\"post-679588 post type-post status-publish format-standard hentry category-allgemein tag-arbeitsbedingung tag-arbeitsklima tag-betriebsklima tag-big-quit tag-ey-ernst-young tag-fachkraftemangel tag-gehalt tag-great-resignation tag-jobwechsel tag-kundigung tag-kuendigungsabsicht tag-loehne tag-umfrage\">\n<div class=\"entry-content\">\n<p>&nbsp;<\/p>\n<p>&nbsp;<\/p>\n<p><a href=\"https:\/\/www.presseportal.de\/pm\/52884\/5255623\"><img loading=\"lazy\" decoding=\"async\" class=\"aligncenter size-medium wp-image-676731\" src=\"https:\/\/149798077.v2.pressablecdn.com\/management\/files\/2021\/06\/bloggerinnen.2021.neu_-300x212.jpg\" alt=\"\" width=\"300\" height=\"212\" srcset=\"https:\/\/blog.wiwo.de\/management\/files\/2021\/06\/bloggerinnen.2021.neu_-300x212.jpg 300w, https:\/\/blog.wiwo.de\/management\/files\/2021\/06\/bloggerinnen.2021.neu_-424x300.jpg 424w, https:\/\/blog.wiwo.de\/management\/files\/2021\/06\/bloggerinnen.2021.neu_.jpg 650w\" sizes=\"auto, (max-width: 300px) 100vw, 300px\" \/><\/a><\/p>\n<p>&nbsp;<\/p>\n<p><strong>Copyright: @Claudia T\u00f6dtmann. Alle Rechte vorbehalten.\u00a0<\/strong><\/p>\n<p><strong>Kontakt f\u00fcr Nutzungsrechte: claudia.toedtmann@wiwo.de<\/strong><\/p>\n<p><strong>Alle inhaltlichen Rechte des Management-Blogs von Claudia T\u00f6dtmann liegen bei der Blog-Inhaberin. Jegliche Nutzung der Inhalte bed\u00fcrfen der ausdr\u00fccklichen Genehmigung.<\/strong><\/p>\n<\/div>\n<p><strong>Um den Lesefluss nicht zu behindern, wird in Management-Blog-Texten nur die m\u00e4nnliche Form genannt, aber immer sind die weibliche und andere Formen gleicherma\u00dfen mit gemeint.<\/strong><\/p>\n<\/article>\n<\/div>\n<\/div>\n<\/div>\n<\/div>\n<\/article>\n<\/div>\n<\/div>\n<\/div>\n<footer id=\"colophon\" role=\"contentinfo\">\n<div id=\"vhb-footer\"><\/div>\n<\/footer>\n","protected":false},"excerpt":{"rendered":"<p>Den Fragebogen &#8222;Nahaufnahme&#8220; beantwortet Guido Zeppenfeld, Managing Partner der Kanzlei Mayer Brown, die in 1881 in Chicago gegr\u00fcndet wurde und weltweit 1.900 Anw\u00e4lte an 22 Standorten in Nord- und S\u00fcdamerika, Europa, Asien und dem Nahen Osten hat. &nbsp; &nbsp; Erkl\u00e4ren &hellip; <a href=\"https:\/\/blog.wiwo.de\/management\/2025\/08\/30\/fragebogen-nahaufnahme-mit-guido-zeppenfeld-von-mayer-brown-der-als-rentner-im-hafen-von-ibiza-strassenmusik-machen-will\/\">Weiterlesen <span class=\"meta-nav\">&rarr;<\/span><\/a><\/p>\n","protected":false},"author":19,"featured_media":0,"comment_status":"open","ping_status":"open","sticky":false,"template":"","format":"standard","meta":{"footnotes":""},"categories":[1],"tags":[10689,4763,12407,759],"class_list":["post-686557","post","type-post","status-publish","format-standard","hentry","category-allgemein","tag-fragebogennahaufnahme","tag-fragebogen-nahaufnahme","tag-guido-zeppenfeld","tag-mayer-brown"],"_links":{"self":[{"href":"https:\/\/blog.wiwo.de\/management\/wp-json\/wp\/v2\/posts\/686557","targetHints":{"allow":["GET"]}}],"collection":[{"href":"https:\/\/blog.wiwo.de\/management\/wp-json\/wp\/v2\/posts"}],"about":[{"href":"https:\/\/blog.wiwo.de\/management\/wp-json\/wp\/v2\/types\/post"}],"author":[{"embeddable":true,"href":"https:\/\/blog.wiwo.de\/management\/wp-json\/wp\/v2\/users\/19"}],"replies":[{"embeddable":true,"href":"https:\/\/blog.wiwo.de\/management\/wp-json\/wp\/v2\/comments?post=686557"}],"version-history":[{"count":2,"href":"https:\/\/blog.wiwo.de\/management\/wp-json\/wp\/v2\/posts\/686557\/revisions"}],"predecessor-version":[{"id":686624,"href":"https:\/\/blog.wiwo.de\/management\/wp-json\/wp\/v2\/posts\/686557\/revisions\/686624"}],"wp:attachment":[{"href":"https:\/\/blog.wiwo.de\/management\/wp-json\/wp\/v2\/media?parent=686557"}],"wp:term":[{"taxonomy":"category","embeddable":true,"href":"https:\/\/blog.wiwo.de\/management\/wp-json\/wp\/v2\/categories?post=686557"},{"taxonomy":"post_tag","embeddable":true,"href":"https:\/\/blog.wiwo.de\/management\/wp-json\/wp\/v2\/tags?post=686557"}],"curies":[{"name":"wp","href":"https:\/\/api.w.org\/{rel}","templated":true}]}}