{"id":686516,"date":"2025-08-05T06:00:12","date_gmt":"2025-08-05T04:00:12","guid":{"rendered":"https:\/\/blog.wiwo.de\/management\/?p=686516"},"modified":"2025-08-05T01:31:52","modified_gmt":"2025-08-04T23:31:52","slug":"kaum-beginnen-die-ferien-und-schon-wird-man-krank","status":"publish","type":"post","link":"https:\/\/blog.wiwo.de\/management\/2025\/08\/05\/kaum-beginnen-die-ferien-und-schon-wird-man-krank\/","title":{"rendered":"Kaum beginnen die Ferien und schon wird man krank"},"content":{"rendered":"<div><\/div>\n<h1>Wenn man immer wieder krank in die Ferien startet &#8211; ein Ph\u00e4nomen, das jetzt erforscht wird<\/h1>\n<div><\/div>\n<div><\/div>\n<div>\n<div id=\"attachment_686536\" style=\"width: 660px\" class=\"wp-caption aligncenter\"><img loading=\"lazy\" decoding=\"async\" aria-describedby=\"caption-attachment-686536\" class=\"size-full wp-image-686536\" src=\"https:\/\/blog.wiwo.de\/management\/files\/2025\/08\/strand.sonnenuntergang.jpg\" alt=\"\" width=\"650\" height=\"488\" srcset=\"https:\/\/blog.wiwo.de\/management\/files\/2025\/08\/strand.sonnenuntergang.jpg 650w, https:\/\/blog.wiwo.de\/management\/files\/2025\/08\/strand.sonnenuntergang-300x225.jpg 300w, https:\/\/blog.wiwo.de\/management\/files\/2025\/08\/strand.sonnenuntergang-400x300.jpg 400w\" sizes=\"auto, (max-width: 650px) 100vw, 650px\" \/><p id=\"caption-attachment-686536\" class=\"wp-caption-text\">(Foto: C.T\u00f6dtmann)<\/p><\/div>\n<\/div>\n<div><\/div>\n<div><\/div>\n<header id=\"2a213d7e97a6560bf26b_u8UTIkRnphjb\" class=\"brz-section brz-section__header main-nav brz-css-tQkqF\">\n<div>Kaum beginnt der Urlaub und sie werden krank? Schon wieder? Dann sind Sie keine Ausnahme. Eine Studie der IU Internationalen Hochschule zeigt: 72 Prozent der Besch\u00e4ftigten in Deutschland leiden unter Ersch\u00f6pfung und Krankheitssymptomen an freien Tagen oder im Urlaub. &#8222;Oft beginnt die Freizeitkrankheit direkt zum Start ins Wochenende oder am ersten Urlaubstag, auch der Feierabend kann betroffen sein&#8220;, beschreibt die Studie. Der K\u00f6rper reagiert auf Entspannung paradoxerweise mit Stresssymptomen wie Ersch\u00f6pfung oder Schlafproblemen.<\/div>\n<div><\/div>\n<\/header>\n<div><\/div>\n<div><\/div>\n<header id=\"2a213d7e97a6560bf26b_u8UTIkRnphjb\" class=\"brz-section brz-section__header main-nav brz-css-tQkqF\">\n<div>Wissenschaftler nennen das Leisure Sickness. Diese sogenannte Freizeit- oder Wochenendkrankheit zeigt Symptome wie Ersch\u00f6pfung, Erk\u00e4ltung, Kopfschmerzen oder Schlafprobleme.<\/div>\n<\/header>\n<div><\/div>\n<div><\/div>\n<div><\/div>\n<div>Warum sie entsteht: Laut IU-Studie oft durch chronischen Stress, fehlende Grenzen zwischen Arbeit und Freizeit und dauerhafte Erreichbarkeit. Der K\u00f6rper reagiere auf den abrupten Wechsel zwischen Hochleistung und Stillstand. Die sei ein Warnsignal, das ernst genommen werden sollte.<\/div>\n<div><\/div>\n<div><\/div>\n<h1><\/h1>\n<h1><\/h1>\n<h1>Mangelnde Unterst\u00fctzung von Chefs und Kollegen<\/h1>\n<div>Nach der IU-Studie sind die Belastungsfaktoren insbesondere:<\/div>\n<div>&#8211; hoher Arbeitsdruck (34 Prozent),<\/div>\n<div>&#8211; mangelnde Unterst\u00fctzung durch Vorgesetzte und Kollegen (30 Prozent) sowie eine<\/div>\n<div>&#8211; unklare Aufgabenverteilung (23 Prozent) und<\/div>\n<div>&#8211; unklare Aufgabenstellungen (21 Prozent).<\/div>\n<div><\/div>\n<div><\/div>\n<div><\/div>\n<div>Die Studie weiter: &#8222;Die Ergebnisse zeigen, dass Erreichbarkeit au\u00dferhalb der Arbeitszeit, hohe Arbeitsbelastung und fehlende Erholung klare Risikofaktoren f\u00fcr Krankheitssymptome an freien Tagen sind&#8220;, sagt\u00a0<a href=\"https:\/\/www.iu.de\/hochschule\/lehrende\/andre-stefanie\/\">Stefanie Andr\u00e9,<\/a> Professorin f\u00fcr Gesundheitsmanagement an der IU. Und weiter: &#8222;Besonders j\u00fcngere Arbeitnehmende f\u00fchlen sich h\u00e4ufiger verpflichtet, au\u00dferhalb der Arbeitszeit erreichbar zu sein, was zu einer eingeschr\u00e4nkten Erholung f\u00fchrt.&#8220;<\/div>\n<div><\/div>\n<div><\/div>\n<div><\/div>\n<div>Besonders bedenklich: \u00dcber 50 Prozent der Besch\u00e4ftigten bis 25 Jahre haben in der Studie erkl\u00e4rt, dass ihr Privatleben nicht ausreichend Erholung biete, um den Anforderungen im Beruf gerecht zu werden.<\/div>\n<div><\/div>\n<h1><\/h1>\n<h1><\/h1>\n<h1>Tipps f\u00fcr F\u00fchrungskr\u00e4fte<\/h1>\n<div>Die Wissenschaftlerin Andr\u00e9 hat Tipps parat f\u00fcr F\u00fchrungskr\u00e4fte: Sie sollten als Vorbild selbst regelm\u00e4\u00dfig Pausen und Auszeiten nehmen, offene Gespr\u00e4che \u00fcber Belastung und Regeneration im Team f\u00f6rdern sowie eigene Grenzen sichtbar machen und akzeptieren.<\/div>\n<div><\/div>\n<div><\/div>\n<div><\/div>\n<div>Dann sollten sie Pausen flexibilisieren und individuelle Erholungsstrategien erm\u00f6glichen und klare Regelungen zur Erreichbarkeit etablieren.<\/div>\n<div>Wichtig ist obendrein, die Aufgaben so strukturieren, dass sie nachvollziehbar, machbar und sinnhaft sind.<\/div>\n<div><\/div>\n<div><\/div>\n<div><\/div>\n<div>Wichtig sei es, die drei Grundbed\u00fcrfnisse gesunder Arbeit zu f\u00f6rdern, n\u00e4mlich: Verstehbarkeit, Handlungsf\u00e4higkeit und Sinnhaftigkeit, so Andr\u00e9. Wer diese im F\u00fchrungs- und Arbeitsalltag st\u00e4rke, lege die Basis f\u00fcr langfristige Gesundheit bei sich selbst und im Team.<\/div>\n<div class=\"brz-bg\"><\/div>\n<div><\/div>\n<div><\/div>\n<section id=\"f8ba52a43004f60e6047_ii7QJ1wSBvv5\" class=\"brz-section no-print brz-css-rp1np\">\n<div class=\"brz-section__content brz-section--boxed brz-css-miKC2 brz-css-z0nkg\" data-brz-custom-id=\"hWKTAKNN2p8I\">\n<div class=\"brz-container brz-css-fvrhC\">\n<div id=\"\" class=\"brz-css-xrcgG brz-css-z1xSv brz-wrapper\">\n<div class=\"brz-carousel brz-css-uH6Ec brz-css-nGnMc\" data-brz-custom-id=\"yESWn8Um5mum\">\n<div class=\"brz-carousel__slider slick-initialized slick-slider slick-dotted\" data-slides-to-show=\"3\" data-slides-to-scroll=\"1\" data-arrows=\"false\" data-dots=\"true\" data-dots-class=\"brz-slick-slider__dots brz-slick-slider__dots--square\" data-auto-play=\"true\" data-auto-play-speed=\"5000\" data-swipe=\"true\" data-fade=\"false\" data-transition-speed=\"5\" data-responsive=\"%5B%7B%22breakpoint%22%3A991%2C%22settings%22%3A%7B%22slidesToShow%22%3A2%2C%22slidesToScroll%22%3A1%7D%7D%2C%7B%22breakpoint%22%3A767%2C%22settings%22%3A%7B%22slidesToShow%22%3A1%2C%22slidesToScroll%22%3A1%7D%7D%5D\">\n<div class=\"slick-list draggable\">\n<div class=\"slick-track\">\n<div id=\"slick-slide11\" class=\"slick-slide slick-current slick-active\" role=\"tabpanel\" data-slick-index=\"1\" aria-hidden=\"false\" aria-describedby=\"slick-slide-control11\">\n<div>\n<div class=\"brz-carousel__item\">\n<p>&nbsp;<\/p>\n<p><a href=\"https:\/\/www.faktenkontor.de\/pressemeldungen\/blogger-relevanzindex-das-sind-deutschlands-top-100-blogs\/\"><img loading=\"lazy\" decoding=\"async\" class=\"aligncenter size-medium wp-image-680063\" src=\"https:\/\/149798077.v2.pressablecdn.com\/management\/files\/2022\/06\/Wiwo.top_.10.blog_.2022.Blogger-Relevanzindex_Top-10-Blogs-2022-227x300.jpg\" alt=\"\" width=\"227\" height=\"300\" srcset=\"https:\/\/blog.wiwo.de\/management\/files\/2022\/06\/Wiwo.top_.10.blog_.2022.Blogger-Relevanzindex_Top-10-Blogs-2022-227x300.jpg 227w, https:\/\/blog.wiwo.de\/management\/files\/2022\/06\/Wiwo.top_.10.blog_.2022.Blogger-Relevanzindex_Top-10-Blogs-2022.jpg 492w\" sizes=\"auto, (max-width: 227px) 100vw, 227px\" \/><\/a><\/p>\n<div id=\"main\">\n<div id=\"primary\">\n<div id=\"content\" role=\"main\">\n<article id=\"post-679588\" class=\"post-679588 post type-post status-publish format-standard hentry category-allgemein tag-arbeitsbedingung tag-arbeitsklima tag-betriebsklima tag-big-quit tag-ey-ernst-young tag-fachkraftemangel tag-gehalt tag-great-resignation tag-jobwechsel tag-kundigung tag-kuendigungsabsicht tag-loehne tag-umfrage\">\n<div class=\"entry-content\">\n<p>&nbsp;<\/p>\n<p>&nbsp;<\/p>\n<p><a href=\"https:\/\/www.presseportal.de\/pm\/52884\/5255623\"><img loading=\"lazy\" decoding=\"async\" class=\"aligncenter size-medium wp-image-676731\" src=\"https:\/\/149798077.v2.pressablecdn.com\/management\/files\/2021\/06\/bloggerinnen.2021.neu_-300x212.jpg\" alt=\"\" width=\"300\" height=\"212\" srcset=\"https:\/\/blog.wiwo.de\/management\/files\/2021\/06\/bloggerinnen.2021.neu_-300x212.jpg 300w, https:\/\/blog.wiwo.de\/management\/files\/2021\/06\/bloggerinnen.2021.neu_-424x300.jpg 424w, https:\/\/blog.wiwo.de\/management\/files\/2021\/06\/bloggerinnen.2021.neu_.jpg 650w\" sizes=\"auto, (max-width: 300px) 100vw, 300px\" \/><\/a><\/p>\n<p>&nbsp;<\/p>\n<p><strong>Copyright: @Claudia T\u00f6dtmann. Alle Rechte vorbehalten.\u00a0<\/strong><\/p>\n<p><strong>Kontakt f\u00fcr Nutzungsrechte: claudia.toedtmann@wiwo.de<\/strong><\/p>\n<p><strong>Alle inhaltlichen Rechte des Management-Blogs von Claudia T\u00f6dtmann liegen bei der Blog-Inhaberin. Jegliche Nutzung der Inhalte bed\u00fcrfen der ausdr\u00fccklichen Genehmigung.<\/strong><\/p>\n<\/div>\n<p><strong>Um den Lesefluss nicht zu behindern, wird in Management-Blog-Texten nur die m\u00e4nnliche Form genannt, aber immer sind die weibliche und andere Formen gleicherma\u00dfen mit gemeint.<\/strong><\/p>\n<\/article>\n<\/div>\n<\/div>\n<\/div>\n<\/div>\n<\/div>\n<\/div>\n<\/div>\n<\/div>\n<\/div>\n<\/div>\n<\/div>\n<\/div>\n<\/div>\n<\/section>\n","protected":false},"excerpt":{"rendered":"<p>Wenn man immer wieder krank in die Ferien startet &#8211; ein Ph\u00e4nomen, das jetzt erforscht wird Kaum beginnt der Urlaub und sie werden krank? Schon wieder? Dann sind Sie keine Ausnahme. Eine Studie der IU Internationalen Hochschule zeigt: 72 Prozent &hellip; <a href=\"https:\/\/blog.wiwo.de\/management\/2025\/08\/05\/kaum-beginnen-die-ferien-und-schon-wird-man-krank\/\">Weiterlesen <span class=\"meta-nav\">&rarr;<\/span><\/a><\/p>\n","protected":false},"author":19,"featured_media":0,"comment_status":"open","ping_status":"open","sticky":false,"template":"","format":"standard","meta":{"footnotes":""},"categories":[1],"tags":[376,420,455,11278,647,12389,1020],"class_list":["post-686516","post","type-post","status-publish","format-standard","hentry","category-allgemein","tag-ferien","tag-fuhrungskrafte","tag-gesundheitsmanagement","tag-iu-internationale-hochschule","tag-krank","tag-stefanie-andre","tag-studie"],"_links":{"self":[{"href":"https:\/\/blog.wiwo.de\/management\/wp-json\/wp\/v2\/posts\/686516","targetHints":{"allow":["GET"]}}],"collection":[{"href":"https:\/\/blog.wiwo.de\/management\/wp-json\/wp\/v2\/posts"}],"about":[{"href":"https:\/\/blog.wiwo.de\/management\/wp-json\/wp\/v2\/types\/post"}],"author":[{"embeddable":true,"href":"https:\/\/blog.wiwo.de\/management\/wp-json\/wp\/v2\/users\/19"}],"replies":[{"embeddable":true,"href":"https:\/\/blog.wiwo.de\/management\/wp-json\/wp\/v2\/comments?post=686516"}],"version-history":[{"count":4,"href":"https:\/\/blog.wiwo.de\/management\/wp-json\/wp\/v2\/posts\/686516\/revisions"}],"predecessor-version":[{"id":686540,"href":"https:\/\/blog.wiwo.de\/management\/wp-json\/wp\/v2\/posts\/686516\/revisions\/686540"}],"wp:attachment":[{"href":"https:\/\/blog.wiwo.de\/management\/wp-json\/wp\/v2\/media?parent=686516"}],"wp:term":[{"taxonomy":"category","embeddable":true,"href":"https:\/\/blog.wiwo.de\/management\/wp-json\/wp\/v2\/categories?post=686516"},{"taxonomy":"post_tag","embeddable":true,"href":"https:\/\/blog.wiwo.de\/management\/wp-json\/wp\/v2\/tags?post=686516"}],"curies":[{"name":"wp","href":"https:\/\/api.w.org\/{rel}","templated":true}]}}