{"id":686405,"date":"2025-07-15T06:00:50","date_gmt":"2025-07-15T04:00:50","guid":{"rendered":"https:\/\/blog.wiwo.de\/management\/?p=686405"},"modified":"2025-07-04T01:31:37","modified_gmt":"2025-07-03T23:31:37","slug":"buchauszug-300-urteile-ueber-deutschland-et-15-7-25","status":"publish","type":"post","link":"https:\/\/blog.wiwo.de\/management\/2025\/07\/15\/buchauszug-300-urteile-ueber-deutschland-et-15-7-25\/","title":{"rendered":"Buchauszug Geedo H. Paprotta: &#8222;300 Urteile \u00fcber Deutschland &#8211; Vom allt\u00e4glichen Wahnsinn in deutschen Gerichten&#8220;"},"content":{"rendered":"<p><strong>Buchauszug Geedo H. Paprotta: &#8222;300 Urteile \u00fcber Deutschland &#8211; Vom allt\u00e4glichen Wahnsinn in deutschen Gerichten&#8220;<\/strong><\/p>\n<p>&nbsp;<\/p>\n<div id=\"attachment_686406\" style=\"width: 460px\" class=\"wp-caption aligncenter\"><img loading=\"lazy\" decoding=\"async\" aria-describedby=\"caption-attachment-686406\" class=\"size-full wp-image-686406\" src=\"https:\/\/blog.wiwo.de\/management\/files\/2025\/07\/Paprotta.Autorenfoto-Geedo-Hendrik-Paprotta_Copyright-Violetta-Paprotta-e1751578476211.jpg\" alt=\"\" width=\"450\" height=\"417\" srcset=\"https:\/\/blog.wiwo.de\/management\/files\/2025\/07\/Paprotta.Autorenfoto-Geedo-Hendrik-Paprotta_Copyright-Violetta-Paprotta-e1751578476211.jpg 450w, https:\/\/blog.wiwo.de\/management\/files\/2025\/07\/Paprotta.Autorenfoto-Geedo-Hendrik-Paprotta_Copyright-Violetta-Paprotta-e1751578476211-300x278.jpg 300w, https:\/\/blog.wiwo.de\/management\/files\/2025\/07\/Paprotta.Autorenfoto-Geedo-Hendrik-Paprotta_Copyright-Violetta-Paprotta-e1751578476211-324x300.jpg 324w\" sizes=\"auto, (max-width: 450px) 100vw, 450px\" \/><p id=\"caption-attachment-686406\" class=\"wp-caption-text\">Hendrik Paprotta (Foto: PR\/ Violetta Paprotta)<\/p><\/div>\n<h1>\u00dcBERWACHUNGSKAMERA<\/h1>\n<h1>Jeden Tag im Fernsehen<\/h1>\n<p>Waren Sie schon mal im Fernsehen? Vielleicht sind Sie ja ein prominenter Leser meiner Texte \u2013 da f\u00fchle ich mich sehr geehrt \u2212 oder ein sehr ber\u00fchmter Zeitgenosse? Dann schmunzeln Sie vermutlich \u00fcber meine Frage. Vielleicht aber h\u00e4tten Sie es zwar durchaus verdient, so prominent zu sein, wurden aber bislang einfach noch nicht entdeckt? So geht es ja den meisten von uns.<\/p>\n<p>Es mag \u00fcbrigens trotzdem sein, dass Sie schon mal im Fernsehen waren, ohne davon \u00fcberhaupt etwas zu wissen. Im d\u00fcmmsten Fall mit verwuschelten Haaren, nasebohrend und in Gedanken versunken, weil Sie sich gerade unbeobachtet gef\u00fchlt hatten. So ging es auch einem Mann in K\u00f6ln, der regelm\u00e4\u00dfig \u00fcber den Ebertplatz schlenderte, als er eines Tages eine \u00dcberwachungskamera der Polizei entdeckte, die ihn dort filmte. Es ist ein komisches Gef\u00fchl, einfach so gefilmt zu werden. Deshalb klagte der Mann vor dem Verwaltungsgericht K\u00f6ln auf Entfernung der Kamera.<\/p>\n<p>Das Gericht musste nun eine Abw\u00e4gung zwischen den Pers\u00f6nlichkeitsrechten des B\u00fcrgers und der \u00f6ffentlichen Sicherheit vornehmen und kam zu folgendem Schluss: Beim Ebertplatz handle es sich um einen \u00bbBrennpunkt der Stra\u00dfenkriminalit\u00e4t\u00ab. Dort sei es bereits zu zwei T\u00f6tungsdelikten gekommen, au\u00dferdem seien 907 weitere Straftaten festgestellt worden. Die vielen Zug\u00e4nge zur U-Bahn als Fluchtm\u00f6glichkeit beg\u00fcnstigen dies erheblich. Also, wenn das so ein gef\u00e4hrliches Pflaster ist \u2013 da durfte die Kamera nat\u00fcrlich bleiben, der Kl\u00e4ger hingegen ist vermutlich danach lieber weggeblieben, nachdem ihm vor Gericht die wahre Natur des Ebertplatzes offenbart worden war (Az. 20L 2343\/20).<\/p>\n<p>&nbsp;<\/p>\n<div id=\"attachment_686407\" style=\"width: 428px\" class=\"wp-caption aligncenter\"><img loading=\"lazy\" decoding=\"async\" aria-describedby=\"caption-attachment-686407\" class=\"size-full wp-image-686407\" src=\"https:\/\/blog.wiwo.de\/management\/files\/2025\/07\/cover.paprotta.Geedo_9783742329134_Cover.jpg\" alt=\"\" width=\"418\" height=\"650\" srcset=\"https:\/\/blog.wiwo.de\/management\/files\/2025\/07\/cover.paprotta.Geedo_9783742329134_Cover.jpg 418w, https:\/\/blog.wiwo.de\/management\/files\/2025\/07\/cover.paprotta.Geedo_9783742329134_Cover-193x300.jpg 193w\" sizes=\"auto, (max-width: 418px) 100vw, 418px\" \/><p id=\"caption-attachment-686407\" class=\"wp-caption-text\">(Foto: PR)<\/p><\/div>\n<h1><a href=\"https:\/\/www.m-vg.de\/riva\/shop\/article\/25397-300-urteile-ueber-deutschland\/\">Geedo H. Paprotta: <strong>&#8222;300 Urteile \u00fcber Deutschland &#8211; Vom allt\u00e4glichen Wahnsinn in deutschen Gerichten&#8220; Riva Verlag, 192 Seiten, 16 Euro<\/strong><\/a><\/h1>\n<p>&nbsp;<\/p>\n<p>Besonders unsch\u00f6n ist so eine heimliche Videokamera innerhalb der eigenen Wohnung. In M\u00fcnchen k\u00fcndigte der Mieter einer Wohngemeinschaft, nachdem er feststellen musste, dass sich im WG-Flur eine Kamera befand. Sein Vermieter berief sich darauf, er sei berechtigt gewesen, die Kamera anzubringen: Immerhin galt es, die strengen Pflichten seiner Mitbewohner zu \u00fcberwachen. So sehe die Mitbewohner-Rahmenvereinbarung ein Verbot von Kr\u00fcmeln und Kaffeeflecken vor, weibliche \u00dcbernachtungsg\u00e4ste d\u00fcrften die Anzahl von zwei nicht \u00fcbersteigen \u2013 und diese zwei sind vorher anzuk\u00fcndigen. B\u00fcndnisse von WG-Bewohnern gegen andere WG-Bewohner sind zu unterlassen. Au\u00dferdem stehe im Vertrag ja ausdr\u00fccklich drin: Die Haust\u00fcr wird video\u00fcberwacht.<\/p>\n<p>Sollte der Richter am Amtsgericht M\u00fcnchen die Fernsehserie The Big Bang Theorie gekannt haben, d\u00fcrfte er beim Verfassen seines Urteils wohl gelegentlich geschmunzelt und \u00bbBazinga\u00ab gefl\u00fcstert haben. Jedenfalls hielt das Gericht die Mitbewohner-Rahmenvereinbarung f\u00fcr keinen ausreichen Grund zur Video\u00fcberwachung. Dr. Cooper musste sich einen neuen Mitbewohner suchen (Az. 432 C 2881\/19).<\/p>\n<p>Irritierend ist ein Urteil des Arbeitsgerichts Frankfurt am Main. Dort zeigte eine versteckte Video\u00fcberwachungsaufnahme, wie eine Mitarbeiterin 500 Euro aus einem Firmentresor \u00bbentnahm\u00ab. Der Chef hatte bereits einen Verdacht gehegt und genau deshalb die Kamera heimlich installiert. Dennoch bekam er weder das Geld zur\u00fcck, noch wurde er die Dame los, denn das Video durfte nicht als Beweis verwendet werden. Es h\u00e4tte mildere Mittel als eine heimliche Video\u00fcberwachung gegeben \u2013 zum Beispiel h\u00e4tte man der Frau den Tresorschl\u00fcssel einfach abnehmen k\u00f6nnen. F\u00fcr eine \u00dcberwachungsma\u00dfnahme reiche ein \u00bbvager Verdacht\u00ab jedenfalls nicht aus \u2013 selbst wenn er sich dann voll best\u00e4tigt (Az. 6 Ca 4195\/15).<\/p>\n<p>&nbsp;<\/p>\n<p>&nbsp;<\/p>\n<p>&nbsp;<\/p>\n<p><a href=\"https:\/\/www.faktenkontor.de\/pressemeldungen\/blogger-relevanzindex-das-sind-deutschlands-top-100-blogs\/\"><img loading=\"lazy\" decoding=\"async\" class=\"aligncenter size-medium wp-image-680063\" src=\"https:\/\/149798077.v2.pressablecdn.com\/management\/files\/2022\/06\/Wiwo.top_.10.blog_.2022.Blogger-Relevanzindex_Top-10-Blogs-2022-227x300.jpg\" alt=\"\" width=\"227\" height=\"300\" srcset=\"https:\/\/blog.wiwo.de\/management\/files\/2022\/06\/Wiwo.top_.10.blog_.2022.Blogger-Relevanzindex_Top-10-Blogs-2022-227x300.jpg 227w, https:\/\/blog.wiwo.de\/management\/files\/2022\/06\/Wiwo.top_.10.blog_.2022.Blogger-Relevanzindex_Top-10-Blogs-2022.jpg 492w\" sizes=\"auto, (max-width: 227px) 100vw, 227px\" \/><\/a><\/p>\n<div id=\"main\">\n<div id=\"primary\">\n<div id=\"content\" role=\"main\">\n<article id=\"post-679588\" class=\"post-679588 post type-post status-publish format-standard hentry category-allgemein tag-arbeitsbedingung tag-arbeitsklima tag-betriebsklima tag-big-quit tag-ey-ernst-young tag-fachkraftemangel tag-gehalt tag-great-resignation tag-jobwechsel tag-kundigung tag-kuendigungsabsicht tag-loehne tag-umfrage\">\n<div class=\"entry-content\">\n<p>&nbsp;<\/p>\n<p>&nbsp;<\/p>\n<p><a href=\"https:\/\/www.presseportal.de\/pm\/52884\/5255623\"><img loading=\"lazy\" decoding=\"async\" class=\"aligncenter size-medium wp-image-676731\" src=\"https:\/\/149798077.v2.pressablecdn.com\/management\/files\/2021\/06\/bloggerinnen.2021.neu_-300x212.jpg\" alt=\"\" width=\"300\" height=\"212\" srcset=\"https:\/\/blog.wiwo.de\/management\/files\/2021\/06\/bloggerinnen.2021.neu_-300x212.jpg 300w, https:\/\/blog.wiwo.de\/management\/files\/2021\/06\/bloggerinnen.2021.neu_-424x300.jpg 424w, https:\/\/blog.wiwo.de\/management\/files\/2021\/06\/bloggerinnen.2021.neu_.jpg 650w\" sizes=\"auto, (max-width: 300px) 100vw, 300px\" \/><\/a><\/p>\n<p>&nbsp;<\/p>\n<p><strong>Copyright: @Claudia T\u00f6dtmann. Alle Rechte vorbehalten.\u00a0<\/strong><\/p>\n<p><strong>Kontakt f\u00fcr Nutzungsrechte: claudia.toedtmann@wiwo.de<\/strong><\/p>\n<p><strong>Alle inhaltlichen Rechte des Management-Blogs von Claudia T\u00f6dtmann liegen bei der Blog-Inhaberin. Jegliche Nutzung der Inhalte bed\u00fcrfen der ausdr\u00fccklichen Genehmigung.<\/strong><\/p>\n<\/div>\n<p><strong>Um den Lesefluss nicht zu behindern, wird in Management-Blog-Texten nur die m\u00e4nnliche Form genannt, aber immer sind die weibliche und andere Formen gleicherma\u00dfen mit gemeint.<\/strong><\/p>\n<p>&nbsp;<\/p>\n<\/article>\n<\/div>\n<\/div>\n<\/div>\n<p>&nbsp;<\/p>\n<p>&nbsp;<\/p>\n","protected":false},"excerpt":{"rendered":"<p>Buchauszug Geedo H. Paprotta: &#8222;300 Urteile \u00fcber Deutschland &#8211; Vom allt\u00e4glichen Wahnsinn in deutschen Gerichten&#8220; &nbsp; \u00dcBERWACHUNGSKAMERA Jeden Tag im Fernsehen Waren Sie schon mal im Fernsehen? Vielleicht sind Sie ja ein prominenter Leser meiner Texte \u2013 da f\u00fchle ich &hellip; <a href=\"https:\/\/blog.wiwo.de\/management\/2025\/07\/15\/buchauszug-300-urteile-ueber-deutschland-et-15-7-25\/\">Weiterlesen <span class=\"meta-nav\">&rarr;<\/span><\/a><\/p>\n","protected":false},"author":19,"featured_media":0,"comment_status":"open","ping_status":"open","sticky":false,"template":"","format":"standard","meta":{"footnotes":""},"categories":[1],"tags":[12359,1890,12358,12357],"class_list":["post-686405","post","type-post","status-publish","format-standard","hentry","category-allgemein","tag-300-urteile-ueber-deutschland-vom-alltaeglichen-wahnsinn-in-deutschen-gerichten","tag-buchauszug","tag-geedo-h-paprotta","tag-riva-verlag"],"_links":{"self":[{"href":"https:\/\/blog.wiwo.de\/management\/wp-json\/wp\/v2\/posts\/686405","targetHints":{"allow":["GET"]}}],"collection":[{"href":"https:\/\/blog.wiwo.de\/management\/wp-json\/wp\/v2\/posts"}],"about":[{"href":"https:\/\/blog.wiwo.de\/management\/wp-json\/wp\/v2\/types\/post"}],"author":[{"embeddable":true,"href":"https:\/\/blog.wiwo.de\/management\/wp-json\/wp\/v2\/users\/19"}],"replies":[{"embeddable":true,"href":"https:\/\/blog.wiwo.de\/management\/wp-json\/wp\/v2\/comments?post=686405"}],"version-history":[{"count":4,"href":"https:\/\/blog.wiwo.de\/management\/wp-json\/wp\/v2\/posts\/686405\/revisions"}],"predecessor-version":[{"id":686411,"href":"https:\/\/blog.wiwo.de\/management\/wp-json\/wp\/v2\/posts\/686405\/revisions\/686411"}],"wp:attachment":[{"href":"https:\/\/blog.wiwo.de\/management\/wp-json\/wp\/v2\/media?parent=686405"}],"wp:term":[{"taxonomy":"category","embeddable":true,"href":"https:\/\/blog.wiwo.de\/management\/wp-json\/wp\/v2\/categories?post=686405"},{"taxonomy":"post_tag","embeddable":true,"href":"https:\/\/blog.wiwo.de\/management\/wp-json\/wp\/v2\/tags?post=686405"}],"curies":[{"name":"wp","href":"https:\/\/api.w.org\/{rel}","templated":true}]}}