{"id":686315,"date":"2025-06-20T06:00:26","date_gmt":"2025-06-20T04:00:26","guid":{"rendered":"https:\/\/blog.wiwo.de\/management\/?p=686315"},"modified":"2025-07-04T16:10:01","modified_gmt":"2025-07-04T14:10:01","slug":"internationaler-buerohundtag-2025-wer-so-alles-foto-gruesse-aus-bueros-und-homeoffices-schickt","status":"publish","type":"post","link":"https:\/\/blog.wiwo.de\/management\/2025\/06\/20\/internationaler-buerohundtag-2025-wer-so-alles-foto-gruesse-aus-bueros-und-homeoffices-schickt\/","title":{"rendered":"Internationaler B\u00fcrohundtag 2025: Wer so alles Foto-Gr\u00fc\u00dfe aus B\u00fcros und Homeoffices schickt"},"content":{"rendered":"<h1><\/h1>\n<h1>Wer in diesem Jahr zum Internationalen B\u00fcrohundtag so alles Foto-Gr\u00fc\u00dfe aus B\u00fcros und Homeoffices f\u00fcr die Leser des Management-Blogs schickt \u2026<\/h1>\n<h1>Ganz herzlichen Dank f\u00fcrs Mitmachen an alle Zwei- und Vierbeiner hier!<\/h1>\n<p>&nbsp;<\/p>\n<p>&nbsp;<\/p>\n<div id=\"attachment_686318\" style=\"width: 526px\" class=\"wp-caption aligncenter\"><img loading=\"lazy\" decoding=\"async\" aria-describedby=\"caption-attachment-686318\" class=\"size-full wp-image-686318\" src=\"https:\/\/blog.wiwo.de\/management\/files\/2025\/06\/buerohundtag.25.verpoorten.klein_.WV_Hunde_Zentrale_b811233_klein.jpg\" alt=\"\" width=\"516\" height=\"650\" srcset=\"https:\/\/blog.wiwo.de\/management\/files\/2025\/06\/buerohundtag.25.verpoorten.klein_.WV_Hunde_Zentrale_b811233_klein.jpg 516w, https:\/\/blog.wiwo.de\/management\/files\/2025\/06\/buerohundtag.25.verpoorten.klein_.WV_Hunde_Zentrale_b811233_klein-238x300.jpg 238w\" sizes=\"auto, (max-width: 516px) 100vw, 516px\" \/><p id=\"caption-attachment-686318\" class=\"wp-caption-text\">Eierlik\u00f6rproduzent William Verpoorten mit seinen beiden Magyar-Viszla-Hunden<\/p><\/div>\n<p>&nbsp;<\/p>\n<p>&nbsp;<\/p>\n<div id=\"attachment_686323\" style=\"width: 550px\" class=\"wp-caption aligncenter\"><img loading=\"lazy\" decoding=\"async\" aria-describedby=\"caption-attachment-686323\" class=\"size-full wp-image-686323\" src=\"https:\/\/blog.wiwo.de\/management\/files\/2025\/06\/Hogan.Collage-zum-Internationalen-Buerohundtag-2025.jpg\" alt=\"\" width=\"540\" height=\"650\" srcset=\"https:\/\/blog.wiwo.de\/management\/files\/2025\/06\/Hogan.Collage-zum-Internationalen-Buerohundtag-2025.jpg 540w, https:\/\/blog.wiwo.de\/management\/files\/2025\/06\/Hogan.Collage-zum-Internationalen-Buerohundtag-2025-249x300.jpg 249w\" sizes=\"auto, (max-width: 540px) 100vw, 540px\" \/><p id=\"caption-attachment-686323\" class=\"wp-caption-text\"><strong>Oberes Bild:<\/strong> Sieben Hunde samt ihren Besitzern von der Kanzlei Hogan Lovells in Hamburg auf der Dachterrasse:\u00a0 Herr Kruse (Jack-Russel-Beagle-Bassett-Mischung) von Immobilienrechtsanw\u00e4ltin Lara Anita Luxenhofer, Anzu (Entlebucher Sennenh\u00fcndin) von Arbeitsrechtanw\u00e4ltin Kimberly Makino,\u00a0 \u00a0Yuki (Cockapoo) von Kartellrechtler Marc Schweda, Ruby (Epagneul Breton) von HR-Mitarbeiterin Sophia Herzog, Annie (Zwergspitz) von Rechtsanw\u00e4ltin f\u00fcr gewerblichen Rechtsschutz Yvonne Draheim, Boj (Maltiepoo-Pudel) von Private-Equity-Anwalt Daniel Mattig und Millie (Beagle) von Anw\u00e4ltin f\u00fcr gewerblichen Rechtsschutz Marlen Mittelstein. (von links nach rechts) <strong>Unteres linkes Bild<\/strong>:<br \/>Daniel Mattig und Yvonne Draheim; <strong>Unteres rechtes Bild <\/strong>(von links nach rechts)<em>:<\/em><br \/>Marc Schweda, Daniel Mattig, Kimberly Makino, Marlen Mittelstein, Lara Anita Luxenhofer, Yvonne Draheim mit ihren Vierbeinern. (Foto: Privat)<\/p><\/div>\n<p>&nbsp;<\/p>\n<p>&nbsp;<\/p>\n<p>&nbsp;<\/p>\n<div id=\"attachment_686325\" style=\"width: 456px\" class=\"wp-caption aligncenter\"><img loading=\"lazy\" decoding=\"async\" aria-describedby=\"caption-attachment-686325\" class=\"size-full wp-image-686325\" src=\"https:\/\/blog.wiwo.de\/management\/files\/2025\/06\/volkmann.dirk_.mit-lilli.25.jpg\" alt=\"\" width=\"446\" height=\"650\" srcset=\"https:\/\/blog.wiwo.de\/management\/files\/2025\/06\/volkmann.dirk_.mit-lilli.25.jpg 446w, https:\/\/blog.wiwo.de\/management\/files\/2025\/06\/volkmann.dirk_.mit-lilli.25-206x300.jpg 206w\" sizes=\"auto, (max-width: 446px) 100vw, 446px\" \/><p id=\"caption-attachment-686325\" class=\"wp-caption-text\">Dirk Volkmann, CEO<br \/>von Aleia mit Lilli (Foto: Susanne Volkmann)<\/p><\/div>\n<p>&nbsp;<\/p>\n<p>&nbsp;<\/p>\n<div id=\"attachment_686333\" style=\"width: 490px\" class=\"wp-caption aligncenter\"><img loading=\"lazy\" decoding=\"async\" aria-describedby=\"caption-attachment-686333\" class=\"size-full wp-image-686333\" src=\"https:\/\/blog.wiwo.de\/management\/files\/2025\/06\/dopheide.buerohundtag25.jpg\" alt=\"\" width=\"480\" height=\"640\" srcset=\"https:\/\/blog.wiwo.de\/management\/files\/2025\/06\/dopheide.buerohundtag25.jpg 480w, https:\/\/blog.wiwo.de\/management\/files\/2025\/06\/dopheide.buerohundtag25-225x300.jpg 225w\" sizes=\"auto, (max-width: 480px) 100vw, 480px\" \/><p id=\"caption-attachment-686333\" class=\"wp-caption-text\">Frank Dopheide, Chef von Human Unlimited mit seinem Labrador Summer (Foto: Privat)<\/p><\/div>\n<p>&nbsp;<\/p>\n<div id=\"attachment_686341\" style=\"width: 449px\" class=\"wp-caption aligncenter\"><img loading=\"lazy\" decoding=\"async\" aria-describedby=\"caption-attachment-686341\" class=\"size-full wp-image-686341\" src=\"https:\/\/blog.wiwo.de\/management\/files\/2025\/06\/buerohund.rehlingen.25-e1750438105394.png\" alt=\"\" width=\"439\" height=\"510\" srcset=\"https:\/\/blog.wiwo.de\/management\/files\/2025\/06\/buerohund.rehlingen.25-e1750438105394.png 439w, https:\/\/blog.wiwo.de\/management\/files\/2025\/06\/buerohund.rehlingen.25-e1750438105394-258x300.png 258w\" sizes=\"auto, (max-width: 439px) 100vw, 439px\" \/><p id=\"caption-attachment-686341\" class=\"wp-caption-text\">Frieda\u00a0 ist aus Sardinien, ein Findling und Jagdhund-Mischling (Segugio ItalianoI) mit Alex von Rehlingen, Chefin der Agentur Schoeller &amp; von Rehlingen PR (Bild: Privat)<\/p><\/div>\n<p>&nbsp;<\/p>\n<p>&nbsp;<\/p>\n<p>&nbsp;<\/p>\n<div id=\"attachment_686317\" style=\"width: 498px\" class=\"wp-caption aligncenter\"><img loading=\"lazy\" decoding=\"async\" aria-describedby=\"caption-attachment-686317\" class=\"size-full wp-image-686317\" src=\"https:\/\/blog.wiwo.de\/management\/files\/2025\/06\/buerohundtag.2025.Graef_.Franziska.jpg\" alt=\"\" width=\"488\" height=\"650\" srcset=\"https:\/\/blog.wiwo.de\/management\/files\/2025\/06\/buerohundtag.2025.Graef_.Franziska.jpg 488w, https:\/\/blog.wiwo.de\/management\/files\/2025\/06\/buerohundtag.2025.Graef_.Franziska-225x300.jpg 225w\" sizes=\"auto, (max-width: 488px) 100vw, 488px\" \/><p id=\"caption-attachment-686317\" class=\"wp-caption-text\">(Foto: Privat\/Franziska Graeff)<\/p><\/div>\n<p>&nbsp;<\/p>\n<p>&nbsp;<\/p>\n<div id=\"attachment_686316\" style=\"width: 660px\" class=\"wp-caption aligncenter\"><img loading=\"lazy\" decoding=\"async\" aria-describedby=\"caption-attachment-686316\" class=\"size-full wp-image-686316\" src=\"https:\/\/blog.wiwo.de\/management\/files\/2025\/06\/buerohund.2025.alexIwan.jpg\" alt=\"\" width=\"650\" height=\"488\" srcset=\"https:\/\/blog.wiwo.de\/management\/files\/2025\/06\/buerohund.2025.alexIwan.jpg 650w, https:\/\/blog.wiwo.de\/management\/files\/2025\/06\/buerohund.2025.alexIwan-300x225.jpg 300w, https:\/\/blog.wiwo.de\/management\/files\/2025\/06\/buerohund.2025.alexIwan-400x300.jpg 400w\" sizes=\"auto, (max-width: 650px) 100vw, 650px\" \/><p id=\"caption-attachment-686316\" class=\"wp-caption-text\">Alex Iwan, Chefin der PR-Agentur Textschwester<\/p><\/div>\n<p>&nbsp;<\/p>\n<p>&nbsp;<\/p>\n<p>&nbsp;<\/p>\n<div id=\"attachment_686321\" style=\"width: 498px\" class=\"wp-caption aligncenter\"><img loading=\"lazy\" decoding=\"async\" aria-describedby=\"caption-attachment-686321\" class=\"size-full wp-image-686321\" src=\"https:\/\/blog.wiwo.de\/management\/files\/2025\/06\/buerohundtag.25.wilsing.PHOTO-2025-06-18-14-29-36.jpg\" alt=\"\" width=\"488\" height=\"650\" srcset=\"https:\/\/blog.wiwo.de\/management\/files\/2025\/06\/buerohundtag.25.wilsing.PHOTO-2025-06-18-14-29-36.jpg 488w, https:\/\/blog.wiwo.de\/management\/files\/2025\/06\/buerohundtag.25.wilsing.PHOTO-2025-06-18-14-29-36-225x300.jpg 225w\" sizes=\"auto, (max-width: 488px) 100vw, 488px\" \/><p id=\"caption-attachment-686321\" class=\"wp-caption-text\">Hans-Ulrich Wilsing von der Kanzlei Clifford Chance mit der Kleine-M\u00fcnsterl\u00e4nder-H\u00fcndin Inka (Foto: Privat)<\/p><\/div>\n<p>&nbsp;<\/p>\n<p>&nbsp;<\/p>\n<p>&nbsp;<\/p>\n<div id=\"attachment_686324\" style=\"width: 306px\" class=\"wp-caption aligncenter\"><img loading=\"lazy\" decoding=\"async\" aria-describedby=\"caption-attachment-686324\" class=\"size-full wp-image-686324\" src=\"https:\/\/blog.wiwo.de\/management\/files\/2025\/06\/HollochmitTheo.25.png\" alt=\"\" width=\"296\" height=\"522\" srcset=\"https:\/\/blog.wiwo.de\/management\/files\/2025\/06\/HollochmitTheo.25.png 296w, https:\/\/blog.wiwo.de\/management\/files\/2025\/06\/HollochmitTheo.25-170x300.png 170w\" sizes=\"auto, (max-width: 296px) 100vw, 296px\" \/><p id=\"caption-attachment-686324\" class=\"wp-caption-text\">Compliance-Anw\u00e4ltin Karin Holloch mit ihrem Rhodesian Ridgeback Theo (Foto: Privat)<\/p><\/div>\n<p>&nbsp;<\/p>\n<p>&nbsp;<\/p>\n<div id=\"attachment_686326\" style=\"width: 660px\" class=\"wp-caption aligncenter\"><img loading=\"lazy\" decoding=\"async\" aria-describedby=\"caption-attachment-686326\" class=\"size-full wp-image-686326\" src=\"https:\/\/blog.wiwo.de\/management\/files\/2025\/06\/loschelder.floyd_.25.jpg\" alt=\"\" width=\"650\" height=\"640\" srcset=\"https:\/\/blog.wiwo.de\/management\/files\/2025\/06\/loschelder.floyd_.25.jpg 650w, https:\/\/blog.wiwo.de\/management\/files\/2025\/06\/loschelder.floyd_.25-300x295.jpg 300w, https:\/\/blog.wiwo.de\/management\/files\/2025\/06\/loschelder.floyd_.25-305x300.jpg 305w\" sizes=\"auto, (max-width: 650px) 100vw, 650px\" \/><p id=\"caption-attachment-686326\" class=\"wp-caption-text\">Der D\u00fcsseldorfer J\u00fcrgen Loschelder, Travel-Management-Manager bei Thyssenkrupp mit dem Wei\u00dfen Sch\u00e4ferhund Floyd (Foto: Privat)<\/p><\/div>\n<p>&nbsp;<\/p>\n<p>&nbsp;<\/p>\n<div id=\"attachment_686354\" style=\"width: 660px\" class=\"wp-caption aligncenter\"><img loading=\"lazy\" decoding=\"async\" aria-describedby=\"caption-attachment-686354\" class=\"size-full wp-image-686354\" src=\"https:\/\/blog.wiwo.de\/management\/files\/2025\/06\/pohlmann.buerohundtag25.jpg\" alt=\"\" width=\"650\" height=\"433\" srcset=\"https:\/\/blog.wiwo.de\/management\/files\/2025\/06\/pohlmann.buerohundtag25.jpg 650w, https:\/\/blog.wiwo.de\/management\/files\/2025\/06\/pohlmann.buerohundtag25-300x200.jpg 300w, https:\/\/blog.wiwo.de\/management\/files\/2025\/06\/pohlmann.buerohundtag25-450x300.jpg 450w\" sizes=\"auto, (max-width: 650px) 100vw, 650px\" \/><p id=\"caption-attachment-686354\" class=\"wp-caption-text\">Consultant Jennifer Bader (links) und Office-Managerin Bianca Torcaso (rechts) von der Compliance-Kanzlei Pohlmann &amp; Company mit Stormy, Dobby und Ellie (Foto: Privat)<\/p><\/div>\n<p>&nbsp;<\/p>\n<p>&nbsp;<\/p>\n<div id=\"attachment_686355\" style=\"width: 498px\" class=\"wp-caption aligncenter\"><img loading=\"lazy\" decoding=\"async\" aria-describedby=\"caption-attachment-686355\" class=\"size-full wp-image-686355\" src=\"https:\/\/blog.wiwo.de\/management\/files\/2025\/06\/Pohlmann2.buerohunde-e1750721569906.jpg\" alt=\"\" width=\"488\" height=\"369\" srcset=\"https:\/\/blog.wiwo.de\/management\/files\/2025\/06\/Pohlmann2.buerohunde-e1750721569906.jpg 488w, https:\/\/blog.wiwo.de\/management\/files\/2025\/06\/Pohlmann2.buerohunde-e1750721569906-300x227.jpg 300w, https:\/\/blog.wiwo.de\/management\/files\/2025\/06\/Pohlmann2.buerohunde-e1750721569906-397x300.jpg 397w\" sizes=\"auto, (max-width: 488px) 100vw, 488px\" \/><p id=\"caption-attachment-686355\" class=\"wp-caption-text\">&#8230; Debby und Stormy von Pohlmann &amp; Company (Foto: Privat)<\/p><\/div>\n<p>&nbsp;<\/p>\n<p>&nbsp;<\/p>\n<div id=\"attachment_686327\" style=\"width: 660px\" class=\"wp-caption aligncenter\"><img loading=\"lazy\" decoding=\"async\" aria-describedby=\"caption-attachment-686327\" class=\"size-full wp-image-686327\" src=\"https:\/\/blog.wiwo.de\/management\/files\/2025\/06\/henrich.hundpepper-e1750383269404.jpg\" alt=\"\" width=\"650\" height=\"341\" srcset=\"https:\/\/blog.wiwo.de\/management\/files\/2025\/06\/henrich.hundpepper-e1750383269404.jpg 650w, https:\/\/blog.wiwo.de\/management\/files\/2025\/06\/henrich.hundpepper-e1750383269404-300x157.jpg 300w, https:\/\/blog.wiwo.de\/management\/files\/2025\/06\/henrich.hundpepper-e1750383269404-500x262.jpg 500w\" sizes=\"auto, (max-width: 650px) 100vw, 650px\" \/><p id=\"caption-attachment-686327\" class=\"wp-caption-text\">Pepper von der Wirtschaftsjournalistin Anke Henrich (Foto: Privat)<\/p><\/div>\n<p>&nbsp;<\/p>\n<p>&nbsp;<\/p>\n<div id=\"attachment_686328\" style=\"width: 498px\" class=\"wp-caption aligncenter\"><img loading=\"lazy\" decoding=\"async\" aria-describedby=\"caption-attachment-686328\" class=\"size-full wp-image-686328\" src=\"https:\/\/blog.wiwo.de\/management\/files\/2025\/06\/baum.buerohund.25-e1750383802324.jpg\" alt=\"\" width=\"488\" height=\"454\" srcset=\"https:\/\/blog.wiwo.de\/management\/files\/2025\/06\/baum.buerohund.25-e1750383802324.jpg 488w, https:\/\/blog.wiwo.de\/management\/files\/2025\/06\/baum.buerohund.25-e1750383802324-300x279.jpg 300w, https:\/\/blog.wiwo.de\/management\/files\/2025\/06\/baum.buerohund.25-e1750383802324-322x300.jpg 322w\" sizes=\"auto, (max-width: 488px) 100vw, 488px\" \/><p id=\"caption-attachment-686328\" class=\"wp-caption-text\">Sally von Sigrid Baum, Chefin von Baum Kommunikation (Foto: Privat)<\/p><\/div>\n<p>&nbsp;<\/p>\n<div id=\"attachment_686346\" style=\"width: 660px\" class=\"wp-caption aligncenter\"><img loading=\"lazy\" decoding=\"async\" aria-describedby=\"caption-attachment-686346\" class=\"size-full wp-image-686346\" src=\"https:\/\/blog.wiwo.de\/management\/files\/2025\/06\/heuking.buerohund.25.jpg\" alt=\"\" width=\"650\" height=\"488\" srcset=\"https:\/\/blog.wiwo.de\/management\/files\/2025\/06\/heuking.buerohund.25.jpg 650w, https:\/\/blog.wiwo.de\/management\/files\/2025\/06\/heuking.buerohund.25-300x225.jpg 300w, https:\/\/blog.wiwo.de\/management\/files\/2025\/06\/heuking.buerohund.25-400x300.jpg 400w\" sizes=\"auto, (max-width: 650px) 100vw, 650px\" \/><p id=\"caption-attachment-686346\" class=\"wp-caption-text\">Marketingmanagerin Nina Schultz von Kanzlei Heuking mit Corgi-Mix Cuki (Foto: Privat)<\/p><\/div>\n<p>&nbsp;<\/p>\n<p>&nbsp;<\/p>\n<div id=\"attachment_686336\" style=\"width: 498px\" class=\"wp-caption aligncenter\"><img loading=\"lazy\" decoding=\"async\" aria-describedby=\"caption-attachment-686336\" class=\"size-full wp-image-686336\" src=\"https:\/\/blog.wiwo.de\/management\/files\/2025\/06\/buerohund.markenzeichen.25.jpg\" alt=\"\" width=\"488\" height=\"650\" srcset=\"https:\/\/blog.wiwo.de\/management\/files\/2025\/06\/buerohund.markenzeichen.25.jpg 488w, https:\/\/blog.wiwo.de\/management\/files\/2025\/06\/buerohund.markenzeichen.25-225x300.jpg 225w\" sizes=\"auto, (max-width: 488px) 100vw, 488px\" \/><p id=\"caption-attachment-686336\" class=\"wp-caption-text\">Jack-Russell-Mischling Amy ist die regelm\u00e4\u00dfige Begleiterin des Managing Partners Marcus Bastian von Markenzeichen &#8211; hier spielt sie mit Kollege Chris Vogt. (Foto: Privat)<\/p><\/div>\n<p>&nbsp;<\/p>\n<p>&nbsp;<\/p>\n<div id=\"attachment_686344\" style=\"width: 498px\" class=\"wp-caption aligncenter\"><img loading=\"lazy\" decoding=\"async\" aria-describedby=\"caption-attachment-686344\" class=\"size-full wp-image-686344\" src=\"https:\/\/blog.wiwo.de\/management\/files\/2025\/06\/klees.anton25.jpg\" alt=\"\" width=\"488\" height=\"650\" srcset=\"https:\/\/blog.wiwo.de\/management\/files\/2025\/06\/klees.anton25.jpg 488w, https:\/\/blog.wiwo.de\/management\/files\/2025\/06\/klees.anton25-225x300.jpg 225w\" sizes=\"auto, (max-width: 488px) 100vw, 488px\" \/><p id=\"caption-attachment-686344\" class=\"wp-caption-text\">Anton Klees, Chef von Active Value, mit Filou (Foto: Privat)<\/p><\/div>\n<p>&nbsp;<\/p>\n<p>&nbsp;<\/p>\n<div id=\"attachment_686338\" style=\"width: 498px\" class=\"wp-caption aligncenter\"><img loading=\"lazy\" decoding=\"async\" aria-describedby=\"caption-attachment-686338\" class=\"size-full wp-image-686338\" src=\"https:\/\/blog.wiwo.de\/management\/files\/2025\/06\/cheddarfPHOTO-2025-06-20-08-58-21-002.jpg\" alt=\"\" width=\"488\" height=\"650\" srcset=\"https:\/\/blog.wiwo.de\/management\/files\/2025\/06\/cheddarfPHOTO-2025-06-20-08-58-21-002.jpg 488w, https:\/\/blog.wiwo.de\/management\/files\/2025\/06\/cheddarfPHOTO-2025-06-20-08-58-21-002-225x300.jpg 225w\" sizes=\"auto, (max-width: 488px) 100vw, 488px\" \/><p id=\"caption-attachment-686338\" class=\"wp-caption-text\">Die zwei Welh Corgis Sunny und Cheddar kommen mit Simone Orlich in die Handelsblatt Media Group (Foto Privat)<\/p><\/div>\n<p>&nbsp;<\/p>\n<p>&nbsp;<\/p>\n<div id=\"attachment_686359\" style=\"width: 468px\" class=\"wp-caption aligncenter\"><img loading=\"lazy\" decoding=\"async\" aria-describedby=\"caption-attachment-686359\" class=\"size-full wp-image-686359\" src=\"https:\/\/blog.wiwo.de\/management\/files\/2025\/06\/ringels.buerohund.25.jpg\" alt=\"\" width=\"458\" height=\"650\" srcset=\"https:\/\/blog.wiwo.de\/management\/files\/2025\/06\/ringels.buerohund.25.jpg 458w, https:\/\/blog.wiwo.de\/management\/files\/2025\/06\/ringels.buerohund.25-211x300.jpg 211w\" sizes=\"auto, (max-width: 458px) 100vw, 458px\" \/><p id=\"caption-attachment-686359\" class=\"wp-caption-text\">Jeannie Ringel mit Ella von der Rahmenwerkstatt Michael Ringel<\/p><\/div>\n<p>&nbsp;<\/p>\n<p>&nbsp;<\/p>\n<div id=\"attachment_686399\" style=\"width: 498px\" class=\"wp-caption aligncenter\"><img loading=\"lazy\" decoding=\"async\" aria-describedby=\"caption-attachment-686399\" class=\"size-full wp-image-686399\" src=\"https:\/\/blog.wiwo.de\/management\/files\/2025\/06\/gvw.mueller.buerohund.25-e1751532014527.jpg\" alt=\"\" width=\"488\" height=\"388\" srcset=\"https:\/\/blog.wiwo.de\/management\/files\/2025\/06\/gvw.mueller.buerohund.25-e1751532014527.jpg 488w, https:\/\/blog.wiwo.de\/management\/files\/2025\/06\/gvw.mueller.buerohund.25-e1751532014527-300x239.jpg 300w, https:\/\/blog.wiwo.de\/management\/files\/2025\/06\/gvw.mueller.buerohund.25-e1751532014527-377x300.jpg 377w\" sizes=\"auto, (max-width: 488px) 100vw, 488px\" \/><p id=\"caption-attachment-686399\" class=\"wp-caption-text\">Thomas M\u00fcller, Arbeitsrechtler bei GvW Graf von Westphalen, gr\u00fc\u00dft aus den Sommerferien mit\u00a0 Labrador Max (Foto: Privat)<\/p><\/div>\n<p>&nbsp;<\/p>\n<p>&nbsp;<\/p>\n<div id=\"attachment_686329\" style=\"width: 660px\" class=\"wp-caption aligncenter\"><img loading=\"lazy\" decoding=\"async\" aria-describedby=\"caption-attachment-686329\" class=\"size-full wp-image-686329\" src=\"https:\/\/blog.wiwo.de\/management\/files\/2025\/06\/george.buerohund.25ZCuy53-qQXGFCDwGeVBfrg.jpg\" alt=\"\" width=\"650\" height=\"488\" srcset=\"https:\/\/blog.wiwo.de\/management\/files\/2025\/06\/george.buerohund.25ZCuy53-qQXGFCDwGeVBfrg.jpg 650w, https:\/\/blog.wiwo.de\/management\/files\/2025\/06\/george.buerohund.25ZCuy53-qQXGFCDwGeVBfrg-300x225.jpg 300w, https:\/\/blog.wiwo.de\/management\/files\/2025\/06\/george.buerohund.25ZCuy53-qQXGFCDwGeVBfrg-400x300.jpg 400w\" sizes=\"auto, (max-width: 650px) 100vw, 650px\" \/><p id=\"caption-attachment-686329\" class=\"wp-caption-text\">Corgi George von Claudia T\u00f6dtmann (Foto: Privat)<\/p><\/div>\n<p>&nbsp;<\/p>\n<p>&nbsp;<\/p>\n<p>&nbsp;<\/p>\n<p><strong>Links:\u00a0 <a href=\"https:\/\/blog.wiwo.de\/management\/2024\/06\/21\/buerohundtag-2024-wer-in-diesem-jahr-so-alles-hunde-gruesse-an-den-management-blog-schickt\/\">B\u00fcrohundtag 2024: Wer in diesem Jahr so alles Hunde-Gr\u00fc\u00dfe an den Management-Blog schickt | Management-Blog<\/a><\/strong><\/p>\n<p><strong><a href=\"https:\/\/www.aerzteblatt.de\/news\/hund-im-haushalt-konnte-schutzend-vor-atopischer-dermatitis-wirken-516b2d30-65ed-4174-b278-66f01388ad3e\">Hund im Haushalt k\u00f6nnte sch\u00fctzend vor atopischer Dermatitis wirken \u2013 News \u2013 Deutsches \u00c4rzteblatt<\/a><\/strong><\/p>\n<p>&nbsp;<\/p>\n<p>&nbsp;<\/p>\n<p>&nbsp;<\/p>\n<p><a href=\"https:\/\/www.faktenkontor.de\/pressemeldungen\/blogger-relevanzindex-das-sind-deutschlands-top-100-blogs\/\"><img loading=\"lazy\" decoding=\"async\" class=\"aligncenter size-medium wp-image-680063\" src=\"https:\/\/149798077.v2.pressablecdn.com\/management\/files\/2022\/06\/Wiwo.top_.10.blog_.2022.Blogger-Relevanzindex_Top-10-Blogs-2022-227x300.jpg\" alt=\"\" width=\"227\" height=\"300\" srcset=\"https:\/\/blog.wiwo.de\/management\/files\/2022\/06\/Wiwo.top_.10.blog_.2022.Blogger-Relevanzindex_Top-10-Blogs-2022-227x300.jpg 227w, https:\/\/blog.wiwo.de\/management\/files\/2022\/06\/Wiwo.top_.10.blog_.2022.Blogger-Relevanzindex_Top-10-Blogs-2022.jpg 492w\" sizes=\"auto, (max-width: 227px) 100vw, 227px\" \/><\/a><\/p>\n<div id=\"main\">\n<div id=\"primary\">\n<div id=\"content\" role=\"main\">\n<article id=\"post-679588\" class=\"post-679588 post type-post status-publish format-standard hentry category-allgemein tag-arbeitsbedingung tag-arbeitsklima tag-betriebsklima tag-big-quit tag-ey-ernst-young tag-fachkraftemangel tag-gehalt tag-great-resignation tag-jobwechsel tag-kundigung tag-kuendigungsabsicht tag-loehne tag-umfrage\">\n<div class=\"entry-content\">\n<p>&nbsp;<\/p>\n<p>&nbsp;<\/p>\n<p><a href=\"https:\/\/www.presseportal.de\/pm\/52884\/5255623\"><img loading=\"lazy\" decoding=\"async\" class=\"aligncenter size-medium wp-image-676731\" src=\"https:\/\/149798077.v2.pressablecdn.com\/management\/files\/2021\/06\/bloggerinnen.2021.neu_-300x212.jpg\" alt=\"\" width=\"300\" height=\"212\" srcset=\"https:\/\/blog.wiwo.de\/management\/files\/2021\/06\/bloggerinnen.2021.neu_-300x212.jpg 300w, https:\/\/blog.wiwo.de\/management\/files\/2021\/06\/bloggerinnen.2021.neu_-424x300.jpg 424w, https:\/\/blog.wiwo.de\/management\/files\/2021\/06\/bloggerinnen.2021.neu_.jpg 650w\" sizes=\"auto, (max-width: 300px) 100vw, 300px\" \/><\/a><\/p>\n<p>&nbsp;<\/p>\n<p><strong>Copyright: @Claudia T\u00f6dtmann. Alle Rechte vorbehalten.\u00a0<\/strong><\/p>\n<p><strong>Kontakt f\u00fcr Nutzungsrechte: claudia.toedtmann@wiwo.de<\/strong><\/p>\n<p><strong>Alle inhaltlichen Rechte des Management-Blogs von Claudia T\u00f6dtmann liegen bei der Blog-Inhaberin. Jegliche Nutzung der Inhalte bed\u00fcrfen der ausdr\u00fccklichen Genehmigung.<\/strong><\/p>\n<\/div>\n<p><strong>Um den Lesefluss nicht zu behindern, wird in Management-Blog-Texten nur die m\u00e4nnliche Form genannt, aber immer sind die weibliche und andere Formen gleicherma\u00dfen mit gemeint.<\/strong><\/p>\n<\/article>\n<\/div>\n<\/div>\n<\/div>\n","protected":false},"excerpt":{"rendered":"<p>Wer in diesem Jahr zum Internationalen B\u00fcrohundtag so alles Foto-Gr\u00fc\u00dfe aus B\u00fcros und Homeoffices f\u00fcr die Leser des Management-Blogs schickt \u2026 Ganz herzlichen Dank f\u00fcrs Mitmachen an alle Zwei- und Vierbeiner hier! &nbsp; &nbsp; &nbsp; &nbsp; &nbsp; &nbsp; &nbsp; &nbsp; &hellip; <a href=\"https:\/\/blog.wiwo.de\/management\/2025\/06\/20\/internationaler-buerohundtag-2025-wer-so-alles-foto-gruesse-aus-bueros-und-homeoffices-schickt\/\">Weiterlesen <span class=\"meta-nav\">&rarr;<\/span><\/a><\/p>\n","protected":false},"author":19,"featured_media":0,"comment_status":"open","ping_status":"open","sticky":false,"template":"","format":"standard","meta":{"footnotes":""},"categories":[1],"tags":[12336,11440,2479,8390,7991,399,11028,3401,7674,526,9626,8402,6706,8604,704,1331,9857,7464,12337,10806,1045,3049,3050],"class_list":["post-686315","post","type-post","status-publish","format-standard","hentry","category-allgemein","tag-aleia","tag-alex-iwan","tag-anke-henrich","tag-baum-kommunikation","tag-dirk-volkmann","tag-frank-dopheide","tag-gvw-graf-von-westphalen","tag-hans-ulrich-wilsing","tag-heuking","tag-hogan-lovells","tag-human-unlimited","tag-internationaler-buerohundtag","tag-juergen-loschelder","tag-karin-holloch","tag-linklaters","tag-markenzeichen","tag-pohlmann-company","tag-sigrid-baum","tag-textschwester","tag-thomas-mueller","tag-thyssenkrupp","tag-verpoorten","tag-william-verpoorten"],"_links":{"self":[{"href":"https:\/\/blog.wiwo.de\/management\/wp-json\/wp\/v2\/posts\/686315","targetHints":{"allow":["GET"]}}],"collection":[{"href":"https:\/\/blog.wiwo.de\/management\/wp-json\/wp\/v2\/posts"}],"about":[{"href":"https:\/\/blog.wiwo.de\/management\/wp-json\/wp\/v2\/types\/post"}],"author":[{"embeddable":true,"href":"https:\/\/blog.wiwo.de\/management\/wp-json\/wp\/v2\/users\/19"}],"replies":[{"embeddable":true,"href":"https:\/\/blog.wiwo.de\/management\/wp-json\/wp\/v2\/comments?post=686315"}],"version-history":[{"count":19,"href":"https:\/\/blog.wiwo.de\/management\/wp-json\/wp\/v2\/posts\/686315\/revisions"}],"predecessor-version":[{"id":686412,"href":"https:\/\/blog.wiwo.de\/management\/wp-json\/wp\/v2\/posts\/686315\/revisions\/686412"}],"wp:attachment":[{"href":"https:\/\/blog.wiwo.de\/management\/wp-json\/wp\/v2\/media?parent=686315"}],"wp:term":[{"taxonomy":"category","embeddable":true,"href":"https:\/\/blog.wiwo.de\/management\/wp-json\/wp\/v2\/categories?post=686315"},{"taxonomy":"post_tag","embeddable":true,"href":"https:\/\/blog.wiwo.de\/management\/wp-json\/wp\/v2\/tags?post=686315"}],"curies":[{"name":"wp","href":"https:\/\/api.w.org\/{rel}","templated":true}]}}