{"id":686077,"date":"2025-04-17T06:00:06","date_gmt":"2025-04-17T04:00:06","guid":{"rendered":"https:\/\/blog.wiwo.de\/management\/?p=686077"},"modified":"2025-04-17T16:10:49","modified_gmt":"2025-04-17T14:10:49","slug":"dax-ceos-bei-linkedin-ola-kaellenius-fuehrt-gefolgt-von-sap-ceo-christian-klein-und-siemens-ceo-roland-busch-palmerhargreaves-analyse","status":"publish","type":"post","link":"https:\/\/blog.wiwo.de\/management\/2025\/04\/17\/dax-ceos-bei-linkedin-ola-kaellenius-fuehrt-gefolgt-von-sap-ceo-christian-klein-und-siemens-ceo-roland-busch-palmerhargreaves-analyse\/","title":{"rendered":"Dax-CEOs bei LinkedIn: Ola K\u00e4llenius f\u00fchrt, gefolgt von SAP-CEO Christian Klein und Siemens-CEO Roland Busch &#8211; PalmerHargreaves-Analyse"},"content":{"rendered":"<h1><\/h1>\n<h1>Dax-CEOs bei LinkedIn: Ola K\u00e4llenius steht an der Spitze, gefolgt von SAP-CEO Christian Klein und Siemens-CEO Roland Busch &#8211; PalmerHargreaves-Analyse<\/h1>\n<p>Die Top-drei-CEOs hat niemand eingeholt. Die Vorstandschefs von Mercedes-Benz, SAP und Siemens hatten einen uneinholbaren Vorsprung. Schon im Vorjahr f\u00fchrten Ola K\u00e4llenius, Christian Klein und Roland Busch das LinkedIn-Ranking der Kommunikationsagentur <a href=\"https:\/\/www.palmerhargreaves.de\/\">PalmerHargreaves<\/a> an.<\/p>\n<div id=\"attachment_678893\" style=\"width: 160px\" class=\"wp-caption alignright\"><img loading=\"lazy\" decoding=\"async\" aria-describedby=\"caption-attachment-678893\" class=\"size-thumbnail wp-image-678893\" src=\"https:\/\/blog.wiwo.de\/management\/files\/2022\/01\/kaellenius.https___api.media_.mercedes-benz.com_v2_storage_v1_public_5b1a4bd5-633c-45e8-8dca-42c5a8e7e8c3_thumbor_original_18c0675-09-150x150.jpg\" alt=\"\" width=\"150\" height=\"150\" \/><p id=\"caption-attachment-678893\" class=\"wp-caption-text\">Ola K\u00e4llenius (Foto: Daimler PR)<\/p><\/div>\n<p>Analysiert wurden 102 HDAX-CEOs, 75 davon stellen sich auf LinkedIn den Followern. PalmerHargreaves hat daf\u00fcr 2.566 Beitr\u00e4ge auf LinkedIn, 57.747 Interaktionen der CEOs und 2.159.423 Reaktionen von insgesamt 2.443.990 Followern untersucht. Gecheckt wurde, wer die meisten Follower und wer die meisten Posts geschrieben hat, aber auch die kommunikative Leistung.<\/p>\n<p>&nbsp;<\/p>\n<p>Nach der Bewertung der kommunikativen Leistung der kommt PalmerHargreaves zu dieser Rangfolge: &#8222;Zum dritten Mal in Folge steht RWE-CEO Markus Krebber an der Spitze des Rankings. Mit Beitr\u00e4gen zur Energiewende und Versorgungssicherheit positioniert er sich als Architekt der Transformation \u2013 sachlich, engagiert und l\u00f6sungsorientiert. Auf Rang zwei folgt erneut Tim H\u00f6ttges, CEO der Deutschen Telekom.<\/p>\n<div id=\"attachment_684760\" style=\"width: 160px\" class=\"wp-caption alignright\"><img loading=\"lazy\" decoding=\"async\" aria-describedby=\"caption-attachment-684760\" class=\"size-thumbnail wp-image-684760\" src=\"https:\/\/blog.wiwo.de\/management\/files\/2024\/07\/hoettges.timotheus.Foto_.Telekom-150x150.jpg\" alt=\"\" width=\"150\" height=\"150\" \/><p id=\"caption-attachment-684760\" class=\"wp-caption-text\">(Foto: Telekom\/PR)<\/p><\/div>\n<p>Er nutzt die Plattform f\u00fcr technologiegetriebene Themen und gesellschaftspolitische Impulse. Seine Beitr\u00e4ge verbinden strategische Tiefe mit empathischer Sprache. Neu auf Platz drei: Daniel Grieder, CEO von Hugo Boss. Mit starkem Storytelling und internationalem Markenflair r\u00fcckt er von Platz 21 aufs Treppchen vor und zeigt, wie Vorstandskommunikation heute auch als Lifestyle-Narrativ funktionieren kann.&#8220;<\/p>\n<p>&nbsp;<\/p>\n<h1>Ola K\u00e4llenius, Christian Klein und Roland Busch verteidigen ihre Position<\/h1>\n<h1>Welche DAX-CEOs am beliebtesten und einsatzfreudigsten im Business-Netzwerk LinkedIn sind<\/h1>\n<table width=\"374\">\n<tbody>\n<tr>\n<td width=\"83\"><strong>Name<\/strong><\/td>\n<td width=\"124\"><strong>Unternehmen<\/strong><\/td>\n<td width=\"85\"><strong>Follower<\/strong><\/td>\n<td width=\"82\"><strong>Posts<\/strong><\/td>\n<\/tr>\n<tr>\n<td>Ola K\u00e4llenius<\/td>\n<td>Mercedes-Benz<\/td>\n<td>303.740<\/td>\n<td>108<\/td>\n<\/tr>\n<tr>\n<td>Christian Klein<\/td>\n<td>SAP<\/td>\n<td>252.297<\/td>\n<td>74<\/td>\n<\/tr>\n<tr>\n<td>Roland Busch<\/td>\n<td>Siemens<\/td>\n<td>195.950<\/td>\n<td>82<\/td>\n<\/tr>\n<tr>\n<td>Tim H\u00f6ttges<\/td>\n<td>Deutsche Telekom<\/td>\n<td>143.894<\/td>\n<td>93<\/td>\n<\/tr>\n<tr>\n<td>Bernd Montag<\/td>\n<td>Siemens Healthineers<\/td>\n<td>120.206<\/td>\n<td>59<\/td>\n<\/tr>\n<tr>\n<td>Bill Anderson<\/td>\n<td>Bayer<\/td>\n<td>105.135<\/td>\n<td>27<\/td>\n<\/tr>\n<tr>\n<td>Bel\u00e9n Garijo<\/td>\n<td>Merck KGaA<\/td>\n<td>103.293<\/td>\n<td>38<\/td>\n<\/tr>\n<tr>\n<td>Oliver B\u00e4te<\/td>\n<td>Allianz<\/td>\n<td>100.027<\/td>\n<td>27<\/td>\n<\/tr>\n<tr>\n<td>Christian Bruch<\/td>\n<td>Siemens Energy<\/td>\n<td>87.694<\/td>\n<td>48<\/td>\n<\/tr>\n<tr>\n<td>Daniel Grieder<\/td>\n<td>Hugo Boss<\/td>\n<td>83.477<\/td>\n<td>39<\/td>\n<\/tr>\n<tr>\n<td>Markus Krebber<\/td>\n<td>RWE<\/td>\n<td>77.952<\/td>\n<td>95<\/td>\n<\/tr>\n<tr>\n<td>Christian Sewing<\/td>\n<td>Deutsche Bank<\/td>\n<td>76.487<\/td>\n<td>39<\/td>\n<\/tr>\n<tr>\n<td>Niklas \u00d6stberg<\/td>\n<td>Delivery Hero<\/td>\n<td>67.176<\/td>\n<td>10<\/td>\n<\/tr>\n<tr>\n<td>Carsten Knobel<\/td>\n<td>Henkel<\/td>\n<td>48.367<\/td>\n<td>87<\/td>\n<\/tr>\n<tr>\n<td>Michael Sen<\/td>\n<td>Fresenius<\/td>\n<td>47.156<\/td>\n<td>92<\/td>\n<\/tr>\n<tr>\n<td>Tobias Meyer<\/td>\n<td>Deutsche Post<\/td>\n<td>44.816<\/td>\n<td>29<\/td>\n<\/tr>\n<tr>\n<td>Leo Birnbaum<\/td>\n<td>E.ON<\/td>\n<td>38.974<\/td>\n<td>114<\/td>\n<\/tr>\n<tr>\n<td>Markus Kamieth<\/td>\n<td>BASF<\/td>\n<td>37.924<\/td>\n<td>27<\/td>\n<\/tr>\n<tr>\n<td>Jochen Hanebeck<\/td>\n<td>Infineon Technologies<\/td>\n<td>37.527<\/td>\n<td>32<\/td>\n<\/tr>\n<tr>\n<td>Markus Steilemann<\/td>\n<td>Covestro<\/td>\n<td>31.963<\/td>\n<td>115<\/td>\n<\/tr>\n<tr>\n<td>Dominik Richter<\/td>\n<td>HelloFresh<\/td>\n<td>30.574<\/td>\n<td>4<\/td>\n<\/tr>\n<tr>\n<td>Torsten Leue<\/td>\n<td>Talanx<\/td>\n<td>23.486<\/td>\n<td>58<\/td>\n<\/tr>\n<tr>\n<td>Vincent Warnery<\/td>\n<td>Beiersdorf<\/td>\n<td>21.395<\/td>\n<td>58<\/td>\n<\/tr>\n<tr>\n<td>Thierry Bernard<\/td>\n<td>Qiagen<\/td>\n<td>18.102<\/td>\n<td>21<\/td>\n<\/tr>\n<tr>\n<td>Rolf Buch<\/td>\n<td>Vonovia<\/td>\n<td>17.322<\/td>\n<td>80<\/td>\n<\/tr>\n<tr>\n<td>Miguel \u00c1ngel L\u00f3pez Borrego<\/td>\n<td>thyssenkrupp<\/td>\n<td>17.077<\/td>\n<td>43<\/td>\n<\/tr>\n<tr>\n<td>Dominik von Achten<\/td>\n<td>Heidelberg Materials<\/td>\n<td>16.846<\/td>\n<td>63<\/td>\n<\/tr>\n<tr>\n<td>Christian Levin<\/td>\n<td>TRATON<\/td>\n<td>15.228<\/td>\n<td>7<\/td>\n<\/tr>\n<tr>\n<td>J\u00fcrgen Reinert<\/td>\n<td>SMA Solar Technology<\/td>\n<td>14.790<\/td>\n<td>26<\/td>\n<\/tr>\n<tr>\n<td>Helen Giza<\/td>\n<td>Fresenius Medical Care<\/td>\n<td>14.717<\/td>\n<td>60<\/td>\n<\/tr>\n<tr>\n<td>Arne Freundt<\/td>\n<td>Puma<\/td>\n<td>14.468<\/td>\n<td>32<\/td>\n<\/tr>\n<tr>\n<td>Sebastian Ebel<\/td>\n<td>TUI<\/td>\n<td>13.969<\/td>\n<td>185<\/td>\n<\/tr>\n<tr>\n<td>Christian Hartel<\/td>\n<td>Wacker Chemie<\/td>\n<td>13.659<\/td>\n<td>45<\/td>\n<\/tr>\n<tr>\n<td>Guillaume Faury<\/td>\n<td>Airbus<\/td>\n<td>13.521<\/td>\n<td>0<\/td>\n<\/tr>\n<tr>\n<td>Robert Gentz<\/td>\n<td>Zalando<\/td>\n<td>13.374<\/td>\n<td>5<\/td>\n<\/tr>\n<tr>\n<td>Manas Human<\/td>\n<td>Nagarro<\/td>\n<td>12.498<\/td>\n<td>63<\/td>\n<\/tr>\n<tr>\n<td>Yves Padrines<\/td>\n<td>Nemetschek<\/td>\n<td>12.314<\/td>\n<td>76<\/td>\n<\/tr>\n<tr>\n<td>Rob Smith<\/td>\n<td>KION<\/td>\n<td>12.239<\/td>\n<td>5<\/td>\n<\/tr>\n<tr>\n<td>Thomas Schulz<\/td>\n<td>Bilfinger<\/td>\n<td>10.845<\/td>\n<td>17<\/td>\n<\/tr>\n<tr>\n<td>Christian Kohlpaintner<\/td>\n<td>Brenntag<\/td>\n<td>10.673<\/td>\n<td>42<\/td>\n<\/tr>\n<tr>\n<td>Lars von Lackum<\/td>\n<td>LEG-Immobilien-Gruppe<\/td>\n<td>10.132<\/td>\n<td>22<\/td>\n<\/tr>\n<tr>\n<td>Jos\u00e9 Luis Blanco<\/td>\n<td>Nordex<\/td>\n<td>9.185<\/td>\n<td>0<\/td>\n<\/tr>\n<tr>\n<td>Stefan Klebert<\/td>\n<td>GEA<\/td>\n<td>8.173<\/td>\n<td>26<\/td>\n<\/tr>\n<tr>\n<td>Oliver Steil<\/td>\n<td>TeamViewer<\/td>\n<td>7.622<\/td>\n<td>34<\/td>\n<\/tr>\n<tr>\n<td>Marc Llistosella<\/td>\n<td>Knorr-Bremse<\/td>\n<td>7.360<\/td>\n<td>10<\/td>\n<\/tr>\n<tr>\n<td>Stefan Schulte<\/td>\n<td>Fraport<\/td>\n<td>7.004<\/td>\n<td>58<\/td>\n<\/tr>\n<tr>\n<td>Lars Wagner<\/td>\n<td>MTU Aero Engines<\/td>\n<td>5.410<\/td>\n<td>35<\/td>\n<\/tr>\n<tr>\n<td>Thomas Olemotz<\/td>\n<td>Bechtle<\/td>\n<td>4.755<\/td>\n<td>7<\/td>\n<\/tr>\n<tr>\n<td>Ronald Slabke<\/td>\n<td>Hypoport<\/td>\n<td>4.511<\/td>\n<td>63<\/td>\n<\/tr>\n<tr>\n<td>Christoph Vilanek<\/td>\n<td>Freenet<\/td>\n<td>4.499<\/td>\n<td>4<\/td>\n<\/tr>\n<tr>\n<td>Andreas Reisse<\/td>\n<td>Schott Pharma<\/td>\n<td>4.195<\/td>\n<td>23<\/td>\n<\/tr>\n<tr>\n<td>Bj\u00f8rn Gulden<\/td>\n<td>Adidas<\/td>\n<td>4.061<\/td>\n<td>0<\/td>\n<\/tr>\n<tr>\n<td>Christoph Klenk<\/td>\n<td>Krones<\/td>\n<td>3.790<\/td>\n<td>6<\/td>\n<\/tr>\n<tr>\n<td>Michael B\u00fcchsner<\/td>\n<td>Stabilus<\/td>\n<td>3.634<\/td>\n<td>20<\/td>\n<\/tr>\n<tr>\n<td>R\u00fcdiger Rath<\/td>\n<td>Cancom<\/td>\n<td>3.618<\/td>\n<td>13<\/td>\n<\/tr>\n<tr>\n<td>Jean-Jacques Henchoz<\/td>\n<td>Hannover R\u00fcckversicherung<\/td>\n<td>3.599<\/td>\n<td>6<\/td>\n<\/tr>\n<tr>\n<td>Hannes Niederhauser<\/td>\n<td>Kontron<\/td>\n<td>3.078<\/td>\n<td>5<\/td>\n<\/tr>\n<tr>\n<td>Peter Stadelmann<\/td>\n<td>Rational<\/td>\n<td>2.939<\/td>\n<td>34<\/td>\n<\/tr>\n<tr>\n<td>Michael Heckmeier<\/td>\n<td>Siltronic<\/td>\n<td>2.916<\/td>\n<td>9<\/td>\n<\/tr>\n<tr>\n<td>Joachim Wenning<\/td>\n<td>M\u00fcnchener R\u00fcckversicherung<\/td>\n<td>2.859<\/td>\n<td>0<\/td>\n<\/tr>\n<tr>\n<td>Barak Bar-Hen<\/td>\n<td>Aroundtown<\/td>\n<td>2.411<\/td>\n<td>2<\/td>\n<\/tr>\n<tr>\n<td>Harald Hasselmann<\/td>\n<td>Eckert &amp; Ziegler<\/td>\n<td>2.270<\/td>\n<td>10<\/td>\n<\/tr>\n<tr>\n<td>Jean-Yves Parisot<\/td>\n<td>Symrise<\/td>\n<td>2.246<\/td>\n<td>9<\/td>\n<\/tr>\n<tr>\n<td>Christian Schmalzl<\/td>\n<td>Str\u00f6er<\/td>\n<td>2.098<\/td>\n<td>0<\/td>\n<\/tr>\n<tr>\n<td>Stefan Fuchs<\/td>\n<td>Fuchs<\/td>\n<td>1.948<\/td>\n<td>26<\/td>\n<\/tr>\n<tr>\n<td>Martin Daum<\/td>\n<td>Daimler Truck<\/td>\n<td>1.780<\/td>\n<td>0<\/td>\n<\/tr>\n<tr>\n<td>Burkhardt Frick<\/td>\n<td>S\u00dcSS MicroTec<\/td>\n<td>1.225<\/td>\n<td>10<\/td>\n<\/tr>\n<tr>\n<td>Tobias Hartmann<\/td>\n<td>Scout24<\/td>\n<td>1.216<\/td>\n<td>8<\/td>\n<\/tr>\n<tr>\n<td>Markus Weber<\/td>\n<td>Carl Zeiss Meditec<\/td>\n<td>1.016<\/td>\n<td>0<\/td>\n<\/tr>\n<tr>\n<td>Stefan Traeger<\/td>\n<td>Jenoptik<\/td>\n<td>889<\/td>\n<td>1<\/td>\n<\/tr>\n<tr>\n<td>Felix Grawert<\/td>\n<td>Aixtron<\/td>\n<td>876<\/td>\n<td>0<\/td>\n<\/tr>\n<tr>\n<td>Olaf Heinrich<\/td>\n<td>Redcare Pharmacy<\/td>\n<td>866<\/td>\n<td>0<\/td>\n<\/tr>\n<tr>\n<td>Arne Schneider<\/td>\n<td>Elmos Semiconductor<\/td>\n<td>573<\/td>\n<td>0<\/td>\n<\/tr>\n<tr>\n<td>Andreas Obereder<\/td>\n<td>ATOSS Software<\/td>\n<td>47<\/td>\n<td>0<\/td>\n<\/tr>\n<tr>\n<td>Udo M\u00fcller<\/td>\n<td>Str\u00f6er<\/td>\n<td>37<\/td>\n<td>0<\/td>\n<\/tr>\n<tr>\n<td>\n<h1>Quelle:<\/h1>\n<\/td>\n<td colspan=\"2\">\n<h1>Palmer Hargreaves 2025<\/h1>\n<\/td>\n<td><\/td>\n<\/tr>\n<\/tbody>\n<\/table>\n<p>Untersuchter Zeitraum Januar-Dezember 2024<\/p>\n<p>Die ganze Studie steht hier: <a href=\"https:\/\/www.linkedindex.de\/\">LinkedIndex 2025 \u2013 Executive Communications<\/a><\/p>\n<p>&nbsp;<\/p>\n<p><a href=\"https:\/\/www.faktenkontor.de\/pressemeldungen\/blogger-relevanzindex-das-sind-deutschlands-top-100-blogs\/\"><img loading=\"lazy\" decoding=\"async\" class=\"aligncenter size-medium wp-image-680063\" src=\"https:\/\/149798077.v2.pressablecdn.com\/management\/files\/2022\/06\/Wiwo.top_.10.blog_.2022.Blogger-Relevanzindex_Top-10-Blogs-2022-227x300.jpg\" alt=\"\" width=\"227\" height=\"300\" srcset=\"https:\/\/blog.wiwo.de\/management\/files\/2022\/06\/Wiwo.top_.10.blog_.2022.Blogger-Relevanzindex_Top-10-Blogs-2022-227x300.jpg 227w, https:\/\/blog.wiwo.de\/management\/files\/2022\/06\/Wiwo.top_.10.blog_.2022.Blogger-Relevanzindex_Top-10-Blogs-2022.jpg 492w\" sizes=\"auto, (max-width: 227px) 100vw, 227px\" \/><\/a><\/p>\n<div id=\"main\">\n<div id=\"primary\">\n<div id=\"content\" role=\"main\">\n<article id=\"post-679588\" class=\"post-679588 post type-post status-publish format-standard hentry category-allgemein tag-arbeitsbedingung tag-arbeitsklima tag-betriebsklima tag-big-quit tag-ey-ernst-young tag-fachkraftemangel tag-gehalt tag-great-resignation tag-jobwechsel tag-kundigung tag-kuendigungsabsicht tag-loehne tag-umfrage\">\n<div class=\"entry-content\">\n<p>&nbsp;<\/p>\n<p>&nbsp;<\/p>\n<p><a href=\"https:\/\/www.presseportal.de\/pm\/52884\/5255623\"><img loading=\"lazy\" decoding=\"async\" class=\"aligncenter size-medium wp-image-676731\" src=\"https:\/\/149798077.v2.pressablecdn.com\/management\/files\/2021\/06\/bloggerinnen.2021.neu_-300x212.jpg\" alt=\"\" width=\"300\" height=\"212\" srcset=\"https:\/\/blog.wiwo.de\/management\/files\/2021\/06\/bloggerinnen.2021.neu_-300x212.jpg 300w, https:\/\/blog.wiwo.de\/management\/files\/2021\/06\/bloggerinnen.2021.neu_-424x300.jpg 424w, https:\/\/blog.wiwo.de\/management\/files\/2021\/06\/bloggerinnen.2021.neu_.jpg 650w\" sizes=\"auto, (max-width: 300px) 100vw, 300px\" \/><\/a><\/p>\n<p>&nbsp;<\/p>\n<p><strong>Copyright: @Claudia T\u00f6dtmann. Alle Rechte vorbehalten.\u00a0<\/strong><\/p>\n<p><strong>M\u00f6chten Sie einen Blog-Beitrag nutzen, um nicht von Links abh\u00e4ngig zu sein? Kontakt f\u00fcr Nutzungsrechte, um Inhalte dauerhaft zu sichern: claudia.toedtmann@wiwo.de<\/strong><\/p>\n<p><strong>Alle inhaltlichen Rechte des Management-Blogs von Claudia T\u00f6dtmann liegen bei der Blog-Inhaberin. Jegliche Nutzung der Inhalte bed\u00fcrfen der ausdr\u00fccklichen Genehmigung.<\/strong><\/p>\n<\/div>\n<p><strong>Um den Lesefluss nicht zu behindern, wird in Management-Blog-Texten nur die m\u00e4nnliche Form genannt, aber immer sind die weibliche und andere Formen gleicherma\u00dfen mit gemeint.<\/strong><\/p>\n<\/article>\n<\/div>\n<\/div>\n<\/div>\n","protected":false},"excerpt":{"rendered":"<p>Dax-CEOs bei LinkedIn: Ola K\u00e4llenius steht an der Spitze, gefolgt von SAP-CEO Christian Klein und Siemens-CEO Roland Busch &#8211; PalmerHargreaves-Analyse Die Top-drei-CEOs hat niemand eingeholt. Die Vorstandschefs von Mercedes-Benz, SAP und Siemens hatten einen uneinholbaren Vorsprung. Schon im Vorjahr f\u00fchrten &hellip; <a href=\"https:\/\/blog.wiwo.de\/management\/2025\/04\/17\/dax-ceos-bei-linkedin-ola-kaellenius-fuehrt-gefolgt-von-sap-ceo-christian-klein-und-siemens-ceo-roland-busch-palmerhargreaves-analyse\/\">Weiterlesen <span class=\"meta-nav\">&rarr;<\/span><\/a><\/p>\n","protected":false},"author":19,"featured_media":0,"comment_status":"open","ping_status":"open","sticky":false,"template":"","format":"standard","meta":{"footnotes":""},"categories":[1],"tags":[9613,12262,9007,275,7189,12261,3822,1940,12260,10721,3485,9614,9900,6350,10724,937,941,966,9615],"class_list":["post-686077","post","type-post","status-publish","format-standard","hentry","category-allgemein","tag-christian-klein","tag-daniel-grieder","tag-dax-ceos","tag-deutsche-telekom","tag-follower","tag-followerzahlen","tag-hugo-boss","tag-linkedin","tag-linkedindex-25","tag-markus-krebber","tag-mercedes-benz","tag-ola-kaellenius","tag-palmer-hargreaves","tag-posts","tag-roland-busch","tag-rwe","tag-sap","tag-siemens","tag-tim-hoettges"],"_links":{"self":[{"href":"https:\/\/blog.wiwo.de\/management\/wp-json\/wp\/v2\/posts\/686077","targetHints":{"allow":["GET"]}}],"collection":[{"href":"https:\/\/blog.wiwo.de\/management\/wp-json\/wp\/v2\/posts"}],"about":[{"href":"https:\/\/blog.wiwo.de\/management\/wp-json\/wp\/v2\/types\/post"}],"author":[{"embeddable":true,"href":"https:\/\/blog.wiwo.de\/management\/wp-json\/wp\/v2\/users\/19"}],"replies":[{"embeddable":true,"href":"https:\/\/blog.wiwo.de\/management\/wp-json\/wp\/v2\/comments?post=686077"}],"version-history":[{"count":5,"href":"https:\/\/blog.wiwo.de\/management\/wp-json\/wp\/v2\/posts\/686077\/revisions"}],"predecessor-version":[{"id":686082,"href":"https:\/\/blog.wiwo.de\/management\/wp-json\/wp\/v2\/posts\/686077\/revisions\/686082"}],"wp:attachment":[{"href":"https:\/\/blog.wiwo.de\/management\/wp-json\/wp\/v2\/media?parent=686077"}],"wp:term":[{"taxonomy":"category","embeddable":true,"href":"https:\/\/blog.wiwo.de\/management\/wp-json\/wp\/v2\/categories?post=686077"},{"taxonomy":"post_tag","embeddable":true,"href":"https:\/\/blog.wiwo.de\/management\/wp-json\/wp\/v2\/tags?post=686077"}],"curies":[{"name":"wp","href":"https:\/\/api.w.org\/{rel}","templated":true}]}}