{"id":685052,"date":"2024-09-08T11:00:37","date_gmt":"2024-09-08T09:00:37","guid":{"rendered":"https:\/\/blog.wiwo.de\/management\/?p=685052"},"modified":"2024-09-08T12:08:16","modified_gmt":"2024-09-08T10:08:16","slug":"fuenf-fragen-an-compliance-anwaeltin-karin-holloch-zur-ungewoehnlich-offenen-pr-von-sap-ueber-das-ploetzliche-ausscheiden-des-technik-vorstands-mueller","status":"publish","type":"post","link":"https:\/\/blog.wiwo.de\/management\/2024\/09\/08\/fuenf-fragen-an-compliance-anwaeltin-karin-holloch-zur-ungewoehnlich-offenen-pr-von-sap-ueber-das-ploetzliche-ausscheiden-des-technik-vorstands-mueller\/","title":{"rendered":"F\u00fcnf Fragen an Compliance-Anw\u00e4ltin Karin Holloch zur ungew\u00f6hnlich offenen PR von SAP \u00fcber das pl\u00f6tzliche Ausscheiden des Technik-Vorstands J\u00fcrgen M\u00fcller"},"content":{"rendered":"<p><strong>F\u00fcnf Fragen an Karin Holloch, Anw\u00e4ltin und Compliance-Expertin von Transparency \u00a0zur ungew\u00f6hnlich offenen PR von SAP \u00fcber das pl\u00f6tzliche Ausscheiden des Technik-Vorstands J\u00fcrgen M\u00fcller.\u00a0<\/strong><\/p>\n<p>Dass ein Vorstand ausscheidet und das Unternehmen \u00f6ffentlich macht, dass er sich ein Fehlverhalten zuschulden kommen lie\u00df, hat es hierzulande noch nicht gegeben. Der Softwarekonzern SAP \u00fcberraschte gerade alle mit diesem Vorgehen. M\u00fcller selbst sagte in dieser offiziellen Mitteilung, dass es bei einer Firmenveranstaltung zu einem Ereignis kam, bei dem er sich unangemessen verhalten habe. Dass er das bedauere, dass er un\u00fcberlegt gehandelt habe, sich daf\u00fcr entschuldige und sein R\u00fccktritt f\u00fcr das Unternehmen das Beste sei.<\/p>\n<p>&nbsp;<\/p>\n<div id=\"attachment_678933\" style=\"width: 495px\" class=\"wp-caption aligncenter\"><img loading=\"lazy\" decoding=\"async\" aria-describedby=\"caption-attachment-678933\" class=\"size-full wp-image-678933\" src=\"https:\/\/blog.wiwo.de\/management\/files\/2022\/02\/holloch.3.-in-2021-e1643932868341.jpg\" alt=\"\" width=\"485\" height=\"373\" srcset=\"https:\/\/blog.wiwo.de\/management\/files\/2022\/02\/holloch.3.-in-2021-e1643932868341.jpg 485w, https:\/\/blog.wiwo.de\/management\/files\/2022\/02\/holloch.3.-in-2021-e1643932868341-300x231.jpg 300w, https:\/\/blog.wiwo.de\/management\/files\/2022\/02\/holloch.3.-in-2021-e1643932868341-390x300.jpg 390w\" sizes=\"auto, (max-width: 485px) 100vw, 485px\" \/><p id=\"caption-attachment-678933\" class=\"wp-caption-text\">Karin Holloch (Foto: C.T\u00f6dtmann)<\/p><\/div>\n<p>&nbsp;<\/p>\n<p>Wie beurteilen Sie die Vorgehensweise des anscheinend absolut offenen Umgangs eines Unternehmens, einen Top-Manager per Pressemitteilung auf diese Weise zu outen?<\/p>\n<p>Aus Sicht des Unternehmens war es vielleicht alternativlos, \u00fcber den Elefanten im Raum zu sprechen. Seit zwei Jahren gibt es Medienberichte dar\u00fcber, dass zwei Mitarbeiterinnen \u00fcber Vergewaltigungen auf Dienstreisen berichtet haben und SAP diese F\u00e4lle nicht angemessen aufgekl\u00e4rt habe. Ebenso stand in den Medien, dass die Unternehmenskultur ein Arbeitsklima beg\u00fcnstigte, in dem es zu sexuellen Bel\u00e4stigungen kam. In den USA teilen Unternehmen in solchen F\u00e4llen noch sehr viel transparenter mit, was passiert ist.<\/p>\n<p>&nbsp;<\/p>\n<p><strong>&#8230; dann hat sich SAP mit dieser PR-Vorgehensweise, die hierzulande ein Novum war, sich\u00a0 wom\u00f6glich nur an den USA orientiert?<\/strong><\/p>\n<p>In den USA h\u00e4tte der Vorstand au\u00dferdem betont, dass man solche F\u00e4lle melden kann, dass diese professionell aufgekl\u00e4rt werden und dass Fehlverhalten sanktioniert wird. Und der Vorstand h\u00e4tte seine Werte mitgeteilt und dass er Verst\u00f6\u00dfe nicht toleriert. In den Vereinigten Staaten hat die US-B\u00f6rsenaufsichtsbeh\u00f6rde SEC schon \u00f6fter Strafen gegen amerikanische Unternehmen verh\u00e4ngt, die Meldungen \u00fcber sexuelle Bel\u00e4stigung nicht effektiv nachverfolgt haben. Vorst\u00e4nde und Aufsichtsr\u00e4te von US-Unternehmen sind deswegen bem\u00fcht, Vorf\u00e4lle transparent aufzukl\u00e4ren und zu kommunizieren, um Haftungsklagen gegen sich selbst zu vermeiden.<\/p>\n<p>&nbsp;<\/p>\n<p><strong>Ungew\u00f6hnlich an der SAP-Pressemitteilung war auch, dass dass der betroffene Vorstand selbst mit einem Zitat vorkommt&#8230;.<\/strong><\/p>\n<p>M\u00fcller r\u00e4umt unangemessenes Verhalten gegen\u00fcber Mitarbeitenden auf einer Firmenveranstaltung ein und entschuldigt sich. Ich finde das bemerkenswert. F\u00fcr alle Betroffenen von \u00dcbergriffen am Arbeitsplatz ist dies eine gute Nachricht \u2013 die Zeiten \u00e4ndern sich. Unternehmen k\u00f6nnen es sich nicht mehr leisten, Vorf\u00e4lle von sexualisierter Gewalt oder unangemessenem Verhalten unter den Teppich zu kehren. Auch nicht, wenn Vorst\u00e4nde involviert sind. Es ist richtig, die betroffenen Mitarbeiter zu sch\u00fctzen und keine Details der Vorf\u00e4lle mitzuteilen.<\/p>\n<p>&nbsp;<\/p>\n<p><strong>&#8230; firmenintern scheint der Vorfall &#8211; unpassende Sprache oder unangemessener K\u00f6rperkontakt &#8211; hierzulande bisher nicht mal in der Ger\u00fcchtek\u00fcche angekommen\u00a0 zu sein, weil er sich anscheinend auch nicht in Deutschland, sondern<a href=\"https:\/\/www.wiwo.de\/my\/technologie\/digitale-welt\/softwarekonzern-was-hinter-dem-ruecktritt-von-sap-topmanager-mueller-steckt-und-wie-es-im-vorstand-weitergeht\/29978350.html\"> in den USA oder Spanien ereignet hat.\u00a0<\/a> Dort haben angeblich nach der Veranstaltung mehrere Zeugen den Vorgang \u00fcber das SAP-interne Whistleblower-Tool gemeldet.\u00a0<\/strong><\/p>\n<p>Meine Erfahrung ist, dass in den allermeisten Unternehmen sehr viel im Flurfunk kommuniziert wird. Es wird oft untersch\u00e4tzt, wie viel die Mitarbeiter mitbekommen. \u00dcbergriffe auf Firmenveranstaltungen bleiben selten unbemerkt. Die Medienberichte \u00fcber SAP legen nahe, dass es nicht dieser eine prominente Vorfall war, sondern dass es \u00fcber Jahre Ereignisse gab. In meinen Gespr\u00e4chen mit Betroffenen von sexualisierter Gewalt am Arbeitsplatz h\u00f6re ich oft, dass sie Kolleginnen ins Vertrauen gezogen haben oder dass Mitarbeiter sich gegenseitig vor bestimmten Situationen oder bestimmten Kollegen warnen. Eine Studie der Bundesregierung hat ergeben, dass jede achte Frau und jeder zwanzigste Mann in den letzten drei Jahren am Arbeitsplatz sexuell bel\u00e4stigt wurde. Eigentlich m\u00fcssten wir viel \u00f6fter h\u00f6ren, dass Unternehmen personelle Konsequenzen deswegen gezogen haben.<\/p>\n<p>&nbsp;<\/p>\n<p>M\u00fcllers Karriere d\u00fcrfte nun schwer besch\u00e4digt sein: so kann man eigentlich nur bei glasklarer Beweislage vorgehen, um nicht selbst in die N\u00e4he von Verleumdung oder \u00fcbler Nachrede zu kommen, oder?<\/p>\n<p>M\u00fcller hat zugegeben, dass er sich unangemessen verhalten hat. Im Sinne einer guten Fehlerkultur ist das ein wichtiger Schritt und verdient Respekt. Massive \u00dcbergriffe, die zu staatsanwaltlichen Ermittlungen f\u00fchren, w\u00e4ren m\u00f6glicherweise das Aus f\u00fcr seine Karriere. In der Schweiz ist erst k\u00fcrzlich jemand, der zweifach wegen Bel\u00e4stigung verurteilte worden war, zum Pr\u00e4sidenten der Walliser Tourismuskammer gew\u00e4hlt worden &#8211; der musste nach heftigen Protesten wieder zur\u00fccktreten.<\/p>\n<p>&nbsp;<\/p>\n<p>&nbsp;<\/p>\n<p><strong>Lesetipp Michael Kroker auf wiwo.de:\u00a0<a href=\"https:\/\/www.wiwo.de\/my\/technologie\/digitale-welt\/softwarekonzern-was-hinter-dem-ruecktritt-von-sap-topmanager-mueller-steckt-und-wie-es-im-vorstand-weitergeht\/29978350.html\">SAP: Was hinter dem R\u00fccktritt von Topmanager M\u00fcller steckt \u2013 und wie es im Vorstand weitergeht (wiwo.de)<\/a><\/strong><\/p>\n<p><strong>Lesetipp wiwo.de Interview mit Arbeitsrechtlerin <a href=\"https:\/\/www.linkedin.com\/in\/dr-frauke-biester-0b21b57b\/\">Frauke Biester<\/a> von Vangard: <a href=\"https:\/\/www.wiwo.de\/my\/erfolg\/management\/ruecktritt-nach-fehlverhalten-arbeitsrechtlerin-ueber-sap-vorstand-so-etwas-habe-ich-noch-nicht-oft-erlebt\/29976486.html\">SAP: \u201eSo etwas habe ich noch nicht oft erlebt\u201c (wiwo.de)<\/a><\/strong><\/p>\n<p>&nbsp;<\/p>\n<p>&nbsp;<\/p>\n<p><a href=\"https:\/\/www.faktenkontor.de\/pressemeldungen\/blogger-relevanzindex-das-sind-deutschlands-top-100-blogs\/\"><img loading=\"lazy\" decoding=\"async\" class=\"aligncenter size-medium wp-image-680063\" src=\"https:\/\/149798077.v2.pressablecdn.com\/management\/files\/2022\/06\/Wiwo.top_.10.blog_.2022.Blogger-Relevanzindex_Top-10-Blogs-2022-227x300.jpg\" alt=\"\" width=\"227\" height=\"300\" srcset=\"https:\/\/blog.wiwo.de\/management\/files\/2022\/06\/Wiwo.top_.10.blog_.2022.Blogger-Relevanzindex_Top-10-Blogs-2022-227x300.jpg 227w, https:\/\/blog.wiwo.de\/management\/files\/2022\/06\/Wiwo.top_.10.blog_.2022.Blogger-Relevanzindex_Top-10-Blogs-2022.jpg 492w\" sizes=\"auto, (max-width: 227px) 100vw, 227px\" \/><\/a><\/p>\n<div id=\"main\">\n<div id=\"primary\">\n<div id=\"content\" role=\"main\">\n<article id=\"post-679588\" class=\"post-679588 post type-post status-publish format-standard hentry category-allgemein tag-arbeitsbedingung tag-arbeitsklima tag-betriebsklima tag-big-quit tag-ey-ernst-young tag-fachkraftemangel tag-gehalt tag-great-resignation tag-jobwechsel tag-kundigung tag-kuendigungsabsicht tag-loehne tag-umfrage\">\n<div class=\"entry-content\">\n<p>&nbsp;<\/p>\n<p>&nbsp;<\/p>\n<p><a href=\"https:\/\/www.presseportal.de\/pm\/52884\/5255623\"><img loading=\"lazy\" decoding=\"async\" class=\"aligncenter size-medium wp-image-676731\" src=\"https:\/\/149798077.v2.pressablecdn.com\/management\/files\/2021\/06\/bloggerinnen.2021.neu_-300x212.jpg\" alt=\"\" width=\"300\" height=\"212\" srcset=\"https:\/\/blog.wiwo.de\/management\/files\/2021\/06\/bloggerinnen.2021.neu_-300x212.jpg 300w, https:\/\/blog.wiwo.de\/management\/files\/2021\/06\/bloggerinnen.2021.neu_-424x300.jpg 424w, https:\/\/blog.wiwo.de\/management\/files\/2021\/06\/bloggerinnen.2021.neu_.jpg 650w\" sizes=\"auto, (max-width: 300px) 100vw, 300px\" \/><\/a><\/p>\n<p>&nbsp;<\/p>\n<p><strong>Copyright: @Claudia T\u00f6dtmann. Alle Rechte vorbehalten.\u00a0<\/strong><\/p>\n<p><strong>M\u00f6chten Sie einen Blog-Beitrag nutzen, um nicht von Links abh\u00e4ngig zu sein? Kontakt f\u00fcr Nutzungsrechte, um Inhalte dauerhaft zu sichern: claudia.toedtmann@wiwo.de<\/strong><\/p>\n<p><strong>Alle inhaltlichen Rechte des Management-Blogs von Claudia T\u00f6dtmann liegen bei der Blog-Inhaberin. Jegliche Nutzung der Inhalte bed\u00fcrfen der ausdr\u00fccklichen Genehmigung.<\/strong><\/p>\n<\/div>\n<p><strong>Um den Lesefluss nicht zu behindern, wird in Management-Blog-Texten nur die m\u00e4nnliche Form genannt, aber immer sind die weibliche und andere Formen gleicherma\u00dfen mit gemeint.\u00a0\u00a0<\/strong><\/p>\n<\/article>\n<\/div>\n<\/div>\n<\/div>\n<blockquote>\n<div dir=\"ltr\">\n<div dir=\"auto\">\n<div>\n<blockquote>\n<div dir=\"ltr\">\n<div lang=\"DE\">\n<div class=\"x_x_x_WordSection1\">\n<div>\n<div>\n<ol start=\"1\" type=\"1\">\n<li class=\"x_x_x_xmsonormal\"><\/li>\n<\/ol>\n<\/div>\n<\/div>\n<\/div>\n<\/div>\n<\/div>\n<\/blockquote>\n<\/div>\n<\/div>\n<\/div>\n<\/blockquote>\n","protected":false},"excerpt":{"rendered":"<p>F\u00fcnf Fragen an Karin Holloch, Anw\u00e4ltin und Compliance-Expertin von Transparency \u00a0zur ungew\u00f6hnlich offenen PR von SAP \u00fcber das pl\u00f6tzliche Ausscheiden des Technik-Vorstands J\u00fcrgen M\u00fcller.\u00a0 Dass ein Vorstand ausscheidet und das Unternehmen \u00f6ffentlich macht, dass er sich ein Fehlverhalten zuschulden kommen &hellip; <a href=\"https:\/\/blog.wiwo.de\/management\/2024\/09\/08\/fuenf-fragen-an-compliance-anwaeltin-karin-holloch-zur-ungewoehnlich-offenen-pr-von-sap-ueber-das-ploetzliche-ausscheiden-des-technik-vorstands-mueller\/\">Weiterlesen <span class=\"meta-nav\">&rarr;<\/span><\/a><\/p>\n","protected":false},"author":19,"featured_media":0,"comment_status":"open","ping_status":"open","sticky":false,"template":"","format":"standard","meta":{"footnotes":""},"categories":[1],"tags":[2091,1545,12042,8604,868,941],"class_list":["post-685052","post","type-post","status-publish","format-standard","hentry","category-allgemein","tag-compliance","tag-interview","tag-juergen-mueller","tag-karin-holloch","tag-pr","tag-sap"],"_links":{"self":[{"href":"https:\/\/blog.wiwo.de\/management\/wp-json\/wp\/v2\/posts\/685052","targetHints":{"allow":["GET"]}}],"collection":[{"href":"https:\/\/blog.wiwo.de\/management\/wp-json\/wp\/v2\/posts"}],"about":[{"href":"https:\/\/blog.wiwo.de\/management\/wp-json\/wp\/v2\/types\/post"}],"author":[{"embeddable":true,"href":"https:\/\/blog.wiwo.de\/management\/wp-json\/wp\/v2\/users\/19"}],"replies":[{"embeddable":true,"href":"https:\/\/blog.wiwo.de\/management\/wp-json\/wp\/v2\/comments?post=685052"}],"version-history":[{"count":3,"href":"https:\/\/blog.wiwo.de\/management\/wp-json\/wp\/v2\/posts\/685052\/revisions"}],"predecessor-version":[{"id":685057,"href":"https:\/\/blog.wiwo.de\/management\/wp-json\/wp\/v2\/posts\/685052\/revisions\/685057"}],"wp:attachment":[{"href":"https:\/\/blog.wiwo.de\/management\/wp-json\/wp\/v2\/media?parent=685052"}],"wp:term":[{"taxonomy":"category","embeddable":true,"href":"https:\/\/blog.wiwo.de\/management\/wp-json\/wp\/v2\/categories?post=685052"},{"taxonomy":"post_tag","embeddable":true,"href":"https:\/\/blog.wiwo.de\/management\/wp-json\/wp\/v2\/tags?post=685052"}],"curies":[{"name":"wp","href":"https:\/\/api.w.org\/{rel}","templated":true}]}}