{"id":684840,"date":"2024-08-14T06:00:42","date_gmt":"2024-08-14T04:00:42","guid":{"rendered":"https:\/\/blog.wiwo.de\/management\/?p=684840"},"modified":"2024-08-16T00:31:45","modified_gmt":"2024-08-15T22:31:45","slug":"wiwo-topkanzleien-vergaberecht-umwelt-und-bauplanungsrecht-energierecht-2024-wieso-behoerden-jetzt-totalunternehmer-entdecken","status":"publish","type":"post","link":"https:\/\/blog.wiwo.de\/management\/2024\/08\/14\/wiwo-topkanzleien-vergaberecht-umwelt-und-bauplanungsrecht-energierecht-2024-wieso-behoerden-jetzt-totalunternehmer-entdecken\/","title":{"rendered":"WiWo-Topkanzleien: Vergaberecht, Umwelt und Bauplanungsrecht, Energierecht 2024 &#8211; Wieso Beh\u00f6rden jetzt Totalunternehmer entdecken"},"content":{"rendered":"<div class=\"o-page-wrapper\">\n<div class=\"js-tt\">\n<div class=\"js-tt\">\n<div class=\"c-hblock c-hblock_t2\" data-cy=\"header\" data-command=\"{&quot;headerNavigation&quot;: &quot;&quot;}\">\n<div class=\"c-hblock__wrap\">\n<div class=\"c-hblock__float-cell\">\n<div class=\"c-hblock__line\">\n<div class=\"c-hblock__line-left\"><\/div>\n<\/div>\n<div class=\"c-nav \">\n<div class=\"c-nav__wrap\">\n<div class=\"c-nav__line c-nav__line_toptheme\">\n<div class=\"c-nav__line-left\">\n<div class=\"c-nav__line-tabs\">\n<div class=\"c-nav__line-tab active\">\n<div class=\"c-nav__breadcrumbs-wrap\">\n<h1 title=\"WiWo Top-Kanzleien f\u00fcr Vergaberecht, Bauplanungsrecht und Energierecht\">WiWo Top-Kanzleien f\u00fcr Vergaberecht, Bauplanungsrecht und Energierecht<\/h1>\n<\/div>\n<\/div>\n<\/div>\n<\/div>\n<\/div>\n<\/div>\n<\/div>\n<\/div>\n<\/div>\n<\/div>\n<\/div>\n<div class=\"c-advertisment__fullWidth c-advertisment--iqadtile1_header\">\n<div id=\"iqd_mainAd\">\n<div id=\"iqd_align_Ad\">\n<div id=\"iqd_topAd\">\n<div id=\"ad-iqadtile1\" class=\"iqadtile\">\n<div id=\"iqadtile1\" class=\"iqlabel iqlabel-left iqlabel-stdtxt iqadtile-space-tb iqdad\" data-google-query-id=\"CPCYsOKh74cDFXQCvwQdqZIGug\">\n<div id=\"google_ads_iframe_\/183,22445232565\/iqwiwo\/erfolg\/trends\/artikel_0__container__\"><\/div>\n<\/div>\n<\/div>\n<\/div>\n<\/div>\n<\/div>\n<\/div>\n<\/div>\n<div class=\"js-tt\">\n<article class=\"o-article u-margin-top-xxxxl\" data-command=\"{&quot;trackLinks&quot;: &quot;&quot;}\" data-isarticle=\"true\">\n<div class=\"o-article__element\">\n<h2 class=\"c-headline c-headline--article u-margin-m\">Wenn\u2019s schnell gehen soll &#8211; Beh\u00f6rden entdecken Totalunternehmer f\u00fcr schnellere Vergaben und Arbeiten<\/h2>\n<div class=\"c-metadata u-margin-xl \"><a href=\"https:\/\/www.wiwo.de\/erfolg\/trends\/wiwo-top-kanzleien-wenns-schnell-gehen-soll\/29924568.html\">(zuerst erschienen in der gedruckten WirtschaftsWoche am 2. August 2024)<\/a><\/div>\n<div data-macro=\"lead-media\">\n<div class=\"o-media o-media--lead o-media--image u-margin-xxxxl o-media--portrait \">\n<div class=\"c-metadata \">\n<p>&nbsp;<\/p>\n<\/div>\n<\/div>\n<\/div>\n<p class=\"c-leadtext u-font-semibold u-margin-xl\"><strong>Jetzt aber Tempo: Viele Beh\u00f6rden sind inzwischen ziemlich findig, um Bauvorhaben z\u00fcgiger umzusetzen. Welche Kanzleien bei rechtlichen Fragen weiterhelfen, zeigt das WirtschaftsWoche-Ranking<\/strong><\/p>\n<p>&nbsp;<\/p>\n<div class=\"c-advertisment__fullWidth c-advertisment--iqadtile3_header\">\n<div class=\"c-advertisment__fullWidth c-advertisment--P1_mobile\">\n<div class=\"wiwo-cls-1\">\n<div id=\"ad-iqadtile1-mob\" class=\"iqadtile\">\n<div id=\"attachment_684929\" style=\"width: 400px\" class=\"wp-caption aligncenter\"><img loading=\"lazy\" decoding=\"async\" aria-describedby=\"caption-attachment-684929\" class=\"size-full wp-image-684929\" src=\"https:\/\/blog.wiwo.de\/management\/files\/2024\/08\/baustelle.jpg\" alt=\"\" width=\"390\" height=\"255\" srcset=\"https:\/\/blog.wiwo.de\/management\/files\/2024\/08\/baustelle.jpg 390w, https:\/\/blog.wiwo.de\/management\/files\/2024\/08\/baustelle-300x196.jpg 300w\" sizes=\"auto, (max-width: 390px) 100vw, 390px\" \/><p id=\"caption-attachment-684929\" class=\"wp-caption-text\">(Foto: C. T\u00f6dtmann)<\/p><\/div>\n<\/div>\n<\/div>\n<\/div>\n<\/div>\n<\/div>\n<div class=\"o-article__content c-richText\">\n<div class=\"o-article__content-element o-article__content-element--richtext\">\n<div class=\"u-richtext\" data-command=\"{&quot;richtext&quot;: {}}\">\n<p>&nbsp;<\/p>\n<p>Nur zehn Monate brauchte das Bauunternehmen Kleusberg f\u00fcr den Neubau einer F\u00f6rderschule im rheinischen Langenfeld. Und das, obwohl die Vorgaben streng waren: Der Bau f\u00fcr die Kinder mit k\u00f6rperlicher Beeintr\u00e4chtigung sollte barrierefrei sein und besonders breite Flure und Toiletten mit Schiebet\u00fcren f\u00fcr Rollstuhlfahrer bereithalten. Nun k\u00f6nnen dort 160 Sch\u00fcler unterrichtet werden \u2013 nachdem die Schule im Nachbarort Leichlingen vor drei Jahren von der Wupperflut zerst\u00f6rt worden war.<\/p>\n<\/div>\n<\/div>\n<div class=\"o-article__content-element o-article__content-element--richtext\">\n<div class=\"u-richtext\" data-command=\"{&quot;richtext&quot;: {}}\">\n<p>Dass es so schnell ging, liegt vor allem daran, dass das 35-Millionen-Euro-Projekt als sogenannte Totalunternehmerleistung ausgeschrieben wurde. Dabei f\u00fchrt eine Beh\u00f6rde nur ein einziges Vergabeverfahren nach den komplizierten Rechtsregeln durch statt je eigene f\u00fcr Handwerkerauftr\u00e4ge vom Elektriker bis zum Fensterbauer.<\/p>\n<p>&nbsp;<\/p>\n<p><strong>300 bis 500 Seiten Leistungsbeschreibung<\/strong><\/p>\n<\/div>\n<\/div>\n<div class=\"c-advertisment__fullWidth c-advertisment--P2_mobile\">\n<div><\/div>\n<\/div>\n<div class=\"o-article__content-element o-article__content-element--richtext\">\n<div class=\"u-richtext\" data-command=\"{&quot;richtext&quot;: {}}\">\n<p>Und dieses eine Verfahren ist aufwendig genug: Es umfasst eine Leistungsbeschreibung mit im Schnitt 300 bis 500 Seiten plus Vertrag, der auch noch mal 50 bis 100 Seiten umfasst. Am Ende erh\u00e4lt ein koordinierendes Bauunternehmen den Auftrag, beauftragt einzelne Handwerker als Subunternehmer und bezahlt sie.<\/p>\n<\/div>\n<\/div>\n<div><\/div>\n<div class=\"o-article__content-element o-article__content-element--richtext\">Immer mehr Auftraggeber der \u00f6ffentlichen Hand entdecken die Vorteile dieses Verfahrens, bei dem es sich streng genommen um eine Ausnahmeregel handelt. Sie sparen sich viel Aufwand, der in den Einzelauftr\u00e4gen mit ihren detaillierten Leistungsbeschreibungen, aber auch in der Koordinierung der einzelnen Handwerkereins\u00e4tze steckt, sagt der Vergaberechtler Jan Byok von der Kanzlei Bird &amp; Bird: \u201eZwar kostet der Totalunternehmer im Schnitt zehn Prozent mehr, aber der Auftraggeber muss sich daf\u00fcr nicht selbst um alles k\u00fcmmern.\u201c<\/div>\n<div><\/div>\n<\/div>\n<\/article>\n<div><\/div>\n<article class=\"o-article u-margin-top-xxxxl\" data-command=\"{&quot;trackLinks&quot;: &quot;&quot;}\" data-isarticle=\"true\">\n<div class=\"o-article__content c-richText\">\n<div class=\"c-advertisment__fullWidth c-advertisment--P4_desktop\">\n<div><\/div>\n<div><\/div>\n<div><strong><strong><br \/>\nZeitgewinn: 30 bis 50 Prozent<\/strong><\/strong><\/p>\n<div id=\"attachment_677501\" style=\"width: 160px\" class=\"wp-caption alignright\"><img loading=\"lazy\" decoding=\"async\" aria-describedby=\"caption-attachment-677501\" class=\"size-thumbnail wp-image-677501\" src=\"https:\/\/blog.wiwo.de\/management\/files\/2021\/09\/byokamtelefon-e1723461559232-150x150.jpg\" alt=\"\" width=\"150\" height=\"150\" \/><p id=\"caption-attachment-677501\" class=\"wp-caption-text\">Jan Byok (Foto: C.T\u00f6dtmann)<\/p><\/div>\n<\/div>\n<div><\/div>\n<div id=\"js-stepstone-listing--article\" class=\"o-stepstone-listing o-stepstone-listing--large js-stepstone-listing--large o-stepstone-listing--show\">\n<p>Den Zeitgewinn f\u00fcr ein Projekt sch\u00e4tzt Jan Byok auf 30 bis 50\u00a0Prozent. Das wissen gerade knapp besetzte Beh\u00f6rden zu sch\u00e4tzen. Zumal seit Sommer 2023 \u201ejede kleine Kommune, die nur f\u00fcnf Beamte hat, alle Planungsleistungen ab 221.000 Euro europaweit ausschreiben muss statt nur in Deutschland\u201c, sagt Caroline Ackermann von der Kanzlei Luther.<\/p>\n<\/div>\n<\/div>\n<div class=\"o-article__content-element o-article__content-element--richtext\">\n<div class=\"u-richtext\" data-command=\"{&quot;richtext&quot;: {}}\">\n<p>Der Haken: Auftraggeber m\u00fcssen wirtschaftliche oder technische Gr\u00fcnde anf\u00fchren, um das Verfahren nutzen zu k\u00f6nnen. Dazu z\u00e4hlen unzumutbare Verz\u00f6gerungen, unverh\u00e4ltnism\u00e4\u00dfig hohe Kosten oder die Notwendigkeit, nur eine einzige Software einzusetzen.<\/p>\n<\/div>\n<p>&nbsp;<\/p>\n<div class=\"u-richtext\" data-command=\"{&quot;richtext&quot;: {}}\">\n<div id=\"attachment_684909\" style=\"width: 160px\" class=\"wp-caption alignleft\"><img loading=\"lazy\" decoding=\"async\" aria-describedby=\"caption-attachment-684909\" class=\"size-thumbnail wp-image-684909\" src=\"https:\/\/blog.wiwo.de\/management\/files\/2024\/08\/ackermann.caroline-e1723464718829-150x150.jpg\" alt=\"\" width=\"150\" height=\"150\" \/><p id=\"caption-attachment-684909\" class=\"wp-caption-text\">Caroline Ackermann (Foto: C.T\u00f6dtmann)<\/p><\/div>\n<p>Daf\u00fcr muss dann der Totalunternehmer, anders als die Beh\u00f6rde als Auftraggeber separater Auftr\u00e4ge, keine neue Ausschreibung vornehmen, wenn ein einzelner Handwerker nicht liefert oder insolvent wird: Er kann einfach einen anderen beauftragen.<\/p>\n<\/div>\n<\/div>\n<div class=\"c-advertisment__fullWidth c-advertisment--CT_contentteaser_desktop_1\">\n<div id=\"ad-iqadtile99\" class=\"iqadtile\">\n<div id=\"iqadtile99\"><\/div>\n<\/div>\n<\/div>\n<div class=\"o-article__content-element o-article__content-element--richtext\">\n<div class=\"u-richtext\" data-command=\"{&quot;richtext&quot;: {}}\">\n<p>Und er kann sich, auch das sorgt f\u00fcr Tempo, von vornherein sein bew\u00e4hrtes Team zusammenstellen \u2013 im Gegensatz zu einer Beh\u00f6rde, die das Vergaberecht verpflichtet, den preiswertesten Anbieter zu beauftragen, selbst wenn dieser bei fr\u00fcheren Arbeiten bereits seine Unf\u00e4higkeit bewiesen oder mehr Projekte angenommen hat, als er bew\u00e4ltigen konnte.<\/p>\n<\/div>\n<p>&nbsp;<\/p>\n<\/div>\n<div class=\"c-advertisment__fullWidth c-advertisment--P3_mobile\">\n<div class=\"wiwo-cls-4\">\n<div id=\"ad-iqadtile4-mob\" class=\"iqadtile\"><\/div>\n<\/div>\n<\/div>\n<\/div>\n<\/article>\n<\/div>\n<\/div>\n<div class=\"c-overscroller\" data-command=\"{&quot;overscroller&quot;:&quot;&quot;}\" data-param=\"\/?footerhp=scroll\">\n<div class=\"c-overscroller--stage\">\n<div class=\"c-overscroller--radial-progress\" data-progress=\"0\">\n<div class=\"c-overscroller--inset\">\n<div class=\"c-overscroller--percentage\">\n<div class=\"c-overscroller--numbers\"><\/div>\n<\/div>\n<\/div>\n<\/div>\n<\/div>\n<\/div>\n<table width=\"865\">\n<tbody>\n<tr>\n<td width=\"451\"><strong>WiWo Top-Kanzleien 2024 Vergaberecht<\/strong><\/td>\n<td width=\"415\"><\/td>\n<\/tr>\n<tr>\n<td width=\"451\"><strong>Die renommiertesten Kanzleien und Anw\u00e4lte f\u00fcr Vergaberecht*<\/strong><\/td>\n<td width=\"415\"><\/td>\n<\/tr>\n<tr>\n<td width=\"451\"><\/td>\n<td width=\"415\"><\/td>\n<\/tr>\n<tr>\n<td width=\"451\"><strong>Top Kanzlei<\/strong><\/td>\n<td width=\"415\"><strong>besonders empfohlene Anw\u00e4lte<\/strong><\/td>\n<\/tr>\n<tr>\n<td width=\"451\">Abante<\/td>\n<td width=\"415\">Christoph Kins, Ronny Lohmann<\/td>\n<\/tr>\n<tr>\n<td width=\"451\">Addleshaw Goddard<\/td>\n<td width=\"415\">Jan-Oliver Schrotz<\/td>\n<\/tr>\n<tr>\n<td width=\"451\">Advant Beiten<\/td>\n<td width=\"415\">Stephan Rechten<\/td>\n<\/tr>\n<tr>\n<td width=\"451\">Antweiler Liebschwager Nieberding<\/td>\n<td width=\"415\">Clemens Antweiler<\/td>\n<\/tr>\n<tr>\n<td width=\"451\">Aulinger<\/td>\n<td width=\"415\">Nicola Ohrtmann<\/td>\n<\/tr>\n<tr>\n<td width=\"451\">Avocado<\/td>\n<td width=\"415\">Markus Figgen, Rebecca Sch\u00e4ffer<\/td>\n<\/tr>\n<tr>\n<td width=\"451\">Baker McKenzie<\/td>\n<td width=\"415\">Marc Gabriel<\/td>\n<\/tr>\n<tr>\n<td width=\"451\">Baumeister<\/td>\n<td width=\"415\">Steffen Gesterkamp<\/td>\n<\/tr>\n<tr>\n<td width=\"451\">BBG<\/td>\n<td width=\"415\">Niels Griem, Malte Linnemeyer, Johannes Mosters<\/td>\n<\/tr>\n<tr>\n<td width=\"451\">Becker B\u00fcttner Held<\/td>\n<td width=\"415\">Malte M\u00fcller-Wrede<\/td>\n<\/tr>\n<tr>\n<td width=\"451\">Bird &amp; Bird<\/td>\n<td width=\"415\">Jan Byok, Alexander Csaki<\/td>\n<\/tr>\n<tr>\n<td width=\"451\">Blomstein<\/td>\n<td width=\"415\">Pascal Friton, Roland Stein<\/td>\n<\/tr>\n<tr>\n<td width=\"451\">CBH<\/td>\n<td width=\"415\">Stefan Hertwig<\/td>\n<\/tr>\n<tr>\n<td width=\"451\">CMS<\/td>\n<td width=\"415\">Jakob Steiff<\/td>\n<\/tr>\n<tr>\n<td width=\"451\">Dentons<\/td>\n<td width=\"415\">Wolfram Krohn<\/td>\n<\/tr>\n<tr>\n<td width=\"451\">Dolde Mayen &amp; Partner<\/td>\n<td width=\"415\">Tina Bergmann, Andrea Vetter<\/td>\n<\/tr>\n<tr>\n<td width=\"451\">Eichler Kern Klein<\/td>\n<td width=\"415\">Benjamin Klein<\/td>\n<\/tr>\n<tr>\n<td width=\"451\">Esch Bahner Lisch<\/td>\n<td width=\"415\">Hanna Bahner<\/td>\n<\/tr>\n<tr>\n<td width=\"451\">FPS<\/td>\n<td width=\"415\">Annette Rosenk\u00f6tter<\/td>\n<\/tr>\n<tr>\n<td width=\"451\">Gleiss Lutz<\/td>\n<td width=\"415\">Marco K\u00f6nig<\/td>\n<\/tr>\n<tr>\n<td width=\"451\">G\u00f6hmann<\/td>\n<td width=\"415\">Wiland Tresselt<\/td>\n<\/tr>\n<tr>\n<td width=\"451\">Goodarzi &amp; Polster<\/td>\n<td width=\"415\">Julian Polster<\/td>\n<\/tr>\n<tr>\n<td width=\"451\">G\u00f6rg<\/td>\n<td width=\"415\">Kai-Uwe Schneevogl, Kersten Wagner-Cardenal<\/td>\n<\/tr>\n<tr>\n<td width=\"451\">GvW Graf von Westphalen<\/td>\n<td width=\"415\">Ingrid Reichling<\/td>\n<\/tr>\n<tr>\n<td width=\"451\">Heuking<\/td>\n<td width=\"415\">Ute Jasper, Christopher Marx, Martin Schellenberg, Laurence Westen<\/td>\n<\/tr>\n<tr>\n<td width=\"451\">Heussen<\/td>\n<td width=\"415\">Uwe-Carsten V\u00f6llink<\/td>\n<\/tr>\n<tr>\n<td width=\"451\">HFK<\/td>\n<td width=\"415\">Sebastian Conrad, J\u00f6rg Stoye<\/td>\n<\/tr>\n<tr>\n<td width=\"451\">Kapellmann<\/td>\n<td width=\"415\">Alexander Kus, Marc Opitz, Hendrik R\u00f6wekamp<\/td>\n<\/tr>\n<tr>\n<td width=\"451\">Kraus Donhauser<\/td>\n<td width=\"415\">Christoph Donhauser, Philipp Kraus<\/td>\n<\/tr>\n<tr>\n<td width=\"451\">Kunz<\/td>\n<td width=\"415\">Stefanie Theis<\/td>\n<\/tr>\n<tr>\n<td width=\"451\">Leinemann Partner<\/td>\n<td width=\"415\">Thomas Kirch<\/td>\n<\/tr>\n<tr>\n<td width=\"451\">Luther<\/td>\n<td width=\"415\">Stefan Mager, Tobias Osseforth<\/td>\n<\/tr>\n<tr>\n<td width=\"451\">Muth<\/td>\n<td width=\"415\">Matthias Freund<\/td>\n<\/tr>\n<tr>\n<td width=\"451\">Orth Kluth<\/td>\n<td width=\"415\">Michael Sitsen<\/td>\n<\/tr>\n<tr>\n<td width=\"451\">Otting Zinger<\/td>\n<td width=\"415\">Olaf Otting, Christoph Zinger<\/td>\n<\/tr>\n<tr>\n<td width=\"451\">Redeker Sellner Dahs<\/td>\n<td width=\"415\">Heike Glahs, Thomas Stickler<\/td>\n<\/tr>\n<tr>\n<td width=\"451\">Schumann<\/td>\n<td width=\"415\">Thomas Stockmann<\/td>\n<\/tr>\n<tr>\n<td width=\"451\">Soudry &amp; Soudry<\/td>\n<td width=\"415\">Daniel Soudry<\/td>\n<\/tr>\n<tr>\n<td width=\"451\">Stolz Goldbrunner Klein<\/td>\n<td width=\"415\">Bernhard Stolz<\/td>\n<\/tr>\n<tr>\n<td width=\"451\">Taylor Wessing<\/td>\n<td width=\"415\">Michael Br\u00fcggemann<\/td>\n<\/tr>\n<tr>\n<td width=\"451\">Vergabepartners<\/td>\n<td width=\"415\">Klaus Greb, Franz H\u00f6lzl<\/td>\n<\/tr>\n<tr>\n<td width=\"451\">W2K<\/td>\n<td width=\"415\">Jens Bernhardt, Alexander Wichmann<\/td>\n<\/tr>\n<tr>\n<td width=\"451\">Weissleder Ewer<\/td>\n<td width=\"415\">Marius Raabe<\/td>\n<\/tr>\n<tr>\n<td width=\"451\">Wolter Hoppenberg<\/td>\n<td width=\"415\">Marc Dewald<\/td>\n<\/tr>\n<\/tbody>\n<\/table>\n<p>&nbsp;<\/p>\n<p>&nbsp;<\/p>\n<p>&nbsp;<\/p>\n<table width=\"688\">\n<tbody>\n<tr>\n<td colspan=\"2\" width=\"688\"><strong>WIWO Top-Kanzleien 2024 Umwelt- und Bauplanungsrecht<\/strong><\/td>\n<\/tr>\n<tr>\n<td colspan=\"2\" width=\"688\"><strong>Die renommiertesten Kanzleien und Anw\u00e4lte f\u00fcr Umwelt- und Bauplanungsrecht*<\/strong><\/td>\n<\/tr>\n<tr>\n<td width=\"212\"><\/td>\n<td width=\"476\"><\/td>\n<\/tr>\n<tr>\n<td width=\"212\"><strong>Top Kanzlei<\/strong><\/td>\n<td width=\"476\"><strong>besonders empfohlene Anw\u00e4lte<\/strong><\/td>\n<\/tr>\n<tr>\n<td width=\"212\">Andrea Versteyl<\/td>\n<td width=\"476\">Lukas Muffler, Martin Spieler<\/td>\n<\/tr>\n<tr>\n<td width=\"212\">Avocado<\/td>\n<td width=\"476\">Thomas Gerhold<\/td>\n<\/tr>\n<tr>\n<td width=\"212\">Baumeister<\/td>\n<td width=\"476\">Georg H\u00fcnnekens, Andreas Kersting<\/td>\n<\/tr>\n<tr>\n<td width=\"212\">CBH<\/td>\n<td width=\"476\">Jochen Hentschel<\/td>\n<\/tr>\n<tr>\n<td width=\"212\">CMS<\/td>\n<td width=\"476\">Fritz von Hammerstein<\/td>\n<\/tr>\n<tr>\n<td width=\"212\">Dolde Mayen<\/td>\n<td width=\"476\">Markus Deutsch, Klaus-Peter Dolde, Winfried Porsch, Bernd Schieferdecker<\/td>\n<\/tr>\n<tr>\n<td width=\"212\">Esche Sch\u00fcmann Commichau<\/td>\n<td width=\"476\">Martin Dieckmann<\/td>\n<\/tr>\n<tr>\n<td width=\"212\">FPS<\/td>\n<td width=\"476\">Nina Jarass Cohen, Olaf Dziallas, Thomas Schr\u00f6er<\/td>\n<\/tr>\n<tr>\n<td width=\"212\">Fran\u00dfen &amp; Nusser<\/td>\n<td width=\"476\">Gregor Fran\u00dfen, Jens Nusser, Suhayl Ungerer<\/td>\n<\/tr>\n<tr>\n<td width=\"212\">Gleiss Lutz<\/td>\n<td width=\"476\">Marc Ruttloff, Michael Uechtritz<\/td>\n<\/tr>\n<tr>\n<td width=\"212\">G\u00f6rg<\/td>\n<td width=\"476\">Kristina Gro\u00df<\/td>\n<\/tr>\n<tr>\n<td width=\"212\">GvW Graf von Westphalen<\/td>\n<td width=\"476\">Susanne Hofmann<\/td>\n<\/tr>\n<tr>\n<td width=\"212\">Held Jaguttis<\/td>\n<td width=\"476\">Simeon Held, Malte Jaguttis<\/td>\n<\/tr>\n<tr>\n<td width=\"212\">Hellriegel<\/td>\n<td width=\"476\">Mathias Hellriegel<\/td>\n<\/tr>\n<tr>\n<td width=\"212\">HGRS<\/td>\n<td width=\"476\">Klaus Hoffmann<\/td>\n<\/tr>\n<tr>\n<td width=\"212\">K\u00f6chling &amp; Krahnefeld<\/td>\n<td width=\"476\">Markus Ehrmann<\/td>\n<\/tr>\n<tr>\n<td width=\"212\">Kunz<\/td>\n<td width=\"476\">Ira Ditandy, Wolfgang Klett<\/td>\n<\/tr>\n<tr>\n<td width=\"212\">Lenz und Johlen<\/td>\n<td width=\"476\">Thomas L\u00fcttgau, Michael Oerder<\/td>\n<\/tr>\n<tr>\n<td width=\"212\">Linklaters<\/td>\n<td width=\"476\">Markus Appel<\/td>\n<\/tr>\n<tr>\n<td width=\"212\">OKL<\/td>\n<td width=\"476\">Tim Hahn, Tina Schmidt<\/td>\n<\/tr>\n<tr>\n<td width=\"212\">Oppenl\u00e4nder<\/td>\n<td width=\"476\">Christofer Lenz<\/td>\n<\/tr>\n<tr>\n<td width=\"212\">Pauly<\/td>\n<td width=\"476\">Markus Pauly<\/td>\n<\/tr>\n<tr>\n<td width=\"212\">Pohlmann &amp; Company<\/td>\n<td width=\"476\">Uwe Erling<\/td>\n<\/tr>\n<tr>\n<td width=\"212\">Posser Spieth Wolfers<\/td>\n<td width=\"476\">Herbert Posser, Benedikt Wolfers<\/td>\n<\/tr>\n<tr>\n<td width=\"212\">Redeker Sellner Dahs<\/td>\n<td width=\"476\">Frank Fellenberg, Matthias Ganske, Olaf Reidt<\/td>\n<\/tr>\n<tr>\n<td width=\"212\">Weissleder Ewer<\/td>\n<td width=\"476\">Wolfgang Ewer<\/td>\n<\/tr>\n<tr>\n<td width=\"212\">Wolter Hoppenberg<\/td>\n<td width=\"476\">Till Elgeti<\/td>\n<\/tr>\n<\/tbody>\n<\/table>\n<p>Quelle: WirtschaftsWoche\/HRI 2024<\/p>\n<p>&nbsp;<\/p>\n<p>&nbsp;<\/p>\n<table width=\"656\">\n<tbody>\n<tr>\n<td width=\"447\"><strong>WIWO Top-Kanzleien 2024 Energierecht<\/strong><\/td>\n<td width=\"209\"><\/td>\n<\/tr>\n<tr>\n<td width=\"447\"><strong>Die renommiertesten Kanzleien und Anw\u00e4lte f\u00fcr Energierecht*<\/strong><\/td>\n<td width=\"209\"><\/td>\n<\/tr>\n<tr>\n<td width=\"447\"><\/td>\n<td width=\"209\"><\/td>\n<\/tr>\n<tr>\n<td width=\"447\"><strong>Top Kanzlei<\/strong><\/td>\n<td width=\"209\"><strong>besonders empfohlene Anw\u00e4lte<\/strong><\/td>\n<\/tr>\n<tr>\n<td width=\"447\">Aecoute<\/td>\n<td width=\"209\">Heidrun Schalle<\/td>\n<\/tr>\n<tr>\n<td width=\"447\">BBG<\/td>\n<td width=\"209\">Christoph Meitz<\/td>\n<\/tr>\n<tr>\n<td width=\"447\">Becker B\u00fcttner Held<\/td>\n<td width=\"209\">Christian Theobald, Ines Zenke<\/td>\n<\/tr>\n<tr>\n<td width=\"447\">Boos Hummel &amp; Wegerich<\/td>\n<td width=\"209\">Nils Gra\u00dfmann<\/td>\n<\/tr>\n<tr>\n<td width=\"447\">Brahms Nebel &amp; Kollegen<\/td>\n<td width=\"209\">Julian Nebel<\/td>\n<\/tr>\n<tr>\n<td width=\"447\">CMS<\/td>\n<td width=\"209\">Holger Kraft<\/td>\n<\/tr>\n<tr>\n<td width=\"447\">Ensight<\/td>\n<td width=\"209\">Michael Hill<\/td>\n<\/tr>\n<tr>\n<td width=\"447\">EY Law<\/td>\n<td width=\"209\">Sebastian Helmes<\/td>\n<\/tr>\n<tr>\n<td width=\"447\">Forvis Mazars<\/td>\n<td width=\"209\">Hans-Christoph Thomale<\/td>\n<\/tr>\n<tr>\n<td width=\"447\">Freshfields<\/td>\n<td width=\"209\">Ulrich Scholz<\/td>\n<\/tr>\n<tr>\n<td width=\"447\">GvW Graf von Westphalen<\/td>\n<td width=\"209\">Maximilian Elspas<\/td>\n<\/tr>\n<tr>\n<td width=\"447\">Hengeler Mueller<\/td>\n<td width=\"209\">Dirk Uwer<\/td>\n<\/tr>\n<tr>\n<td width=\"447\">Hogan Lovells<\/td>\n<td width=\"209\">Thomas D\u00fcnchheim<\/td>\n<\/tr>\n<tr>\n<td width=\"447\">Jung<\/td>\n<td width=\"209\">Desiree Jung<\/td>\n<\/tr>\n<tr>\n<td width=\"447\">Leitfeld<\/td>\n<td width=\"209\">Matthias Schleifenbaum<\/td>\n<\/tr>\n<tr>\n<td width=\"447\">Linklaters<\/td>\n<td width=\"209\">Alexandros Chatzinerantzis<\/td>\n<\/tr>\n<tr>\n<td width=\"447\">Luther<\/td>\n<td width=\"209\">Holger Stappert<\/td>\n<\/tr>\n<tr>\n<td width=\"447\">Maslaton<\/td>\n<td width=\"209\">Martin Maslaton<\/td>\n<\/tr>\n<tr>\n<td width=\"447\">Oppenhoff<\/td>\n<td width=\"209\">Carmen Schneider<\/td>\n<\/tr>\n<tr>\n<td width=\"447\">Orth Kluth<\/td>\n<td width=\"209\">Margarete von Oppen<\/td>\n<\/tr>\n<tr>\n<td width=\"447\">Posser Spieth Wolfers<\/td>\n<td width=\"209\">Wolf Spieth<\/td>\n<\/tr>\n<tr>\n<td width=\"447\">Raue<\/td>\n<td width=\"209\">Christian Von Hammerstein<\/td>\n<\/tr>\n<tr>\n<td width=\"447\">RE Vollmer Dilling D\u00fcmke Buchsteiner<\/td>\n<td width=\"209\">Miriam Vollmer<\/td>\n<\/tr>\n<tr>\n<td width=\"447\">Rosin B\u00fcdenbender<\/td>\n<td width=\"209\">Peter Rosin<\/td>\n<\/tr>\n<tr>\n<td width=\"447\">Von Bredow Valentin Herz<\/td>\n<td width=\"209\">Hartwig Von Bredow<\/td>\n<\/tr>\n<tr>\n<td width=\"447\">Watson Farley &amp; Williams<\/td>\n<td width=\"209\">Malte Jordan<\/td>\n<\/tr>\n<tr>\n<td width=\"447\">White &amp; Case<\/td>\n<td width=\"209\">Thomas Burmeister<\/td>\n<\/tr>\n<tr>\n<td width=\"447\">Wolter Hoppenberg<\/td>\n<td width=\"209\">Martin Br\u00fcck Von Oertzen<\/td>\n<\/tr>\n<\/tbody>\n<\/table>\n<p>Quelle: WirtschaftsWoche\/HRI 2024<\/p>\n<p>&nbsp;<\/p>\n<p>&nbsp;<\/p>\n<p>&nbsp;<\/p>\n<table width=\"1703\">\n<tbody>\n<tr>\n<td width=\"1703\"><strong>Die Methode<\/strong><\/td>\n<\/tr>\n<tr>\n<td width=\"1703\">Das Handelsblatt Research Institute (HRI) fragte \u00fcber 2200 Juristen aus 179 Kanzleien nach ihren renommiertesten Kollegen im Vergaberecht, Umwelt- und Bauplanungsrecht und Energierecht<\/td>\n<\/tr>\n<tr>\n<td width=\"1703\">Nach Bewertung der Jury setzten sich f\u00fcr Vergaberecht 44 Kanzleien mit 64 Anw\u00e4lten und\u00a0 f\u00fcr Umwelt- und Bauplanungsrecht 27 Kanzleien mit 44 Juristen durch. Im Energierecht sind es 29 Anw\u00e4lte aus 28 Kanzleien.<\/td>\n<\/tr>\n<tr>\n<td width=\"1703\">Die Jury:<\/td>\n<\/tr>\n<tr>\n<td width=\"1703\">Andrea Andor (AGR\u00a0Abfallentsorgungs-Gesellschaft Ruhrgebiet),<br \/>\nHeiko Piesbergen (Netinera)*,<br \/>\nAchim Schunder (C.H. Beck),<br \/>\nAnsgar Suermann (Deutsche Bahn)*,<br \/>\nAxel Thomas (GWG Aachen)<\/td>\n<\/tr>\n<\/tbody>\n<\/table>\n<div id=\"attachment_669125\" style=\"width: 160px\" class=\"wp-caption alignleft\"><img loading=\"lazy\" decoding=\"async\" aria-describedby=\"caption-attachment-669125\" class=\"size-thumbnail wp-image-669125\" src=\"https:\/\/blog.wiwo.de\/management\/files\/2018\/11\/piesbergen-150x150.jpg\" alt=\"\" width=\"150\" height=\"150\" \/><p id=\"caption-attachment-669125\" class=\"wp-caption-text\">Heiko Piesbergen (Foto: Privat\/Netinera)<\/p><\/div>\n<div id=\"attachment_671841\" style=\"width: 160px\" class=\"wp-caption alignright\"><img loading=\"lazy\" decoding=\"async\" aria-describedby=\"caption-attachment-671841\" class=\"size-thumbnail wp-image-671841\" src=\"https:\/\/blog.wiwo.de\/management\/files\/2019\/09\/DB.Suermann.Ansgar.Foto_Suermann-150x150.jpg\" alt=\"\" width=\"150\" height=\"150\" \/><p id=\"caption-attachment-671841\" class=\"wp-caption-text\">Ansgar Suermann, Deutsche Bahn (Foto: Privat\/DB)<\/p><\/div>\n<div id=\"attachment_670383\" style=\"width: 160px\" class=\"wp-caption aligncenter\"><img loading=\"lazy\" decoding=\"async\" aria-describedby=\"caption-attachment-670383\" class=\"size-thumbnail wp-image-670383\" src=\"https:\/\/blog.wiwo.de\/management\/files\/2019\/04\/Beck.achim-schunder-150x150.jpg\" alt=\"\" width=\"150\" height=\"150\" \/><p id=\"caption-attachment-670383\" class=\"wp-caption-text\">Achim Schunder (Foto: PR\/Beck Verlag)<\/p><\/div>\n<p>&nbsp;<\/p>\n<p>&nbsp;<\/p>\n<p><a href=\"https:\/\/www.faktenkontor.de\/pressemeldungen\/blogger-relevanzindex-das-sind-deutschlands-top-100-blogs\/\"><img loading=\"lazy\" decoding=\"async\" class=\"aligncenter size-medium wp-image-680063\" src=\"https:\/\/149798077.v2.pressablecdn.com\/management\/files\/2022\/06\/Wiwo.top_.10.blog_.2022.Blogger-Relevanzindex_Top-10-Blogs-2022-227x300.jpg\" alt=\"\" width=\"227\" height=\"300\" srcset=\"https:\/\/blog.wiwo.de\/management\/files\/2022\/06\/Wiwo.top_.10.blog_.2022.Blogger-Relevanzindex_Top-10-Blogs-2022-227x300.jpg 227w, https:\/\/blog.wiwo.de\/management\/files\/2022\/06\/Wiwo.top_.10.blog_.2022.Blogger-Relevanzindex_Top-10-Blogs-2022.jpg 492w\" sizes=\"auto, (max-width: 227px) 100vw, 227px\" \/><\/a><\/p>\n<div id=\"main\">\n<div id=\"primary\">\n<div id=\"content\" role=\"main\">\n<article id=\"post-679588\" class=\"post-679588 post type-post status-publish format-standard hentry category-allgemein tag-arbeitsbedingung tag-arbeitsklima tag-betriebsklima tag-big-quit tag-ey-ernst-young tag-fachkraftemangel tag-gehalt tag-great-resignation tag-jobwechsel tag-kundigung tag-kuendigungsabsicht tag-loehne tag-umfrage\">\n<div class=\"entry-content\">\n<p>&nbsp;<\/p>\n<p>&nbsp;<\/p>\n<p><a href=\"https:\/\/www.presseportal.de\/pm\/52884\/5255623\"><img loading=\"lazy\" decoding=\"async\" class=\"aligncenter size-medium wp-image-676731\" src=\"https:\/\/149798077.v2.pressablecdn.com\/management\/files\/2021\/06\/bloggerinnen.2021.neu_-300x212.jpg\" alt=\"\" width=\"300\" height=\"212\" srcset=\"https:\/\/blog.wiwo.de\/management\/files\/2021\/06\/bloggerinnen.2021.neu_-300x212.jpg 300w, https:\/\/blog.wiwo.de\/management\/files\/2021\/06\/bloggerinnen.2021.neu_-424x300.jpg 424w, https:\/\/blog.wiwo.de\/management\/files\/2021\/06\/bloggerinnen.2021.neu_.jpg 650w\" sizes=\"auto, (max-width: 300px) 100vw, 300px\" \/><\/a><\/p>\n<p>&nbsp;<\/p>\n<p><strong>Copyright: @Claudia T\u00f6dtmann. Alle Rechte vorbehalten.\u00a0<\/strong><\/p>\n<p><strong>M\u00f6chten Sie einen Blog-Beitrag nutzen, um nicht von Links abh\u00e4ngig zu sein? Kontakt f\u00fcr Nutzungsrechte, um Inhalte dauerhaft zu sichern: claudia.toedtmann@wiwo.de<\/strong><\/p>\n<p><strong>Alle inhaltlichen Rechte des Management-Blogs von Claudia T\u00f6dtmann liegen bei der Blog-Inhaberin. Jegliche Nutzung der Inhalte bed\u00fcrfen der ausdr\u00fccklichen Genehmigung.<\/strong><\/p>\n<\/div>\n<p><strong>Um den Lesefluss nicht zu behindern, wird in Management-Blog-Texten nur die m\u00e4nnliche Form genannt, aber immer sind die weibliche und andere Formen gleicherma\u00dfen mit gemeint.\u00a0<\/strong><\/p>\n<\/article>\n<\/div>\n<\/div>\n<\/div>\n<p>&nbsp;<\/p>\n","protected":false},"excerpt":{"rendered":"<p>WiWo Top-Kanzleien f\u00fcr Vergaberecht, Bauplanungsrecht und Energierecht Wenn\u2019s schnell gehen soll &#8211; Beh\u00f6rden entdecken Totalunternehmer f\u00fcr schnellere Vergaben und Arbeiten (zuerst erschienen in der gedruckten WirtschaftsWoche am 2. August 2024) &nbsp; Jetzt aber Tempo: Viele Beh\u00f6rden sind inzwischen ziemlich findig, &hellip; <a href=\"https:\/\/blog.wiwo.de\/management\/2024\/08\/14\/wiwo-topkanzleien-vergaberecht-umwelt-und-bauplanungsrecht-energierecht-2024-wieso-behoerden-jetzt-totalunternehmer-entdecken\/\">Weiterlesen <span class=\"meta-nav\">&rarr;<\/span><\/a><\/p>\n","protected":false},"author":19,"featured_media":0,"comment_status":"open","ping_status":"open","sticky":false,"template":"","format":"standard","meta":{"footnotes":""},"categories":[1],"tags":[],"class_list":["post-684840","post","type-post","status-publish","format-standard","hentry","category-allgemein"],"_links":{"self":[{"href":"https:\/\/blog.wiwo.de\/management\/wp-json\/wp\/v2\/posts\/684840","targetHints":{"allow":["GET"]}}],"collection":[{"href":"https:\/\/blog.wiwo.de\/management\/wp-json\/wp\/v2\/posts"}],"about":[{"href":"https:\/\/blog.wiwo.de\/management\/wp-json\/wp\/v2\/types\/post"}],"author":[{"embeddable":true,"href":"https:\/\/blog.wiwo.de\/management\/wp-json\/wp\/v2\/users\/19"}],"replies":[{"embeddable":true,"href":"https:\/\/blog.wiwo.de\/management\/wp-json\/wp\/v2\/comments?post=684840"}],"version-history":[{"count":8,"href":"https:\/\/blog.wiwo.de\/management\/wp-json\/wp\/v2\/posts\/684840\/revisions"}],"predecessor-version":[{"id":684946,"href":"https:\/\/blog.wiwo.de\/management\/wp-json\/wp\/v2\/posts\/684840\/revisions\/684946"}],"wp:attachment":[{"href":"https:\/\/blog.wiwo.de\/management\/wp-json\/wp\/v2\/media?parent=684840"}],"wp:term":[{"taxonomy":"category","embeddable":true,"href":"https:\/\/blog.wiwo.de\/management\/wp-json\/wp\/v2\/categories?post=684840"},{"taxonomy":"post_tag","embeddable":true,"href":"https:\/\/blog.wiwo.de\/management\/wp-json\/wp\/v2\/tags?post=684840"}],"curies":[{"name":"wp","href":"https:\/\/api.w.org\/{rel}","templated":true}]}}