{"id":684468,"date":"2024-05-28T06:00:34","date_gmt":"2024-05-28T04:00:34","guid":{"rendered":"https:\/\/blog.wiwo.de\/management\/?p=684468"},"modified":"2024-05-28T01:13:42","modified_gmt":"2024-05-27T23:13:42","slug":"fragebogen-nahaufnahme-mit-rightmart-ceo-marco-klock-den-die-angst-vor-unpuenktlichkeit-zur-weissglut-treibt","status":"publish","type":"post","link":"https:\/\/blog.wiwo.de\/management\/2024\/05\/28\/fragebogen-nahaufnahme-mit-rightmart-ceo-marco-klock-den-die-angst-vor-unpuenktlichkeit-zur-weissglut-treibt\/","title":{"rendered":"Fragebogen &#8222;Nahaufnahme&#8220; mit Rightmart-CEO Marco Klock, den die Angst vor Unp\u00fcnktlichkeit zur Wei\u00dfglut treibt"},"content":{"rendered":"<h1>Den Fragebogen &#8222;Nahaufnahme&#8220; beantwortet <strong>Marco Klock, der CEO der die Legal-Tech-Kanzlei <a href=\"https:\/\/rightmart.group\/\">Rightmart Group<\/a>\u00a0<\/strong><\/h1>\n<p>&nbsp;<\/p>\n<div id=\"attachment_684469\" style=\"width: 497px\" class=\"wp-caption aligncenter\"><img loading=\"lazy\" decoding=\"async\" aria-describedby=\"caption-attachment-684469\" class=\"size-full wp-image-684469\" src=\"https:\/\/blog.wiwo.de\/management\/files\/2024\/05\/rightmart.ceo_.1-e1716836038596.jpg\" alt=\"\" width=\"487\" height=\"287\" srcset=\"https:\/\/blog.wiwo.de\/management\/files\/2024\/05\/rightmart.ceo_.1-e1716836038596.jpg 487w, https:\/\/blog.wiwo.de\/management\/files\/2024\/05\/rightmart.ceo_.1-e1716836038596-300x177.jpg 300w\" sizes=\"auto, (max-width: 487px) 100vw, 487px\" \/><p id=\"caption-attachment-684469\" class=\"wp-caption-text\">Marco Klock (Foto: Rightmart\/PR)<\/p><\/div>\n<p>&nbsp;<\/p>\n<p><strong>Erkl\u00e4ren Sie in\u202feinem\u202f Satz, was Ihr Unternehmen tut.\u202f<\/strong><\/p>\n<p>Die Marke Rightmart hilft Verbrauchern, ihre Rechtsprobleme zu l\u00f6sen, egal ob pl\u00f6tzliche K\u00fcndigung des Jobs, Kn\u00f6llchen oder Verkehrsunfall.<\/p>\n<p>&nbsp;<\/p>\n<p><strong>Womit beginnt Ihr\u202fTag? \u202f<\/strong><\/p>\n<p>Der Wecker klingelt um 6.40 Uhr. Dann hole mir einen Kaffee ins Bett, schau auf die Webseite Reddit, die Tagesthemen und meine E-Mails. Um 7.20 Uhr stehe ich dann in der Dusche \u2013 kein Eisbaden.<\/p>\n<p>&nbsp;<\/p>\n<p><strong>Was unterscheidet Sie von anderen im Auftreten und im Behave im Job?<\/strong><\/p>\n<p>Ich habe eine sehr schnelle Auffassungsgabe und in vielen Meetings versuche ich, die Geschwindigkeit hochzuhalten, obwohl ich wei\u00df, dass Zuh\u00f6ren wichtig ist. Manchmal wird es absurd, weil ich die Themen unvermindert switche und mein Gegen\u00fcber Fragezeichen auf der Stirn hat.\u00a0Ich habe keine Geduld f\u00fcr Dinge, die ich schon wei\u00df. Ich kann auch keine Filme zweimal anschauen oder zweimal ein Gespr\u00e4ch \u00fcber das gleiche f\u00fchren.<\/p>\n<p>&nbsp;<\/p>\n<p><strong>\u2026 und was w\u00fcrden Ihre Mitarbeiter darauf antworten?<\/strong><\/p>\n<p>Mehr Geduld in den Gespr\u00e4chen bitte.<\/p>\n<p>&nbsp;<\/p>\n<p><strong>Tee oder Kaffee?<\/strong><\/p>\n<p>Kaffee, obwohl ich als Ostfriese mit Tee aufgewachsen bin.<\/p>\n<p>&nbsp;<\/p>\n<p><strong>Ihr Spitzname ist\u2026?<\/strong><\/p>\n<p>Von meiner Frau werde ich h\u00e4ufig Achim genannt, weil ich anscheinend so typisch deutsch bin. Ich glaube, sie meint sowas wie Ordnung, P\u00fcnktlichkeit und meinen Hang zur Struktur, aber so richtig verstehe ich das nicht.<\/p>\n<p>&nbsp;<\/p>\n<p><strong>Verraten Sie eine\u202fMarotte.<\/strong><\/p>\n<p>Ich mag keine Sonn- oder Feiertage, ohne eine Struktur. Mein Tag muss immer grob in Bl\u00f6cke aufgeteilt sein. Einfach in den Tag hineinleben, funktioniert bei mir nicht. Dabei darf nie etwas Produktives oder Informatives fehlen, wie Lesen, Arbeiten oder Sport. Mittlerweile kann ich Treffen mit Freunden sehr gut priorisieren, aber das war ein langer Weg f\u00fcr mich. Es ist immer noch anstrengend f\u00fcr mich, nicht einfach chillen zu k\u00f6nnen.<\/p>\n<p>&nbsp;<\/p>\n<p><strong>Was bringt Sie in Harnisch?<\/strong><\/p>\n<p>Wenn ich das Gef\u00fchl habe, zu sp\u00e4t zu sein. Ich bin oft irrational gestresst und dann auch sehr leicht reizbar, selbst wenn die Zeit nicht in Gefahr ist. Dann warte ich lieber und plane mit viel Puffer.<\/p>\n<p>&nbsp;<\/p>\n<p>\u2026<strong>und was bringt andere an Ihnen in Harnisch?<\/strong><\/p>\n<p>Meine Frau ist das komplette Gegenteil: Spontan, entspannt und sie l\u00e4sst sich nicht aus der Ruhe bringen. So treiben wir uns an Reisetagen gegenseitig regelm\u00e4\u00dfig zur Wei\u00dfglut. Ich erinnere mich an den Anfang unserer Beziehung, l\u00e4nger als zehn Jahre her: Wir mussten in Miami vor dem Check-in die Koffer umpacken und mehr Klamotten anziehen, weil die Koffer zu schwer waren &#8211; da ist es eskaliert. Sie war total entspannt und ich war entsetzt, ob der Planung, die scheinbar fehlte.<\/p>\n<p>&nbsp;<\/p>\n<p><strong>Was m\u00f6chten Sie gerne\u202fin Rente machen?<\/strong><\/p>\n<p>Ich w\u00fcrde gerne nachhaltigen Content wie illustrierte B\u00fccher kreieren, kleine, sch\u00f6n aufbereitete Videos produzieren wie von &#8222;Kurzgesagt&#8220; bei Youtube, die Menschen helfen, die Angst vor der Komplexit\u00e4t des Lebens zu verlieren. Damit sie gl\u00fccklicher\u00a0 sind und sich nicht so viele Gedanken machen. Das \u00e4rgert mich ja auch an mir.\u00a0 Ich glaube daran, dass komplexes Wissen einfacher vermittelt werden kann und bin \u00fcberzeugt davon, dass die meisten Situationen gar nicht so komplex sind, wie sie wirken, wenn man das richtige Verst\u00e4ndnis hat.<\/p>\n<p>&nbsp;<\/p>\n<p><strong>Was sch\u00e4tzen Sie an anderen Menschen am meisten?<\/strong><\/p>\n<p>Wenn sie sich einfach mal darauf einlassen, ohne Plan und ohne, dass etwas entstehen oder herauskommen muss, oder ich etwas lernen muss. Einfach mal in den Tag hineinleben. Von meiner Frau habe ich zum Beispiel gelernt, auch mal den Urlaub oder einfach auch nur einen Sonntag zu genie\u00dfen und nicht daran zu denken, noch ein bis zwei Kapitel im Buch lesen zu m\u00fcssen. Mir f\u00e4llt das aber immer noch schwer.<\/p>\n<p>&nbsp;<\/p>\n<p><strong>Auf welche drei Dinge k\u00f6nnten Sie niemals verzichten?\u00a0<\/strong><\/p>\n<p>Lesen\/B\u00fccher, Stift und Notizblock. Das habe ich immer dabei.<\/p>\n<p>&nbsp;<\/p>\n<p><strong>Was war Ihr peinlichster Moment?<\/strong><\/p>\n<p>Ein Foto meiner Konfirmation: Der Anzug sa\u00df \u00fcberhaupt nicht, es f\u00fchlte sich an wie eine Presswurst.<\/p>\n<p>&nbsp;<\/p>\n<p><strong>Auf welches Erlebnis h\u00e4tten Sie lieber verzichtet?<\/strong><\/p>\n<p>Alle richtigen Tiefpunkte im Leben haben mir sehr viel beigebracht &#8211; dieses liegt bald vor mir: Weisheitsz\u00e4hne entfernen lassen.<\/p>\n<p>&nbsp;<\/p>\n<p><strong>Wenn Sie f\u00fcr einen Tag den Job von jemand anderem \u00fcbernehmen k\u00f6nnten \u2013 welcher w\u00e4re das?<\/strong><\/p>\n<p>Olaf Scholz. Ich w\u00fcrde mit allen Ministern sprechen und mit ein paar relevanten Regierungschefs, um ein Gef\u00fchl daf\u00fcr zu bekommen, wie schwer das Regieren wirklich ist. Ich w\u00fcrde gerne mal erfahren, was aus deren Sicht die wirklich wichtigen Themen sind.<\/p>\n<p>&nbsp;<\/p>\n<div id=\"attachment_684470\" style=\"width: 424px\" class=\"wp-caption aligncenter\"><img loading=\"lazy\" decoding=\"async\" aria-describedby=\"caption-attachment-684470\" class=\"size-full wp-image-684470\" src=\"https:\/\/blog.wiwo.de\/management\/files\/2024\/05\/rightmart2-e1716836795606.jpg\" alt=\"\" width=\"414\" height=\"443\" srcset=\"https:\/\/blog.wiwo.de\/management\/files\/2024\/05\/rightmart2-e1716836795606.jpg 414w, https:\/\/blog.wiwo.de\/management\/files\/2024\/05\/rightmart2-e1716836795606-280x300.jpg 280w\" sizes=\"auto, (max-width: 414px) 100vw, 414px\" \/><p id=\"caption-attachment-684470\" class=\"wp-caption-text\">(Foto: Privat)<\/p><\/div>\n<p>&nbsp;<\/p>\n<p>&#8222;Ich liebe Lego. Mich beruhigt das Aufbauen ich habe immer ein Set zum Aufbauen am Arbeitsplatz,&#8220; erz\u00e4hlt Marco Klock.<\/p>\n<p>&nbsp;<\/p>\n<p>&nbsp;<\/p>\n<p>&nbsp;<\/p>\n<p><a href=\"https:\/\/www.faktenkontor.de\/pressemeldungen\/blogger-relevanzindex-das-sind-deutschlands-top-100-blogs\/\"><img loading=\"lazy\" decoding=\"async\" class=\"aligncenter size-medium wp-image-680063\" src=\"https:\/\/149798077.v2.pressablecdn.com\/management\/files\/2022\/06\/Wiwo.top_.10.blog_.2022.Blogger-Relevanzindex_Top-10-Blogs-2022-227x300.jpg\" alt=\"\" width=\"227\" height=\"300\" srcset=\"https:\/\/blog.wiwo.de\/management\/files\/2022\/06\/Wiwo.top_.10.blog_.2022.Blogger-Relevanzindex_Top-10-Blogs-2022-227x300.jpg 227w, https:\/\/blog.wiwo.de\/management\/files\/2022\/06\/Wiwo.top_.10.blog_.2022.Blogger-Relevanzindex_Top-10-Blogs-2022.jpg 492w\" sizes=\"auto, (max-width: 227px) 100vw, 227px\" \/><\/a><\/p>\n<div id=\"main\">\n<div id=\"primary\">\n<div id=\"content\" role=\"main\">\n<article id=\"post-679588\" class=\"post-679588 post type-post status-publish format-standard hentry category-allgemein tag-arbeitsbedingung tag-arbeitsklima tag-betriebsklima tag-big-quit tag-ey-ernst-young tag-fachkraftemangel tag-gehalt tag-great-resignation tag-jobwechsel tag-kundigung tag-kuendigungsabsicht tag-loehne tag-umfrage\">\n<div class=\"entry-content\">\n<p>&nbsp;<\/p>\n<p>&nbsp;<\/p>\n<p><a href=\"https:\/\/www.presseportal.de\/pm\/52884\/5255623\"><img loading=\"lazy\" decoding=\"async\" class=\"aligncenter size-medium wp-image-676731\" src=\"https:\/\/149798077.v2.pressablecdn.com\/management\/files\/2021\/06\/bloggerinnen.2021.neu_-300x212.jpg\" alt=\"\" width=\"300\" height=\"212\" srcset=\"https:\/\/blog.wiwo.de\/management\/files\/2021\/06\/bloggerinnen.2021.neu_-300x212.jpg 300w, https:\/\/blog.wiwo.de\/management\/files\/2021\/06\/bloggerinnen.2021.neu_-424x300.jpg 424w, https:\/\/blog.wiwo.de\/management\/files\/2021\/06\/bloggerinnen.2021.neu_.jpg 650w\" sizes=\"auto, (max-width: 300px) 100vw, 300px\" \/><\/a><\/p>\n<p>&nbsp;<\/p>\n<p><strong>Copyright: @Claudia T\u00f6dtmann. Alle Rechte vorbehalten.\u00a0<\/strong><\/p>\n<p><strong>M\u00f6chten Sie einen Blog-Beitrag nutzen, um nicht von Links abh\u00e4ngig zu sein? Kontakt f\u00fcr Nutzungsrechte, um Inhalte dauerhaft zu sichern: claudia.toedtmann@wiwo.de<\/strong><\/p>\n<p><strong>Alle inhaltlichen Rechte des Management-Blogs von Claudia T\u00f6dtmann liegen bei der Blog-Inhaberin. Jegliche Nutzung der Inhalte bed\u00fcrfen der ausdr\u00fccklichen Genehmigung.<\/strong><\/p>\n<\/div>\n<p><strong>Um den Lesefluss nicht zu behindern, wird in Management-Blog-Texten nur die m\u00e4nnliche Form genannt, aber immer sind die weibliche und andere Formen gleicherma\u00dfen mit gemeint.<\/strong><\/p>\n<\/article>\n<\/div>\n<\/div>\n<\/div>\n","protected":false},"excerpt":{"rendered":"<p>Den Fragebogen &#8222;Nahaufnahme&#8220; beantwortet Marco Klock, der CEO der die Legal-Tech-Kanzlei Rightmart Group\u00a0 &nbsp; &nbsp; Erkl\u00e4ren Sie in\u202feinem\u202f Satz, was Ihr Unternehmen tut.\u202f Die Marke Rightmart hilft Verbrauchern, ihre Rechtsprobleme zu l\u00f6sen, egal ob pl\u00f6tzliche K\u00fcndigung des Jobs, Kn\u00f6llchen oder &hellip; <a href=\"https:\/\/blog.wiwo.de\/management\/2024\/05\/28\/fragebogen-nahaufnahme-mit-rightmart-ceo-marco-klock-den-die-angst-vor-unpuenktlichkeit-zur-weissglut-treibt\/\">Weiterlesen <span class=\"meta-nav\">&rarr;<\/span><\/a><\/p>\n","protected":false},"author":19,"featured_media":0,"comment_status":"open","ping_status":"open","sticky":false,"template":"","format":"standard","meta":{"footnotes":""},"categories":[1],"tags":[10689,4763,11881,11169],"class_list":["post-684468","post","type-post","status-publish","format-standard","hentry","category-allgemein","tag-fragebogennahaufnahme","tag-fragebogen-nahaufnahme","tag-marco-kock","tag-rightmart"],"_links":{"self":[{"href":"https:\/\/blog.wiwo.de\/management\/wp-json\/wp\/v2\/posts\/684468","targetHints":{"allow":["GET"]}}],"collection":[{"href":"https:\/\/blog.wiwo.de\/management\/wp-json\/wp\/v2\/posts"}],"about":[{"href":"https:\/\/blog.wiwo.de\/management\/wp-json\/wp\/v2\/types\/post"}],"author":[{"embeddable":true,"href":"https:\/\/blog.wiwo.de\/management\/wp-json\/wp\/v2\/users\/19"}],"replies":[{"embeddable":true,"href":"https:\/\/blog.wiwo.de\/management\/wp-json\/wp\/v2\/comments?post=684468"}],"version-history":[{"count":2,"href":"https:\/\/blog.wiwo.de\/management\/wp-json\/wp\/v2\/posts\/684468\/revisions"}],"predecessor-version":[{"id":684472,"href":"https:\/\/blog.wiwo.de\/management\/wp-json\/wp\/v2\/posts\/684468\/revisions\/684472"}],"wp:attachment":[{"href":"https:\/\/blog.wiwo.de\/management\/wp-json\/wp\/v2\/media?parent=684468"}],"wp:term":[{"taxonomy":"category","embeddable":true,"href":"https:\/\/blog.wiwo.de\/management\/wp-json\/wp\/v2\/categories?post=684468"},{"taxonomy":"post_tag","embeddable":true,"href":"https:\/\/blog.wiwo.de\/management\/wp-json\/wp\/v2\/tags?post=684468"}],"curies":[{"name":"wp","href":"https:\/\/api.w.org\/{rel}","templated":true}]}}