{"id":683919,"date":"2024-03-07T00:08:23","date_gmt":"2024-03-06T23:08:23","guid":{"rendered":"https:\/\/blog.wiwo.de\/management\/?p=683919"},"modified":"2025-02-07T02:31:07","modified_gmt":"2025-02-07T01:31:07","slug":"wiwo-topkanzleien-immobilienrecht-und-privates-baurecht-2024-die-macht-der-gutachter-und-womit-sie-die-beteiligten-zuweilen-in-die-verzweiflung-treiben","status":"publish","type":"post","link":"https:\/\/blog.wiwo.de\/management\/2024\/03\/07\/wiwo-topkanzleien-immobilienrecht-und-privates-baurecht-2024-die-macht-der-gutachter-und-womit-sie-die-beteiligten-zuweilen-in-die-verzweiflung-treiben\/","title":{"rendered":"WiWo-Topkanzleien Immobilienrecht und Privates Baurecht 2024: Die Macht der Gutachter &#8211; und womit sie die Beteiligten zuweilen in die Verzweiflung treiben"},"content":{"rendered":"<div class=\"js-tt\"><\/div>\n<div class=\"js-tt\">\n<article class=\"o-article u-margin-top-xxxxl\" data-command=\"{&quot;trackLinks&quot;: &quot;&quot;}\" data-isarticle=\"true\">\n<div class=\"o-article__element\">\n<h2 class=\"c-headline c-headline--article u-margin-m\"><a href=\"http:\/\/Immobilien- und Baurecht: Ein Ranking der renommiertesten Kanzleien (wiwo.de)\"><span class=\"c-overline c-overline--alternate u-uppercase u-letter-spacing u-margin-m c-overline--article\">WiWo Top-Kanzleien Immobilienrecht und Privates Baurecht 2024<\/span><\/a><\/h2>\n<h1 class=\"c-headline c-headline--article u-margin-m\">Die Macht der Gutachter<\/h1>\n<div class=\"c-metadata u-margin-xl \">\n<p><span style=\"color: #000000;font-weight: bold\">Immer wieder gibt es \u00c4rger im Bau- und Immobilienrecht<\/span><\/p>\n<\/div>\n<div data-macro=\"lead-media\">\n<div class=\"o-media o-media--lead o-media--image u-margin-xxxxl o-media--landscape \">\n<div class=\"c-metadata \">\n<h1>Sachverst\u00e4ndige entscheiden oft \u00fcber den Ausgang von Bauprozessen. Womit sie die Beteiligten zuweilen in die Verzweiflung treiben<\/h1>\n<\/div>\n<\/div>\n<\/div>\n<div class=\"c-metadata u-margin-xl \">\n<div><span class=\"u-font-bold\">(Zuerst erschienen in der gedruckten WirtschaftsWoche <\/span>Februar 2024)<\/div>\n<\/div>\n<\/div>\n<\/article>\n<\/div>\n<p>&nbsp;<\/p>\n<div class=\"o-page-wrapper\">\n<div class=\"js-tt\">\n<div class=\"js-tt\">\n<div class=\"c-hblock c-hblock_t2 c-hblock_float-fixed c-hblock_float\" data-cy=\"header\" data-command=\"{&quot;headerNavigation&quot;: &quot;&quot;}\">\n<div class=\"c-hblock__wrap\">\n<div class=\"c-hblock__float-cell\">\n<div class=\"c-hblock__line\">\n<div class=\"c-hblock__line-right\"><\/div>\n<\/div>\n<div class=\"c-hblock__logo\">\n<div id=\"attachment_684016\" style=\"width: 497px\" class=\"wp-caption aligncenter\"><img loading=\"lazy\" decoding=\"async\" aria-describedby=\"caption-attachment-684016\" class=\"size-full wp-image-684016\" src=\"https:\/\/blog.wiwo.de\/management\/files\/2024\/03\/Baukran-e1709765680812.jpg\" alt=\"\" width=\"487\" height=\"282\" srcset=\"https:\/\/blog.wiwo.de\/management\/files\/2024\/03\/Baukran-e1709765680812.jpg 487w, https:\/\/blog.wiwo.de\/management\/files\/2024\/03\/Baukran-e1709765680812-300x174.jpg 300w\" sizes=\"auto, (max-width: 487px) 100vw, 487px\" \/><p id=\"caption-attachment-684016\" class=\"wp-caption-text\">(Foto: Privat)<\/p><\/div>\n<\/div>\n<\/div>\n<\/div>\n<\/div>\n<\/div>\n<\/div>\n<div class=\"js-tt\">\n<article class=\"o-article u-margin-top-xxxxl\" data-command=\"{&quot;trackLinks&quot;: &quot;&quot;}\" data-isarticle=\"true\">\n<div class=\"o-article__element\">\n<div data-macro=\"lead-media\">\n<div class=\"o-media o-media--lead o-media--image u-margin-xxxxl o-media--landscape \">\n<div class=\"c-metadata \">\n<h1><\/h1>\n<\/div>\n<\/div>\n<\/div>\n<div class=\"c-advertisment__fullWidth c-advertisment--iqadtile3_header\">\n<div class=\"c-advertisment__fullWidth c-advertisment--P1_mobile\">\n<div class=\"wiwo-cls-1\">\n<div id=\"ad-iqadtile1-mob\" class=\"iqadtile\"><\/div>\n<\/div>\n<\/div>\n<\/div>\n<div class=\"c-list\">\n<div class=\"slick-list\">\n<div class=\"slick-track\">\n<div class=\"slick-slide\" data-slick-index=\"2\" aria-hidden=\"true\">\n<div>Eigentlich sollte der Bausachverst\u00e4ndige den Richtern vom Landgericht M\u00fcnchen nur einige technische Fragen beantworten. Doch stattdessen machte er seitenlange Ausf\u00fchrungen \u00fcber seine pers\u00f6nlichen Ansichten und lieferte einer Partei noch ungefragt Tipps. Seine eigentliche Arbeit, statische Berechnungen, blieb er schuldig und belie\u00df es bei seinem \u201eAugenschein\u201c f\u00fcr die Gefahreneinsch\u00e4tzung, erz\u00e4hlt Baurechtler Marvin Lederer von Heuking.<\/div>\n<\/div>\n<\/div>\n<\/div>\n<\/div>\n<\/div>\n<div class=\"o-article__content c-richText\">\n<div class=\"o-article__content-element o-article__content-element--richtext\">\n<div class=\"u-richtext\" data-command=\"{&quot;richtext&quot;: {}}\">\n<p>&nbsp;<\/p>\n<div id=\"attachment_684014\" style=\"width: 160px\" class=\"wp-caption alignright\"><img loading=\"lazy\" decoding=\"async\" aria-describedby=\"caption-attachment-684014\" class=\"size-thumbnail wp-image-684014\" src=\"https:\/\/blog.wiwo.de\/management\/files\/2024\/03\/LedererMarvin.Heuking.2024-150x150.jpg\" alt=\"\" width=\"150\" height=\"150\" \/><p id=\"caption-attachment-684014\" class=\"wp-caption-text\">Marvin Lederer (Foto: C.T\u00f6dtmann)<\/p><\/div>\n<\/div>\n<\/div>\n<div class=\"o-article__content-element o-article__content-element--richtext\">\n<div class=\"u-richtext\" data-command=\"{&quot;richtext&quot;: {}}\">\n<p>Der Fall zeigt ein Dilemma, das sich in vielen Gerichtss\u00e4len abspielt. Immer wieder erleben Anw\u00e4lte, dass sich Sachverst\u00e4ndige zum Co-Richter aufschwingen, offen oder verdeckt Partei ergreifen, statt neutral zu sein. Sie f\u00fcrchten ungerechte Entscheidungen. Doch solche Gutachten aus der Welt zu schaffen, gelingt selten. Und auf der Suche nach fachlichen Einsch\u00e4tzungen geht viel Zeit verloren.<\/p>\n<\/div>\n<\/div>\n<div class=\"c-advertisment__fullWidth c-advertisment--P2_mobile\">\n<div class=\"wiwo-cls-3\">\n<div id=\"ad-iqadtile3-mob\" class=\"iqadtile PETER2\"><\/div>\n<\/div>\n<\/div>\n<div class=\"o-article__content-element o-article__content-element--richtext\">\n<div class=\"u-richtext\" data-command=\"{&quot;richtext&quot;: {}}\">\n<p>So wie im M\u00fcnchner Fall: Vor Gericht standen sich als Kontrahenten eine Gemeinde und eine Wohnungseigent\u00fcmergemeinschaft gegen\u00fcber, Anlass des Streits war eine Trafostation auf deren Grundst\u00fcck. Die Eigent\u00fcmer wollten sie entfernen, die Gemeinde dagegen erneuern und erweitern. Vor Gericht ging es um die Fragen, wie tragf\u00e4hig die Kellerdecke war, auf der die 1300 Kilogramm schwere Trafostation steht, und ob das Geb\u00e4ude einsturzgef\u00e4hrdet sei durch eine neue Station, die 700 Kilogramm mehr wiege. Antworten sollte ein Sachverst\u00e4ndiger, ein Diplomingenieur, geben. Doch obwohl die Richter ihm nach seinem Gutachten zweimal Erg\u00e4nzungsgutachten mit Nachfragen aufgaben, bekamen sie in vier Jahren keine zufriedenstellende Auskunft.<\/p>\n<\/div>\n<\/div>\n<div class=\"o-article__content-element o-article__content-element--richtext\">\n<div class=\"u-richtext\" data-command=\"{&quot;richtext&quot;: {}}\">\n<h3>Akten bleiben zwei Jahre lang liegen<\/h3>\n<\/div>\n<\/div>\n<div class=\"o-article__content-element o-article__content-element--richtext\">\n<div class=\"u-richtext\" data-command=\"{&quot;richtext&quot;: {}}\">\n<p>Daraufhin stellte die Eigent\u00fcmergemeinschaft gegen den Sachverst\u00e4ndigen einen<\/p>\n<div id=\"attachment_673030\" style=\"width: 160px\" class=\"wp-caption alignright\"><img loading=\"lazy\" decoding=\"async\" aria-describedby=\"caption-attachment-673030\" class=\"size-thumbnail wp-image-673030\" src=\"https:\/\/blog.wiwo.de\/management\/files\/2020\/01\/boldt.Anja_.Baurechtlerin-1-150x150.jpg\" alt=\"\" width=\"150\" height=\"150\" \/><p id=\"caption-attachment-673030\" class=\"wp-caption-text\">Antje Boldt (Foto: Privat)<\/p><\/div>\n<p>Antrag auf Befangenheit beim Landgericht. Erfolglos. Dass Gerichte solchen Antr\u00e4gen stattgeben, ist selten, wei\u00df Antje Boldt, Baurechtlerin bei Rittershaus. Es gebe, so Boldts Beobachtung, fast keine Handhabe gegen Sachverst\u00e4ndige, man sei ihnen ausgeliefert. Auch Qualit\u00e4tskontrollen f\u00fcr Gutachten sind nicht vorgesehen, erz\u00e4hlt die Anw\u00e4ltin. Die bayrische Eigent\u00fcmergemeinschaft setzte sich erst in zweiter Instanz, beim Oberlandesgericht M\u00fcnchen, gegen den Gutachter durch.<\/p>\n<\/div>\n<\/div>\n<div class=\"c-advertisment__fullWidth c-advertisment--P4_desktop\">\n<div id=\"ad-iqadtile4\" class=\"iqadtile\">\n<div id=\"iqadtile4\"><\/div>\n<\/div>\n<div id=\"js-stepstone-listing--article\" class=\"o-stepstone-listing o-stepstone-listing--large js-stepstone-listing--large o-stepstone-listing--show\"><\/div>\n<\/div>\n<div class=\"c-advertisment__fullWidth c-advertisment--CT_contentteaser_mobile_1\">\n<div class=\"wiwo-cls-99\">\n<div id=\"ad-iqadtile99-mob\" class=\"iqadtile\"><\/div>\n<\/div>\n<\/div>\n<div class=\"o-article__content-element o-article__content-element--richtext\">\n<div class=\"u-richtext\" data-command=\"{&quot;richtext&quot;: {}}\">\n<div id=\"attachment_683839\" style=\"width: 160px\" class=\"wp-caption alignleft\"><img loading=\"lazy\" decoding=\"async\" aria-describedby=\"caption-attachment-683839\" class=\"size-thumbnail wp-image-683839\" src=\"https:\/\/blog.wiwo.de\/management\/files\/2024\/01\/Haas.Julia_.freshfields.1-150x150.jpg\" alt=\"\" width=\"150\" height=\"150\" \/><p id=\"caption-attachment-683839\" class=\"wp-caption-text\">Julia Haas (Foto: C.T\u00f6dtmann)<\/p><\/div>\n<p>Die F\u00e4lle, in den ein Gericht einen Sachverst\u00e4ndigen wegen Befangenheit ablehnt, sind selten. Es kam aber durchaus schon vor \u2013 etwa, nachdem Gutachter zu Ortsterminen nicht alle Beteiligten einluden, schon f\u00fcr eine Partei gearbeitet oder sich als deren Duz-Kumpel entpuppt hatten, wie Julia Haas, Immobilienrechtlerin bei Freshfields, berichtet. Schlie\u00dflich verlie\u00dfen die Sachverst\u00e4ndigen damit ihre Rolle als neutraler Gehilfe des Gerichts.<\/p>\n<\/div>\n<\/div>\n<div class=\"o-article__content-element u-margin-xxl\" data-command=\"{&quot;trackShorttext&quot;: &quot;&quot;}\">\n<div data-macro=\"gallery-shorttext\">\n<div class=\"c-gallery__item c-gallery__item--shorttext\">\n<div class=\"c-gallery__item-body c-gallery__item-body--shorttext u-richtext u-richtext--compact\">\n<p>&nbsp;<\/p>\n<\/div>\n<\/div>\n<\/div>\n<\/div>\n<div class=\"o-article__content-element o-article__content-element--richtext\">\n<div class=\"u-richtext\" data-command=\"{&quot;richtext&quot;: {}}\">\n<p>Immer \u00f6fter sorgen Sachverst\u00e4ndige zudem f\u00fcr Ver\u00e4rgerung, weil sie so langsam liefern. Bei manchem Gutachter liegen die Akten zwei Jahre unangetastet auf demselben Fleck, erz\u00e4hlt Baurechtler Lederer. Eine Folge des Fachkr\u00e4ftemangels. Kenner der Branche wissen durchaus, wie sie an ebenso versierte wie verl\u00e4ssliche Experten kommen. Meist seien dies Handwerker mit einer Fortbildung, sagt Lederer. \u00c4rgerlich findet allerdings mancher: Sachverst\u00e4ndiger ist kein gesch\u00fctzter Begriff, jeder kann sich so bezeichnen.<\/p>\n<\/div>\n<\/div>\n<div class=\"c-advertisment__fullWidth c-advertisment--CT_contentteaser_desktop_1\">\n<div id=\"ad-iqadtile99\" class=\"iqadtile\">\n<div id=\"iqadtile99\"><\/div>\n<\/div>\n<\/div>\n<div class=\"o-article__content-element o-article__content-element--richtext\">\n<div class=\"u-richtext\" data-command=\"{&quot;richtext&quot;: {}}\">\n<p>Die Verz\u00f6gerungen haben aber auch strukturelle Gr\u00fcnde: \u00dcblicherweise beauftragt eine<\/p>\n<div id=\"attachment_678738\" style=\"width: 160px\" class=\"wp-caption alignright\"><img loading=\"lazy\" decoding=\"async\" aria-describedby=\"caption-attachment-678738\" class=\"size-thumbnail wp-image-678738\" src=\"https:\/\/blog.wiwo.de\/management\/files\/2022\/01\/freund.5.heuking.heller-150x150.jpg\" alt=\"\" width=\"150\" height=\"150\" \/><p id=\"caption-attachment-678738\" class=\"wp-caption-text\">Stephan Freund (Foto: C.T\u00f6dtmann)<\/p><\/div>\n<p>Partei ein Gutachten, dann die andere ein Gegengutachten und danach der Richter ein drittes. Aber alles nur nacheinander, kritisiert Baurechtler Stephan Freund. \u201eSolange alle auf Sachverst\u00e4ndige warten, ruht der Bau, die Parteien verlieren Zeit und Geld\u201c, wei\u00df Haas. Wechsele in der Zwischenzeit auch noch der Richter, weil er etwa in Elternzeit geht, pensioniert oder versetzt wird, verz\u00f6gert es sich weiter. Schlie\u00dflich muss sich ein Nachfolger erst einarbeiten.<\/p>\n<\/div>\n<\/div>\n<div class=\"c-advertisment__fullWidth c-advertisment--P3_mobile\">\n<div class=\"wiwo-cls-4\">\n<div id=\"ad-iqadtile4-mob\" class=\"iqadtile\"><\/div>\n<\/div>\n<\/div>\n<div class=\"o-article__content-element o-article__content-element--richtext\">\n<div class=\"u-richtext\" data-command=\"{&quot;richtext&quot;: {}}\">\n<p>Gegen \u00fcberf\u00e4llige Gutachter lasse sich kaum etwas tun, sagt Boldt. Sie berichtet von einem H\u00e4ndler in Hessen, der vor elf Jahren eine Lagerhalle bauen lie\u00df, die kurz darauf Risse zeigte. Der Mann wollte gerichtlich kl\u00e4ren, ob Planungsfehler oder handwerkliche M\u00e4ngel die Ursache f\u00fcr den 25.000-Euro-Schaden waren. Keine der Fristen des Gerichts half, der Gutachter meldete sich nie, auch nicht, als ihm ein Ordnungsgeld angedroht wurde. Nach drei Jahren Unt\u00e4tigkeit entzog ihm das Gericht den Auftrag.<\/p>\n<\/div>\n<\/div>\n<div class=\"c-advertisment__fullWidth c-advertisment--P5_desktop\">\n<div id=\"ad-iqadtile41\" class=\"iqadtile\">\n<div id=\"iqadtile41\"><\/div>\n<\/div>\n<\/div>\n<div class=\"o-article__content-element o-article__content-element--richtext\">\n<div class=\"u-richtext\" data-command=\"{&quot;richtext&quot;: {}}\">\n<p>Die Folgen sind mitunter tragisch. Etwa f\u00fcr eine Krefelderin, die sich ein barrierefreies Haus mit Einliegerwohnung f\u00fcr eine Pflegekraft bauen wollte, als sie 70 Jahre alt war. Nachdem der Rohbau fertig war, entbrannte Streit mit der Baufirma \u00fcber eine 200-Punkte-M\u00e4ngelliste, der Bau stoppte. Die n\u00e4chsten zw\u00f6lf Jahre erlebte ihr Anwalt, Baurechtler Freund, als \u201eBegutachtungs-Arie\u201c. Der Richter bestellte nacheinander f\u00fcnf Gutachten, jedes dauerte ein bis anderthalb Jahre. Den Prozess beendete erst k\u00fcrzlich die Insolvenz des Bauunternehmens. Die Frau konnte nie in ihr altersgerechtes Wunschhaus einziehen, sie verkaufte den Rohbau.<\/p>\n<\/div>\n<\/div>\n<div class=\"o-article__content-element o-article__content-element--richtext\">\n<div class=\"u-richtext\" data-command=\"{&quot;richtext&quot;: {}}\">\n<p>Die bayrische Eigent\u00fcmergemeinschaft ist in der Auseinandersetzung um die Trafostation auch keinen Zentimeter weiter. Die Richter vom Oberlandesgericht verwiesen den Fall zur\u00fcck ans Landgericht. Und das beauftragt den n\u00e4chsten Gutachter.<\/p>\n<\/div>\n<\/div>\n<div class=\"o-article__content-element o-article__content-element--richtext\">\n<h1 class=\"u-richtext\"><\/h1>\n<div class=\"dw-chart-header has-header-right datawrapper-txPXU-1u65r2g svelte-13lpkhe\">\n<div class=\"dw-chart-header-right \">\n<h1 class=\"block headline-block datawrapper-txPXU-kupg94\"><span class=\"block-inner\">Die renommiertesten Kanzleien und Anw\u00e4lte f\u00fcr Immobilienrecht\u00b9<\/span><\/h1>\n<\/div>\n<\/div>\n<div id=\"chart\" class=\"dw-chart-body vis-height-fixed datawrapper-txPXU-1nsna02 svelte-1xgyepy content-below-chart\">\n<div class=\"dw-chart-body-content svelte-1xgyepy\" aria-hidden=\"false\">\n<div class=\"table-container svelte-1smti70\">\n<div class=\"table-scroll svelte-1smti70\">\n<table class=\"medium datawrapper-txPXU-1k2zto9 svelte-1smti70\" cellspacing=\"0\">\n<caption class=\"sr-only\">\u00a0<\/caption>\n<thead>\n<tr class=\"datawrapper-txPXU-1wbuely svelte-1smti70\">\n<th class=\"first type-text align-left cell svelte-1fhgpfc\" colspan=\"1\" scope=\"col\" data-column=\"Top-Kanzlei\" data-row=\"-1\"><span class=\"content dw-bold\">Top-Kanzlei<\/span><\/th>\n<th class=\"last type-text align-left cell svelte-1fhgpfc\" colspan=\"1\" scope=\"col\" data-column=\"besonders empfohlene Anw\u00e4lte\" data-row=\"-1\"><span class=\"content dw-bold\">besonders empfohlene Anw\u00e4lte<\/span><\/th>\n<\/tr>\n<\/thead>\n<tbody>\n<tr class=\"datawrapper-txPXU-1c5djey svelte-1smti70\">\n<th class=\"first type-text dw-bold align-left align-vertical-middle td cell svelte-1ws307v\" colspan=\"1\" scope=\"row\">Advant Beiten<\/th>\n<td class=\"last type-text align-left align-vertical-middle td cell svelte-1ws307v\" colspan=\"1\">Detlef Koch<\/td>\n<\/tr>\n<tr class=\"datawrapper-txPXU-1c5djey svelte-1smti70\">\n<th class=\"first type-text dw-bold align-left align-vertical-middle td cell svelte-1ws307v\" colspan=\"1\" scope=\"row\">Anker May<\/th>\n<td class=\"last type-text align-left align-vertical-middle td cell svelte-1ws307v\" colspan=\"1\">Ulrich May<\/td>\n<\/tr>\n<tr class=\"datawrapper-txPXU-1c5djey svelte-1smti70\">\n<th class=\"first type-text dw-bold align-left align-vertical-middle td cell svelte-1ws307v\" colspan=\"1\" scope=\"row\">Ashurst<\/th>\n<td class=\"last type-text align-left align-vertical-middle td cell svelte-1ws307v\" colspan=\"1\">Liane Muschter<\/td>\n<\/tr>\n<tr class=\"datawrapper-txPXU-1c5djey svelte-1smti70\">\n<th class=\"first type-text dw-bold align-left align-vertical-middle td cell svelte-1ws307v\" colspan=\"1\" scope=\"row\">BCLP<\/th>\n<td class=\"last type-text align-left align-vertical-middle td cell svelte-1ws307v\" colspan=\"1\">Christian Lonquich<\/td>\n<\/tr>\n<tr class=\"datawrapper-txPXU-1c5djey svelte-1smti70\">\n<th class=\"first type-text dw-bold align-left align-vertical-middle td cell svelte-1ws307v\" colspan=\"1\" scope=\"row\">B\u00f6hm Mosch<\/th>\n<td class=\"last type-text align-left align-vertical-middle td cell svelte-1ws307v\" colspan=\"1\">Katharina B\u00f6hm<\/td>\n<\/tr>\n<tr class=\"datawrapper-txPXU-1c5djey svelte-1smti70\">\n<th class=\"first type-text dw-bold align-left align-vertical-middle td cell svelte-1ws307v\" colspan=\"1\" scope=\"row\">Clifford Chance<\/th>\n<td class=\"last type-text align-left align-vertical-middle td cell svelte-1ws307v\" colspan=\"1\">Dennis Blechinger, Gerold Jaeger, Christian Keilich<\/td>\n<\/tr>\n<tr class=\"datawrapper-txPXU-1c5djey svelte-1smti70\">\n<th class=\"first type-text dw-bold align-left align-vertical-middle td cell svelte-1ws307v\" colspan=\"1\" scope=\"row\">Conradi<\/th>\n<td class=\"last type-text align-left align-vertical-middle td cell svelte-1ws307v\" colspan=\"1\">Johannes Conradi<\/td>\n<\/tr>\n<tr class=\"datawrapper-txPXU-1c5djey svelte-1smti70\">\n<th class=\"first type-text dw-bold align-left align-vertical-middle td cell svelte-1ws307v\" colspan=\"1\" scope=\"row\">DLA Piper<\/th>\n<td class=\"last type-text align-left align-vertical-middle td cell svelte-1ws307v\" colspan=\"1\">Fabian M\u00fchlen, Thomas Herbst<\/td>\n<\/tr>\n<tr class=\"datawrapper-txPXU-1c5djey svelte-1smti70\">\n<th class=\"first type-text dw-bold align-left align-vertical-middle td cell svelte-1ws307v\" colspan=\"1\" scope=\"row\">FPS<\/th>\n<td class=\"last type-text align-left align-vertical-middle td cell svelte-1ws307v\" colspan=\"1\">Tobias T\u00f6rnig<\/td>\n<\/tr>\n<tr class=\"datawrapper-txPXU-1c5djey svelte-1smti70\">\n<th class=\"first type-text dw-bold align-left align-vertical-middle td cell svelte-1ws307v\" colspan=\"1\" scope=\"row\">G\u00f6rg<\/th>\n<td class=\"last type-text align-left align-vertical-middle td cell svelte-1ws307v\" colspan=\"1\">Philipp Naab<\/td>\n<\/tr>\n<tr class=\"datawrapper-txPXU-1c5djey svelte-1smti70\">\n<th class=\"first type-text dw-bold align-left align-vertical-middle td cell svelte-1ws307v\" colspan=\"1\" scope=\"row\">Greenberg Traurig<\/th>\n<td class=\"last type-text align-left align-vertical-middle td cell svelte-1ws307v\" colspan=\"1\">Christian Schede<\/td>\n<\/tr>\n<tr class=\"datawrapper-txPXU-1c5djey svelte-1smti70\">\n<th class=\"first type-text dw-bold align-left align-vertical-middle td cell svelte-1ws307v\" colspan=\"1\" scope=\"row\">GSK Stockmann<\/th>\n<td class=\"last type-text align-left align-vertical-middle td cell svelte-1ws307v\" colspan=\"1\">Dirk Br\u00fcckner, Jenny Mehlitz<\/td>\n<\/tr>\n<tr class=\"datawrapper-txPXU-1c5djey svelte-1smti70\">\n<th class=\"first type-text dw-bold align-left align-vertical-middle td cell svelte-1ws307v\" colspan=\"1\" scope=\"row\">Hengeler Mueller<\/th>\n<td class=\"last type-text align-left align-vertical-middle td cell svelte-1ws307v\" colspan=\"1\">Thomas Lang, Thomas M\u00fcller<\/td>\n<\/tr>\n<tr class=\"datawrapper-txPXU-1c5djey svelte-1smti70\">\n<th class=\"first type-text dw-bold align-left align-vertical-middle td cell svelte-1ws307v\" colspan=\"1\" scope=\"row\">Hogan Lovells<\/th>\n<td class=\"last type-text align-left align-vertical-middle td cell svelte-1ws307v\" colspan=\"1\">Roland Bomhard, Markus Franken<\/td>\n<\/tr>\n<tr class=\"datawrapper-txPXU-1c5djey svelte-1smti70\">\n<th class=\"first type-text dw-bold align-left align-vertical-middle td cell svelte-1ws307v\" colspan=\"1\" scope=\"row\">Kucera<\/th>\n<td class=\"last type-text align-left align-vertical-middle td cell svelte-1ws307v\" colspan=\"1\">Nicole Ruf<\/td>\n<\/tr>\n<tr class=\"datawrapper-txPXU-1c5djey svelte-1smti70\">\n<th class=\"first type-text dw-bold align-left align-vertical-middle td cell svelte-1ws307v\" colspan=\"1\" scope=\"row\">Linklaters<\/th>\n<td class=\"last type-text align-left align-vertical-middle td cell svelte-1ws307v\" colspan=\"1\">Wolfram Kr\u00fcger<\/td>\n<\/tr>\n<tr class=\"datawrapper-txPXU-1c5djey svelte-1smti70\">\n<th class=\"first type-text dw-bold align-left align-vertical-middle td cell svelte-1ws307v\" colspan=\"1\" scope=\"row\">Loschelder<\/th>\n<td class=\"last type-text align-left align-vertical-middle td cell svelte-1ws307v\" colspan=\"1\">Stefan Stock<\/td>\n<\/tr>\n<tr class=\"datawrapper-txPXU-1c5djey svelte-1smti70\">\n<th class=\"first type-text dw-bold align-left align-vertical-middle td cell svelte-1ws307v\" colspan=\"1\" scope=\"row\">McDermott Will &amp; Emery<\/th>\n<td class=\"last type-text align-left align-vertical-middle td cell svelte-1ws307v\" colspan=\"1\">Thomas Beisken<\/td>\n<\/tr>\n<tr class=\"datawrapper-txPXU-1c5djey svelte-1smti70\">\n<th class=\"first type-text dw-bold align-left align-vertical-middle td cell svelte-1ws307v\" colspan=\"1\" scope=\"row\">Noerr<\/th>\n<td class=\"last type-text align-left align-vertical-middle td cell svelte-1ws307v\" colspan=\"1\">Alexander J\u00e4necke, Manuel Lomb, Annette Pospich<\/td>\n<\/tr>\n<tr class=\"datawrapper-txPXU-1c5djey svelte-1smti70\">\n<th class=\"first type-text dw-bold align-left align-vertical-middle td cell svelte-1ws307v\" colspan=\"1\" scope=\"row\">Willkie<\/th>\n<td class=\"last type-text align-left align-vertical-middle td cell svelte-1ws307v\" colspan=\"1\">Cornelia Thaler, Moritz Vettermann<\/td>\n<\/tr>\n<\/tbody>\n<\/table>\n<\/div>\n<\/div>\n<\/div>\n<\/div>\n<div id=\"footer\" class=\"dw-chart-footer datawrapper-txPXU-1spzjv2 svelte-13lpkhe\">\n<div class=\"footer-left layout-inline svelte-1mufarc\"><span class=\"footer-block notes-block datawrapper-txPXU-1slu0f3 svelte-1mufarc\"><span class=\"block-inner\">\u00b9 alphabetische Sortierung<\/span><\/span>\u00a0<span class=\"footer-block source-block svelte-1mufarc\"><span class=\"block-inner\"><span class=\"source-caption\">Quelle:<\/span>\u00a0<span class=\"source\">WirtschaftsWoche\/HRI 2024<\/span><\/span><\/span><\/div>\n<\/div>\n<\/div>\n<\/div>\n<\/article>\n<\/div>\n<\/div>\n<h1 class=\"footer-center layout-inline svelte-1mufarc\"><\/h1>\n<p>&nbsp;<\/p>\n<p>&nbsp;<\/p>\n<div>\n<div class=\"dw-chart-header has-header-right datawrapper-Of12P-1u65r2g svelte-13lpkhe\">\n<div class=\"dw-chart-header-right \">\n<h1 class=\"block headline-block datawrapper-Of12P-kupg94\"><span class=\"block-inner\">Die renommiertesten Kanzleien und Anw\u00e4lte f\u00fcr privates Baurecht\u00b9<\/span><\/h1>\n<\/div>\n<\/div>\n<div id=\"chart\" class=\"dw-chart-body vis-height-fixed datawrapper-Of12P-1nsna02 svelte-1xgyepy content-below-chart\">\n<div class=\"dw-chart-body-content svelte-1xgyepy\" aria-hidden=\"false\">\n<div class=\"table-container svelte-1smti70\">\n<div class=\"table-scroll svelte-1smti70\">\n<table class=\"medium datawrapper-Of12P-1k2zto9 svelte-1smti70\" cellspacing=\"0\">\n<thead>\n<tr class=\"datawrapper-Of12P-1wbuely svelte-1smti70\">\n<th class=\"first type-text align-left cell svelte-1fhgpfc\" colspan=\"1\" scope=\"col\" data-column=\"Top-Kanzlei\" data-row=\"-1\">\n<h2><span class=\"content dw-bold\">Top-Kanzlei<\/span><\/h2>\n<\/th>\n<th class=\"last type-text align-left cell svelte-1fhgpfc\" colspan=\"1\" scope=\"col\" data-column=\"besonders empfohlene Anw\u00e4lte\" data-row=\"-1\">\n<h2><span class=\"content dw-bold\">besonders empfohlene Anw\u00e4lte<\/span><\/h2>\n<\/th>\n<\/tr>\n<\/thead>\n<tbody>\n<tr class=\"datawrapper-Of12P-1c5djey svelte-1smti70\">\n<th class=\"first type-text dw-bold align-left align-vertical-middle td cell svelte-1ws307v\" colspan=\"1\" scope=\"row\">Antweiler Liebschwager Nieberding<\/th>\n<td class=\"last type-text align-left align-vertical-middle td cell svelte-1ws307v\" colspan=\"1\">Felix Nieberding<\/td>\n<\/tr>\n<tr class=\"datawrapper-Of12P-1c5djey svelte-1smti70\">\n<th class=\"first type-text dw-bold align-left align-vertical-middle td cell svelte-1ws307v\" colspan=\"1\" scope=\"row\">B\u00f6rgers<\/th>\n<td class=\"last type-text align-left align-vertical-middle td cell svelte-1ws307v\" colspan=\"1\">Wolfgang Jakob<\/td>\n<\/tr>\n<tr class=\"datawrapper-Of12P-1c5djey svelte-1smti70\">\n<th class=\"first type-text dw-bold align-left align-vertical-middle td cell svelte-1ws307v\" colspan=\"1\" scope=\"row\">Breyer<\/th>\n<td class=\"last type-text align-left align-vertical-middle td cell svelte-1ws307v\" colspan=\"1\">Wolfgang Breyer<\/td>\n<\/tr>\n<tr class=\"datawrapper-Of12P-1c5djey svelte-1smti70\">\n<th class=\"first type-text dw-bold align-left align-vertical-middle td cell svelte-1ws307v\" colspan=\"1\" scope=\"row\">CMS<\/th>\n<td class=\"last type-text align-left align-vertical-middle td cell svelte-1ws307v\" colspan=\"1\">Andreas Roquette<\/td>\n<\/tr>\n<tr class=\"datawrapper-Of12P-1c5djey svelte-1smti70\">\n<th class=\"first type-text dw-bold align-left align-vertical-middle td cell svelte-1ws307v\" colspan=\"1\" scope=\"row\">FPS<\/th>\n<td class=\"last type-text align-left align-vertical-middle td cell svelte-1ws307v\" colspan=\"1\">Stephan J\u00fcngst<\/td>\n<\/tr>\n<tr class=\"datawrapper-Of12P-1c5djey svelte-1smti70\">\n<th class=\"first type-text dw-bold align-left align-vertical-middle td cell svelte-1ws307v\" colspan=\"1\" scope=\"row\">Franz + Partner<\/th>\n<td class=\"last type-text align-left align-vertical-middle td cell svelte-1ws307v\" colspan=\"1\">Birgit Franz, Thomas Thierau<\/td>\n<\/tr>\n<tr class=\"datawrapper-Of12P-1c5djey svelte-1smti70\">\n<th class=\"first type-text dw-bold align-left align-vertical-middle td cell svelte-1ws307v\" colspan=\"1\" scope=\"row\">GSK Stockmann<\/th>\n<td class=\"last type-text align-left align-vertical-middle td cell svelte-1ws307v\" colspan=\"1\">Team<\/td>\n<\/tr>\n<tr class=\"datawrapper-Of12P-1c5djey svelte-1smti70\">\n<th class=\"first type-text dw-bold align-left align-vertical-middle td cell svelte-1ws307v\" colspan=\"1\" scope=\"row\">GvW Graf von Westphalen<\/th>\n<td class=\"last type-text align-left align-vertical-middle td cell svelte-1ws307v\" colspan=\"1\">Robert Theissen<\/td>\n<\/tr>\n<tr class=\"datawrapper-Of12P-1c5djey svelte-1smti70\">\n<th class=\"first type-text dw-bold align-left align-vertical-middle td cell svelte-1ws307v\" colspan=\"1\" scope=\"row\">Hecker Werner Himmelreich<\/th>\n<td class=\"last type-text align-left align-vertical-middle td cell svelte-1ws307v\" colspan=\"1\">Team<\/td>\n<\/tr>\n<tr class=\"datawrapper-Of12P-1c5djey svelte-1smti70\">\n<th class=\"first type-text dw-bold align-left align-vertical-middle td cell svelte-1ws307v\" colspan=\"1\" scope=\"row\">Heuking<\/th>\n<td class=\"last type-text align-left align-vertical-middle td cell svelte-1ws307v\" colspan=\"1\">Stephan Freund<\/td>\n<\/tr>\n<tr class=\"datawrapper-Of12P-1c5djey svelte-1smti70\">\n<th class=\"first type-text dw-bold align-left align-vertical-middle td cell svelte-1ws307v\" colspan=\"1\" scope=\"row\">HFK Heiermann Franke Knipp und Partner<\/th>\n<td class=\"last type-text align-left align-vertical-middle td cell svelte-1ws307v\" colspan=\"1\">Team<\/td>\n<\/tr>\n<tr class=\"datawrapper-Of12P-1c5djey svelte-1smti70\">\n<th class=\"first type-text dw-bold align-left align-vertical-middle td cell svelte-1ws307v\" colspan=\"1\" scope=\"row\">Kapellmann<\/th>\n<td class=\"last type-text align-left align-vertical-middle td cell svelte-1ws307v\" colspan=\"1\">Ervis Caja, Heiko Fuchs, Werner Langen<\/td>\n<\/tr>\n<tr class=\"datawrapper-Of12P-1c5djey svelte-1smti70\">\n<th class=\"first type-text dw-bold align-left align-vertical-middle td cell svelte-1ws307v\" colspan=\"1\" scope=\"row\">Kunz<\/th>\n<td class=\"last type-text align-left align-vertical-middle td cell svelte-1ws307v\" colspan=\"1\">Stefanie Theis<\/td>\n<\/tr>\n<tr class=\"datawrapper-Of12P-1c5djey svelte-1smti70\">\n<th class=\"first type-text dw-bold align-left align-vertical-middle td cell svelte-1ws307v\" colspan=\"1\" scope=\"row\">Leinemann<\/th>\n<td class=\"last type-text align-left align-vertical-middle td cell svelte-1ws307v\" colspan=\"1\">Michael G\u00f6ger, Oliver Homann, Jarl-Hendrik Kues, Ralf Leinemann<\/td>\n<\/tr>\n<tr class=\"datawrapper-Of12P-1c5djey svelte-1smti70\">\n<th class=\"first type-text dw-bold align-left align-vertical-middle td cell svelte-1ws307v\" colspan=\"1\" scope=\"row\">Loschelder<\/th>\n<td class=\"last type-text align-left align-vertical-middle td cell svelte-1ws307v\" colspan=\"1\">Walter Klein<\/td>\n<\/tr>\n<tr class=\"datawrapper-Of12P-1c5djey svelte-1smti70\">\n<th class=\"first type-text dw-bold align-left align-vertical-middle td cell svelte-1ws307v\" colspan=\"1\" scope=\"row\">Redeker Sellner Dahs<\/th>\n<td class=\"last type-text align-left align-vertical-middle td cell svelte-1ws307v\" colspan=\"1\">Team<\/td>\n<\/tr>\n<tr class=\"datawrapper-Of12P-1c5djey svelte-1smti70\">\n<th class=\"first type-text dw-bold align-left align-vertical-middle td cell svelte-1ws307v\" colspan=\"1\" scope=\"row\">Rittershaus<\/th>\n<td class=\"last type-text align-left align-vertical-middle td cell svelte-1ws307v\" colspan=\"1\">Antje Boldt<\/td>\n<\/tr>\n<tr class=\"datawrapper-Of12P-1c5djey svelte-1smti70\">\n<th class=\"first type-text dw-bold align-left align-vertical-middle td cell svelte-1ws307v\" colspan=\"1\" scope=\"row\">Rotthege<\/th>\n<td class=\"last type-text align-left align-vertical-middle td cell svelte-1ws307v\" colspan=\"1\">Martin Ludgen<\/td>\n<\/tr>\n<tr class=\"datawrapper-Of12P-1c5djey svelte-1smti70\">\n<th class=\"first type-text dw-bold align-left align-vertical-middle td cell svelte-1ws307v\" colspan=\"1\" scope=\"row\">Sienz &amp; Schmitz<\/th>\n<td class=\"last type-text align-left align-vertical-middle td cell svelte-1ws307v\" colspan=\"1\">Claus Schmitz<\/td>\n<\/tr>\n<tr class=\"datawrapper-Of12P-1c5djey svelte-1smti70\">\n<th class=\"first type-text dw-bold align-left align-vertical-middle td cell svelte-1ws307v\" colspan=\"1\" scope=\"row\">Zirngibl<\/th>\n<td class=\"last type-text align-left align-vertical-middle td cell svelte-1ws307v\" colspan=\"1\">Team<\/td>\n<\/tr>\n<\/tbody>\n<\/table>\n<\/div>\n<\/div>\n<\/div>\n<\/div>\n<div id=\"footer\" class=\"dw-chart-footer datawrapper-Of12P-1spzjv2 svelte-13lpkhe\">\n<div class=\"footer-left layout-inline svelte-1mufarc\"><span class=\"footer-block notes-block datawrapper-Of12P-1slu0f3 svelte-1mufarc\"><span class=\"block-inner\">\u00b9 alphabetische Sortierung<\/span>\u00a0<\/span>\u00a0<span class=\"footer-block source-block svelte-1mufarc\"><span class=\"block-inner\"><span class=\"source-caption\">Quelle:<\/span>\u00a0<span class=\"source\">WirtschaftsWoche\/HRI 2024<\/span><\/span><\/span><\/div>\n<\/div>\n<\/div>\n<div><\/div>\n<div class=\"o-page-wrapper\">\n<div class=\"js-tt\">\n<article class=\"o-article u-margin-top-xxxxl\" data-command=\"{&quot;trackLinks&quot;: &quot;&quot;}\" data-isarticle=\"true\">\n<div class=\"o-article__content c-richText\">\n<div class=\"iqadtile PETER2\">\n<h1><\/h1>\n<h1 class=\"headline\">Zur Methode<\/h1>\n<div>\n<h1 class=\"header ng-tns-c3645026044-3\">Top-Kanzleien Immobilienrecht und privates Baurecht<button type=\"button\"><\/button><\/h1>\n<div class=\"content ng-tns-c3645026044-3 ng-trigger ng-trigger-expansion ng-star-inserted\">\n<p>Das Handelsblatt Research Institute (HRI) fragte \u00fcber 2300 Juristen aus 189 Kanzleien nach ihren renommiertesten Kollegen f\u00fcr privates Baurecht und Immobilienrecht. Nach Bewertung der Jury setzten sich f\u00fcr privates Baurecht 20 Kanzleien mit 21 Anw\u00e4lten und f\u00fcr Immobilienrecht 20 Kanzleien mit 29 Juristen durch. Die Juroren: Sandra Arendt (Hochtief), Jan Christian Fischer (Wilma Immobilien), Edgar Stieglitz (Foris), Carlo Ottaviano (Tennet\/nur im Baurecht), Achim Schunder (C.H. Beck).<\/p>\n<\/div>\n<\/div>\n<\/div>\n<div class=\"c-advertisment__fullWidth c-advertisment--CT_contentteaser_mobile_1\">\n<div class=\"wiwo-cls-99\">\n<div id=\"ad-iqadtile99-mob\" class=\"iqadtile\"><\/div>\n<\/div>\n<\/div>\n<div class=\"o-article__content-element o-article__content-element--richtext\">\n<div class=\"u-richtext\"><\/div>\n<\/div>\n<div class=\"c-advertisment__fullWidth c-advertisment--P2_mobile\">\n<div class=\"wiwo-cls-3\">\n<div id=\"ad-iqadtile3-mob\" class=\"iqadtile PETER2\">\n<p>&nbsp;<\/p>\n<p><a href=\"https:\/\/www.wiwo.de\/erfolg\/beruf\/wiwo-top-kanzleien-die-macht-der-gutachter\/29654180.html\">Immobilien- und Baurecht: Ein Ranking der renommiertesten Kanzleien (wiwo.de)<\/a><\/p>\n<\/div>\n<\/div>\n<\/div>\n<\/div>\n<\/article>\n<\/div>\n<\/div>\n<p>&nbsp;<\/p>\n<hr \/>\n<h1>Methode<\/h1>\n<p><strong>Das Handelsblatt Research Institute (HRI) fragte \u00fcber 2300 Juristen aus 189 Kanzleien nach ihren renommiertesten Kollegen f\u00fcr privates Baurecht und Immobilienrecht. Nach Bewertung der Jury setzten sich f\u00fcr privates Baurecht 20 Kanzleien mit 21 Anw\u00e4lten und f\u00fcr Immobilienrecht 20 Kanzleien mit 29 Juristen durch.<\/strong><\/p>\n<p><strong>Die Juroren: Sandra Arendt (Hochtief), Jan Christian Fischer (Wilma Immobilien), Edgar Stieglitz (Foris), Carlo Ottaviano (Tennet\/nur im Baurecht), Achim Schunder (C.H. Beck).<\/strong><\/p>\n<p>&nbsp;<\/p>\n<p>&nbsp;<\/p>\n<p><a href=\"https:\/\/www.faktenkontor.de\/pressemeldungen\/blogger-relevanzindex-das-sind-deutschlands-top-100-blogs\/\"><img loading=\"lazy\" decoding=\"async\" class=\"aligncenter size-medium wp-image-680063\" src=\"https:\/\/149798077.v2.pressablecdn.com\/management\/files\/2022\/06\/Wiwo.top_.10.blog_.2022.Blogger-Relevanzindex_Top-10-Blogs-2022-227x300.jpg\" alt=\"\" width=\"227\" height=\"300\" srcset=\"https:\/\/blog.wiwo.de\/management\/files\/2022\/06\/Wiwo.top_.10.blog_.2022.Blogger-Relevanzindex_Top-10-Blogs-2022-227x300.jpg 227w, https:\/\/blog.wiwo.de\/management\/files\/2022\/06\/Wiwo.top_.10.blog_.2022.Blogger-Relevanzindex_Top-10-Blogs-2022.jpg 492w\" sizes=\"auto, (max-width: 227px) 100vw, 227px\" \/><\/a><\/p>\n<div id=\"main\">\n<div id=\"primary\">\n<div id=\"content\" role=\"main\">\n<article id=\"post-679588\" class=\"post-679588 post type-post status-publish format-standard hentry category-allgemein tag-arbeitsbedingung tag-arbeitsklima tag-betriebsklima tag-big-quit tag-ey-ernst-young tag-fachkraftemangel tag-gehalt tag-great-resignation tag-jobwechsel tag-kundigung tag-kuendigungsabsicht tag-loehne tag-umfrage\">\n<div class=\"entry-content\">\n<p>&nbsp;<\/p>\n<p>&nbsp;<\/p>\n<p><a href=\"https:\/\/www.presseportal.de\/pm\/52884\/5255623\"><img loading=\"lazy\" decoding=\"async\" class=\"aligncenter size-medium wp-image-676731\" src=\"https:\/\/149798077.v2.pressablecdn.com\/management\/files\/2021\/06\/bloggerinnen.2021.neu_-300x212.jpg\" alt=\"\" width=\"300\" height=\"212\" srcset=\"https:\/\/blog.wiwo.de\/management\/files\/2021\/06\/bloggerinnen.2021.neu_-300x212.jpg 300w, https:\/\/blog.wiwo.de\/management\/files\/2021\/06\/bloggerinnen.2021.neu_-424x300.jpg 424w, https:\/\/blog.wiwo.de\/management\/files\/2021\/06\/bloggerinnen.2021.neu_.jpg 650w\" sizes=\"auto, (max-width: 300px) 100vw, 300px\" \/><\/a><\/p>\n<p>&nbsp;<\/p>\n<p><strong>Copyright: @Claudia T\u00f6dtmann. Alle Rechte vorbehalten.\u00a0<\/strong><\/p>\n<p><strong>Kontakt f\u00fcr Nutzungsrechte: claudia.toedtmann@wiwo.de<\/strong><\/p>\n<p><strong>Alle inhaltlichen Rechte des Management-Blogs von Claudia T\u00f6dtmann liegen bei der Blog-Inhaberin. Jegliche Nutzung der Inhalte bed\u00fcrfen der ausdr\u00fccklichen Genehmigung.<\/strong><\/p>\n<\/div>\n<p><strong>Um den Lesefluss nicht zu behindern, wird in Management-Blog-Texten nur die m\u00e4nnliche Form genannt, aber immer sind die weibliche und andere Formen gleicherma\u00dfen mit gemeint.<\/strong><\/p>\n<\/article>\n<\/div>\n<\/div>\n<\/div>\n","protected":false},"excerpt":{"rendered":"<p>WiWo Top-Kanzleien Immobilienrecht und Privates Baurecht 2024 Die Macht der Gutachter Immer wieder gibt es \u00c4rger im Bau- und Immobilienrecht Sachverst\u00e4ndige entscheiden oft \u00fcber den Ausgang von Bauprozessen. Womit sie die Beteiligten zuweilen in die Verzweiflung treiben (Zuerst erschienen in &hellip; <a href=\"https:\/\/blog.wiwo.de\/management\/2024\/03\/07\/wiwo-topkanzleien-immobilienrecht-und-privates-baurecht-2024-die-macht-der-gutachter-und-womit-sie-die-beteiligten-zuweilen-in-die-verzweiflung-treiben\/\">Weiterlesen <span class=\"meta-nav\">&rarr;<\/span><\/a><\/p>\n","protected":false},"author":19,"featured_media":0,"comment_status":"open","ping_status":"open","sticky":false,"template":"","format":"standard","meta":{"footnotes":""},"categories":[1],"tags":[7250,2400,4333,11775,11774,4954,415,7674,3065,11772,11736,11777,8647,11771,2401,11776,11773],"class_list":["post-683919","post","type-post","status-publish","format-standard","hentry","category-allgemein","tag-achim-schunder","tag-antje-boldt","tag-c-h-beck","tag-carlo-ottaviano","tag-edgar-stieglitz","tag-foris","tag-freshfields","tag-heuking","tag-hochtief","tag-jan-christian-fischer","tag-julia-haas","tag-marvin-lederer","tag-rittershaus","tag-sandra-arendt","tag-stephan-freund","tag-tennet","tag-wilma-immobilien"],"_links":{"self":[{"href":"https:\/\/blog.wiwo.de\/management\/wp-json\/wp\/v2\/posts\/683919","targetHints":{"allow":["GET"]}}],"collection":[{"href":"https:\/\/blog.wiwo.de\/management\/wp-json\/wp\/v2\/posts"}],"about":[{"href":"https:\/\/blog.wiwo.de\/management\/wp-json\/wp\/v2\/types\/post"}],"author":[{"embeddable":true,"href":"https:\/\/blog.wiwo.de\/management\/wp-json\/wp\/v2\/users\/19"}],"replies":[{"embeddable":true,"href":"https:\/\/blog.wiwo.de\/management\/wp-json\/wp\/v2\/comments?post=683919"}],"version-history":[{"count":8,"href":"https:\/\/blog.wiwo.de\/management\/wp-json\/wp\/v2\/posts\/683919\/revisions"}],"predecessor-version":[{"id":685807,"href":"https:\/\/blog.wiwo.de\/management\/wp-json\/wp\/v2\/posts\/683919\/revisions\/685807"}],"wp:attachment":[{"href":"https:\/\/blog.wiwo.de\/management\/wp-json\/wp\/v2\/media?parent=683919"}],"wp:term":[{"taxonomy":"category","embeddable":true,"href":"https:\/\/blog.wiwo.de\/management\/wp-json\/wp\/v2\/categories?post=683919"},{"taxonomy":"post_tag","embeddable":true,"href":"https:\/\/blog.wiwo.de\/management\/wp-json\/wp\/v2\/tags?post=683919"}],"curies":[{"name":"wp","href":"https:\/\/api.w.org\/{rel}","templated":true}]}}