{"id":683051,"date":"2023-10-02T02:32:48","date_gmt":"2023-10-02T00:32:48","guid":{"rendered":"https:\/\/blog.wiwo.de\/management\/?p=683051"},"modified":"2023-10-08T23:21:10","modified_gmt":"2023-10-08T21:21:10","slug":"relaunch-der-wiwo-das-ist-neu-in-der-wirtschaftswoche","status":"publish","type":"post","link":"https:\/\/blog.wiwo.de\/management\/2023\/10\/02\/relaunch-der-wiwo-das-ist-neu-in-der-wirtschaftswoche\/","title":{"rendered":"Relaunch der WiWo: Das ist neu in der &#8222;WirtschaftsWoche&#8220;"},"content":{"rendered":"<h2 class=\"headline-styles__Headline-sc-c51588c6-0 hGlqAB preview-footer-styles__FooterTitle-sc-ea8fd4a4-1 kLmWyz\" data-xds=\"Headline\"><a href=\"http:\/\/Relaunch der WiWo : Das ist neu in der WirtschaftsWoche\">Relaunch der WiWo : Das ist neu in der WirtschaftsWoche<\/a><\/h2>\n<p>&nbsp;<\/p>\n<p class=\"body-copy-styles__BodyCopy-sc-8300fc1f-0 brgxPz preview-footer-styles__FooterDescription-sc-ea8fd4a4-2 hELQkd\" data-xds=\"BodyCopy\"><strong>Die &#8222;WirtschaftsWoche&#8220; erfindet sich neu: Das gedruckte Magazin erscheint in dieser Woche in runderneuerter Form. Davon profitieren auch die Online-Leser. Es gibt viel Neues.<\/strong><\/p>\n<div id=\"attachment_683052\" style=\"width: 630px\" class=\"wp-caption aligncenter\"><img loading=\"lazy\" decoding=\"async\" aria-describedby=\"caption-attachment-683052\" class=\"size-full wp-image-683052\" src=\"https:\/\/blog.wiwo.de\/management\/files\/2023\/10\/wiwo.relaunch.jpg\" alt=\"\" width=\"620\" height=\"349\" srcset=\"https:\/\/blog.wiwo.de\/management\/files\/2023\/10\/wiwo.relaunch.jpg 620w, https:\/\/blog.wiwo.de\/management\/files\/2023\/10\/wiwo.relaunch-300x169.jpg 300w, https:\/\/blog.wiwo.de\/management\/files\/2023\/10\/wiwo.relaunch-500x281.jpg 500w\" sizes=\"auto, (max-width: 620px) 100vw, 620px\" \/><p id=\"caption-attachment-683052\" class=\"wp-caption-text\">(Foto: WiWo)<\/p><\/div>\n<p>&nbsp;<\/p>\n<p><strong>Mehr hier&#8230;.<\/strong><\/p>\n<p><a href=\"https:\/\/www.wiwo.de\/in-eigener-sache\/relaunch-des-magazins-als-waere-die-wiwo-neu-geboren-worden\/29404394.html\">Relaunch des Magazins: \u201eAls w\u00e4re die WiWo neu geboren worden\u201c<\/a><\/p>\n<p>&nbsp;<\/p>\n<p><strong>&#8230;und hier:<\/strong><\/p>\n<p><a href=\"https:\/\/www.turi2.de\/community\/es-ist-ein-startpunkt-kein-endpunkt-chefredakteur-horst-von-buttlar-ueber-den-relaunch-der-wirtschaftswoche\/\">&#8222;Es ist ein Startpunkt, kein Endpunkt&#8220; \u2013 Chefredakteur Horst von Buttlar \u00fcber den Relaunch der &#8222;Wirtschaftswoche&#8220;. | turi2<\/a><\/p>\n<p>&nbsp;<\/p>\n<div id=\"attachment_683053\" style=\"width: 660px\" class=\"wp-caption aligncenter\"><img loading=\"lazy\" decoding=\"async\" aria-describedby=\"caption-attachment-683053\" class=\"size-full wp-image-683053\" src=\"https:\/\/blog.wiwo.de\/management\/files\/2023\/10\/wiwo.congrats.relaunch.jpg\" alt=\"\" width=\"650\" height=\"488\" srcset=\"https:\/\/blog.wiwo.de\/management\/files\/2023\/10\/wiwo.congrats.relaunch.jpg 650w, https:\/\/blog.wiwo.de\/management\/files\/2023\/10\/wiwo.congrats.relaunch-300x225.jpg 300w, https:\/\/blog.wiwo.de\/management\/files\/2023\/10\/wiwo.congrats.relaunch-400x300.jpg 400w\" sizes=\"auto, (max-width: 650px) 100vw, 650px\" \/><p id=\"caption-attachment-683053\" class=\"wp-caption-text\">(Foto: C.T\u00f6dtmann)<\/p><\/div>\n<p>&nbsp;<\/p>\n<p><strong>Eine Info noch&#8230;.<\/strong><\/p>\n<p>Heute die neue\u00a0<a href=\"https:\/\/www.linkedin.com\/feed\/hashtag\/?keywords=wirtschaftswoche&amp;highlightedUpdateUrns=urn%3Ali%3Aactivity%3A7113549893150908417\" data-attribute-index=\"0\">#WirtschaftsWoche<\/a> am Kiosk, die Relaunch-Ausgabe, mit der die Rubrik \u201e<strong>Ursprung meiner Karriere<\/strong>\u201c nach \u00fcber f\u00fcnf Jahren mit vielen spannenden Gespr\u00e4chspartnern abgel\u00f6st wird von \u201e<strong>Und dann \u00e4nderte sich alles<\/strong>\u201c &#8211; im ersten Aufschlag mit EZB-Pr\u00e4sidentin Christine Lagarde.<\/p>\n<p>Im August 2018 war Roland Berger der erste Kandidat @wiwo<\/p>\n<p>&nbsp;<\/p>\n<div id=\"attachment_683054\" style=\"width: 660px\" class=\"wp-caption aligncenter\"><img loading=\"lazy\" decoding=\"async\" aria-describedby=\"caption-attachment-683054\" class=\"size-full wp-image-683054\" src=\"https:\/\/blog.wiwo.de\/management\/files\/2023\/10\/wiwo.relaunch.unddannaendertsesichalles.png\" alt=\"\" width=\"650\" height=\"650\" srcset=\"https:\/\/blog.wiwo.de\/management\/files\/2023\/10\/wiwo.relaunch.unddannaendertsesichalles.png 650w, https:\/\/blog.wiwo.de\/management\/files\/2023\/10\/wiwo.relaunch.unddannaendertsesichalles-300x300.png 300w, https:\/\/blog.wiwo.de\/management\/files\/2023\/10\/wiwo.relaunch.unddannaendertsesichalles-150x150.png 150w\" sizes=\"auto, (max-width: 650px) 100vw, 650px\" \/><p id=\"caption-attachment-683054\" class=\"wp-caption-text\">(Foto: WiWo)<\/p><\/div>\n<p>&nbsp;<\/p>\n<p>&nbsp;<\/p>\n<p>&nbsp;<\/p>\n<div id=\"attachment_683056\" style=\"width: 577px\" class=\"wp-caption aligncenter\"><img loading=\"lazy\" decoding=\"async\" aria-describedby=\"caption-attachment-683056\" class=\"size-full wp-image-683056\" src=\"https:\/\/blog.wiwo.de\/management\/files\/2023\/10\/wiwo.relaunch.wasmuthundkristin-e1696204113264.jpg\" alt=\"\" width=\"567\" height=\"237\" srcset=\"https:\/\/blog.wiwo.de\/management\/files\/2023\/10\/wiwo.relaunch.wasmuthundkristin-e1696204113264.jpg 567w, https:\/\/blog.wiwo.de\/management\/files\/2023\/10\/wiwo.relaunch.wasmuthundkristin-e1696204113264-300x125.jpg 300w, https:\/\/blog.wiwo.de\/management\/files\/2023\/10\/wiwo.relaunch.wasmuthundkristin-e1696204113264-500x209.jpg 500w\" sizes=\"auto, (max-width: 567px) 100vw, 567px\" \/><p id=\"caption-attachment-683056\" class=\"wp-caption-text\">WiWo-Redakteurin Kristin Rau mit HMG-Gesch\u00e4ftsf\u00fchrerin Andrea Wasmuth (r.) (Foto: C.T\u00f6dtmann)<\/p><\/div>\n<p>&nbsp;<\/p>\n<div id=\"attachment_683059\" style=\"width: 436px\" class=\"wp-caption aligncenter\"><img loading=\"lazy\" decoding=\"async\" aria-describedby=\"caption-attachment-683059\" class=\"size-full wp-image-683059\" src=\"https:\/\/blog.wiwo.de\/management\/files\/2023\/10\/wiwo.buttlar.gerth_-e1696204735905.jpg\" alt=\"\" width=\"426\" height=\"260\" srcset=\"https:\/\/blog.wiwo.de\/management\/files\/2023\/10\/wiwo.buttlar.gerth_-e1696204735905.jpg 426w, https:\/\/blog.wiwo.de\/management\/files\/2023\/10\/wiwo.buttlar.gerth_-e1696204735905-300x183.jpg 300w\" sizes=\"auto, (max-width: 426px) 100vw, 426px\" \/><p id=\"caption-attachment-683059\" class=\"wp-caption-text\">WiWo-Chefredakteur Horst von Buttlar (l.) und WiWo-Redakteur Martin Gerth (Foto: C.T\u00f6dtmann)<\/p><\/div>\n<p>&nbsp;<\/p>\n<p>&nbsp;<\/p>\n<div id=\"attachment_683057\" style=\"width: 538px\" class=\"wp-caption aligncenter\"><img loading=\"lazy\" decoding=\"async\" aria-describedby=\"caption-attachment-683057\" class=\"size-full wp-image-683057\" src=\"https:\/\/blog.wiwo.de\/management\/files\/2023\/10\/majaundkristin-e1696204304176.jpg\" alt=\"\" width=\"528\" height=\"231\" srcset=\"https:\/\/blog.wiwo.de\/management\/files\/2023\/10\/majaundkristin-e1696204304176.jpg 528w, https:\/\/blog.wiwo.de\/management\/files\/2023\/10\/majaundkristin-e1696204304176-300x131.jpg 300w, https:\/\/blog.wiwo.de\/management\/files\/2023\/10\/majaundkristin-e1696204304176-500x219.jpg 500w\" sizes=\"auto, (max-width: 528px) 100vw, 528px\" \/><p id=\"caption-attachment-683057\" class=\"wp-caption-text\">WiWo-Redakteurin Kristin Rau (l.) und designierte WiWo-Vize-Chefredakteurin Maja Brankovic (Foto: C.T\u00f6dtmann)<\/p><\/div>\n<p>&nbsp;<\/p>\n<div id=\"attachment_683062\" style=\"width: 490px\" class=\"wp-caption aligncenter\"><img loading=\"lazy\" decoding=\"async\" aria-describedby=\"caption-attachment-683062\" class=\"size-full wp-image-683062\" src=\"https:\/\/blog.wiwo.de\/management\/files\/2023\/10\/wiwo.slogan.jpg\" alt=\"\" width=\"480\" height=\"640\" srcset=\"https:\/\/blog.wiwo.de\/management\/files\/2023\/10\/wiwo.slogan.jpg 480w, https:\/\/blog.wiwo.de\/management\/files\/2023\/10\/wiwo.slogan-225x300.jpg 225w\" sizes=\"auto, (max-width: 480px) 100vw, 480px\" \/><p id=\"caption-attachment-683062\" class=\"wp-caption-text\">&#8222;Die einen denken nach, Sie denken weiter&#8220; (Foto: C.T\u00f6dtmann)<\/p><\/div>\n<p>&nbsp;<\/p>\n<p>&nbsp;<\/p>\n<div id=\"attachment_683060\" style=\"width: 650px\" class=\"wp-caption aligncenter\"><img loading=\"lazy\" decoding=\"async\" aria-describedby=\"caption-attachment-683060\" class=\"size-full wp-image-683060\" src=\"https:\/\/blog.wiwo.de\/management\/files\/2023\/10\/wiwo.majaundclaudia.jpg\" alt=\"\" width=\"640\" height=\"481\" srcset=\"https:\/\/blog.wiwo.de\/management\/files\/2023\/10\/wiwo.majaundclaudia.jpg 640w, https:\/\/blog.wiwo.de\/management\/files\/2023\/10\/wiwo.majaundclaudia-300x225.jpg 300w, https:\/\/blog.wiwo.de\/management\/files\/2023\/10\/wiwo.majaundclaudia-399x300.jpg 399w\" sizes=\"auto, (max-width: 640px) 100vw, 640px\" \/><p id=\"caption-attachment-683060\" class=\"wp-caption-text\">Maja Brancovic (l.) und Claudia T\u00f6dtmann (Foto: M.Brankovic)<\/p><\/div>\n<p>&nbsp;<\/p>\n<p>&nbsp;<\/p>\n<p><img loading=\"lazy\" decoding=\"async\" class=\"aligncenter size-full wp-image-683058\" src=\"https:\/\/blog.wiwo.de\/management\/files\/2023\/10\/wiwo.zeitungstueten.jpg\" alt=\"\" width=\"480\" height=\"640\" srcset=\"https:\/\/blog.wiwo.de\/management\/files\/2023\/10\/wiwo.zeitungstueten.jpg 480w, https:\/\/blog.wiwo.de\/management\/files\/2023\/10\/wiwo.zeitungstueten-225x300.jpg 225w\" sizes=\"auto, (max-width: 480px) 100vw, 480px\" \/><\/p>\n<p>&nbsp;<\/p>\n<p>&nbsp;<\/p>\n<p><strong><a href=\"https:\/\/www.wiwo.de\/unternehmen\/preisfrage-die-oekonomie-der-wiwo\/29421270.html?utm_term=ne&amp;utm_campaign=standard&amp;utm_content=organisch&amp;utm_medium=sm&amp;utm_source=Twitter#Echobox=1696225775\">Die \u00d6konomie der WiWo : <\/a>Eine Grafik zeigt mit exklusiven Daten, welche Kosten in der Produktion eines WiWo-Magazins entstehen.\u00a0<\/strong><\/p>\n<p>&nbsp;<\/p>\n<p>&nbsp;<\/p>\n<p>&nbsp;<\/p>\n<p><a href=\"https:\/\/www.faktenkontor.de\/pressemeldungen\/blogger-relevanzindex-das-sind-deutschlands-top-100-blogs\/\"><img loading=\"lazy\" decoding=\"async\" class=\"aligncenter size-medium wp-image-680063\" src=\"https:\/\/149798077.v2.pressablecdn.com\/management\/files\/2022\/06\/Wiwo.top_.10.blog_.2022.Blogger-Relevanzindex_Top-10-Blogs-2022-227x300.jpg\" alt=\"\" width=\"227\" height=\"300\" srcset=\"https:\/\/blog.wiwo.de\/management\/files\/2022\/06\/Wiwo.top_.10.blog_.2022.Blogger-Relevanzindex_Top-10-Blogs-2022-227x300.jpg 227w, https:\/\/blog.wiwo.de\/management\/files\/2022\/06\/Wiwo.top_.10.blog_.2022.Blogger-Relevanzindex_Top-10-Blogs-2022.jpg 492w\" sizes=\"auto, (max-width: 227px) 100vw, 227px\" \/><\/a><\/p>\n<div id=\"main\">\n<div id=\"primary\">\n<div id=\"content\" role=\"main\">\n<article id=\"post-679588\" class=\"post-679588 post type-post status-publish format-standard hentry category-allgemein tag-arbeitsbedingung tag-arbeitsklima tag-betriebsklima tag-big-quit tag-ey-ernst-young tag-fachkraftemangel tag-gehalt tag-great-resignation tag-jobwechsel tag-kundigung tag-kuendigungsabsicht tag-loehne tag-umfrage\">\n<div class=\"entry-content\">\n<p>&nbsp;<\/p>\n<p>&nbsp;<\/p>\n<p><a href=\"https:\/\/www.presseportal.de\/pm\/52884\/5255623\"><img loading=\"lazy\" decoding=\"async\" class=\"aligncenter size-medium wp-image-676731\" src=\"https:\/\/149798077.v2.pressablecdn.com\/management\/files\/2021\/06\/bloggerinnen.2021.neu_-300x212.jpg\" alt=\"\" width=\"300\" height=\"212\" srcset=\"https:\/\/blog.wiwo.de\/management\/files\/2021\/06\/bloggerinnen.2021.neu_-300x212.jpg 300w, https:\/\/blog.wiwo.de\/management\/files\/2021\/06\/bloggerinnen.2021.neu_-424x300.jpg 424w, https:\/\/blog.wiwo.de\/management\/files\/2021\/06\/bloggerinnen.2021.neu_.jpg 650w\" sizes=\"auto, (max-width: 300px) 100vw, 300px\" \/><\/a><\/p>\n<p>&nbsp;<\/p>\n<p><strong>Copyright: @Claudia T\u00f6dtmann. Alle Rechte vorbehalten.\u00a0<\/strong><\/p>\n<p><strong>Kontakt f\u00fcr Nutzungsrechte: claudia.toedtmann@wiwo.de<\/strong><\/p>\n<p><strong>Alle inhaltlichen Rechte des Management-Blogs von Claudia T\u00f6dtmann liegen bei der Blog-Inhaberin. Jegliche Nutzung der Inhalte bed\u00fcrfen der ausdr\u00fccklichen Genehmigung.<\/strong><\/p>\n<\/div>\n<p><strong>Um den Lesefluss nicht zu behindern, wird in Management-Blog-Texten nur die m\u00e4nnliche Form genannt, aber immer sind die weibliche und andere Formen gleicherma\u00dfen mit gemeint.<\/strong><\/p>\n<\/article>\n<\/div>\n<\/div>\n<\/div>\n","protected":false},"excerpt":{"rendered":"<p>Relaunch der WiWo : Das ist neu in der WirtschaftsWoche &nbsp; Die &#8222;WirtschaftsWoche&#8220; erfindet sich neu: Das gedruckte Magazin erscheint in dieser Woche in runderneuerter Form. Davon profitieren auch die Online-Leser. Es gibt viel Neues. &nbsp; Mehr hier&#8230;. Relaunch des &hellip; <a href=\"https:\/\/blog.wiwo.de\/management\/2023\/10\/02\/relaunch-der-wiwo-das-ist-neu-in-der-wirtschaftswoche\/\">Weiterlesen <span class=\"meta-nav\">&rarr;<\/span><\/a><\/p>\n","protected":false},"author":19,"featured_media":0,"comment_status":"open","ping_status":"open","sticky":false,"template":"","format":"standard","meta":{"footnotes":""},"categories":[1],"tags":[8219,11579,2451,11584,11578,11580,11582,11581,4509,1282,1354,2474,11583],"class_list":["post-683051","post","type-post","status-publish","format-standard","hentry","category-allgemein","tag-ursprung-meiner-karriere","tag-andrea-wasmuth","tag-christine-lagarde","tag-ezb","tag-horst-von-buttlar","tag-kristin-rau","tag-maja-brankovic","tag-martin-gerth","tag-relaunch","tag-roland-berger","tag-wirtschaftswoche","tag-wiwo","tag-und-dann-aenderte-sich-alles"],"_links":{"self":[{"href":"https:\/\/blog.wiwo.de\/management\/wp-json\/wp\/v2\/posts\/683051","targetHints":{"allow":["GET"]}}],"collection":[{"href":"https:\/\/blog.wiwo.de\/management\/wp-json\/wp\/v2\/posts"}],"about":[{"href":"https:\/\/blog.wiwo.de\/management\/wp-json\/wp\/v2\/types\/post"}],"author":[{"embeddable":true,"href":"https:\/\/blog.wiwo.de\/management\/wp-json\/wp\/v2\/users\/19"}],"replies":[{"embeddable":true,"href":"https:\/\/blog.wiwo.de\/management\/wp-json\/wp\/v2\/comments?post=683051"}],"version-history":[{"count":7,"href":"https:\/\/blog.wiwo.de\/management\/wp-json\/wp\/v2\/posts\/683051\/revisions"}],"predecessor-version":[{"id":683094,"href":"https:\/\/blog.wiwo.de\/management\/wp-json\/wp\/v2\/posts\/683051\/revisions\/683094"}],"wp:attachment":[{"href":"https:\/\/blog.wiwo.de\/management\/wp-json\/wp\/v2\/media?parent=683051"}],"wp:term":[{"taxonomy":"category","embeddable":true,"href":"https:\/\/blog.wiwo.de\/management\/wp-json\/wp\/v2\/categories?post=683051"},{"taxonomy":"post_tag","embeddable":true,"href":"https:\/\/blog.wiwo.de\/management\/wp-json\/wp\/v2\/tags?post=683051"}],"curies":[{"name":"wp","href":"https:\/\/api.w.org\/{rel}","templated":true}]}}