{"id":682695,"date":"2023-08-14T15:21:25","date_gmt":"2023-08-14T13:21:25","guid":{"rendered":"https:\/\/blog.wiwo.de\/management\/?p=682695"},"modified":"2023-08-14T15:54:25","modified_gmt":"2023-08-14T13:54:25","slug":"dialekte-saechsisch-nervt-die-anderen-am-meisten","status":"publish","type":"post","link":"https:\/\/blog.wiwo.de\/management\/2023\/08\/14\/dialekte-saechsisch-nervt-die-anderen-am-meisten\/","title":{"rendered":"Dialekte: S\u00e4chsisch nervt die anderen am meisten"},"content":{"rendered":"<h2 id=\"id-strong-saechsisch-bleibt-der-unbeliebteste-deutsche-dialekt-strong\"><strong>Unter den Dialekten ist <a href=\"https:\/\/www.mdr.de\/nachrichten\/sachsen\/mundart-dialekt-faq-100.html\">S\u00e4chsisch<\/a> unbeliebteste<\/strong><\/h2>\n<p>&nbsp;<\/p>\n<p>38 Prozent &#8211; also mehr als jeden Dritten &#8211; nervt der s\u00e4chsischen Dialekt am meisten. Danach folgt Bayerisch und Schw\u00e4bisch mit je 19 Prozent. Am wenigsten st\u00f6ren Westf\u00e4lisch mit sieben und Rheinisch &#8211; mit seinem typischen Singsang &#8211; mit acht Prozent. Die Umfrage zur Beliebtheit von 18 Dialekten im Vergleich kommt von <a href=\"https:\/\/preply.com\/de\/sprachkurse-fur-unternehmen\">Preply<\/a>, einer Sprachenlern-App.<\/p>\n<p>&nbsp;<\/p>\n<h1>Die Umfrage zu den sympathischsten Dialekten im \u00dcberblick:<\/h1>\n<div class=\"header-wrapper\">\n<header class=\"header\">\n<div class=\"header__top wrap wrap--fluid\"><\/div>\n<\/header>\n<\/div>\n<article class=\"full-post\">\n<div class=\"wrap wrap--fluid\">\n<div class=\"full-post__grid\">\n<div class=\"full-post__body\">\n<div class=\"full-post__content font-rules\" data-view=\"fadeIn\">\n<div class=\"brlbs-cmpnt-container brlbs-cmpnt-content-blocker\" data-borlabs-cookie-content-blocker-id=\"default\" data-borlabs-cookie-content=\"PGlmcmFtZSBpZD0iZGF0YXdyYXBwZXItY2hhcnQtNUZ2a2UiIGZyYW1lYm9yZGVyPSIwIiBoZWlnaHQ9IjcxNyIgc2Nyb2xsaW5nPSJubyIgc3JjPSJodHRwczovL2RhdGF3cmFwcGVyLmR3Y2RuLm5ldC81RnZrZS8xLyIgdGl0bGU9IkRhcyBzaW5kIGRpZSB1bmJlbGllYnRlc3RlbiBkZXV0c2NoZW4gRGlhbGVrdGUiPjwvaWZyYW1lPg==\" >\n<div class=\"brlbs-cmpnt-cb-preset-a\">\n<p class=\"brlbs-cmpnt-cb-description\">Sie sehen gerade einen Platzhalterinhalt von <strong>Standard<\/strong>. Um auf den eigentlichen Inhalt zuzugreifen, klicken Sie auf den Button unten. Bitte beachten Sie, dass dabei Daten an Drittanbieter weitergegeben werden.<\/p>\n<div class=\"brlbs-cmpnt-cb-buttons\"> <a class=\"brlbs-cmpnt-cb-btn\" href=\"#\" data-borlabs-cookie-unblock role=\"button\">Inhalt entsperren<\/a> <a class=\"brlbs-cmpnt-cb-btn\" href=\"#\" data-borlabs-cookie-accept-service role=\"button\" style=\"display: none\">Erforderlichen Service akzeptieren und Inhalte entsperren<\/a> <\/div>\n<p> <a class=\"brlbs-cmpnt-cb-provider-toggle\" href=\"#\" data-borlabs-cookie-show-provider-information role=\"button\">Weitere Informationen<\/a> <\/div>\n<\/div>\n<p>Quelle: Preply 2023 (Schreibweise Bairisch vom Urheber so beabsichtigt)<\/p>\n<p>&nbsp;<\/p>\n<p>Die Ergebnisse im Detail: In Th\u00fcringen st\u00f6rt jeden vierten sogar der eigene Dialekt (24 Prozent).\u00a0Ausl\u00e4ndische deutsche Dialekte aus der Schweiz, Tirol, K\u00e4rnten oder Wien nerven Deutsche im Vergleich weniger.<\/p>\n<p>&nbsp;<\/p>\n<p><img loading=\"lazy\" decoding=\"async\" class=\"aligncenter size-full wp-image-186108\" src=\"https:\/\/preply.com\/wp-content\/uploads\/2023\/08\/Image3_Dialekte-survey-ABCDAgency-Preply.png\" alt=\"\" width=\"820\" height=\"470\" \/><\/p>\n<p>&nbsp;<\/p>\n<p>&nbsp;<\/p>\n<p><img loading=\"lazy\" decoding=\"async\" class=\"aligncenter size-full wp-image-186120\" src=\"https:\/\/preply.com\/wp-content\/uploads\/2023\/08\/Image4_Dialekte-survey-ABCDAgency-Preply.png\" alt=\"\" width=\"820\" height=\"470\" \/><\/p>\n<p>&nbsp;<\/p>\n<p><img loading=\"lazy\" decoding=\"async\" class=\"aligncenter size-full wp-image-186132\" src=\"https:\/\/preply.com\/wp-content\/uploads\/2023\/08\/Image5_Dialekte-survey-ABCDAgency-Preply.png\" alt=\"\" width=\"820\" height=\"470\" \/><\/p>\n<p>&nbsp;<\/p>\n<p><img loading=\"lazy\" decoding=\"async\" class=\"aligncenter size-full wp-image-186144\" src=\"https:\/\/preply.com\/wp-content\/uploads\/2023\/08\/Image6_Dialekte-survey-ABCDAgency-Preply.png\" alt=\"\" width=\"820\" height=\"470\" \/><\/p>\n<p>&nbsp;<\/p>\n<p><img loading=\"lazy\" decoding=\"async\" class=\"aligncenter size-full wp-image-186156\" src=\"https:\/\/preply.com\/wp-content\/uploads\/2023\/08\/Image7_Dialekte-survey-ABCDAgency-Preply.png\" alt=\"\" width=\"820\" height=\"470\" \/><\/p>\n<p id=\"id-strong-methodik-strong\">&#8220; <strong>Zur Methode:<\/strong>\u00a0Die Umfrage wurde durch ein Marktforschungsinstitut im Auftrag von Preply durchgef\u00fchrt. Es wurden 1.008 M\u00e4nner und Frauen zwischen 16 und 65 Jahren zwischen 18. und 19. Juli 2023 befragt. Das Durchschnittsalter der Befragten lag bei 41 Jahren. Die Umfrage-Frage lautete: Welche deutschen Dialekte m\u00f6gen Sie \u00fcberhaupt nicht? Mehrfachnennungen waren m\u00f6glich.&#8220;<\/p>\n<\/div>\n<\/div>\n<\/div>\n<\/div>\n<\/article>\n<p>&nbsp;<\/p>\n<p>&nbsp;<\/p>\n<p><img loading=\"lazy\" decoding=\"async\" class=\"aligncenter size-medium wp-image-680063\" src=\"https:\/\/149798077.v2.pressablecdn.com\/management\/files\/2022\/06\/Wiwo.top_.10.blog_.2022.Blogger-Relevanzindex_Top-10-Blogs-2022-227x300.jpg\" alt=\"\" width=\"227\" height=\"300\" srcset=\"https:\/\/blog.wiwo.de\/management\/files\/2022\/06\/Wiwo.top_.10.blog_.2022.Blogger-Relevanzindex_Top-10-Blogs-2022-227x300.jpg 227w, https:\/\/blog.wiwo.de\/management\/files\/2022\/06\/Wiwo.top_.10.blog_.2022.Blogger-Relevanzindex_Top-10-Blogs-2022.jpg 492w\" sizes=\"auto, (max-width: 227px) 100vw, 227px\" \/><\/p>\n<div id=\"main\">\n<div id=\"primary\">\n<div id=\"content\" role=\"main\">\n<article id=\"post-679588\" class=\"post-679588 post type-post status-publish format-standard hentry category-allgemein tag-arbeitsbedingung tag-arbeitsklima tag-betriebsklima tag-big-quit tag-ey-ernst-young tag-fachkraftemangel tag-gehalt tag-great-resignation tag-jobwechsel tag-kundigung tag-kuendigungsabsicht tag-loehne tag-umfrage\">\n<div class=\"entry-content\">\n<p><strong><a href=\"https:\/\/blog.wiwo.de\/management\/2022\/06\/08\/management-blog-jetzt-unter-den-top-ten-im-blogger-relevanzindex-2022-es-gibt-was-zu-feiern-wer-die-top-100-blogs-sind-hier-die-ganze-liste\/\">Management-Blog jetzt unter den Top-Ten im Blogger-Relevanzindex 2022 \u2013 es gibt was zu feiern! Wer die Top-100 Blogs sind \u2013 hier die ganze Liste | Management-Blog (wiwo.de)<\/a><\/strong><\/p>\n<p>&nbsp;<\/p>\n<p><img loading=\"lazy\" decoding=\"async\" class=\"aligncenter size-medium wp-image-680145\" src=\"https:\/\/149798077.v2.pressablecdn.com\/management\/files\/2022\/06\/Superfrauen_Top5.2022.Bloggerrelavnzindex-300x300.png\" alt=\"\" width=\"300\" height=\"300\" srcset=\"https:\/\/blog.wiwo.de\/management\/files\/2022\/06\/Superfrauen_Top5.2022.Bloggerrelavnzindex-300x300.png 300w, https:\/\/blog.wiwo.de\/management\/files\/2022\/06\/Superfrauen_Top5.2022.Bloggerrelavnzindex-150x150.png 150w, https:\/\/blog.wiwo.de\/management\/files\/2022\/06\/Superfrauen_Top5.2022.Bloggerrelavnzindex.png 650w\" sizes=\"auto, (max-width: 300px) 100vw, 300px\" \/><\/p>\n<p>&nbsp;<\/p>\n<p><strong>Copyright: @Claudia T\u00f6dtmann. Alle Rechte vorbehalten.\u00a0<\/strong><\/p>\n<p><strong>Kontakt f\u00fcr Nutzungsrechte: claudia.toedtmann@wiwo.de<\/strong><\/p>\n<p><strong>Alle inhaltlichen Rechte des Management-Blogs von Claudia T\u00f6dtmann liegen bei der Blog-Inhaberin. Jegliche Nutzung der Inhalte bed\u00fcrfen der ausdr\u00fccklichen Genehmigung.<\/strong><\/p>\n<\/div>\n<p><strong>Um den Lesefluss nicht zu behindern, wird in Management-Blog-Texten nur die m\u00e4nnliche Form genannt, aber immer sind die weibliche und andere Formen gleicherma\u00dfen mit gemeint.<\/strong><\/p>\n<\/article>\n<\/div>\n<\/div>\n<\/div>\n","protected":false},"excerpt":{"rendered":"<p>Unter den Dialekten ist S\u00e4chsisch unbeliebteste &nbsp; 38 Prozent &#8211; also mehr als jeden Dritten &#8211; nervt der s\u00e4chsischen Dialekt am meisten. Danach folgt Bayerisch und Schw\u00e4bisch mit je 19 Prozent. Am wenigsten st\u00f6ren Westf\u00e4lisch mit sieben und Rheinisch &#8211; &hellip; <a href=\"https:\/\/blog.wiwo.de\/management\/2023\/08\/14\/dialekte-saechsisch-nervt-die-anderen-am-meisten\/\">Weiterlesen <span class=\"meta-nav\">&rarr;<\/span><\/a><\/p>\n","protected":false},"author":19,"featured_media":0,"comment_status":"open","ping_status":"open","sticky":false,"template":"","format":"standard","meta":{"footnotes":""},"categories":[1],"tags":[11512,11510,10474,11511,11513,1080],"class_list":["post-682695","post","type-post","status-publish","format-standard","hentry","category-allgemein","tag-bayerisch","tag-dialekte","tag-preply","tag-saechsisch","tag-schwaebisch","tag-umfrage"],"_links":{"self":[{"href":"https:\/\/blog.wiwo.de\/management\/wp-json\/wp\/v2\/posts\/682695","targetHints":{"allow":["GET"]}}],"collection":[{"href":"https:\/\/blog.wiwo.de\/management\/wp-json\/wp\/v2\/posts"}],"about":[{"href":"https:\/\/blog.wiwo.de\/management\/wp-json\/wp\/v2\/types\/post"}],"author":[{"embeddable":true,"href":"https:\/\/blog.wiwo.de\/management\/wp-json\/wp\/v2\/users\/19"}],"replies":[{"embeddable":true,"href":"https:\/\/blog.wiwo.de\/management\/wp-json\/wp\/v2\/comments?post=682695"}],"version-history":[{"count":4,"href":"https:\/\/blog.wiwo.de\/management\/wp-json\/wp\/v2\/posts\/682695\/revisions"}],"predecessor-version":[{"id":682702,"href":"https:\/\/blog.wiwo.de\/management\/wp-json\/wp\/v2\/posts\/682695\/revisions\/682702"}],"wp:attachment":[{"href":"https:\/\/blog.wiwo.de\/management\/wp-json\/wp\/v2\/media?parent=682695"}],"wp:term":[{"taxonomy":"category","embeddable":true,"href":"https:\/\/blog.wiwo.de\/management\/wp-json\/wp\/v2\/categories?post=682695"},{"taxonomy":"post_tag","embeddable":true,"href":"https:\/\/blog.wiwo.de\/management\/wp-json\/wp\/v2\/tags?post=682695"}],"curies":[{"name":"wp","href":"https:\/\/api.w.org\/{rel}","templated":true}]}}