{"id":681977,"date":"2023-03-30T06:00:55","date_gmt":"2023-03-30T04:00:55","guid":{"rendered":"https:\/\/blog.wiwo.de\/management\/?p=681977"},"modified":"2023-03-31T17:21:43","modified_gmt":"2023-03-31T15:21:43","slug":"fragebogen-nahaufnahme-mit-freenet-vorstaendin-nicole-engenhardt-gille-die-keine-termine-vor-zehn-uhr-machen-will","status":"publish","type":"post","link":"https:\/\/blog.wiwo.de\/management\/2023\/03\/30\/fragebogen-nahaufnahme-mit-freenet-vorstaendin-nicole-engenhardt-gille-die-keine-termine-vor-zehn-uhr-machen-will\/","title":{"rendered":"Fragebogen &#8222;Nahaufnahme&#8220; mit Freenet-Vorst\u00e4ndin Nicole Engenhardt-Gill\u00e9, die keine Termine vor zehn Uhr machen will"},"content":{"rendered":"<p><strong>Den Fragebogen &#8222;Nahaufnahme&#8220; beantwortet Nicole Engenhardt-Gill\u00e9, Vorst\u00e4ndin Personal und ESG beim Telekommunikationsunternehmen Freenet.<\/strong><\/p>\n<p>&nbsp;<\/p>\n<p><img loading=\"lazy\" decoding=\"async\" class=\"aligncenter size-full wp-image-681978\" src=\"https:\/\/blog.wiwo.de\/management\/files\/2023\/03\/freenet.Nicole_Engenhardt-Gille.jpg\" alt=\"\" width=\"650\" height=\"433\" srcset=\"https:\/\/blog.wiwo.de\/management\/files\/2023\/03\/freenet.Nicole_Engenhardt-Gille.jpg 650w, https:\/\/blog.wiwo.de\/management\/files\/2023\/03\/freenet.Nicole_Engenhardt-Gille-300x200.jpg 300w, https:\/\/blog.wiwo.de\/management\/files\/2023\/03\/freenet.Nicole_Engenhardt-Gille-450x300.jpg 450w\" sizes=\"auto, (max-width: 650px) 100vw, 650px\" \/><\/p>\n<p>&nbsp;<\/p>\n<p><strong>Erkl\u00e4ren Sie in\u202feinem\u202fSatz, was Ihr Unternehmen tut.\u00a0<\/strong><\/p>\n<p>Freenet liefert Endkunden unter einer Reihe von Marken Zugang zu Mobilfunk, Internet, IPTV, Terrestrisches Fernsehen, Radio, Public Wifi und liefert Hardware, Software und Mehrwertdienste dazu.<\/p>\n<p>&nbsp;<\/p>\n<p><strong>Womit beginnt Ihr\u202fTag?\u00a0<\/strong><\/p>\n<p>Ich stehe gegen 7.30 Uhr auf und bin f\u00fcr das Fr\u00fchst\u00fcck zust\u00e4ndig. Auch f\u00fcr das der H\u00fchner (K\u00f6rner, Salat, W\u00fcrmchen) &#8211; auf die zehn Minuten morgens mit den H\u00fchnern freue ich mich jeden Tag besonders, egal wie das Wetter ist.<\/p>\n<p>&nbsp;<\/p>\n<p><img loading=\"lazy\" decoding=\"async\" class=\"aligncenter size-full wp-image-681979\" src=\"https:\/\/blog.wiwo.de\/management\/files\/2023\/03\/freenet.2.Unknown-002.jpeg\" alt=\"\" width=\"480\" height=\"640\" srcset=\"https:\/\/blog.wiwo.de\/management\/files\/2023\/03\/freenet.2.Unknown-002.jpeg 480w, https:\/\/blog.wiwo.de\/management\/files\/2023\/03\/freenet.2.Unknown-002-225x300.jpeg 225w\" sizes=\"auto, (max-width: 480px) 100vw, 480px\" \/><\/p>\n<p>&nbsp;<\/p>\n<p><strong>Was unterscheidet Sie von anderen im Auftreten und im Behave im Job?<\/strong><\/p>\n<p>Ab und an bringe ich gerne Selbstgeerntetes mit, zum Beispiel Eier, im Fr\u00fchling Sauerampfer, in Sommer dann den Salatkopf, Kr\u00e4uter, Tomaten oder auch Zucchini &#8211; dann gibt es auch Salat \u00e1 la Nicole zum Mittag.<\/p>\n<p>&nbsp;<\/p>\n<p><strong>&#8230; und was w\u00fcrden Ihre Mitarbeiter darauf antworten?<\/strong><\/p>\n<p>Man kann sich auf Nicole und ihr Wort verlassen. Au\u00dferdem tanzt sie mit uns bis zum Schluss vom Sommerfest auf der Tanzfl\u00e4che. Nur 80-er Musik mag sie nicht so gerne.<\/p>\n<p>&nbsp;<\/p>\n<p><strong>Tee oder Kaffee?<\/strong><\/p>\n<p>Kaffee<\/p>\n<p>&nbsp;<\/p>\n<p><strong>Ihr Spitzname ist&#8230;?<\/strong><\/p>\n<p>Aus der Kindheit: Nixe, weil kein Gew\u00e4sser vor mir sicher war.<\/p>\n<p>&nbsp;<\/p>\n<p><strong>Verraten Sie eine\u202f\u202fMarotte.<\/strong><\/p>\n<p>Ich h\u00f6re immer noch gerne und immer wieder \u201eDie drei ???\u201c, bin jetzt bei Folge 221 &#8211; beispielsweise im Auto, zum B\u00fcgeln, zum Einschlafen\u2026<\/p>\n<p>&nbsp;<\/p>\n<p><strong>Was bringt Sie in Harnisch?<\/strong><\/p>\n<p>Vorurteile, Menschen, die die Wahrheit gepachtet haben.<\/p>\n<p>&nbsp;<\/p>\n<p><strong>&#8230;und was bringt andere an Ihnen in Harnisch?<\/strong><\/p>\n<p>Meinen Mann, dass ich immer die T\u00fcren offenlasse.\u00a0Meine Mitarbeiter, dass ich nicht vor zehn Uhr Termine machen m\u00f6chte.<\/p>\n<p>&nbsp;<\/p>\n<p><strong>Was m\u00f6chten Sie gerne\u202fin Rente machen?<\/strong><\/p>\n<p>Ich schwanke noch zwischen einem Arch\u00e4ologiestudium und meinem absoluten Traum von einem Haus im S\u00fcden in der N\u00e4he von Weinbergen oder Wasser. Am liebsten nah am Meer. Die H\u00fchner kommen nat\u00fcrlich mit, die m\u00f6gen auch lieber gutes Wetter.<\/p>\n<p>&nbsp;<\/p>\n<p><strong>Was sch\u00e4tzen Sie an anderen Menschen am meisten?<\/strong><\/p>\n<p>Ein positives Menschenbild und wertsch\u00e4tzende Haltung gegen\u00fcber anderen sowie Humor.\u00a0Ein besonderer Moment hierzu liegt ein Jahr zur\u00fcck. Ich war mit meinen Kollegen zu einem F\u00fchrungskr\u00e4ftetraining in der Abtei M\u00fcnsterschwarzach und wir haben dort wertsch\u00e4tzendes Miteinander erfahren. Menschen, die wenig Materielles besitzen, leben in Frieden und mit Freude zusammen. Die Gelassenheit und das Positive dort haben mich ber\u00fchrt.<\/p>\n<p>&nbsp;<\/p>\n<p><strong>Auf welche drei Dinge k\u00f6nnten Sie niemals verzichten?<\/strong><\/p>\n<p>Meinen Ehering, mein Smartphone (wohl eine Berufskrankheit, aber auch zum \u201eDie drei ???\u201c h\u00f6ren oder lesen) und meine Handtasche (mit dem Inhalt kann ich locker ein paar Tage \u00fcberleben).<\/p>\n<p>&nbsp;<\/p>\n<p><strong>Was war Ihr peinlichster Moment?<\/strong><\/p>\n<p>Bei einer Tanzvorf\u00fchrung an der Uni bin ich im Vorbeigehen an einem Kabel h\u00e4ngen geblieben und habe aus Versehen das Kabel f\u00fcr die Musik erwischt. Die Musik ging aus und die Tanzvorf\u00fchrung musste unterbrochen werden.<\/p>\n<p>&nbsp;<\/p>\n<p><strong>Auf welches Erlebnis h\u00e4tten Sie lieber verzichtet?<\/strong><\/p>\n<p>Vor ein paar Jahren habe ich die Aufsichtsrats-Wahl gegen meinen Mitbewerber verloren.<\/p>\n<p>&nbsp;<\/p>\n<p><strong>Wenn Sie f\u00fcr einen Tag den Job von jemand anderem \u00fcbernehmen k\u00f6nnten &#8211; welcher w\u00e4re das?<\/strong><\/p>\n<p>Schon immer den von <a href=\"http:\/\/Star Trek: Picard \u2013 Wikipedia\">Captain Picard aus der Serie Star Trek<\/a>.<\/p>\n<p>&nbsp;<\/p>\n<p>&nbsp;<\/p>\n<p>&nbsp;<\/p>\n<p>&nbsp;<\/p>\n<p><a href=\"https:\/\/www.faktenkontor.de\/pressemeldungen\/blogger-relevanzindex-das-sind-deutschlands-top-100-blogs\/\"><img loading=\"lazy\" decoding=\"async\" class=\"aligncenter size-medium wp-image-680063\" src=\"https:\/\/149798077.v2.pressablecdn.com\/management\/files\/2022\/06\/Wiwo.top_.10.blog_.2022.Blogger-Relevanzindex_Top-10-Blogs-2022-227x300.jpg\" alt=\"\" width=\"227\" height=\"300\" srcset=\"https:\/\/blog.wiwo.de\/management\/files\/2022\/06\/Wiwo.top_.10.blog_.2022.Blogger-Relevanzindex_Top-10-Blogs-2022-227x300.jpg 227w, https:\/\/blog.wiwo.de\/management\/files\/2022\/06\/Wiwo.top_.10.blog_.2022.Blogger-Relevanzindex_Top-10-Blogs-2022.jpg 492w\" sizes=\"auto, (max-width: 227px) 100vw, 227px\" \/><\/a><\/p>\n<div id=\"main\">\n<div id=\"primary\">\n<div id=\"content\" role=\"main\">\n<article id=\"post-679588\" class=\"post-679588 post type-post status-publish format-standard hentry category-allgemein tag-arbeitsbedingung tag-arbeitsklima tag-betriebsklima tag-big-quit tag-ey-ernst-young tag-fachkraftemangel tag-gehalt tag-great-resignation tag-jobwechsel tag-kundigung tag-kuendigungsabsicht tag-loehne tag-umfrage\">\n<div class=\"entry-content\">\n<p>&nbsp;<\/p>\n<p>&nbsp;<\/p>\n<p><a href=\"https:\/\/www.presseportal.de\/pm\/52884\/5255623\"><img loading=\"lazy\" decoding=\"async\" class=\"aligncenter size-medium wp-image-676731\" src=\"https:\/\/149798077.v2.pressablecdn.com\/management\/files\/2021\/06\/bloggerinnen.2021.neu_-300x212.jpg\" alt=\"\" width=\"300\" height=\"212\" srcset=\"https:\/\/blog.wiwo.de\/management\/files\/2021\/06\/bloggerinnen.2021.neu_-300x212.jpg 300w, https:\/\/blog.wiwo.de\/management\/files\/2021\/06\/bloggerinnen.2021.neu_-424x300.jpg 424w, https:\/\/blog.wiwo.de\/management\/files\/2021\/06\/bloggerinnen.2021.neu_.jpg 650w\" sizes=\"auto, (max-width: 300px) 100vw, 300px\" \/><\/a><\/p>\n<p>&nbsp;<\/p>\n<p><strong>Copyright: @Claudia T\u00f6dtmann. Alle Rechte vorbehalten.\u00a0<\/strong><\/p>\n<p><strong>Kontakt f\u00fcr Nutzungsrechte: claudia.toedtmann@wiwo.de<\/strong><\/p>\n<p><strong>Alle inhaltlichen Rechte des Management-Blogs von Claudia T\u00f6dtmann liegen bei der Blog-Inhaberin. Jegliche Nutzung der Inhalte bed\u00fcrfen der ausdr\u00fccklichen Genehmigung.<\/strong><\/p>\n<\/div>\n<p><strong>Um den Lesefluss nicht zu behindern, wird in Management-Blog-Texten nur die m\u00e4nnliche Form genannt, aber immer sind die weibliche und andere Formen gleicherma\u00dfen mit gemeint.<\/strong><\/p>\n<\/article>\n<\/div>\n<\/div>\n<\/div>\n<div class=\"at-below-post addthis_tool\" data-url=\"https:\/\/blog.wiwo.de\/management\/?p=681953\" data-title=\"Warum immer mehr M\u00e4nner #meetoo-F\u00e4lle melden und Unternehmen jetzt so sensibel mit dem Thema umgehen, erkl\u00e4rt Strafrechtlerin Simone K\u00e4mpfer von Freshfields im Interview\" data-description=\"Strafrechtlerin Simone K\u00e4mpfer \u00fcber das neue Interesse der Unternehmen an Aufkl\u00e4rung von#metoo-F\u00e4llen im eigenen Haus und ihre Sorge, dass sich Betroffene in ihrem \u00c4rger auf Twitter Luft machen und damit zehntausende Menschen erreichen. Mal ganz abgesehen davon, dass obendrein das Hinweisgeberschutzgesetz bald die Zahlen von gemeldeten #meToo-F\u00e4llen hochtreiben wird. \u00a0 \u00a0 Frau K\u00e4mpfer, kommen Mandanten...\">\n<div id=\"atstbx\" class=\"at-share-tbx-element at-share-tbx-native addthis_default_style addthis_20x20_style addthis-smartlayers addthis-animated at4-show\">\n<div class=\"fb-like fb_iframe_widget\" data-layout=\"button_count\" data-show_faces=\"false\" data-share=\"false\" data-action=\"like\" data-width=\"90\" data-height=\"25\" data-font=\"arial\" data-href=\"https:\/\/blog.wiwo.de\/management\/?p=681953\" data-send=\"false\"><\/div>\n<\/div>\n<\/div>\n","protected":false},"excerpt":{"rendered":"<p>Den Fragebogen &#8222;Nahaufnahme&#8220; beantwortet Nicole Engenhardt-Gill\u00e9, Vorst\u00e4ndin Personal und ESG beim Telekommunikationsunternehmen Freenet. &nbsp; &nbsp; Erkl\u00e4ren Sie in\u202feinem\u202fSatz, was Ihr Unternehmen tut.\u00a0 Freenet liefert Endkunden unter einer Reihe von Marken Zugang zu Mobilfunk, Internet, IPTV, Terrestrisches Fernsehen, Radio, Public Wifi &hellip; <a href=\"https:\/\/blog.wiwo.de\/management\/2023\/03\/30\/fragebogen-nahaufnahme-mit-freenet-vorstaendin-nicole-engenhardt-gille-die-keine-termine-vor-zehn-uhr-machen-will\/\">Weiterlesen <span class=\"meta-nav\">&rarr;<\/span><\/a><\/p>\n","protected":false},"author":19,"featured_media":0,"comment_status":"open","ping_status":"open","sticky":false,"template":"","format":"standard","meta":{"footnotes":""},"categories":[1],"tags":[4763,4329,11305],"class_list":["post-681977","post","type-post","status-publish","format-standard","hentry","category-allgemein","tag-fragebogen-nahaufnahme","tag-freenet","tag-nicole-engenhardt-gille"],"_links":{"self":[{"href":"https:\/\/blog.wiwo.de\/management\/wp-json\/wp\/v2\/posts\/681977","targetHints":{"allow":["GET"]}}],"collection":[{"href":"https:\/\/blog.wiwo.de\/management\/wp-json\/wp\/v2\/posts"}],"about":[{"href":"https:\/\/blog.wiwo.de\/management\/wp-json\/wp\/v2\/types\/post"}],"author":[{"embeddable":true,"href":"https:\/\/blog.wiwo.de\/management\/wp-json\/wp\/v2\/users\/19"}],"replies":[{"embeddable":true,"href":"https:\/\/blog.wiwo.de\/management\/wp-json\/wp\/v2\/comments?post=681977"}],"version-history":[{"count":6,"href":"https:\/\/blog.wiwo.de\/management\/wp-json\/wp\/v2\/posts\/681977\/revisions"}],"predecessor-version":[{"id":681986,"href":"https:\/\/blog.wiwo.de\/management\/wp-json\/wp\/v2\/posts\/681977\/revisions\/681986"}],"wp:attachment":[{"href":"https:\/\/blog.wiwo.de\/management\/wp-json\/wp\/v2\/media?parent=681977"}],"wp:term":[{"taxonomy":"category","embeddable":true,"href":"https:\/\/blog.wiwo.de\/management\/wp-json\/wp\/v2\/categories?post=681977"},{"taxonomy":"post_tag","embeddable":true,"href":"https:\/\/blog.wiwo.de\/management\/wp-json\/wp\/v2\/tags?post=681977"}],"curies":[{"name":"wp","href":"https:\/\/api.w.org\/{rel}","templated":true}]}}