{"id":681880,"date":"2023-03-22T05:00:01","date_gmt":"2023-03-22T04:00:01","guid":{"rendered":"https:\/\/blog.wiwo.de\/management\/?p=681880"},"modified":"2023-03-22T12:27:11","modified_gmt":"2023-03-22T11:27:11","slug":"gallup-umfrage-2022-fast-jeder-fuenfte-mitarbeiter-hat-innerlich-gekuendigt-mehr-als-jeder-zweite-glaubt-nicht-mehr-an-seine-firma-in-der-zukunft-die-fuehrungskraefte-spielen-eine-immer-ungluecklich","status":"publish","type":"post","link":"https:\/\/blog.wiwo.de\/management\/2023\/03\/22\/gallup-umfrage-2022-fast-jeder-fuenfte-mitarbeiter-hat-innerlich-gekuendigt-mehr-als-jeder-zweite-glaubt-nicht-mehr-an-seine-firma-in-der-zukunft-die-fuehrungskraefte-spielen-eine-immer-ungluecklich\/","title":{"rendered":"Gallup-Umfrage 2022: Fast jeder f\u00fcnfte Mitarbeiter hat innerlich gek\u00fcndigt, mehr als jeder zweite glaubt nicht mehr an seine Firma in der Zukunft. Die F\u00fchrungskr\u00e4fte spielen eine immer ungl\u00fccklichere Rolle dabei."},"content":{"rendered":"<h1>Die neue Gallup-Umfrage zeigt, wie sehr sich Mitarbeiter von ihren Unternehmen abwenden und sie anzweifeln. Und dass die F\u00fchrungskr\u00e4fte ihr Unternehmen gegen\u00fcber den Mitarbeitern nicht gut repr\u00e4sentieren &#8211; und ihnen damit schaden, wenn sie Mitarbeiter nicht binden, sondern vertreiben.<\/h1>\n<p>&nbsp;<\/p>\n<p>&nbsp;<\/p>\n<div id=\"attachment_678836\" style=\"width: 498px\" class=\"wp-caption aligncenter\"><img loading=\"lazy\" decoding=\"async\" aria-describedby=\"caption-attachment-678836\" class=\"size-full wp-image-678836\" src=\"https:\/\/blog.wiwo.de\/management\/files\/2022\/01\/stellenanzeige.GB_.Kneipe.jpg\" alt=\"\" width=\"488\" height=\"650\" srcset=\"https:\/\/blog.wiwo.de\/management\/files\/2022\/01\/stellenanzeige.GB_.Kneipe.jpg 488w, https:\/\/blog.wiwo.de\/management\/files\/2022\/01\/stellenanzeige.GB_.Kneipe-225x300.jpg 225w\" sizes=\"auto, (max-width: 488px) 100vw, 488px\" \/><p id=\"caption-attachment-678836\" class=\"wp-caption-text\">(Foto: C.T\u00f6dtmann)<\/p><\/div>\n<p>&nbsp;<\/p>\n<p>Nur noch 13 Prozent der Mitarbeiter sind &#8222;mit Herz, Hand und Verstand&#8220; bei der Arbeit, sagt Marco Nink vom Beratungsunternehmen Gallup. Zum Vergleich: Das waren 2021 immerhin noch 17 Prozent. Die Zahl der Angestellten, die innerlich gek\u00fcndigt haben, ist von 14 auf 18 Prozent gestiegen.\u00a0 Das ist laut Nink der h\u00f6chste Wert seit zehn Jahren. Gallup untersucht die emotionale Bindung der deutschen Angestellten und die F\u00fchrungskultur samt Arbeitsumfeld jedes Jahr bereits seit 2001. Damit machen 69 Prozent aller Arbeitnehmer Dienst nach Vorschrift.<\/p>\n<p>Die Befragung erfolgte November\/Dezember 2022, sie spiegelt die Krisenstimmung und das Gef\u00fchl der ungewissen Zukunft wider, sagt Nink. Gesunken ist das Vertrauen in die Zukunft der Arbeitgeber: Nicht mal jeder zweite glaubt fest an die wirtschaftliche Zukunft seines Unternehmens (41 Prozent). Nur noch jeder Dritte ist zuversichtlich, dass die eigenen Gesch\u00e4ftsf\u00fchrer\u00a0 die k\u00fcnftigen Herausforderungen meistern k\u00f6nnen. Zum Vergleich: Das waren vor drei Jahren noch 41 Prozent.<\/p>\n<p>Die Folgen dieser Zahlen lassen sich auch in der Umfrage schon ablesen: 20 Prozent der Mitarbeiter sagen, sie seien aktiv auf Jobsuche und 41 Prozent h\u00f6ren sich schon um. Das trifft auf Home-Office-Arbeiter ebenso zu wie alle anderen, sagt Nink.<\/p>\n<p>&nbsp;<\/p>\n<h1>Die Mitarbeiter aus den Augen verloren<\/h1>\n<p>Selbst wenn die Menschen dann doch nicht abspringen, so m\u00fcsste dieses Ergebnis die Arbeitgeber angesichts des Facharbeitermangels und der Bewerberknappheit beunruhigen.<\/p>\n<p>&nbsp;<\/p>\n<p>Die F\u00fchrungskr\u00e4fte haben die Mitarbeiter etwas aus den Augen verloren, res\u00fcmiert der Personalexperte. Der Fokus liege jetzt weniger auf dem F\u00fchren der Leute als dem Managen der Krise. Unternehmen h\u00e4tten noch nie so viele Probleme gleichzeitig zu bew\u00e4ltigen: Gestiegene Produktionskosten und Eenergiepreise, die Gaskanappheitsgefahr und Lieferkettenprobemen seien die Bedrohungen. Dazu mussten Betriebskosten mussten reduziert werden, Unternehmen mussten um jeden Kunden k\u00e4mpfen, weil alle sparen. Hinzu kommen technische Ver\u00e4nderungen wie die Digitalisierung und hybrides Arbeiten, fasst Nink zusammen. Alles zusammen f\u00fchrt dazu, dass Arbeitgeber die Mitarbeiter und deren Belange ausgeblendet h\u00e4tten, Das sei fatal in dieser unsicheren Zeit, in der besser Orientierung im Tagesgesch\u00e4ft\u00a0 gegeben werden sollte, so der Personalprofi.<\/p>\n<p>&nbsp;<\/p>\n<div id=\"attachment_677397\" style=\"width: 660px\" class=\"wp-caption aligncenter\"><img loading=\"lazy\" decoding=\"async\" aria-describedby=\"caption-attachment-677397\" class=\"size-full wp-image-677397\" src=\"https:\/\/blog.wiwo.de\/management\/files\/2021\/08\/uhr.bouchet.jpg\" alt=\"\" width=\"650\" height=\"650\" srcset=\"https:\/\/blog.wiwo.de\/management\/files\/2021\/08\/uhr.bouchet.jpg 650w, https:\/\/blog.wiwo.de\/management\/files\/2021\/08\/uhr.bouchet-300x300.jpg 300w, https:\/\/blog.wiwo.de\/management\/files\/2021\/08\/uhr.bouchet-150x150.jpg 150w\" sizes=\"auto, (max-width: 650px) 100vw, 650px\" \/><p id=\"caption-attachment-677397\" class=\"wp-caption-text\">(Foto: C.T\u00f6dtmann)<\/p><\/div>\n<p>&nbsp;<\/p>\n<p><strong>Unerreichbare F\u00fchrungskr\u00e4fte, die sich keine Zeit nehmen &#8211; und wenn, dann nicht positiv best\u00e4rken<\/strong><\/p>\n<p>Dreh- und Angelpunkt sind gerade in diesen unruhigen Zeiten die direkten Vorgesetzten. Doch mit denen sind nur 25 Prozent der Mitarbeiter sehr zufrieden. 38 Prozent sehen &#8222;Nachholbedarf&#8220;.<\/p>\n<p>Konkret sagen nur 30 Prozent der Angestellten, dass ihre F\u00fchrungskraft immer erreichbar ist und sich Zeit nimmt.<\/p>\n<p>Unter einem Aspekt kann das sogar gut sein: Nink kritisiert, dass die meisten Vorgesetzten hierzulande den &#8222;Schwerpunkt auf die Schw\u00e4chen ihrer Mitarbeiter statt deren St\u00e4rken und positive Eigenschaften setzen&#8220;.\u00a0 Das kann dann auch keiner brauchen.<\/p>\n<p>&nbsp;<\/p>\n<p><strong>Die F\u00fchrungs-Faustregel ist simpel: Auf ein negatives Feedback m\u00fcssen f\u00fcnf posive kommen<\/strong><\/p>\n<p>Denn eine Grundregel hat sich bei F\u00fchrungskr\u00e4ften noch immer nicht herumgesprochen: Sie m\u00fcssen mehr positive als negative Feedback geben, berichtet Nink \u00fcber wissenschaftliche Untersuchungen. Dabei ist die Faustregel ganz eifach: &#8222;Auf ein negatives Feedback m\u00fcssen f\u00fcnf positve kommen.&#8220;<\/p>\n<p>&nbsp;<\/p>\n<p>&nbsp;<\/p>\n<h1>Wie sich emotionale Bindung auf die Unternehmensleistung auswirkt<\/h1>\n<p>\uf0b7 18 % bis 43 % geringere Fluktuation (43 % bei Unternehmen mit einer niedrigen Fluktuation, 18 % bei Unternehmen mit einer hohen Fluktuation)<br \/>\n\uf0b7 81 % weniger Fehlzeiten<br \/>\n\uf0b7 64 % weniger Arbeitsunf\u00e4lle<br \/>\n\uf0b7 41 % weniger Qualit\u00e4tsm\u00e4ngel<br \/>\n\uf0b7 10 % bessere Kundenbewertungen<br \/>\n\uf0b7 14 % h\u00f6here Produktivit\u00e4t<\/p>\n<p>&nbsp;<\/p>\n<p>&nbsp;<\/p>\n<p><strong>Zur Methode:<\/strong> &#8222;Die Gallup Meta-Analyse von 276 Unternehmen erfolgt auf Berechnung auf Basis von Zahlen des Statistischen Bundesamtes aus dem Jahr 2022. \u00dcber den Engagement Index Deutschland: Seit dem Jahr 2001 erstellt Gallup j\u00e4hrlich anhand von zw\u00f6lf Fragen zum Arbeitsplatz und -umfeld, den sogenannten Q12\u00ae, den Engagement Index f\u00fcr Deutschland. Die Studie zeigt, wie hoch der Grad der emotionalen Bindung von Mitarbeitern und damit das Engagement und die Motivation bei der Arbeit ist. F\u00fcr die j\u00fcngste Untersuchung wurden zwischen dem 14. November und 21. Dezember 2022 insgesamt 1.500 zuf\u00e4llig ausgew\u00e4hlte Arbeitnehmer ab 18 Jahren telefonisch interviewt (Dual Frame: Festnetz- und Mobilfunkstichprobe; zuf\u00e4llige Auswahl von Telefonnummern, zuf\u00e4llige Auswahl der Zielperson im Haushalt mittels Geburtstagsverfahren bei mehr als einer relevanten Zielperson pro<br \/>\nHaushalt). Die Ergebnisse sind repr\u00e4sentativ f\u00fcr die Arbeitnehmerschaft in Deutschland ab 18 Jahre.&#8220;<\/p>\n<p>&nbsp;<\/p>\n<p>&nbsp;<\/p>\n<p>&nbsp;<\/p>\n<p>&nbsp;<\/p>\n<div id=\"main\">\n<div id=\"primary\">\n<div id=\"content\" role=\"main\">\n<article id=\"post-680760\" class=\"post-680760 post type-post status-publish format-standard hentry category-allgemein tag-auslander tag-bezuege tag-dax tag-dax-vorstande tag-deutsche-bank tag-deutsche-schutzvereinigung-fur-wertpapierbesitz-dsw tag-frauen tag-linde tag-quiagen tag-technische-universitaet-muenchen-tum tag-vorstandinnen\">\n<div class=\"entry-content\">\n<p><a href=\"https:\/\/www.faktenkontor.de\/pressemeldungen\/blogger-relevanzindex-das-sind-deutschlands-top-100-blogs\/\"><img loading=\"lazy\" decoding=\"async\" class=\"aligncenter size-medium wp-image-680063\" src=\"https:\/\/149798077.v2.pressablecdn.com\/management\/files\/2022\/06\/Wiwo.top_.10.blog_.2022.Blogger-Relevanzindex_Top-10-Blogs-2022-227x300.jpg\" alt=\"\" width=\"227\" height=\"300\" srcset=\"https:\/\/blog.wiwo.de\/management\/files\/2022\/06\/Wiwo.top_.10.blog_.2022.Blogger-Relevanzindex_Top-10-Blogs-2022-227x300.jpg 227w, https:\/\/blog.wiwo.de\/management\/files\/2022\/06\/Wiwo.top_.10.blog_.2022.Blogger-Relevanzindex_Top-10-Blogs-2022.jpg 492w\" sizes=\"auto, (max-width: 227px) 100vw, 227px\" \/><\/a><\/p>\n<div id=\"main\">\n<div id=\"primary\">\n<div id=\"content\" role=\"main\">\n<article id=\"post-679588\" class=\"post-679588 post type-post status-publish format-standard hentry category-allgemein tag-arbeitsbedingung tag-arbeitsklima tag-betriebsklima tag-big-quit tag-ey-ernst-young tag-fachkraftemangel tag-gehalt tag-great-resignation tag-jobwechsel tag-kundigung tag-kuendigungsabsicht tag-loehne tag-umfrage\">\n<div class=\"entry-content\">\n<p>&nbsp;<\/p>\n<p>&nbsp;<\/p>\n<p><a href=\"https:\/\/www.presseportal.de\/pm\/52884\/5255623\"><img loading=\"lazy\" decoding=\"async\" class=\"aligncenter size-medium wp-image-676731\" src=\"https:\/\/149798077.v2.pressablecdn.com\/management\/files\/2021\/06\/bloggerinnen.2021.neu_-300x212.jpg\" alt=\"\" width=\"300\" height=\"212\" srcset=\"https:\/\/blog.wiwo.de\/management\/files\/2021\/06\/bloggerinnen.2021.neu_-300x212.jpg 300w, https:\/\/blog.wiwo.de\/management\/files\/2021\/06\/bloggerinnen.2021.neu_-424x300.jpg 424w, https:\/\/blog.wiwo.de\/management\/files\/2021\/06\/bloggerinnen.2021.neu_.jpg 650w\" sizes=\"auto, (max-width: 300px) 100vw, 300px\" \/><\/a><\/p>\n<p>&nbsp;<\/p>\n<p><strong>Copyright: @Claudia T\u00f6dtmann. Alle Rechte vorbehalten.\u00a0<\/strong><\/p>\n<p><strong>Kontakt f\u00fcr Nutzungsrechte: claudia.toedtmann@wiwo.de<\/strong><\/p>\n<p><strong>Alle inhaltlichen Rechte des Management-Blogs von Claudia T\u00f6dtmann liegen bei der Blog-Inhaberin. Jegliche Nutzung der Inhalte bed\u00fcrfen der ausdr\u00fccklichen Genehmigung.<\/strong><\/p>\n<\/div>\n<p><strong>Um den Lesefluss nicht zu behindern, wird in Management-Blog-Texten nur die m\u00e4nnliche Form genannt, aber immer sind die weibliche und andere Formen gleicherma\u00dfen mit gemeint.<\/strong><\/p>\n<\/article>\n<\/div>\n<\/div>\n<\/div>\n<\/div>\n<\/article>\n<\/div>\n<\/div>\n<\/div>\n","protected":false},"excerpt":{"rendered":"<p>Die neue Gallup-Umfrage zeigt, wie sehr sich Mitarbeiter von ihren Unternehmen abwenden und sie anzweifeln. Und dass die F\u00fchrungskr\u00e4fte ihr Unternehmen gegen\u00fcber den Mitarbeitern nicht gut repr\u00e4sentieren &#8211; und ihnen damit schaden, wenn sie Mitarbeiter nicht binden, sondern vertreiben. &nbsp; &hellip; <a href=\"https:\/\/blog.wiwo.de\/management\/2023\/03\/22\/gallup-umfrage-2022-fast-jeder-fuenfte-mitarbeiter-hat-innerlich-gekuendigt-mehr-als-jeder-zweite-glaubt-nicht-mehr-an-seine-firma-in-der-zukunft-die-fuehrungskraefte-spielen-eine-immer-ungluecklich\/\">Weiterlesen <span class=\"meta-nav\">&rarr;<\/span><\/a><\/p>\n","protected":false},"author":19,"featured_media":0,"comment_status":"open","ping_status":"open","sticky":false,"template":"","format":"standard","meta":{"footnotes":""},"categories":[1],"tags":[420,11292,548,779],"class_list":["post-681880","post","type-post","status-publish","format-standard","hentry","category-allgemein","tag-fuhrungskrafte","tag-gallup-engagement-index-2023","tag-innerliche-kundigung","tag-mitarbeiterbindung"],"_links":{"self":[{"href":"https:\/\/blog.wiwo.de\/management\/wp-json\/wp\/v2\/posts\/681880","targetHints":{"allow":["GET"]}}],"collection":[{"href":"https:\/\/blog.wiwo.de\/management\/wp-json\/wp\/v2\/posts"}],"about":[{"href":"https:\/\/blog.wiwo.de\/management\/wp-json\/wp\/v2\/types\/post"}],"author":[{"embeddable":true,"href":"https:\/\/blog.wiwo.de\/management\/wp-json\/wp\/v2\/users\/19"}],"replies":[{"embeddable":true,"href":"https:\/\/blog.wiwo.de\/management\/wp-json\/wp\/v2\/comments?post=681880"}],"version-history":[{"count":8,"href":"https:\/\/blog.wiwo.de\/management\/wp-json\/wp\/v2\/posts\/681880\/revisions"}],"predecessor-version":[{"id":681944,"href":"https:\/\/blog.wiwo.de\/management\/wp-json\/wp\/v2\/posts\/681880\/revisions\/681944"}],"wp:attachment":[{"href":"https:\/\/blog.wiwo.de\/management\/wp-json\/wp\/v2\/media?parent=681880"}],"wp:term":[{"taxonomy":"category","embeddable":true,"href":"https:\/\/blog.wiwo.de\/management\/wp-json\/wp\/v2\/categories?post=681880"},{"taxonomy":"post_tag","embeddable":true,"href":"https:\/\/blog.wiwo.de\/management\/wp-json\/wp\/v2\/tags?post=681880"}],"curies":[{"name":"wp","href":"https:\/\/api.w.org\/{rel}","templated":true}]}}