{"id":680942,"date":"2022-10-24T16:00:33","date_gmt":"2022-10-24T14:00:33","guid":{"rendered":"https:\/\/blog.wiwo.de\/management\/?p=680942"},"modified":"2022-10-25T19:55:34","modified_gmt":"2022-10-25T17:55:34","slug":"ploetzlich-verkehrte-welt-und-bald-ueberall-so-in-den-kliniken-beneiden-die-stammbelegschaften-die-zeitarbeitnehmer","status":"publish","type":"post","link":"https:\/\/blog.wiwo.de\/management\/2022\/10\/24\/ploetzlich-verkehrte-welt-und-bald-ueberall-so-in-den-kliniken-beneiden-die-stammbelegschaften-die-zeitarbeitnehmer\/","title":{"rendered":"Pl\u00f6tzlich verkehrte Welt &#8211; und bald \u00fcberall so? In den Kliniken beneiden die Stammbelegschaften die Zeitarbeitnehmer"},"content":{"rendered":"<p><strong>Wenn Zeitarbeitnehmer den Neid der Stammbelegschaft auf sich ziehen &#8211; und nicht mehr umgekehrt wie fr\u00fcher, als die Kollegen auf Zeit -zig Nachteile hatten: Dann vergr\u00f6\u00dfern die Ungerechtigkeiten bei Lohn und Aufgaben das Dilemma, weil die Festangestellten die unfaire Verteilung leid sind und k\u00fcndigen.<\/strong><\/p>\n<p>&nbsp;<\/p>\n<p><img loading=\"lazy\" decoding=\"async\" class=\"aligncenter size-full wp-image-680955\" src=\"https:\/\/blog.wiwo.de\/management\/files\/2022\/10\/krankenhausflur.jpg\" alt=\"\" width=\"488\" height=\"650\" srcset=\"https:\/\/blog.wiwo.de\/management\/files\/2022\/10\/krankenhausflur.jpg 488w, https:\/\/blog.wiwo.de\/management\/files\/2022\/10\/krankenhausflur-225x300.jpg 225w\" sizes=\"auto, (max-width: 488px) 100vw, 488px\" \/><\/p>\n<p>&nbsp;<\/p>\n<p>Was fr\u00fcher eine Notl\u00f6sung oder eine \u00dcbergangsl\u00f6sung war, wurde zum Normalzustand. Und die verursacht jetzt m\u00e4chtig \u00c4rger. Leiharbeitnehmer in Kliniken, konkret Krankenschwestern oder Pfleger, ziehen Neid und Wut der Stammbelegschaften auf sich. Soweit noch vorhanden. Denn unter den Kliniken herrscht Wettbewerb um Pflegepersonal, sie zahlen Kopfpr\u00e4mien f\u00fcr Vermitteln an ihre Mitarbeiter von mehreren Tausend Euro. Wegen des akuten Personalmangels m\u00fcssen Klinikbetreiber jetzt immer mehr Personal \u00fcber Leiharbeit-Firmen anheuern.\u00a0Die sind ihnen eher ein Dorn im Auge, weil sie teurer sind als die eigenen Leute. Aber ohne sie geht\u00b4s eben nicht, nicht mehr.<\/p>\n<p>&nbsp;<\/p>\n<h1>Zeitarbeiter-Agenturen f\u00fcr Pflegepersonal prosperieren<\/h1>\n<p>Doch von Anfang an: Viele Krankenschwestern und Krankenpfleger sind Zeitarbeitnehmer.\u00a0 Der Patient\u00a0 kann die Zeitarbeitnehmer nicht von der Stammbelegschaft unterscheiden. Jedenfalls nicht optisch. Und wenn, w\u00fcrde es auch nicht helfen. Die Mutma\u00dfung von Patienten: Wer \u00fcberall begehrt ist, wer sich morgen abziehen lassen kann und auf den die n\u00e4chste Klinik schon wartet, hat es nicht mit der Verantwortung und Gewissenhaftigkeit wie jemand, der f\u00fcr sein Tun l\u00e4nger einstehen muss und dem ein R\u00fcffel vom Chef oder gar ein schlechtes Zeugnis droht.<\/p>\n<p>Kein Wunder, dass die Agenturen, die die Zeit-Mitarbeiter verleihen an die Hospit\u00e4ler, prosperieren und wie Pilze aus dem Boden schie\u00dfen, erz\u00e4hlt <a href=\"https:\/\/www.arqis.com\/team\/dr-andrea-panzer-heemeier\/\">Andrea Panzer-Heemeier<\/a>, Arbeitsrechtlerin der <a href=\"https:\/\/www.arqis.com\/news\/arqis-beraet-alloheim-beim-erwerb-zweier-pflegeheimbetreiber-in-nrw\/\">Kanzlei Arqis<\/a>.<\/p>\n<p>&nbsp;<\/p>\n<h1>Neid auf die Zeitarbeiter vergiftet das Betriebsklima<\/h1>\n<p>Jedoch: Zeitarbeiter in Kliniken wirken wie der <a href=\"https:\/\/de.wikipedia.org\/wiki\/Streit_um_Asterix\">Zwietrachts\u00e4er im Asterix-Comic<\/a>, Tullius Destructivus. Sie vergiften das Betriebsklima &#8211; und sind obendrein schlimmstenfalls auch noch ansteckend und verleiten andere zum K\u00fcndigen. Sie maximieren ihren pers\u00f6nlichen Gewinn &#8211; leider auf Kosten der festangestellten Kollegen &#8211; und sorgen f\u00fcr Neid und Wut. Sie fahren mit kleinen Dienstwagen ihrer Verleiher herum, verdienen mehr als die Festangestellten und schieben gar nicht erst die ungeliebten Schichten am Wochenende. Auch die l\u00e4stigen Dokumentationsarbeiten brauchen sie nicht erledigen. Anders als Zeitarbeitnehmer fr\u00fcher, die ihre Jobs als Chance begriffen, den dauerhaften Einstieg in eine Firma zu schaffen.\u00a0An langj\u00e4hrigen Bindungen an eine Klinik haben sie kein Interesse.<\/p>\n<p>&nbsp;<\/p>\n<h1>Je mehr Privilegien f\u00fcr die Zeitarbeiter umso mehr geht\u00b4s auf Kosten der anderen<\/h1>\n<p>Kurz, Rosinenpicken w\u00e4re auch ein treffender Begriff. Zumal: je weniger Wochenendschichten oder Dokumentationen die Zeitarbeiter machen m\u00fcssen, umso mehr bleiben an den &#8211; schlechter bezahlten &#8211; Festen h\u00e4ngen. Im Klartext:\u00a0 Die Unsicherheit, die fr\u00fcher ein Malus der Zeitarbeitnehmer in Kauf nehmen musste, ist heute kein Thema mehr, sagt <a href=\"https:\/\/www.arqis.com\/news\/arqis-beraet-alloheim-beim-erwerb-zweier-pflegeheimbetreiber-in-nrw\/\">Panzer-Heemeier<\/a>. Dank der Marktlage. Klinikbetreiber w\u00fcssten nicht, wie sie in dieser Mangelsituation Herr der Lage werden sollten, berichtet die Anw\u00e4ltin. Doch klar ist: Die Ungleichbehandlung bei gleicher Arbeit wurmt die Benachteiligten und wom\u00f6glich wechseln sie auch selbst die Seite.<\/p>\n<p>&nbsp;<\/p>\n<div id=\"attachment_680970\" style=\"width: 445px\" class=\"wp-caption aligncenter\"><img loading=\"lazy\" decoding=\"async\" aria-describedby=\"caption-attachment-680970\" class=\"size-full wp-image-680970\" src=\"https:\/\/blog.wiwo.de\/management\/files\/2022\/10\/panzer-heemeiner.privatfoto.2022-e1666644530252.jpg\" alt=\"\" width=\"435\" height=\"240\" srcset=\"https:\/\/blog.wiwo.de\/management\/files\/2022\/10\/panzer-heemeiner.privatfoto.2022-e1666644530252.jpg 435w, https:\/\/blog.wiwo.de\/management\/files\/2022\/10\/panzer-heemeiner.privatfoto.2022-e1666644530252-300x166.jpg 300w\" sizes=\"auto, (max-width: 435px) 100vw, 435px\" \/><p id=\"caption-attachment-680970\" class=\"wp-caption-text\">Andrea Panzer-Heemeier (Foto: Privat)<\/p><\/div>\n<p>&nbsp;<\/p>\n<h1><strong>Die Ungleichheit nagt an jedem einzelnen<\/strong><\/h1>\n<p>Falls es ein Patentrezept zur Aufl\u00f6sung der Ungleichbehandlung gibt, sollten Klinikchefs sie rasch umsetzen. Wenn fast eine ganze Abteilung zum Jahresende k\u00fcndigt und von neun Leuten nur noch zwei da sind &#8211; das Beispiel ist genauso passiert in NRW und hat den \u00c4rzten, Patienten und vor allem den beiden Verbliebenen schwer zugesetzt &#8211; ist das ein Horror.<\/p>\n<p>&nbsp;<\/p>\n<h1>Es k\u00f6nnte bald in anderen Branchen auch so laufen<\/h1>\n<p>Vor allem aber frage ich mich, ob dieses Muster nur ein Anfang ist, eine Blaupause f\u00fcr andere Unternehmen. Die ebenso Arbeitermangel beklagen. Den Personalmangel gab\u00b4s in den Kliniken dank jahrzehntelanger Kostensparaktionen schon vor Corona. Er wurde nur sichtbar durch die Medien und alle haben pl\u00f6tzlich hingeguckt. So richtig bemerkt den Mangel nur, wer selbst im Krankenhaus als Patient ist und der deshalb\u00a0 Folgeerkrankungen erleidet. Wo Therapien und Medikamente aufgrund der Hektik vergessen werden. Wo Patienten nicht mehr an den Tisch gesetzt werden zum Essen und ans Liegen kommen, ohne dass es sein m\u00fcsste. Oder wessen Unterlagen nicht gr\u00fcndlich gelesen werden und der prompt eine Fehlbehandlung bekommt.<\/p>\n<p>&nbsp;<\/p>\n<p>Aber wer sagt denn, dass der Personalmangel nicht auch andere Branchen so beutelt, dass sie mehr und mehr Leiharbeiter brauchen? Im Grunde haben viele schon heute Mitarbeiter, die sich ungerecht behandelt vorkommen: Denn wer heute eingestellt wird, dem gelingt es oft, h\u00f6here L\u00f6hne durchzusetzen als sie die Erfahrenen, die schon da sind, bekommen.\u00a0 Was ist wom\u00f6glich die Folge? Gehaltserh\u00f6hungen auch f\u00fcr die? Und wenn nicht?<\/p>\n<p>&nbsp;<\/p>\n<h1>Statt gutem Rat nur Zynismus<\/h1>\n<p>Der Rat jedenfalls von Andreas Wermter, dem Gesch\u00e4ftsf\u00fchrer der Krankenhausgesellschaft, d\u00fcrfte f\u00fcr das unterbesetzte Pflegepersonal wie ein \u00fcbler Scherz klingen: Die Kliniken k\u00f6nnten entlastet werden, meint er, wenn die Untergrenzen f\u00fcr das Pflegepersonal ausgesetzt w\u00fcrden.<\/p>\n<p>Entlastung? Wohl kaum, siehe oben.<\/p>\n<p>&nbsp;<\/p>\n<p>&nbsp;<\/p>\n<p><strong>Lese-Tipps:<\/strong><\/p>\n<p><a href=\"https:\/\/www.n-tv.de\/regionales\/hessen\/Lukrative-Leiharbeit-verursacht-hoehere-Kosten-in-Kliniken-article23078953.html\">Hessen: Lukrative Leiharbeit verursacht h\u00f6here Kosten in Kliniken &#8211; n-tv.de<\/a><\/p>\n<p><a href=\"https:\/\/efarbeitsrecht.net\/kommt-das-verbot-der-leiharbeit-in-der-pflege-und-warum-jetzt\/\">https:\/\/efarbeitsrecht.net\/kommt-das-verbot-der-leiharbeit-in-der-pflege-und-warum-jetzt\/<\/a><\/p>\n<p><a href=\"https:\/\/www.labournet.de\/branchen\/dienstleistungen\/gesund\/gesund-arbeit\/ueberlastung-treibt-krankenpflegekraefte-die-leiharbeit\/\">https:\/\/www.labournet.de\/branchen\/dienstleistungen\/gesund\/gesund-arbeit\/ueberlastung-treibt-krankenpflegekraefte-die-leiharbeit\/<\/a><\/p>\n<p>&nbsp;<\/p>\n<p>Keine Lust auf harte Klinik Bedingungen &amp; Schichtdienst? Wechseln Sie zur Zeitarbeit. Wir bieten besseren Stundenlohn, Erstattung der Fahrtkosten und viel Flexibilit\u00e4t. Flexibilit\u00e4t.\u00a0<a href=\"https:\/\/www.wunschjob-in-time.de\/?campaignId=225410&amp;g_campaignid=15913923557&amp;g_adgroupid=135325531627&amp;g_creative=575500692698&amp;g_targetid=kwd-352707088023&amp;g_keyword=leiharbeitsfirmen%20pflege&amp;g_device=c&amp;g_adposition&amp;gclid=EAIaIQobChMIxpun4In5-gIVIBoGAB1LyAD4EAAYBCAAEgJev_D_BwE\">https:\/\/www.wunschjob-in-time.de\/?campaignId=225410&amp;g_campaignid=15913923557&amp;g_adgroupid=135325531627&amp;g_creative=575500692698&amp;g_targetid=kwd-352707088023&amp;g_keyword=leiharbeitsfirmen%20pflege&amp;g_device=c&amp;g_adposition&amp;gclid=EAIaIQobChMIxpun4In5-gIVIBoGAB1LyAD4EAAYBCAAEgJev_D_BwE<\/a><\/p>\n<p>&nbsp;<\/p>\n<p><a href=\"https:\/\/gesundheit-soziales-bildung.verdi.de\/themen\/leiharbeit\">https:\/\/gesundheit-soziales-bildung.verdi.de\/themen\/leiharbeit<\/a><\/p>\n<p>&nbsp;<\/p>\n<div id=\"main\">\n<div id=\"primary\">\n<div id=\"content\" role=\"main\">\n<article id=\"post-680760\" class=\"post-680760 post type-post status-publish format-standard hentry category-allgemein tag-auslander tag-bezuege tag-dax tag-dax-vorstande tag-deutsche-bank tag-deutsche-schutzvereinigung-fur-wertpapierbesitz-dsw tag-frauen tag-linde tag-quiagen tag-technische-universitaet-muenchen-tum tag-vorstandinnen\">\n<div class=\"entry-content\">\n<p><a href=\"https:\/\/www.faktenkontor.de\/pressemeldungen\/blogger-relevanzindex-das-sind-deutschlands-top-100-blogs\/\"><img loading=\"lazy\" decoding=\"async\" class=\"aligncenter size-medium wp-image-680063\" src=\"https:\/\/blog.wiwo.de\/management\/files\/2022\/06\/Wiwo.top_.10.blog_.2022.Blogger-Relevanzindex_Top-10-Blogs-2022-227x300.jpg\" alt=\"\" width=\"227\" height=\"300\" srcset=\"https:\/\/blog.wiwo.de\/management\/files\/2022\/06\/Wiwo.top_.10.blog_.2022.Blogger-Relevanzindex_Top-10-Blogs-2022-227x300.jpg 227w, https:\/\/blog.wiwo.de\/management\/files\/2022\/06\/Wiwo.top_.10.blog_.2022.Blogger-Relevanzindex_Top-10-Blogs-2022.jpg 492w\" sizes=\"auto, (max-width: 227px) 100vw, 227px\" \/><\/a><\/p>\n<div id=\"main\">\n<div id=\"primary\">\n<div id=\"content\" role=\"main\">\n<article id=\"post-679588\" class=\"post-679588 post type-post status-publish format-standard hentry category-allgemein tag-arbeitsbedingung tag-arbeitsklima tag-betriebsklima tag-big-quit tag-ey-ernst-young tag-fachkraftemangel tag-gehalt tag-great-resignation tag-jobwechsel tag-kundigung tag-kuendigungsabsicht tag-loehne tag-umfrage\">\n<div class=\"entry-content\">\n<p>&nbsp;<\/p>\n<p>&nbsp;<\/p>\n<p><a href=\"https:\/\/www.presseportal.de\/pm\/52884\/5255623\"><img loading=\"lazy\" decoding=\"async\" class=\"aligncenter size-medium wp-image-676731\" src=\"https:\/\/blog.wiwo.de\/management\/files\/2021\/06\/bloggerinnen.2021.neu_-300x212.jpg\" alt=\"\" width=\"300\" height=\"212\" srcset=\"https:\/\/blog.wiwo.de\/management\/files\/2021\/06\/bloggerinnen.2021.neu_-300x212.jpg 300w, https:\/\/blog.wiwo.de\/management\/files\/2021\/06\/bloggerinnen.2021.neu_-424x300.jpg 424w, https:\/\/blog.wiwo.de\/management\/files\/2021\/06\/bloggerinnen.2021.neu_.jpg 650w\" sizes=\"auto, (max-width: 300px) 100vw, 300px\" \/><\/a><\/p>\n<p>&nbsp;<\/p>\n<p><strong>Copyright: @Claudia T\u00f6dtmann. Alle Rechte vorbehalten.\u00a0<\/strong><\/p>\n<p><strong>Kontakt f\u00fcr Nutzungsrechte: claudia.toedtmann@wiwo.de<\/strong><\/p>\n<p><strong>Alle inhaltlichen Rechte des Management-Blogs von Claudia T\u00f6dtmann liegen bei der Blog-Inhaberin. Jegliche Nutzung der Inhalte bed\u00fcrfen der ausdr\u00fccklichen Genehmigung.<\/strong><\/p>\n<\/div>\n<p><strong>Um den Lesefluss nicht zu behindern, wird in Management-Blog-Texten nur die m\u00e4nnliche Form genannt, aber immer sind die weibliche und andere Formen gleicherma\u00dfen mit gemeint.<\/strong><\/p>\n<\/article>\n<\/div>\n<\/div>\n<\/div>\n<div class=\"at-below-post addthis_tool\" data-url=\"https:\/\/blog.wiwo.de\/management\/2022\/09\/01\/680577\/\" data-title=\"Quiet Quitting: Warum Arbeitgeber schlaflose N\u00e4chte haben und nichts gegen das l\u00e4stige Ph\u00e4nomen tun k\u00f6nnen, erkl\u00e4rt Willms Buhse\" data-description=\"Quiet Quitting - Gastkommentar von Internet-Ikone Willms Buhse: Grade soviel arbeiten, dass man nicht gek\u00fcndigt werden kann Aus den USA kommt das Modewort, das Arbeitgeber pl\u00f6tzlich aufschreckt: Quiet Quitting, ruhiges Au. Offenbar glaubten bis dato Arbeitgeber, dass sie zwar f\u00fcr einen bestimmten Betrag eine bestimmte Zahl an Arbeitsstunden einkaufen - aber trotzdem immer eine Schippe...\">\n<div id=\"atstbx\" class=\"at-share-tbx-element at-share-tbx-native addthis_default_style addthis_20x20_style addthis-smartlayers addthis-animated at4-show\">\n<div class=\"atclear\"><\/div>\n<\/div>\n<div id=\"atstbx\" class=\"at-share-tbx-element at-share-tbx-native addthis_default_style addthis_20x20_style addthis-smartlayers at4-visually-hidden\"><\/div>\n<div id=\"atstbx\" class=\"at-share-tbx-element at-share-tbx-native addthis_default_style addthis_20x20_style addthis-smartlayers at4-visually-hidden\"><\/div>\n<\/div>\n<\/div>\n<\/article>\n<\/div>\n<\/div>\n<\/div>\n<div class=\"at-below-post addthis_tool\" data-url=\"https:\/\/blog.wiwo.de\/management\/2022\/10\/14\/quiet-quitting-ist-ein-lauter-weckruf-an-die-arbeitgeber-gastbeitrag-von-rebecca-swift\/\" data-title=\"\u201eQuiet Quitting ist ein lauter Weckruf an die Arbeitgeber\u201c. Gastbeitrag von Rebecca Swift\" data-description=\"Quite Quitting ist ein lauter Weckruf f\u00fcr die Arbeitgeber, der Drang nach besserer Work-Life-Balance ernst zu nehmen. Gastbeitrag von Rebecca Swift, der globalen Kreativchefin der\u00a0US-Bildagenturen Getty Images und iStock \u00fcber die gro\u00dfe Mehrheit, denen ein ausgeglichenes Leben wichtiger ist als finanzieller Erfolg. Und warum das so ist.\u00a0 \u00a0 \u00a0 Quiet Quitting hat nichts mit innerer...\">\n<div id=\"atstbx2\" class=\"at-share-tbx-element at-share-tbx-native addthis_default_style addthis_20x20_style addthis-smartlayers addthis-animated at4-show\">\n<div class=\"atclear\"><\/div>\n<\/div>\n<div id=\"atstbx2\" class=\"at-share-tbx-element at-share-tbx-native addthis_default_style addthis_20x20_style addthis-smartlayers at4-visually-hidden\"><\/div>\n<div id=\"atstbx2\" class=\"at-share-tbx-element at-share-tbx-native addthis_default_style addthis_20x20_style addthis-smartlayers at4-visually-hidden\"><\/div>\n<\/div>\n","protected":false},"excerpt":{"rendered":"<p>Wenn Zeitarbeitnehmer den Neid der Stammbelegschaft auf sich ziehen &#8211; und nicht mehr umgekehrt wie fr\u00fcher, als die Kollegen auf Zeit -zig Nachteile hatten: Dann vergr\u00f6\u00dfern die Ungerechtigkeiten bei Lohn und Aufgaben das Dilemma, weil die Festangestellten die unfaire Verteilung &hellip; <a href=\"https:\/\/blog.wiwo.de\/management\/2022\/10\/24\/ploetzlich-verkehrte-welt-und-bald-ueberall-so-in-den-kliniken-beneiden-die-stammbelegschaften-die-zeitarbeitnehmer\/\">Weiterlesen <span class=\"meta-nav\">&rarr;<\/span><\/a><\/p>\n","protected":false},"author":19,"featured_media":0,"comment_status":"open","ping_status":"open","sticky":false,"template":"","format":"standard","meta":{"footnotes":""},"categories":[1],"tags":[5882,11087,2290,11086,434,627,650,11088,2747,6142,708,11085,3779],"class_list":["post-680942","post","type-post","status-publish","format-standard","hentry","category-allgemein","tag-andrea-panzer-heemeier","tag-andreas-wermter","tag-arqis","tag-festagestellte","tag-gehalt","tag-kliniken","tag-krankenhauser","tag-krankenhausgesellschaft","tag-leiharbeit","tag-leiharbeitnehmer","tag-lohn","tag-ungerechte-loehne","tag-zeitarbeitnehmer"],"_links":{"self":[{"href":"https:\/\/blog.wiwo.de\/management\/wp-json\/wp\/v2\/posts\/680942","targetHints":{"allow":["GET"]}}],"collection":[{"href":"https:\/\/blog.wiwo.de\/management\/wp-json\/wp\/v2\/posts"}],"about":[{"href":"https:\/\/blog.wiwo.de\/management\/wp-json\/wp\/v2\/types\/post"}],"author":[{"embeddable":true,"href":"https:\/\/blog.wiwo.de\/management\/wp-json\/wp\/v2\/users\/19"}],"replies":[{"embeddable":true,"href":"https:\/\/blog.wiwo.de\/management\/wp-json\/wp\/v2\/comments?post=680942"}],"version-history":[{"count":12,"href":"https:\/\/blog.wiwo.de\/management\/wp-json\/wp\/v2\/posts\/680942\/revisions"}],"predecessor-version":[{"id":680983,"href":"https:\/\/blog.wiwo.de\/management\/wp-json\/wp\/v2\/posts\/680942\/revisions\/680983"}],"wp:attachment":[{"href":"https:\/\/blog.wiwo.de\/management\/wp-json\/wp\/v2\/media?parent=680942"}],"wp:term":[{"taxonomy":"category","embeddable":true,"href":"https:\/\/blog.wiwo.de\/management\/wp-json\/wp\/v2\/categories?post=680942"},{"taxonomy":"post_tag","embeddable":true,"href":"https:\/\/blog.wiwo.de\/management\/wp-json\/wp\/v2\/tags?post=680942"}],"curies":[{"name":"wp","href":"https:\/\/api.w.org\/{rel}","templated":true}]}}