{"id":680379,"date":"2022-08-29T06:00:13","date_gmt":"2022-08-29T04:00:13","guid":{"rendered":"https:\/\/blog.wiwo.de\/management\/?p=680379"},"modified":"2022-08-29T22:00:34","modified_gmt":"2022-08-29T20:00:34","slug":"fragebogen-nahaufnahme-mit-diffferent-ceo-kristina-bonitz-die-nur-mit-schwarzen-stiften-schreibt","status":"publish","type":"post","link":"https:\/\/blog.wiwo.de\/management\/2022\/08\/29\/fragebogen-nahaufnahme-mit-diffferent-ceo-kristina-bonitz-die-nur-mit-schwarzen-stiften-schreibt\/","title":{"rendered":"Fragebogen &#8222;Nahaufnahme&#8220; mit Diffferent-CEO Kristina Bonitz, die nur mit schwarzen Stiften schreibt"},"content":{"rendered":"<p><strong>Den Fragebogen &#8222;Nahaufnahme&#8220; beantwortet Kristina Bonitz, CEO der Strategieberatung Diffferent mit Kunden wie Telekom, Ebay und MTU Aero Engines<\/strong><\/p>\n<p>&nbsp;<\/p>\n<div id=\"attachment_680546\" style=\"width: 660px\" class=\"wp-caption aligncenter\"><img loading=\"lazy\" decoding=\"async\" aria-describedby=\"caption-attachment-680546\" class=\"size-full wp-image-680546\" src=\"https:\/\/blog.wiwo.de\/management\/files\/2022\/08\/diffferent.Kristina_Bonitz_querformat-880x669-c-default.jpg\" alt=\"\" width=\"650\" height=\"494\" srcset=\"https:\/\/blog.wiwo.de\/management\/files\/2022\/08\/diffferent.Kristina_Bonitz_querformat-880x669-c-default.jpg 650w, https:\/\/blog.wiwo.de\/management\/files\/2022\/08\/diffferent.Kristina_Bonitz_querformat-880x669-c-default-300x228.jpg 300w, https:\/\/blog.wiwo.de\/management\/files\/2022\/08\/diffferent.Kristina_Bonitz_querformat-880x669-c-default-395x300.jpg 395w\" sizes=\"auto, (max-width: 650px) 100vw, 650px\" \/><p id=\"caption-attachment-680546\" class=\"wp-caption-text\">Kristina Bonitz (Foto: Diffferent)<\/p><\/div>\n<p>&nbsp;<\/p>\n<p><strong>Erkl\u00e4ren Sie in\u202feinem\u202fSatz, was Ihr Unternehmen tut.<\/strong><\/p>\n<p>Als Strategieberatung betreiben wir strategische Zukunftsvorsorge f\u00fcr Unternehmen, indem wir \u2013 mit neuen Perspektiven aufs Wirtschaften \u2013 Strategien f\u00fcr neues Wachstum entwickeln, zu nachhaltigeren Entscheidungen bef\u00e4higen und Innovationen auf die Stra\u00dfe bringen.<\/p>\n<p>&nbsp;<\/p>\n<p><strong>Womit beginnt Ihr\u202fTag?\u00a0<\/strong><\/p>\n<p>Um 6.30 Uhr klingelt der Wecker, als erstes gibt es den ersten Kaffee, einen Flat White mit Hafermilch im Bett \u2013 einer der besten Momente des Tages. Danach geht\u2019s entweder zu einer Runde Krafttraining ins Studio oder zum Joggen in den Park, ich bin Fr\u00fchaufsteher und kann morgens nicht stillsitzen.<\/p>\n<p>&nbsp;<\/p>\n<p><strong>Was unterscheidet Sie von anderen im Auftreten und im Behave im Job?<\/strong><\/p>\n<p>Mein lautes Lachen h\u00f6rt man schon von Weitem h\u00f6rt &#8211; und kann ganz gut einsch\u00e4tzen, auf welchem Energielevel ich bin. Sp\u00e4testens am Zustand meiner Frisur kann man es ablesen: Wenn ich meine Haare hochbinde, ist das immer Zeichen daf\u00fcr, dass es gleich rundgeht. Mit tiefen Diskussionen oder Kritzeleien von neuen Ideen am Whiteboard.<\/p>\n<p>&nbsp;<\/p>\n<p><strong>&#8230; und was w\u00fcrden Ihre Mitarbeiter darauf antworten?<\/strong><\/p>\n<p>Ich \u00fcberrasche\u00a0mein Team schon mal mit einem selbst gebastelten Adventskalender mit personalisierten Geschenken oder ich verschicke schon mal &#8211; wie bei meinem Abschied vom alten Arbeitgeber &#8211; 127 handgeschriebene Abschiedsbriefe.<\/p>\n<p>&nbsp;<\/p>\n<p><strong>Tee oder Kaffee?<\/strong><\/p>\n<p>Eindeutig und nur Kaffee.<\/p>\n<p>&nbsp;<\/p>\n<p><strong>Ihr Spitzname ist&#8230;?<\/strong><\/p>\n<p>&#8222;Agent K &#8211; mein erster Spitzname von meinen ehemaligen Kollegen. Vielleicht hat er mit meinem Kinderberufswunsch Detektiv zu tun, vielleicht auch mit meiner Liebe zu Spezialmissionsprojekten.<\/p>\n<p>&nbsp;<\/p>\n<p><strong>Verraten Sie eine\u202fMarotte.<\/strong><\/p>\n<p>Ich schreibe nur mit schwarzen Kulis oder Stiften &#8211; und gar nicht oder nur in absoluten Ausnahmef\u00e4llen mit blauen.<\/p>\n<p>&nbsp;<\/p>\n<p><strong>Was bringt Sie in Harnisch?<\/strong><\/p>\n<p>Mich macht es in k\u00fcrzester Zeit w\u00fctend, ist wenn Menschen mir Dinge nicht zutrauen, egal ob sie mir die Erfahrung absprechen, oder es vermeintlich gut meinen und mich vor irgendwas bewahren wollen. Gerade weil ich seit Kindheitstagen schon immer und \u00fcberall die J\u00fcngste war, kam das h\u00e4ufiger vor und triggert mich noch heute. Mich von etwas abzuhalten schaffen trotzdem die wenigsten, dann kommt mein Sturkopf durch und ich denke: jetzt erst recht. <strong>\u00a0<\/strong><\/p>\n<p>&nbsp;<\/p>\n<p><strong>&#8230;und was bringt andere an Ihnen in Harnisch?<\/strong><\/p>\n<p>Meine Entscheidungsfreude und meine sehr limitierte Geduld, lange auf andere Menschen zu warten. Wenn meine Kollegen zu lange brauchen, rutsche ich hibbelig auf meinem Stuhl herum oder meine kritische Falte auf der Stirn erscheint. Wenn ich das Gef\u00fchl habe, Meetings f\u00fchren zu nichts, breche ich sie auch mal ab und f\u00fchre sie erst dann fort, wenn meine Kollegen soweit sind.<\/p>\n<p>&nbsp;<\/p>\n<p><strong>Was m\u00f6chten Sie gerne\u202fin Rente machen?<\/strong><\/p>\n<p>Ich m\u00f6chte mit mindestens einem gro\u00dfem kuscheligen Hund in einem Haus am Meer wohnen und Philosophie studieren.<\/p>\n<p>&nbsp;<\/p>\n<p><strong>Was sch\u00e4tzen Sie an anderen Menschen am meisten?<\/strong><\/p>\n<p>Wenn sie sich ein kleines St\u00fcck Kind bewahren konnten, sich an kleinen oder gro\u00dfen Dingen des Lebens erfreuen k\u00f6nnen und das auch laut zeigen. Oder wie mein ehemaliger Kollege, der sich wirklich f\u00fcr fast jedes Thema begeisterte, was reinflatterte und jedes Meeting mit Leichtigkeit und einem Augenzwinkern begann.<\/p>\n<p>&nbsp;<\/p>\n<p><strong>Auf welche drei Dinge k\u00f6nnten Sie niemals verzichten?<\/strong><\/p>\n<p>Mein Smartphone, meine Kaffeemaschine (eine Bezzera Magica) und mein silbernes Rennrad.<\/p>\n<p>&nbsp;<\/p>\n<p><strong>Wenn Sie f\u00fcr einen Tag den Job von jemand anderem \u00fcbernehmen k\u00f6nnten &#8211; welcher w\u00e4re das?<\/strong><\/p>\n<p>Anw\u00e4ltin f\u00fcr Strafrecht oder Tenniscoach f\u00fcr eine Wimbledon-Finalistin.<\/p>\n<p>&nbsp;<\/p>\n<div id=\"attachment_680563\" style=\"width: 660px\" class=\"wp-caption aligncenter\"><img loading=\"lazy\" decoding=\"async\" aria-describedby=\"caption-attachment-680563\" class=\"size-full wp-image-680563\" src=\"https:\/\/blog.wiwo.de\/management\/files\/2022\/08\/bonitz.2.book-of-disagreement.jpg\" alt=\"\" width=\"650\" height=\"488\" srcset=\"https:\/\/blog.wiwo.de\/management\/files\/2022\/08\/bonitz.2.book-of-disagreement.jpg 650w, https:\/\/blog.wiwo.de\/management\/files\/2022\/08\/bonitz.2.book-of-disagreement-300x225.jpg 300w, https:\/\/blog.wiwo.de\/management\/files\/2022\/08\/bonitz.2.book-of-disagreement-400x300.jpg 400w\" sizes=\"auto, (max-width: 650px) 100vw, 650px\" \/><p id=\"caption-attachment-680563\" class=\"wp-caption-text\">(Foto: Privat)<\/p><\/div>\n<p>&nbsp;<\/p>\n<p>&#8222;In meinem kleinen schwarzen Buch of Disagreement habe ich alle Personen gelistet, die ich in meinem Leben kennen gelernt und von denen ich sehr viel gelernt habe. Indem wir sehr viel diskutierten und h\u00e4ufig unterschiedlicher Meinung waren. Immer wenn ich eine gro\u00dfe Entscheidung vor mir habe, picke ich mir daraus jemanden und rufe ihn an&#8220;, erz\u00e4hlt Kristina Bonitz.<\/p>\n<p>&nbsp;<\/p>\n<p>&nbsp;<\/p>\n<p>&nbsp;<\/p>\n<p>&nbsp;<\/p>\n<p><a href=\"https:\/\/www.faktenkontor.de\/pressemeldungen\/blogger-relevanzindex-das-sind-deutschlands-top-100-blogs\/\"><img loading=\"lazy\" decoding=\"async\" class=\"aligncenter size-medium wp-image-680063\" src=\"https:\/\/blog.wiwo.de\/management\/files\/2022\/06\/Wiwo.top_.10.blog_.2022.Blogger-Relevanzindex_Top-10-Blogs-2022-227x300.jpg\" alt=\"\" width=\"227\" height=\"300\" srcset=\"https:\/\/blog.wiwo.de\/management\/files\/2022\/06\/Wiwo.top_.10.blog_.2022.Blogger-Relevanzindex_Top-10-Blogs-2022-227x300.jpg 227w, https:\/\/blog.wiwo.de\/management\/files\/2022\/06\/Wiwo.top_.10.blog_.2022.Blogger-Relevanzindex_Top-10-Blogs-2022.jpg 492w\" sizes=\"auto, (max-width: 227px) 100vw, 227px\" \/><\/a><\/p>\n<div id=\"main\">\n<div id=\"primary\">\n<div id=\"content\" role=\"main\">\n<article id=\"post-679588\" class=\"post-679588 post type-post status-publish format-standard hentry category-allgemein tag-arbeitsbedingung tag-arbeitsklima tag-betriebsklima tag-big-quit tag-ey-ernst-young tag-fachkraftemangel tag-gehalt tag-great-resignation tag-jobwechsel tag-kundigung tag-kuendigungsabsicht tag-loehne tag-umfrage\">\n<div class=\"entry-content\">\n<p>&nbsp;<\/p>\n<p>&nbsp;<\/p>\n<p><a href=\"https:\/\/www.presseportal.de\/pm\/52884\/5255623\"><img loading=\"lazy\" decoding=\"async\" class=\"aligncenter size-medium wp-image-676731\" src=\"https:\/\/blog.wiwo.de\/management\/files\/2021\/06\/bloggerinnen.2021.neu_-300x212.jpg\" alt=\"\" width=\"300\" height=\"212\" srcset=\"https:\/\/blog.wiwo.de\/management\/files\/2021\/06\/bloggerinnen.2021.neu_-300x212.jpg 300w, https:\/\/blog.wiwo.de\/management\/files\/2021\/06\/bloggerinnen.2021.neu_-424x300.jpg 424w, https:\/\/blog.wiwo.de\/management\/files\/2021\/06\/bloggerinnen.2021.neu_.jpg 650w\" sizes=\"auto, (max-width: 300px) 100vw, 300px\" \/><\/a><\/p>\n<p>&nbsp;<\/p>\n<p><strong>Copyright: @Claudia T\u00f6dtmann. Alle Rechte vorbehalten.\u00a0<\/strong><\/p>\n<p><strong>Kontakt f\u00fcr Nutzungsrechte: claudia.toedtmann@wiwo.de<\/strong><\/p>\n<p><strong>Alle inhaltlichen Rechte des Management-Blogs von Claudia T\u00f6dtmann liegen bei der Blog-Inhaberin. Jegliche Nutzung der Inhalte bed\u00fcrfen der ausdr\u00fccklichen Genehmigung.<\/strong><\/p>\n<\/div>\n<p><strong>Um den Lesefluss nicht zu behindern, wird in Management-Blog-Texten nur die m\u00e4nnliche Form genannt, aber immer sind die weibliche und andere Formen gleicherma\u00dfen mit gemeint.<\/strong><\/p>\n<\/article>\n<\/div>\n<\/div>\n<\/div>\n<footer id=\"colophon\" role=\"contentinfo\"><\/footer>\n<p>&nbsp;<\/p>\n","protected":false},"excerpt":{"rendered":"<p>Den Fragebogen &#8222;Nahaufnahme&#8220; beantwortet Kristina Bonitz, CEO der Strategieberatung Diffferent mit Kunden wie Telekom, Ebay und MTU Aero Engines &nbsp; &nbsp; Erkl\u00e4ren Sie in\u202feinem\u202fSatz, was Ihr Unternehmen tut. Als Strategieberatung betreiben wir strategische Zukunftsvorsorge f\u00fcr Unternehmen, indem wir \u2013 mit &hellip; <a href=\"https:\/\/blog.wiwo.de\/management\/2022\/08\/29\/fragebogen-nahaufnahme-mit-diffferent-ceo-kristina-bonitz-die-nur-mit-schwarzen-stiften-schreibt\/\">Weiterlesen <span class=\"meta-nav\">&rarr;<\/span><\/a><\/p>\n","protected":false},"author":19,"featured_media":0,"comment_status":"open","ping_status":"open","sticky":false,"template":"","format":"standard","meta":{"footnotes":""},"categories":[1],"tags":[10689,6079,4763,10976],"class_list":["post-680379","post","type-post","status-publish","format-standard","hentry","category-allgemein","tag-fragebogennahaufnahme","tag-diffferent","tag-fragebogen-nahaufnahme","tag-kristina-bonitz"],"_links":{"self":[{"href":"https:\/\/blog.wiwo.de\/management\/wp-json\/wp\/v2\/posts\/680379","targetHints":{"allow":["GET"]}}],"collection":[{"href":"https:\/\/blog.wiwo.de\/management\/wp-json\/wp\/v2\/posts"}],"about":[{"href":"https:\/\/blog.wiwo.de\/management\/wp-json\/wp\/v2\/types\/post"}],"author":[{"embeddable":true,"href":"https:\/\/blog.wiwo.de\/management\/wp-json\/wp\/v2\/users\/19"}],"replies":[{"embeddable":true,"href":"https:\/\/blog.wiwo.de\/management\/wp-json\/wp\/v2\/comments?post=680379"}],"version-history":[{"count":5,"href":"https:\/\/blog.wiwo.de\/management\/wp-json\/wp\/v2\/posts\/680379\/revisions"}],"predecessor-version":[{"id":680550,"href":"https:\/\/blog.wiwo.de\/management\/wp-json\/wp\/v2\/posts\/680379\/revisions\/680550"}],"wp:attachment":[{"href":"https:\/\/blog.wiwo.de\/management\/wp-json\/wp\/v2\/media?parent=680379"}],"wp:term":[{"taxonomy":"category","embeddable":true,"href":"https:\/\/blog.wiwo.de\/management\/wp-json\/wp\/v2\/categories?post=680379"},{"taxonomy":"post_tag","embeddable":true,"href":"https:\/\/blog.wiwo.de\/management\/wp-json\/wp\/v2\/tags?post=680379"}],"curies":[{"name":"wp","href":"https:\/\/api.w.org\/{rel}","templated":true}]}}