{"id":680168,"date":"2022-07-03T15:00:51","date_gmt":"2022-07-03T13:00:51","guid":{"rendered":"https:\/\/blog.wiwo.de\/management\/?p=680168"},"modified":"2022-07-04T12:56:29","modified_gmt":"2022-07-04T10:56:29","slug":"fragebogen-nahaufnahme-mit-capgemini-personalchefin-sabine-rachor-die-schlechte-laune-bekommt-wenn-sie-hunger-schiebt","status":"publish","type":"post","link":"https:\/\/blog.wiwo.de\/management\/2022\/07\/03\/fragebogen-nahaufnahme-mit-capgemini-personalchefin-sabine-rachor-die-schlechte-laune-bekommt-wenn-sie-hunger-schiebt\/","title":{"rendered":"Fragebogen &#8222;Nahaufnahme&#8220; mit Capgemini-Personalchefin Sabine Rachor, die schlechte Laune bekommt, wenn sie Hunger schiebt"},"content":{"rendered":"<p><strong>Den Fragebogen &#8222;Nahaufnahme&#8220; beantwortet Sabine Rachor, Personalchefin der Managementberatung Capgemini Deutschland mit weltweit 340.000 Mitarbeitern, davon hierzulande rund 8.800. Nach dem Arbeitgeber-Ranking von Karriereportal Glassdoor geh\u00f6rte Capgemini 2021 zu den Top-Ten-Arbeitgebern in Deutschland.\u00a0<\/strong><\/p>\n<p>&nbsp;<\/p>\n<div id=\"attachment_680169\" style=\"width: 660px\" class=\"wp-caption aligncenter\"><img loading=\"lazy\" decoding=\"async\" aria-describedby=\"caption-attachment-680169\" class=\"size-full wp-image-680169\" src=\"https:\/\/blog.wiwo.de\/management\/files\/2022\/07\/Capgemini.Sabine_Rachor_Capgemini.jpg\" alt=\"\" width=\"650\" height=\"434\" srcset=\"https:\/\/blog.wiwo.de\/management\/files\/2022\/07\/Capgemini.Sabine_Rachor_Capgemini.jpg 650w, https:\/\/blog.wiwo.de\/management\/files\/2022\/07\/Capgemini.Sabine_Rachor_Capgemini-300x200.jpg 300w, https:\/\/blog.wiwo.de\/management\/files\/2022\/07\/Capgemini.Sabine_Rachor_Capgemini-449x300.jpg 449w\" sizes=\"auto, (max-width: 650px) 100vw, 650px\" \/><p id=\"caption-attachment-680169\" class=\"wp-caption-text\">(Foto: Cap Gemini\/PR)<\/p><\/div>\n<p>&nbsp;<\/p>\n<p><strong>\u00a0Erkl\u00e4ren Sie in\u00a0einem\u00a0Satz, was Ihr Unternehmen tut.<\/strong><\/p>\n<p>Als weltweit agierender Anbieter von IT-, Beratungs- und Engineering-Dienstleistungen unterst\u00fctzen wir Unternehmen branchen\u00fcbergreifend bei der Steuerung und Transformation ihres Gesch\u00e4fts durch den Einsatz von Technologie.<\/p>\n<p>&nbsp;<\/p>\n<p><strong>Womit beginnt Ihr Tag?<\/strong><\/p>\n<p>Ich stehe zwischen sechs und sieben Uhr auf und nehme erstmal eine Dusche. Morgens im Bad darf mich niemand st\u00f6ren. Ich brauche etwas Zeit, um richtig wach zu werden und mich auf den Tag vorzubereiten.<\/p>\n<p><strong>Was unterscheidet Sie von anderen im Auftreten und im Behave im Job?<\/strong><\/p>\n<p>Ich bin eine \u00fcberzeugte Optimistin, l\u00e4chle und lache bei der Arbeit sehr gerne und kleide mich farbenfroh, das f\u00e4llt den meisten Kollegen zwischen den doch eher gedeckten Farben auf. Eine Kollegin sagte k\u00fcrzlich nach einem Webcast \u201eEs war so erfrischend, Sabine im bunten Kleid zu sehen.\u201c Menschen k\u00f6nnen alleine schon mit ihrer Kleidung positive Vibes verspr\u00fchen. Damit die positive Stimmung anh\u00e4lt, gibt es in meiner N\u00e4he oft Nervennahrung wie N\u00fcsse oder Gummitierchen &#8211; auch f\u00fcr die Kollegen.<\/p>\n<p><strong>&#8230; und was w\u00fcrden Ihre Mitarbeiter darauf antworten?<\/strong><\/p>\n<p>Dass meine gute Laune auch mal verfliegen kann, wenn der Magen knurrt. Bei l\u00e4ngeren Meetings achte ich drauf, dass immer auch ein Snack bereitsteht.<\/p>\n<p><strong>Tee oder Kaffee?<\/strong><\/p>\n<p>Beides, je nach Stimmung und Tageszeit.<\/p>\n<p>&nbsp;<\/p>\n<p><strong>Verraten Sie eine Marotte.<\/strong><\/p>\n<p>In unserer K\u00fcche zu Hause darf nie etwas rumstehen. Sie muss einfach immer aufger\u00e4umt sein \u2013 zum Leidwesen meiner Familie. Au\u00dferdem brauche ich farbige W\u00e4nde im Wohnbereich: gelb, orange und t\u00fcrkis. Nur wei\u00df finde ich langweilig. In meinem Homeoffice sind zwei W\u00e4nde gelb gestrichen und mein Schrank und die Schreibtischlampe orange.<\/p>\n<p><strong>Was bringt Sie in Harnisch?<\/strong><\/p>\n<p>Intoleranz, Exklusion und Menschen mit negativen Denkweisen, die st\u00e4ndig problemorientiert agieren.<\/p>\n<p><strong>&#8230;und was bringt andere an Ihnen in Harnisch?<\/strong><\/p>\n<p>Mein Tatendrang, Dinge schnell zu ver\u00e4ndern und meine Erwartung, Ziele z\u00fcgig zu erreichen.<\/p>\n<p><strong>Was m\u00f6chten Sie gerne in Rente machen?<\/strong><\/p>\n<p>Mehr Zeit in mein Herzensprojekt <a href=\"https:\/\/eigenleben.jetzt\/\">\u201eeigenleben\u201c<\/a> investieren \u2013 ein gemeinn\u00fctziges Projekt einer Freundin in M\u00fcnchen, das Menschen im Alter zusammenbringt und durch kulturelle Events, Dialogplattformen und sinnstiftende Erfahrungsaustausche deren gesellschaftliche und digitale Teilhabe unterst\u00fctzt. Und mehr Zeit an meinem kleinen Lieblingsort im D\u00e9partement Var in S\u00fcdfrankreich verbringen.<\/p>\n<p><strong>Was sch\u00e4tzen Sie an anderen Menschen am meisten?<\/strong><\/p>\n<p>Humor, Leidenschaft und Mut, neue Dinge auszuprobieren. Menschen, die ehrlich sind und sich selbst nicht zu ernst nehmen.<\/p>\n<p><strong>Auf welche drei Dinge k\u00f6nnten Sie niemals verzichten?<\/strong><\/p>\n<p>Mein Tablet, mein Walking Pad\u00a0 und franz\u00f6sisches Essen<\/p>\n<p>&nbsp;<\/p>\n<div id=\"attachment_680170\" style=\"width: 498px\" class=\"wp-caption aligncenter\"><img loading=\"lazy\" decoding=\"async\" aria-describedby=\"caption-attachment-680170\" class=\"size-full wp-image-680170\" src=\"https:\/\/blog.wiwo.de\/management\/files\/2022\/07\/Capgemini.2.WalkingPad.jpg\" alt=\"\" width=\"488\" height=\"650\" srcset=\"https:\/\/blog.wiwo.de\/management\/files\/2022\/07\/Capgemini.2.WalkingPad.jpg 488w, https:\/\/blog.wiwo.de\/management\/files\/2022\/07\/Capgemini.2.WalkingPad-225x300.jpg 225w\" sizes=\"auto, (max-width: 488px) 100vw, 488px\" \/><p id=\"caption-attachment-680170\" class=\"wp-caption-text\">(Foto: Privat)<\/p><\/div>\n<p>&nbsp;<\/p>\n<p><strong>Wenn Sie f\u00fcr einen Tag den Job von jemand anderem \u00fcbernehmen k\u00f6nnten &#8211; welcher w\u00e4re das?<\/strong><\/p>\n<p>Goldschmiedin. Das war mein Plan B zum BWL-Studium. Ich liebe Silberschmuck ohne Schn\u00f6rkel und kreativ etwas mit den H\u00e4nden herzustellen.<\/p>\n<p>&nbsp;<\/p>\n<p>&nbsp;<\/p>\n<p>&nbsp;<\/p>\n<p><img loading=\"lazy\" decoding=\"async\" class=\"aligncenter size-medium wp-image-680063\" src=\"https:\/\/blog.wiwo.de\/management\/files\/2022\/06\/Wiwo.top_.10.blog_.2022.Blogger-Relevanzindex_Top-10-Blogs-2022-227x300.jpg\" alt=\"\" width=\"227\" height=\"300\" srcset=\"https:\/\/blog.wiwo.de\/management\/files\/2022\/06\/Wiwo.top_.10.blog_.2022.Blogger-Relevanzindex_Top-10-Blogs-2022-227x300.jpg 227w, https:\/\/blog.wiwo.de\/management\/files\/2022\/06\/Wiwo.top_.10.blog_.2022.Blogger-Relevanzindex_Top-10-Blogs-2022.jpg 492w\" sizes=\"auto, (max-width: 227px) 100vw, 227px\" \/><\/p>\n<div id=\"main\">\n<div id=\"primary\">\n<div id=\"content\" role=\"main\">\n<article id=\"post-679588\" class=\"post-679588 post type-post status-publish format-standard hentry category-allgemein tag-arbeitsbedingung tag-arbeitsklima tag-betriebsklima tag-big-quit tag-ey-ernst-young tag-fachkraftemangel tag-gehalt tag-great-resignation tag-jobwechsel tag-kundigung tag-kuendigungsabsicht tag-loehne tag-umfrage\">\n<div class=\"entry-content\">\n<p><strong><a href=\"https:\/\/blog.wiwo.de\/management\/2022\/06\/08\/management-blog-jetzt-unter-den-top-ten-im-blogger-relevanzindex-2022-es-gibt-was-zu-feiern-wer-die-top-100-blogs-sind-hier-die-ganze-liste\/\">Management-Blog jetzt unter den Top-Ten im Blogger-Relevanzindex 2022 \u2013 es gibt was zu feiern! Wer die Top-100 Blogs sind \u2013 hier die ganze Liste | Management-Blog (wiwo.de)<\/a><\/strong><\/p>\n<p>&nbsp;<\/p>\n<p><img loading=\"lazy\" decoding=\"async\" class=\"aligncenter size-medium wp-image-680145\" src=\"https:\/\/blog.wiwo.de\/management\/files\/2022\/06\/Superfrauen_Top5.2022.Bloggerrelavnzindex-300x300.png\" alt=\"\" width=\"300\" height=\"300\" srcset=\"https:\/\/blog.wiwo.de\/management\/files\/2022\/06\/Superfrauen_Top5.2022.Bloggerrelavnzindex-300x300.png 300w, https:\/\/blog.wiwo.de\/management\/files\/2022\/06\/Superfrauen_Top5.2022.Bloggerrelavnzindex-150x150.png 150w, https:\/\/blog.wiwo.de\/management\/files\/2022\/06\/Superfrauen_Top5.2022.Bloggerrelavnzindex.png 650w\" sizes=\"auto, (max-width: 300px) 100vw, 300px\" \/><\/p>\n<p>&nbsp;<\/p>\n<p><strong>Copyright: @Claudia T\u00f6dtmann. Alle Rechte vorbehalten.\u00a0<\/strong><\/p>\n<p><strong>Kontakt f\u00fcr Nutzungsrechte: claudia.toedtmann@wiwo.de<\/strong><\/p>\n<p><strong>Alle inhaltlichen Rechte des Management-Blogs von Claudia T\u00f6dtmann liegen bei der Blog-Inhaberin. Jegliche Nutzung der Inhalte bed\u00fcrfen der ausdr\u00fccklichen Genehmigung.<\/strong><\/p>\n<\/div>\n<p><strong>Um den Lesefluss nicht zu behindern, wird in Management-Blog-Texten nur die m\u00e4nnliche Form genannt, aber immer sind die weibliche und andere Formen gleicherma\u00dfen mit gemeint.<\/strong><\/p>\n<\/article>\n<\/div>\n<\/div>\n<\/div>\n<div class=\"at-below-post addthis_tool\" data-url=\"https:\/\/blog.wiwo.de\/management\/2022\/06\/30\/luenendonk-liste-top-managementberatungen-2022-roland-berger-simon-kucher-partners-und-q_perior-sind-die-umsatzstaerksten\/\" data-title=\"Top-Managementberatungen in 2022: Roland Berger, Simon-Kucher &amp; Partners und Q_Perior sind die Umsatzst\u00e4rksten, zeigt die L\u00fcnendonk-Liste\" data-description=\"Die Top-20-Managementberatungen 2022: Die R\u00fcckg\u00e4nge des ersten Coronajahrs sind \u00fcberwunden Die Top-20 der deutschen Management-Consultants haben im vergangenen Jahr rund 17 Prozent zugelegt, die Internationalen um 13 Prozent, zeigt die Analyse von Marktforschungsunternehmen L\u00fcnendonk &amp; Hossenfelder. Zuvor war der Gesamtumsatz 2020, im ersten Coronajahr, im Schnitt um rund sieben Prozent gesunken - nach mehr als...\">\n<div id=\"atstbx\" class=\"at-share-tbx-element at-share-tbx-native addthis_default_style addthis_20x20_style addthis-smartlayers addthis-animated at4-show\">\n<div class=\"fb-like fb_iframe_widget\" data-layout=\"button_count\" data-show_faces=\"false\" data-share=\"false\" data-action=\"like\" data-width=\"90\" data-height=\"25\" data-font=\"arial\" data-href=\"https:\/\/blog.wiwo.de\/management\/2022\/06\/30\/luenendonk-liste-top-managementberatungen-2022-roland-berger-simon-kucher-partners-und-q_perior-sind-die-umsatzstaerksten\/\" data-send=\"false\"><\/div>\n<\/div>\n<\/div>\n","protected":false},"excerpt":{"rendered":"<p>Den Fragebogen &#8222;Nahaufnahme&#8220; beantwortet Sabine Rachor, Personalchefin der Managementberatung Capgemini Deutschland mit weltweit 340.000 Mitarbeitern, davon hierzulande rund 8.800. Nach dem Arbeitgeber-Ranking von Karriereportal Glassdoor geh\u00f6rte Capgemini 2021 zu den Top-Ten-Arbeitgebern in Deutschland.\u00a0 &nbsp; &nbsp; \u00a0Erkl\u00e4ren Sie in\u00a0einem\u00a0Satz, was Ihr &hellip; <a href=\"https:\/\/blog.wiwo.de\/management\/2022\/07\/03\/fragebogen-nahaufnahme-mit-capgemini-personalchefin-sabine-rachor-die-schlechte-laune-bekommt-wenn-sie-hunger-schiebt\/\">Weiterlesen <span class=\"meta-nav\">&rarr;<\/span><\/a><\/p>\n","protected":false},"author":19,"featured_media":0,"comment_status":"open","ping_status":"open","sticky":false,"template":"","format":"standard","meta":{"footnotes":""},"categories":[1],"tags":[209,10901,4763,10902],"class_list":["post-680168","post","type-post","status-publish","format-standard","hentry","category-allgemein","tag-capgemini","tag-capgemini-deutschland","tag-fragebogen-nahaufnahme","tag-sabine-rachor"],"_links":{"self":[{"href":"https:\/\/blog.wiwo.de\/management\/wp-json\/wp\/v2\/posts\/680168","targetHints":{"allow":["GET"]}}],"collection":[{"href":"https:\/\/blog.wiwo.de\/management\/wp-json\/wp\/v2\/posts"}],"about":[{"href":"https:\/\/blog.wiwo.de\/management\/wp-json\/wp\/v2\/types\/post"}],"author":[{"embeddable":true,"href":"https:\/\/blog.wiwo.de\/management\/wp-json\/wp\/v2\/users\/19"}],"replies":[{"embeddable":true,"href":"https:\/\/blog.wiwo.de\/management\/wp-json\/wp\/v2\/comments?post=680168"}],"version-history":[{"count":2,"href":"https:\/\/blog.wiwo.de\/management\/wp-json\/wp\/v2\/posts\/680168\/revisions"}],"predecessor-version":[{"id":680205,"href":"https:\/\/blog.wiwo.de\/management\/wp-json\/wp\/v2\/posts\/680168\/revisions\/680205"}],"wp:attachment":[{"href":"https:\/\/blog.wiwo.de\/management\/wp-json\/wp\/v2\/media?parent=680168"}],"wp:term":[{"taxonomy":"category","embeddable":true,"href":"https:\/\/blog.wiwo.de\/management\/wp-json\/wp\/v2\/categories?post=680168"},{"taxonomy":"post_tag","embeddable":true,"href":"https:\/\/blog.wiwo.de\/management\/wp-json\/wp\/v2\/tags?post=680168"}],"curies":[{"name":"wp","href":"https:\/\/api.w.org\/{rel}","templated":true}]}}