{"id":679217,"date":"2022-05-16T13:58:06","date_gmt":"2022-05-16T11:58:06","guid":{"rendered":"https:\/\/blog.wiwo.de\/management\/?p=679217"},"modified":"2022-05-24T12:48:44","modified_gmt":"2022-05-24T10:48:44","slug":"chambers-anwaelteranking-2022","status":"publish","type":"post","link":"https:\/\/blog.wiwo.de\/management\/2022\/05\/16\/chambers-anwaelteranking-2022\/","title":{"rendered":"Chambers-Anw\u00e4lteranking 2022: Kanzlei des Jahres f\u00fcr Deutschland ist Latham &amp; Watkins"},"content":{"rendered":"<h1>Chambers-Anw\u00e4lteranking 2022<\/h1>\n<p>&nbsp;<\/p>\n<div id=\"attachment_673453\" style=\"width: 660px\" class=\"wp-caption aligncenter\"><img loading=\"lazy\" decoding=\"async\" aria-describedby=\"caption-attachment-673453\" class=\"size-full wp-image-673453\" src=\"https:\/\/blog.wiwo.de\/management\/files\/2020\/04\/chambers.Frida_Sjostedt-e1647464061504.jpg\" alt=\"\" width=\"650\" height=\"581\" srcset=\"https:\/\/blog.wiwo.de\/management\/files\/2020\/04\/chambers.Frida_Sjostedt-e1647464061504.jpg 650w, https:\/\/blog.wiwo.de\/management\/files\/2020\/04\/chambers.Frida_Sjostedt-e1647464061504-300x268.jpg 300w, https:\/\/blog.wiwo.de\/management\/files\/2020\/04\/chambers.Frida_Sjostedt-e1647464061504-336x300.jpg 336w\" sizes=\"auto, (max-width: 650px) 100vw, 650px\" \/><p id=\"caption-attachment-673453\" class=\"wp-caption-text\">Frida Sjostedt, Vize-Chefredakteurin bei Chambers (Foto: Chambers)<\/p><\/div>\n<p>&nbsp;<\/p>\n<h1>Gastbeitrag von Frida Sjostedt von Chambers<\/h1>\n<p>Der Chambers Europe 2022 Guide wird am 17. M\u00e4rz ver\u00f6ffenlicht, und wie immer freuen wir uns nach einem Jahr harter Arbeit und Recherche des europ\u00e4ischen Rechtsmarktes, Ihnen die Ergebnisse vorzulegen.<\/p>\n<p>&nbsp;<\/p>\n<p>Die Beschr\u00e4nkungen, die wegen der COVID-19-Pandmie auferlegt wurden, scheinen an den meisten Orten Europas weitgehend aufgehoben worden zu sein und nach zwei Jahren Reise- und Versammlungsverboten freuen wir uns, dass es auch m\u00f6glich ist die Europe Awards 2022 in diesem Jahr wieder physisch statt virtuell zu arrangieren. Am 22. April wollen wir also mit einigen der leitenden Kanzleien, Anw\u00e4lte und Anw\u00e4ltinnen Europas in Madrid feiern. Nat\u00fcrlich werden wir auch alle Gewinner_innen auf unserer Webseite und Social Media-Kan\u00e4len im Laufe des Abends ver\u00f6ffentlichen, damit Sie verfolgen k\u00f6nnen, welche unter den nominierten \u2013 Clifford Chance, CMS, Dentons, DLA Piper, Hengeler Mueller, Latham &amp; Watkins und Linklaters \u2013 Deutschlands Kanzlei des Jahres geworden ist.<\/p>\n<p>&nbsp;<\/p>\n<p>Der M&amp;A-Markt in Deutschland war gesch\u00e4ftiger als irgendwer nach dem fast vollst\u00e4ndigen Stillstand w\u00e4hrend der ersten Lockdowns 2020 erwartet h\u00e4tte. Es herrschte positive Stimmung, viele Transaktionen wurden fortgesetzt, wo sie aufgeh\u00f6rt hatten, und die neue Nutzung von Technologie f\u00fcr Meetings und Dokumentation trug dazu bei, die Prozesse effizienter zu gestalten. Der Private Equity-Markt blieb sehr aktiv, jedoch in einem engeren Branchenspektrum, mit gro\u00dfen Transaktionen in den Technologie- und Biowissenschaftsektoren. Bei Chambers and Partners befassen wir uns ausf\u00fchrlich mit dem Unternehmensmarkt und dieses Jahr haben wir unsere Corporate\/M&amp;A \u2013 Mittelstand-Tabelle mit mehr Kanzleien, Anw\u00e4lten und Anw\u00e4ltinnen als je zuvor erweitert. In unseren Corporate\/M&amp;A: High-end, Corporate\/M&amp;A: Mid-market und Private Equity-Tabellen finden Sie die leitenden Kanzleien dieses Gebietes.<\/p>\n<p>&nbsp;<\/p>\n<p>Die Energiewende Deutschlands hat sich weiter fortgesetzt und in 2022 sollen alle Kernkraftwerke auslaufen. In den letzten Jahren hat Deutschland deshalb viel in erneuerbare Energien investiert, besonders in Windparks und Wasserstoffanlagen. Der neuerliche Beschluss der Bundesregierung, die Zertifizierung von Nordstream 2 bis auf weiteres zu stoppen, aktualisiert die Diskussion dar\u00fcber wie Deutschland f\u00fcr Energie sorgen will und ob die Klimaschutzziele erreicht werden k\u00f6nnen. Die Kanzleien, die sich mit diesen Themen befassen, finden Sie in unserer Energy-Tabelle.<\/p>\n<p>&nbsp;<\/p>\n<p>Dieses Jahr haben wir unsere Marktstellung mit einer Kanzleitabelle im Bereich Datenschutz erg\u00e4nzt. Schon seit 2016 ranken wir individuelle Spezialisten und Spezialistinnen in diesem Bereich, und wir freuen uns nun, auch die Teams um diese herum vorstellen zu k\u00f6nnen, in unserer Data Protection-Tabelle.<\/p>\n<p>&nbsp;<\/p>\n<p>Chambers and Partners hat beschlossen, unsere Tabellen und die Recherche in Russland und Belarus nicht zu ver\u00f6ffentlichen und unseren Handel mit den beiden L\u00e4ndern zu stoppen. Auch verschieben wir unsere Recherche in Russland, Belarus und Ukraine auf einen sp\u00e4teren Zeitpunkt in diesem Jahr, weil die Lage sehr unsicher ist, und sich schnell \u00e4ndern kann.<\/p>\n<p>&nbsp;<\/p>\n<p>Abschlie\u00dfend hoffe ich wie immer, dass alle Anwaltskanzleien, Leser und Leserinnen des Wirtschaftswoche Management-Blogs gesund bleiben und gut auf sich und ihre Nahestehenden aufpassen. Ihre Frida Sjostedt, Research Manager, Chambers and Partners Europe Guide.<\/p>\n<p>&nbsp;<\/p>\n<p><strong>Shortlist der Chambers Europe Awards 2022:<\/strong><\/p>\n<p><strong>Deutschland Kanzlei des Jahres<\/strong><\/p>\n<h1>Die Nominierten:<\/h1>\n<p>Clifford Chance<br \/>\nCMS<br \/>\nDentons<br \/>\nDLA Piper<br \/>\nHengeler Mueller<br \/>\nLatham &amp; Watkins<br \/>\nLinklaters<\/p>\n<h1>Der Gewinner Deutschland im Mai 2022: Latham &amp; Watkins<\/h1>\n<h1 class=\"x_MsoNormal\"><span lang=\"SV\">Der Gewinner Europe-wide: DLA Piper\u00a0<\/span><\/h1>\n<p class=\"x_MsoNormal\"><span lang=\"SV\">\u00a0<\/span><\/p>\n<p>&nbsp;<\/p>\n<footer id=\"footerv2-frame\">\n<div id=\"footerv2-subframe\" class=\"short\">\n<div id=\"footerv3\">\n<div class=\"bottom\">\n<div class=\"container_12 clearfix\"><strong>Hier gehts zu den Tabellen:<\/strong><\/div>\n<div><strong>https:\/\/chambers.com\/legal-rankings\/banking-finance-germany-7:6:92:1<\/strong><\/div>\n<\/div>\n<\/div>\n<\/div>\n<\/footer>\n<div><\/div>\n<div><\/div>\n<div><\/div>\n<div><\/div>\n<div><\/div>\n<div><\/div>\n<div><\/div>\n<div>\n<p><a href=\"https:\/\/www.faktenkontor.de\/blogger-relevanzindex\/\"><img loading=\"lazy\" decoding=\"async\" class=\"aligncenter size-medium wp-image-676352\" src=\"https:\/\/blog.wiwo.de\/management\/files\/2021\/04\/Bloggerrelanvzlogo.2021-FAK_21-01_Siegel_Blogger-Relevanzindex_Top-20-Blogs-228x300.jpg\" alt=\"\" width=\"228\" height=\"300\" srcset=\"https:\/\/blog.wiwo.de\/management\/files\/2021\/04\/Bloggerrelanvzlogo.2021-FAK_21-01_Siegel_Blogger-Relevanzindex_Top-20-Blogs-228x300.jpg 228w, https:\/\/blog.wiwo.de\/management\/files\/2021\/04\/Bloggerrelanvzlogo.2021-FAK_21-01_Siegel_Blogger-Relevanzindex_Top-20-Blogs.jpg 493w\" sizes=\"auto, (max-width: 228px) 100vw, 228px\" \/><\/a><\/p>\n<p>&nbsp;<\/p>\n<p><img loading=\"lazy\" decoding=\"async\" class=\"aligncenter size-medium wp-image-676731\" src=\"https:\/\/blog.wiwo.de\/management\/files\/2021\/06\/bloggerinnen.2021.neu_-300x212.jpg\" alt=\"\" width=\"300\" height=\"212\" srcset=\"https:\/\/blog.wiwo.de\/management\/files\/2021\/06\/bloggerinnen.2021.neu_-300x212.jpg 300w, https:\/\/blog.wiwo.de\/management\/files\/2021\/06\/bloggerinnen.2021.neu_-424x300.jpg 424w, https:\/\/blog.wiwo.de\/management\/files\/2021\/06\/bloggerinnen.2021.neu_.jpg 650w\" sizes=\"auto, (max-width: 300px) 100vw, 300px\" \/><\/p>\n<p>&nbsp;<\/p>\n<p><strong>Copyright: @Claudia T\u00f6dtmann. Alle Rechte vorbehalten.\u00a0<\/strong><\/p>\n<p><strong>Kontakt f\u00fcr Nutzungsrechte: claudia.toedtmann@wiwo.de<\/strong><\/p>\n<p><strong>Alle inhaltlichen Rechte des Management-Blogs von Claudia T\u00f6dtmann liegen bei der Blog-Inhaberin. Jegliche Nutzung der Inhalte bed\u00fcrfen der ausdr\u00fccklichen Genehmigung.<\/strong><\/p>\n<p><strong>Um den Lesefluss nicht zu behindern, wird in Management-Blog-Texten nur die m\u00e4nnliche Form genannt, aber immer sind die weibliche und andere Formen gleicherma\u00dfen mit gemeint.<\/strong><\/p>\n<\/div>\n","protected":false},"excerpt":{"rendered":"<p>Chambers-Anw\u00e4lteranking 2022 &nbsp; &nbsp; Gastbeitrag von Frida Sjostedt von Chambers Der Chambers Europe 2022 Guide wird am 17. M\u00e4rz ver\u00f6ffenlicht, und wie immer freuen wir uns nach einem Jahr harter Arbeit und Recherche des europ\u00e4ischen Rechtsmarktes, Ihnen die Ergebnisse vorzulegen. &hellip; <a href=\"https:\/\/blog.wiwo.de\/management\/2022\/05\/16\/chambers-anwaelteranking-2022\/\">Weiterlesen <span class=\"meta-nav\">&rarr;<\/span><\/a><\/p>\n","protected":false},"author":19,"featured_media":0,"comment_status":"open","ping_status":"open","sticky":false,"template":"","format":"standard","meta":{"footnotes":""},"categories":[1,10701],"tags":[10796,6535,1934,3689,10797],"class_list":["post-679217","post","type-post","status-publish","format-standard","hentry","category-allgemein","category-kanzleirankings","tag-anwaelterankings","tag-chambers","tag-dla-piper","tag-latham-watkins","tag-wirtschaftsanwaelte-2022"],"_links":{"self":[{"href":"https:\/\/blog.wiwo.de\/management\/wp-json\/wp\/v2\/posts\/679217","targetHints":{"allow":["GET"]}}],"collection":[{"href":"https:\/\/blog.wiwo.de\/management\/wp-json\/wp\/v2\/posts"}],"about":[{"href":"https:\/\/blog.wiwo.de\/management\/wp-json\/wp\/v2\/types\/post"}],"author":[{"embeddable":true,"href":"https:\/\/blog.wiwo.de\/management\/wp-json\/wp\/v2\/users\/19"}],"replies":[{"embeddable":true,"href":"https:\/\/blog.wiwo.de\/management\/wp-json\/wp\/v2\/comments?post=679217"}],"version-history":[{"count":8,"href":"https:\/\/blog.wiwo.de\/management\/wp-json\/wp\/v2\/posts\/679217\/revisions"}],"predecessor-version":[{"id":679749,"href":"https:\/\/blog.wiwo.de\/management\/wp-json\/wp\/v2\/posts\/679217\/revisions\/679749"}],"wp:attachment":[{"href":"https:\/\/blog.wiwo.de\/management\/wp-json\/wp\/v2\/media?parent=679217"}],"wp:term":[{"taxonomy":"category","embeddable":true,"href":"https:\/\/blog.wiwo.de\/management\/wp-json\/wp\/v2\/categories?post=679217"},{"taxonomy":"post_tag","embeddable":true,"href":"https:\/\/blog.wiwo.de\/management\/wp-json\/wp\/v2\/tags?post=679217"}],"curies":[{"name":"wp","href":"https:\/\/api.w.org\/{rel}","templated":true}]}}