{"id":678436,"date":"2021-11-01T11:00:27","date_gmt":"2021-11-01T10:00:27","guid":{"rendered":"https:\/\/blog.wiwo.de\/management\/?p=678436"},"modified":"2021-11-30T20:08:37","modified_gmt":"2021-11-30T19:08:37","slug":"fragebogen-nahaufnahme-mit-accenture-deutschlandchefin-christina-raab-die-eine-nachteule-ist-und-oft-kruemelt","status":"publish","type":"post","link":"https:\/\/blog.wiwo.de\/management\/2021\/11\/01\/fragebogen-nahaufnahme-mit-accenture-deutschlandchefin-christina-raab-die-eine-nachteule-ist-und-oft-kruemelt\/","title":{"rendered":"Fragebogen &#8222;Nahaufnahme&#8220; mit Accenture-Deutschlandchefin Christina Raab, die eine Nachteule ist und oft kr\u00fcmelt"},"content":{"rendered":"<p><strong>Den Fragebogen &#8222;Nahaufnahme&#8220; beantwortet Christina Raab, die neue Deutschlandchefin der internationalen Strategieberatung Accenture, die weltweit mit 624.000 die meisten Mitarbeiter besch\u00e4ftigt und 50 Milliarden US-Dollar Umsatz macht. Raab verantwortet obendrein \u00d6sterreich, die Schweiz und Russland.\u00a0<\/strong><\/p>\n<p>&nbsp;<\/p>\n<div id=\"attachment_678437\" style=\"width: 660px\" class=\"wp-caption aligncenter\"><img loading=\"lazy\" decoding=\"async\" aria-describedby=\"caption-attachment-678437\" class=\"size-full wp-image-678437\" src=\"https:\/\/blog.wiwo.de\/management\/files\/2021\/11\/Accenture_Christina-Raab_2021_klein.jpg\" alt=\"\" width=\"650\" height=\"433\" srcset=\"https:\/\/blog.wiwo.de\/management\/files\/2021\/11\/Accenture_Christina-Raab_2021_klein.jpg 650w, https:\/\/blog.wiwo.de\/management\/files\/2021\/11\/Accenture_Christina-Raab_2021_klein-300x200.jpg 300w, https:\/\/blog.wiwo.de\/management\/files\/2021\/11\/Accenture_Christina-Raab_2021_klein-450x300.jpg 450w\" sizes=\"auto, (max-width: 650px) 100vw, 650px\" \/><p id=\"caption-attachment-678437\" class=\"wp-caption-text\">Christina Raab (Foto: Accenture)<\/p><\/div>\n<p>&nbsp;<\/p>\n<p class=\"x_MsoNormal\"><b>Erkl\u00e4ren Sie in\u00a0einem\u00a0Satz, was Ihr Unternehmen tut.<\/b><\/p>\n<p class=\"x_MsoNormal\">Nach dem einen Satz suche ich seit 20 Jahren. Auch f\u00fcr meine Familie und meine Freunde. Also: Accenture macht Unternehmen fit f\u00fcr eine digitale und nachhaltige Zukunft.<br aria-hidden=\"true\" \/>\u00a0<b><\/b><\/p>\n<p>&nbsp;<\/p>\n<p class=\"x_MsoNormal\"><b>Womit beginnt Ihr Tag?<\/b><\/p>\n<p class=\"x_MsoNormal\">Der Tag beginnt in sch\u00f6ner Regelm\u00e4\u00dfigkeit mit dem Gedanken: \u201eOh Gott, war das wirklich schon der Wecker?!\u201c Ich bin ein Nacht-, kein Morgenmensch. Wenn ich um sechs Uhr aufstehe, brauche ich erst mal eine riesige Tasse Tee \u2013 vorher bin ich nicht ansprechbar. Die ersten Calls gehen um acht Uhr los, und ich mache mich vorher schon auf den Weg ins B\u00fcro.<b><\/b><\/p>\n<p>&nbsp;<\/p>\n<p class=\"x_MsoNormal\"><b>Was unterscheidet Sie\u00a0 von anderen im Auftreten und im Behave im Job?<br aria-hidden=\"true\" \/><\/b><\/p>\n<p class=\"x_MsoNormal\">\u00dcber die Jahre hat sich rumgesprochen, dass ich ziemlich ordnungsliebend bin. Bevor nicht alles aufger\u00e4umt ist, kann ich nicht arbeiten. Das gilt nicht nur f\u00fcr den Schreibtisch, sondern auch f\u00fcr Pr\u00e4sentationen, die noch im Werden sind: Solange die endg\u00fcltige Form nicht steht, tue ich mich schwer, einfach schon mal \u201ereinzuarbeiten\u201c. In Gespr\u00e4chen ist das \u00e4hnlich, ich hake schnell und oft ein, wenn sich mir nicht sofort das Big Picture erschlie\u00dft.<b><\/b><\/p>\n<p>&nbsp;<\/p>\n<p class=\"x_MsoNormal\"><b>&#8230; und was w\u00fcrden Ihre Mitarbeiter darauf antworten?<br aria-hidden=\"true\" \/><\/b><\/p>\n<p class=\"x_MsoNormal\">Die w\u00fcrden sagen: \u201eJa,\u00a0es ist noch nicht alles rund, aber h\u00f6r Dir doch erst mal meine Story bis zum Ende an.\u201c<b><\/b><\/p>\n<p class=\"x_MsoNormal\">Was das Ganze nicht leichter macht ist, dass ich als Nachteule teils sehr sp\u00e4t noch Mails verschicke, nat\u00fcrlich auch mit Feedback an Kollegen und Kolleginnen. Mir hat mal ein Morgenmensch gesagt: \u201eChristina, Mensch, wir h\u00e4ngen an Deinem Rhythmus, das tr\u00e4gt sich ins Team rein.\u201c Es ist aber tats\u00e4chlich gar nicht n\u00f6tig, dass alle sofort draufspringen, wenn sie eine Nachricht von mir erhalten. Das kommuniziere ich ganz offen und regelm\u00e4\u00dfig.<\/p>\n<p>&nbsp;<\/p>\n<p class=\"x_MsoNormal\"><b>Tee oder Kaffee?<\/b><\/p>\n<p class=\"x_MsoNormal\">Beides. Espresso f\u00fcr den kurzfristigen und Tee f\u00fcr den langfristigen Effekt.<b><\/b><\/p>\n<p>&nbsp;<\/p>\n<p class=\"x_MsoNormal\"><b>Verraten Sie eine Marotte.<br aria-hidden=\"true\" \/><\/b><\/p>\n<p class=\"x_MsoNormal\">Ich produziere Kr\u00fcmel. Das mag im Widerspruch zu meinem Wunsch nach Ordnung stehen, ist aber einfach so. Die Dinger landen \u00fcberall, blockieren auch schon mal die Tastatur am Laptop. Ich habe einmal im Auto eines Kunden eine Semmel gegessen. Davon erz\u00e4hlt er heute noch.<b><\/b><\/p>\n<p>&nbsp;<\/p>\n<p class=\"x_MsoNormal\"><b>Was bringt Sie in Harnisch?<br aria-hidden=\"true\" \/><\/b><\/p>\n<p class=\"x_MsoNormal\">Laute Hintergrundger\u00e4usche beim Telefonieren. Es f\u00e4llt mir dann schwer, mich auf das Gesprochene zu konzentrieren.<b><\/b><\/p>\n<p>&nbsp;<\/p>\n<p class=\"x_MsoNormal\"><b>\u00a0&#8230; und was bringt andere an Ihnen in Harnisch?<br aria-hidden=\"true\" \/><\/b><\/p>\n<p class=\"x_MsoNormal\">Vielleicht nicht direkt in Harnisch, aber: Ich bin nicht immer in allen Meetings p\u00fcnktlich. Seit ich mit dem Fahrrad zur Arbeit komme, bin ich aber zumindest in den fr\u00fchen Morgenstunden rechtzeitig vor Ort.<b><\/b><\/p>\n<p>&nbsp;<\/p>\n<p class=\"x_MsoNormal\"><b>Was m\u00f6chten Sie gerne\u00a0in Rente machen?<br aria-hidden=\"true\" \/><\/b><\/p>\n<p class=\"x_MsoNormal\">Ich w\u00fcrde gerne noch mal studieren, Geschichte und Arch\u00e4ologie. Damit w\u00fcrde ich etwas f\u00fcr mich tun, mich fordern. Zum Alter geh\u00f6rt es aber auch, gebraucht zu werden und zur\u00fcckzugeben. Deshalb m\u00f6chte ich mich au\u00dferdem in Projekten engagieren, die helfen, die Bildungsschere zu schlie\u00dfen. Etwa \u00fcber die Arbeit mit Kindern aus einem sozial benachteiligten Umfeld \u2013 was f\u00fcr eine Verschwendung von Talent.<b><\/b><\/p>\n<p>&nbsp;<\/p>\n<p class=\"x_MsoNormal\"><b>Was sch\u00e4tzen Sie an anderen Menschen am meisten?<br aria-hidden=\"true\" \/><\/b><\/p>\n<p class=\"x_MsoNormal\">Mir sind Menschen sympathisch, die sich selbst nicht so ernst nehmen und \u00fcber sich lachen k\u00f6nnen. Was ich zudem besonders sch\u00e4tze, ist ein Gegen\u00fcber, das sich eine offene Weltsicht bewahrt hat, ganz breit an vielen verschiedenen Themen interessiert ist. Mit solchen Leuten ergeben sich die bereicherndsten Gespr\u00e4che.\u00a0<b><\/b><\/p>\n<p>&nbsp;<\/p>\n<p class=\"x_MsoNormal\"><b>Auf welche drei Dinge k\u00f6nnten Sie niemals verzichten?<\/b><\/p>\n<ol start=\"1\" type=\"1\">\n<li class=\"x_MsoListParagraphCxSpFirst\">Zahnb\u00fcrste.<\/li>\n<li class=\"x_MsoListParagraphCxSpMiddle\">Ein Teller Spaghetti Bolognese.<\/li>\n<li class=\"x_MsoListParagraphCxSpLast\">B\u00fccher. Tut mir leid, aber eins alleine wird nicht ausreichen.<b><\/b><\/li>\n<\/ol>\n<p>&nbsp;<\/p>\n<p class=\"x_MsoNormal\"><b>Wenn Sie f\u00fcr einen Tag den Job von jemand anderem \u00fcbernehmen k\u00f6nnten &#8211; welcher w\u00e4re das?<br aria-hidden=\"true\" \/><\/b><\/p>\n<p class=\"x_MsoNormal\">Anna Wintour, Chefredakteurin der Vogue. Diese Frau zeigt nicht nur mit ihrer Frisur Kante: Sie hat sich \u00fcber Jahrzehnte immer wieder mit kontroversen Entscheidungen hervorgetan und ist dabei ihrer Person treu geblieben. Ich f\u00e4nde es au\u00dferdem spannend, 24 Stunden lang einen Einblick in diesen sehr speziellen Teil der Medienlandschaft zu erhalten.<b><\/b><\/p>\n<p>&nbsp;<\/p>\n<p>&nbsp;<\/p>\n<div id=\"attachment_678438\" style=\"width: 352px\" class=\"wp-caption aligncenter\"><img loading=\"lazy\" decoding=\"async\" aria-describedby=\"caption-attachment-678438\" class=\"size-full wp-image-678438\" src=\"https:\/\/blog.wiwo.de\/management\/files\/2021\/11\/Accenture_Fahrradklingel_2021_klein-002.jpg\" alt=\"\" width=\"342\" height=\"457\" srcset=\"https:\/\/blog.wiwo.de\/management\/files\/2021\/11\/Accenture_Fahrradklingel_2021_klein-002.jpg 342w, https:\/\/blog.wiwo.de\/management\/files\/2021\/11\/Accenture_Fahrradklingel_2021_klein-002-225x300.jpg 225w\" sizes=\"auto, (max-width: 342px) 100vw, 342px\" \/><p id=\"caption-attachment-678438\" class=\"wp-caption-text\">(Foto: Privat)<\/p><\/div>\n<p class=\"x_MsoNormal\">Zu Christina Raabs Lieblingsgegenst\u00e4nden geh\u00f6rt ihre Fahrradklingel, die &#8222;regelm\u00e4\u00dfig im Einsatz ist auf dem Weg zum B\u00fcro&#8220;.<\/p>\n<p>&nbsp;<\/p>\n<p>&nbsp;<\/p>\n<p><img loading=\"lazy\" decoding=\"async\" class=\"aligncenter size-medium wp-image-676352\" src=\"https:\/\/blog.wiwo.de\/management\/files\/2021\/04\/Bloggerrelanvzlogo.2021-FAK_21-01_Siegel_Blogger-Relevanzindex_Top-20-Blogs-228x300.jpg\" alt=\"\" width=\"228\" height=\"300\" srcset=\"https:\/\/blog.wiwo.de\/management\/files\/2021\/04\/Bloggerrelanvzlogo.2021-FAK_21-01_Siegel_Blogger-Relevanzindex_Top-20-Blogs-228x300.jpg 228w, https:\/\/blog.wiwo.de\/management\/files\/2021\/04\/Bloggerrelanvzlogo.2021-FAK_21-01_Siegel_Blogger-Relevanzindex_Top-20-Blogs.jpg 493w\" sizes=\"auto, (max-width: 228px) 100vw, 228px\" \/><\/p>\n<p>&nbsp;<\/p>\n<p>&nbsp;<\/p>\n<p><img loading=\"lazy\" decoding=\"async\" class=\"aligncenter size-medium wp-image-676731\" src=\"https:\/\/blog.wiwo.de\/management\/files\/2021\/06\/bloggerinnen.2021.neu_-300x212.jpg\" alt=\"\" width=\"300\" height=\"212\" srcset=\"https:\/\/blog.wiwo.de\/management\/files\/2021\/06\/bloggerinnen.2021.neu_-300x212.jpg 300w, https:\/\/blog.wiwo.de\/management\/files\/2021\/06\/bloggerinnen.2021.neu_-424x300.jpg 424w, https:\/\/blog.wiwo.de\/management\/files\/2021\/06\/bloggerinnen.2021.neu_.jpg 650w\" sizes=\"auto, (max-width: 300px) 100vw, 300px\" \/><\/p>\n<p>&nbsp;<\/p>\n<p><strong>Copyright: @Claudia T\u00f6dtmann. Alle Rechte vorbehalten.<\/strong><\/p>\n<p><strong>Kontakt f\u00fcr Nutzungsrechte: claudia.toedtmann@wiwo.de<\/strong><\/p>\n<p><strong>Alle inhaltlichen Rechte des Management-Blogs von Claudia T\u00f6dtmann liegen bei der Blog-Inhaberin. Jegliche Nutzung der Inhalte bed\u00fcrfen der ausdr\u00fccklichen Genehmigung.<\/strong><\/p>\n","protected":false},"excerpt":{"rendered":"<p>Den Fragebogen &#8222;Nahaufnahme&#8220; beantwortet Christina Raab, die neue Deutschlandchefin der internationalen Strategieberatung Accenture, die weltweit mit 624.000 die meisten Mitarbeiter besch\u00e4ftigt und 50 Milliarden US-Dollar Umsatz macht. Raab verantwortet obendrein \u00d6sterreich, die Schweiz und Russland.\u00a0 &nbsp; &nbsp; Erkl\u00e4ren Sie in\u00a0einem\u00a0Satz, &hellip; <a href=\"https:\/\/blog.wiwo.de\/management\/2021\/11\/01\/fragebogen-nahaufnahme-mit-accenture-deutschlandchefin-christina-raab-die-eine-nachteule-ist-und-oft-kruemelt\/\">Weiterlesen <span class=\"meta-nav\">&rarr;<\/span><\/a><\/p>\n","protected":false},"author":19,"featured_media":0,"comment_status":"open","ping_status":"open","sticky":false,"template":"","format":"standard","meta":{"footnotes":""},"categories":[1],"tags":[22,10484,4763],"class_list":["post-678436","post","type-post","status-publish","format-standard","hentry","category-allgemein","tag-accenture","tag-christina-raab","tag-fragebogen-nahaufnahme"],"_links":{"self":[{"href":"https:\/\/blog.wiwo.de\/management\/wp-json\/wp\/v2\/posts\/678436","targetHints":{"allow":["GET"]}}],"collection":[{"href":"https:\/\/blog.wiwo.de\/management\/wp-json\/wp\/v2\/posts"}],"about":[{"href":"https:\/\/blog.wiwo.de\/management\/wp-json\/wp\/v2\/types\/post"}],"author":[{"embeddable":true,"href":"https:\/\/blog.wiwo.de\/management\/wp-json\/wp\/v2\/users\/19"}],"replies":[{"embeddable":true,"href":"https:\/\/blog.wiwo.de\/management\/wp-json\/wp\/v2\/comments?post=678436"}],"version-history":[{"count":2,"href":"https:\/\/blog.wiwo.de\/management\/wp-json\/wp\/v2\/posts\/678436\/revisions"}],"predecessor-version":[{"id":678440,"href":"https:\/\/blog.wiwo.de\/management\/wp-json\/wp\/v2\/posts\/678436\/revisions\/678440"}],"wp:attachment":[{"href":"https:\/\/blog.wiwo.de\/management\/wp-json\/wp\/v2\/media?parent=678436"}],"wp:term":[{"taxonomy":"category","embeddable":true,"href":"https:\/\/blog.wiwo.de\/management\/wp-json\/wp\/v2\/categories?post=678436"},{"taxonomy":"post_tag","embeddable":true,"href":"https:\/\/blog.wiwo.de\/management\/wp-json\/wp\/v2\/tags?post=678436"}],"curies":[{"name":"wp","href":"https:\/\/api.w.org\/{rel}","templated":true}]}}