{"id":678324,"date":"2021-11-17T10:11:39","date_gmt":"2021-11-17T09:11:39","guid":{"rendered":"https:\/\/blog.wiwo.de\/management\/?p=678324"},"modified":"2021-11-17T11:10:18","modified_gmt":"2021-11-17T10:10:18","slug":"lesetipp-krokers-look-it-wenn-mitarbeiter-versehentlich-daten-loeschen-und-es-dann-aus-scham-und-angst-verschweigen","status":"publish","type":"post","link":"https:\/\/blog.wiwo.de\/management\/2021\/11\/17\/lesetipp-krokers-look-it-wenn-mitarbeiter-versehentlich-daten-loeschen-und-es-dann-aus-scham-und-angst-verschweigen\/","title":{"rendered":"Lesetipp Kroker\u2019s Look @ IT: Wenn Mitarbeiter versehentlich Daten l\u00f6schen und es dann aus Scham und Angst verschweigen"},"content":{"rendered":"<header class=\"entry-header\">\n<h1><\/h1>\n<h1>Lesetipp im Blog meines <a href=\"https:\/\/blog.wiwo.de\/look-at-it\/2021\/11\/17\/die-haelfte-aller-beschaeftigten-in-deutschland-hat-schon-versehentlich-cloud-dateien-geloescht\/\">WirtschaftsWoche-Kollegen Michael Kroker<\/a>:<\/h1>\n<h1 class=\"entry-title\"><strong>&#8222;Die H\u00e4lfte aller Besch\u00e4ftigten in Deutschland hat schon versehentlich Cloud-Dateien gel\u00f6scht. Immerhin vier von zehn deutschen Befragten versucht Anwendungsfehler zu vertuschen \u2013 vor allem aus Scham und aus Furcht vor Konsequenzen.&#8220;<\/strong><\/h1>\n<p>Besonders drastisch:<\/p>\n<p>&#8222;Bei Ransomware-Vorf\u00e4llen wird noch mehr verheimlicht: Nur 32 Prozent der Befragten in Deutschland w\u00fcrden Fehler, mit denen sie das Einschleusen von Ransomware erst m\u00f6glich machten, sofort eingestehen. 38 Prozent w\u00fcrden dagegen gar nichts unternehmen und so tun, als sei nichts passiert. Und 23 Prozent gaben an, dass sie den Vorfall zwar melden w\u00fcrden \u2013 allerdings ohne zuzugeben, dass sie etwas damit zu tun hatten&#8220;, schreibt Michael Kroker.<\/p>\n<p>&nbsp;<\/p>\n<\/header>\n<div id=\"attachment_678326\" style=\"width: 310px\" class=\"wp-caption aligncenter\"><img loading=\"lazy\" decoding=\"async\" aria-describedby=\"caption-attachment-678326\" class=\"size-medium wp-image-678326\" src=\"https:\/\/blog.wiwo.de\/management\/files\/2021\/11\/kroker.michael_kroker-002-300x199.jpg\" alt=\"\" width=\"300\" height=\"199\" \/><p id=\"caption-attachment-678326\" class=\"wp-caption-text\">Michael Kroker (Foto: WirtschaftsWoche)<\/p><\/div>\n","protected":false},"excerpt":{"rendered":"<p>Lesetipp im Blog meines WirtschaftsWoche-Kollegen Michael Kroker: &#8222;Die H\u00e4lfte aller Besch\u00e4ftigten in Deutschland hat schon versehentlich Cloud-Dateien gel\u00f6scht. Immerhin vier von zehn deutschen Befragten versucht Anwendungsfehler zu vertuschen \u2013 vor allem aus Scham und aus Furcht vor Konsequenzen.&#8220; Besonders drastisch: &hellip; <a href=\"https:\/\/blog.wiwo.de\/management\/2021\/11\/17\/lesetipp-krokers-look-it-wenn-mitarbeiter-versehentlich-daten-loeschen-und-es-dann-aus-scham-und-angst-verschweigen\/\">Weiterlesen <span class=\"meta-nav\">&rarr;<\/span><\/a><\/p>\n","protected":false},"author":19,"featured_media":0,"comment_status":"open","ping_status":"open","sticky":false,"template":"","format":"standard","meta":{"footnotes":""},"categories":[1],"tags":[5109,251,7565,1508,10452,2052,775,10454,10453,8032],"class_list":["post-678324","post","type-post","status-publish","format-standard","hentry","category-allgemein","tag-angst","tag-daten","tag-krokers-look-it","tag-lesetipp","tag-loeschen","tag-michael-kroker","tag-mitarbeiter","tag-ransomware-angriffe","tag-scham","tag-verschweigen"],"_links":{"self":[{"href":"https:\/\/blog.wiwo.de\/management\/wp-json\/wp\/v2\/posts\/678324","targetHints":{"allow":["GET"]}}],"collection":[{"href":"https:\/\/blog.wiwo.de\/management\/wp-json\/wp\/v2\/posts"}],"about":[{"href":"https:\/\/blog.wiwo.de\/management\/wp-json\/wp\/v2\/types\/post"}],"author":[{"embeddable":true,"href":"https:\/\/blog.wiwo.de\/management\/wp-json\/wp\/v2\/users\/19"}],"replies":[{"embeddable":true,"href":"https:\/\/blog.wiwo.de\/management\/wp-json\/wp\/v2\/comments?post=678324"}],"version-history":[{"count":4,"href":"https:\/\/blog.wiwo.de\/management\/wp-json\/wp\/v2\/posts\/678324\/revisions"}],"predecessor-version":[{"id":678329,"href":"https:\/\/blog.wiwo.de\/management\/wp-json\/wp\/v2\/posts\/678324\/revisions\/678329"}],"wp:attachment":[{"href":"https:\/\/blog.wiwo.de\/management\/wp-json\/wp\/v2\/media?parent=678324"}],"wp:term":[{"taxonomy":"category","embeddable":true,"href":"https:\/\/blog.wiwo.de\/management\/wp-json\/wp\/v2\/categories?post=678324"},{"taxonomy":"post_tag","embeddable":true,"href":"https:\/\/blog.wiwo.de\/management\/wp-json\/wp\/v2\/tags?post=678324"}],"curies":[{"name":"wp","href":"https:\/\/api.w.org\/{rel}","templated":true}]}}