{"id":678274,"date":"2021-11-10T06:00:59","date_gmt":"2021-11-10T05:00:59","guid":{"rendered":"https:\/\/blog.wiwo.de\/management\/?p=678274"},"modified":"2021-11-10T00:25:13","modified_gmt":"2021-11-09T23:25:13","slug":"die-renommiertesten-anwaelte-fuer-urheberrecht-und-patentrecht-2021-und-warum-immer-mehr-arbeitnehmer-gegen-ihre-unternehmen-wegen-arbeitnehmererfindungen-vor-gericht-vorgehen","status":"publish","type":"post","link":"https:\/\/blog.wiwo.de\/management\/2021\/11\/10\/die-renommiertesten-anwaelte-fuer-urheberrecht-und-patentrecht-2021-und-warum-immer-mehr-arbeitnehmer-gegen-ihre-unternehmen-wegen-arbeitnehmererfindungen-vor-gericht-vorgehen\/","title":{"rendered":"Die renommiertesten Anw\u00e4lte f\u00fcr Urheberrecht und Patentrecht 2021 &#8211; und warum immer mehr Arbeitnehmer gegen ihre Unternehmen wegen Arbeitnehmererfindungen vor Gericht vorgehen"},"content":{"rendered":"<div id=\"header\" class=\"dw-chart-header\">\n<h1>Lesehinweis und die Rankings f\u00fcr die renommiertesten Urheberrechtsanw\u00e4lte, Patentrechtsanw\u00e4lte und Patentanw\u00e4lte (zuerst erschienen in der WiWo-Printausgabe 5.11.2021)<\/h1>\n<p>&nbsp;<\/p>\n<\/div>\n<p><strong>Arbeitnehmer streiten immer \u00f6fter mit Arbeitgebern vor Gericht um Patente. Haben Unternehmen geschlampt oder Mitarbeiter ausgetrickst, kann das Deals platzen lassen \u2013 oder sie viel Geld kosten.<\/strong><\/p>\n<div class=\"o-article__content-element o-article__content-element--richtext\">\n<div class=\"u-richtext\" data-command=\"{&quot;richtext&quot;: {}}\">\n<p>Wer hat an der Erfindung gearbeitet? War es ein Team oder ein Einzelner? Wie waren die Arbeitsumst\u00e4nde? Wer hat nur Banales beigetragen, wer Substanzielles? Um all diese Fragen zu beantworten, wurden f\u00fcr ein Verfahren am M\u00fcnchner Patentgericht vor einiger Zeit insgesamt 50 Zeugen angeh\u00f6rt, erinnert sich Anwalt Gisbert Hohagen.<\/p>\n<div id=\"attachment_666052\" style=\"width: 160px\" class=\"wp-caption alignright\"><img loading=\"lazy\" decoding=\"async\" aria-describedby=\"caption-attachment-666052\" class=\"size-thumbnail wp-image-666052\" src=\"https:\/\/blog.wiwo.de\/management\/files\/2017\/09\/TaylorwessinggisbertHohagen-150x150.jpg\" alt=\"\" width=\"150\" height=\"150\" srcset=\"https:\/\/blog.wiwo.de\/management\/files\/2017\/09\/TaylorwessinggisbertHohagen-150x150.jpg 150w, https:\/\/blog.wiwo.de\/management\/files\/2017\/09\/TaylorwessinggisbertHohagen-300x300.jpg 300w, https:\/\/blog.wiwo.de\/management\/files\/2017\/09\/TaylorwessinggisbertHohagen.jpg 378w\" sizes=\"auto, (max-width: 150px) 100vw, 150px\" \/><p id=\"caption-attachment-666052\" class=\"wp-caption-text\">Gisbert Hohagen (Foto: TaylorWessing)<\/p><\/div>\n<p>\u201eSo viele Gesch\u00fctze fahren nicht mal internationale Konzerne gegeneinander auf\u201c, sagt der Patenrechtsanwalt von Taylor Wessing. 50 Seiten umfasste allein die Klageschrift, die Schrifts\u00e4tze waren jeweils Hunderte von Seiten lang, und allein die Anlagen f\u00fcllten 14 Leitz-Ordner. &#8230; &#8230;<\/p>\n<p>weiter gehts hier: <a href=\"https:\/\/www.wiwo.de\/finanzen\/steuern-recht\/wiwo-top-kanzleien-das-sind-die-besten-anwaelte-fuer-patent-und-urheberrecht-2021\/27766928.html\">https:\/\/www.wiwo.de\/finanzen\/steuern-recht\/wiwo-top-kanzleien-das-sind-die-besten-anwaelte-fuer-patent-und-urheberrecht-2021\/27766928.html<\/a><\/p>\n<\/div>\n<\/div>\n<p>&nbsp;<\/p>\n<p>&nbsp;<\/p>\n<div id=\"header\" class=\"dw-chart-header\">\n<h1><\/h1>\n<h1 class=\"block headline-block\"><span class=\"block-inner\">WIWO-TOP-KANZLEIEN 2021<\/span><\/h1>\n<p class=\"block description-block\"><strong><span class=\"block-inner\">Die renommiertesten Kanzleien und Anw\u00e4lte f\u00fcr Urheberrecht*<\/span><\/strong><\/p>\n<\/div>\n<div id=\"chart\" class=\"dw-chart-body content-below-chart vis-height-fixed\" aria-hidden=\"false\">\n<div class=\"table-container svelte-1jvu5aw\">\n<div class=\"above-table svelte-1jvu5aw\">\n<div class=\"svelte-87h7if\"><\/div>\n<\/div>\n<div class=\"table-scroll svelte-1jvu5aw\">\n<table class=\"medium datawrapper-dwoQp-19nad41 svelte-1jvu5aw striped compact\" cellspacing=\"0\">\n<thead>\n<tr class=\"datawrapper-dwoQp-mrf5m svelte-1jvu5aw\">\n<th class=\"align-left type-text svelte-1jvu5aw first-mobile first-desktop\" colspan=\"1\" data-column=\"Top-Kanzlei\" data-row=\"-1\">\n<h1><strong><span class=\"svelte-1jvu5aw dw-bold\">Top-Kanzlei<\/span><\/strong><\/h1>\n<\/th>\n<th class=\"align-left type-text svelte-1jvu5aw last-mobile last-desktop\" style=\"font-style: inherit;font-variant: inherit;font-weight: 400;font-size: 14.56px;line-height: inherit;font-family: inherit;text-transform: none;vertical-align: bottom;padding: 8px 8px 8px 16px;border-left: none;text-align: left;border-bottom: 1px solid #b58925\" colspan=\"1\" data-column=\"besonders empfohlene Anw\u00e4ltin\/&lt;br&gt;besonders empfohlener Anwalt\" data-row=\"-1\">\n<h1><strong><span class=\"svelte-1jvu5aw dw-bold\">Besonders empfohlener Anwalt<\/span><\/strong><\/h1>\n<\/th>\n<\/tr>\n<\/thead>\n<tbody>\n<tr class=\"datawrapper-dwoQp-19m9txj svelte-1jvu5aw\">\n<td class=\"type-text svelte-1jvu5aw first-mobile first-desktop dw-bold\" colspan=\"1\">Advant Beiten<\/td>\n<td class=\"type-text svelte-1jvu5aw last-mobile last-desktop\" colspan=\"1\">Andreas Lober<\/td>\n<\/tr>\n<tr class=\"datawrapper-dwoQp-19m9txj svelte-1jvu5aw\">\n<td class=\"type-text svelte-1jvu5aw first-mobile first-desktop dw-bold\" colspan=\"1\">Ashurst<\/td>\n<td class=\"type-text svelte-1jvu5aw last-mobile last-desktop\" colspan=\"1\">Fabian Klein<\/td>\n<\/tr>\n<tr class=\"datawrapper-dwoQp-19m9txj svelte-1jvu5aw\">\n<td class=\"type-text svelte-1jvu5aw first-mobile first-desktop dw-bold\" colspan=\"1\">Boehmert &amp; Boehmert<\/td>\n<td class=\"type-text svelte-1jvu5aw last-mobile last-desktop\" colspan=\"1\">Martin Schaefer<\/td>\n<\/tr>\n<tr class=\"datawrapper-dwoQp-19m9txj svelte-1jvu5aw\">\n<td class=\"type-text svelte-1jvu5aw first-mobile first-desktop dw-bold\" colspan=\"1\">CBH<\/td>\n<td class=\"type-text svelte-1jvu5aw last-mobile last-desktop\" colspan=\"1\">Ingo Jung<\/td>\n<\/tr>\n<tr class=\"datawrapper-dwoQp-19m9txj svelte-1jvu5aw\">\n<td class=\"type-text svelte-1jvu5aw first-mobile first-desktop dw-bold\" colspan=\"1\">CMS Hasche Sigle<\/td>\n<td class=\"type-text svelte-1jvu5aw last-mobile last-desktop\" colspan=\"1\">Winfried Bullinger<\/td>\n<\/tr>\n<tr class=\"datawrapper-dwoQp-19m9txj svelte-1jvu5aw\">\n<td class=\"type-text svelte-1jvu5aw first-mobile first-desktop dw-bold\" colspan=\"1\">DLA Piper<\/td>\n<td class=\"type-text svelte-1jvu5aw last-mobile last-desktop\" colspan=\"1\">Team<\/td>\n<\/tr>\n<tr class=\"datawrapper-dwoQp-19m9txj svelte-1jvu5aw\">\n<td class=\"type-text svelte-1jvu5aw first-mobile first-desktop dw-bold\" colspan=\"1\">Gleiss Lutz<\/td>\n<td class=\"type-text svelte-1jvu5aw last-mobile last-desktop\" colspan=\"1\">Stefan Weidert<\/td>\n<\/tr>\n<tr class=\"datawrapper-dwoQp-19m9txj svelte-1jvu5aw\">\n<td class=\"type-text svelte-1jvu5aw first-mobile first-desktop dw-bold\" colspan=\"1\">Heuking K\u00fchn L\u00fcer Wojtek<\/td>\n<td class=\"type-text svelte-1jvu5aw last-mobile last-desktop\" colspan=\"1\">Andreas Schabenberger<\/td>\n<\/tr>\n<tr class=\"datawrapper-dwoQp-19m9txj svelte-1jvu5aw\">\n<td class=\"type-text svelte-1jvu5aw first-mobile first-desktop dw-bold\" colspan=\"1\">JBB<\/td>\n<td class=\"type-text svelte-1jvu5aw last-mobile last-desktop\" colspan=\"1\">Till Jaeger<\/td>\n<\/tr>\n<tr class=\"datawrapper-dwoQp-19m9txj svelte-1jvu5aw\">\n<td class=\"type-text svelte-1jvu5aw first-mobile first-desktop dw-bold\" colspan=\"1\">Kunz<\/td>\n<td class=\"type-text svelte-1jvu5aw last-mobile last-desktop\" colspan=\"1\">Christine Libor<\/td>\n<\/tr>\n<tr class=\"datawrapper-dwoQp-19m9txj svelte-1jvu5aw\">\n<td class=\"type-text svelte-1jvu5aw first-mobile first-desktop dw-bold\" colspan=\"1\">Noerr<\/td>\n<td class=\"type-text svelte-1jvu5aw last-mobile last-desktop\" colspan=\"1\">Johannes Kreile,<br \/>\nSebastian W\u00fcndisch<\/td>\n<\/tr>\n<tr class=\"datawrapper-dwoQp-19m9txj svelte-1jvu5aw\">\n<td class=\"type-text svelte-1jvu5aw first-mobile first-desktop dw-bold\" colspan=\"1\">Nordemann<\/td>\n<td class=\"type-text svelte-1jvu5aw last-mobile last-desktop\" colspan=\"1\">Christian Czychowski,<br \/>\nJan Nordemann<\/td>\n<\/tr>\n<tr class=\"datawrapper-dwoQp-19m9txj svelte-1jvu5aw\">\n<td class=\"type-text svelte-1jvu5aw first-mobile first-desktop dw-bold\" colspan=\"1\">Raue<\/td>\n<td class=\"type-text svelte-1jvu5aw last-mobile last-desktop\" colspan=\"1\">Jan Hegemann<\/td>\n<\/tr>\n<tr class=\"datawrapper-dwoQp-19m9txj svelte-1jvu5aw\">\n<td class=\"type-text svelte-1jvu5aw first-mobile first-desktop dw-bold\" colspan=\"1\">Romatka<\/td>\n<td class=\"type-text svelte-1jvu5aw last-mobile last-desktop\" colspan=\"1\">Gero Himmelsbach<\/td>\n<\/tr>\n<tr class=\"datawrapper-dwoQp-19m9txj svelte-1jvu5aw\">\n<td class=\"type-text svelte-1jvu5aw first-mobile first-desktop dw-bold\" colspan=\"1\">Schmitt Teworte-Vey Simon &amp; Schumacher<\/td>\n<td class=\"type-text svelte-1jvu5aw last-mobile last-desktop\" colspan=\"1\">Jan Schumacher<\/td>\n<\/tr>\n<tr class=\"datawrapper-dwoQp-19m9txj svelte-1jvu5aw\">\n<td class=\"type-text svelte-1jvu5aw first-mobile first-desktop dw-bold\" colspan=\"1\">SKW Schwarz<\/td>\n<td class=\"type-text svelte-1jvu5aw last-mobile last-desktop\" colspan=\"1\">Martin Diesbach,<br \/>\nMathias Schwarz<\/td>\n<\/tr>\n<tr class=\"datawrapper-dwoQp-19m9txj svelte-1jvu5aw\">\n<td class=\"type-text svelte-1jvu5aw first-mobile first-desktop dw-bold\" colspan=\"1\">Stra\u00dfer Ventroni Freytag<\/td>\n<td class=\"type-text svelte-1jvu5aw last-mobile last-desktop\" colspan=\"1\">Team<\/td>\n<\/tr>\n<tr class=\"datawrapper-dwoQp-19m9txj svelte-1jvu5aw\">\n<td class=\"type-text svelte-1jvu5aw first-mobile first-desktop dw-bold\" colspan=\"1\">Taylor Wessing<\/td>\n<td class=\"type-text svelte-1jvu5aw last-mobile last-desktop\" colspan=\"1\">Team<\/td>\n<\/tr>\n<tr class=\"datawrapper-dwoQp-19m9txj svelte-1jvu5aw\">\n<td class=\"type-text svelte-1jvu5aw first-mobile first-desktop dw-bold\" colspan=\"1\">Unverzagt<\/td>\n<td class=\"type-text svelte-1jvu5aw last-mobile last-desktop\" colspan=\"1\">Mina Kianfar<\/td>\n<\/tr>\n<\/tbody>\n<\/table>\n<\/div>\n<\/div>\n<\/div>\n<div id=\"footer\" class=\"dw-chart-footer\">\n<div class=\"footer-left\"><span class=\"footer-block notes-block\"><span class=\"block-inner\">* alphabetische Sortierung<\/span><\/span>\u00a0<span class=\"footer-block source-block\"><span class=\"block-inner\"><span class=\"source-caption\">Quelle:<\/span>\u00a0<span class=\"source\">HRI\/WirtschaftsWoche 2021<\/span><\/span><\/span><\/div>\n<\/div>\n<div><\/div>\n<div><\/div>\n<h2><\/h2>\n<div>\n<div class=\"u-margin-xl\">\n<h2 class=\"c-headline--subheadline u-font-m-lg u-inline u-separator--hyphen\"><strong>Die renommiertesten Patentrechtsanw\u00e4lte*<\/strong><\/h2>\n<\/div>\n<div class=\"o-article__content c-richText\">\n<h1 class=\"block headline-block\"><strong><span class=\"block-inner\">WIWO-TOP-KANZLEIEN<\/span><\/strong><\/h1>\n<h1 class=\"block description-block\"><\/h1>\n<\/div>\n<\/div>\n<div><\/div>\n<div>\n<div id=\"footer\" class=\"dw-chart-footer\">\n<div class=\"footer-left\">\n<table class=\"medium datawrapper-t8wt3-19nad41 svelte-1jvu5aw striped compact\" cellspacing=\"0\">\n<thead>\n<tr class=\"datawrapper-t8wt3-mrf5m svelte-1jvu5aw\">\n<th class=\"align-left type-text svelte-1jvu5aw first-mobile first-desktop\" colspan=\"1\" data-column=\"Top-Kanzlei\" data-row=\"-1\">\n<h1><strong><span class=\"svelte-1jvu5aw dw-bold\">Top-Kanzlei<\/span><\/strong><\/h1>\n<\/th>\n<th class=\"align-left type-text svelte-1jvu5aw last-mobile last-desktop\" style=\"font-style: inherit;font-variant: inherit;font-weight: 400;font-size: 14.56px;line-height: inherit;font-family: inherit;text-transform: none;vertical-align: bottom;padding: 8px 8px 8px 16px;border-left: none;text-align: left;border-bottom: 1px solid #b58925\" colspan=\"1\" data-column=\"besonders empfohlene Anw\u00e4ltin\/&lt;br&gt;besonders empfohlener Anwalt\" data-row=\"-1\">\n<h1><strong><span class=\"svelte-1jvu5aw dw-bold\">Besonders empfohlene Anwalt<\/span><\/strong><\/h1>\n<\/th>\n<\/tr>\n<\/thead>\n<tbody>\n<tr class=\"datawrapper-t8wt3-19m9txj svelte-1jvu5aw\">\n<td class=\"type-text svelte-1jvu5aw first-mobile first-desktop dw-bold\" colspan=\"1\">Arnold Ruess<\/td>\n<td class=\"type-text svelte-1jvu5aw last-mobile last-desktop\" colspan=\"1\">Bernhard Arnold,<br \/>\nArno Ri\u00dfe,<br \/>\nCordula Schumacher<\/td>\n<\/tr>\n<tr class=\"datawrapper-t8wt3-19m9txj svelte-1jvu5aw\">\n<td class=\"type-text svelte-1jvu5aw first-mobile first-desktop dw-bold\" colspan=\"1\">Bardehle Pagenberg<\/td>\n<td class=\"type-text svelte-1jvu5aw last-mobile last-desktop\" colspan=\"1\">Peter Chrocziel,<br \/>\nTilman M\u00fcller-Stoy<\/td>\n<\/tr>\n<tr class=\"datawrapper-t8wt3-19m9txj svelte-1jvu5aw\">\n<td class=\"type-text svelte-1jvu5aw first-mobile first-desktop dw-bold\" colspan=\"1\">Bird &amp; Bird<\/td>\n<td class=\"type-text svelte-1jvu5aw last-mobile last-desktop\" colspan=\"1\">Christian Harmsen,<br \/>\nOliver J\u00fcngst<\/td>\n<\/tr>\n<tr class=\"datawrapper-t8wt3-19m9txj svelte-1jvu5aw\">\n<td class=\"type-text svelte-1jvu5aw first-mobile first-desktop dw-bold\" colspan=\"1\">CBH<\/td>\n<td class=\"type-text svelte-1jvu5aw last-mobile last-desktop\" colspan=\"1\">Stephan Gruber,<br \/>\nMartin Quodbach<\/td>\n<\/tr>\n<tr class=\"datawrapper-t8wt3-19m9txj svelte-1jvu5aw\">\n<td class=\"type-text svelte-1jvu5aw first-mobile first-desktop dw-bold\" colspan=\"1\">DLA Piper<\/td>\n<td class=\"type-text svelte-1jvu5aw last-mobile last-desktop\" colspan=\"1\">Philipp Cepl<\/td>\n<\/tr>\n<tr class=\"datawrapper-t8wt3-19m9txj svelte-1jvu5aw\">\n<td class=\"type-text svelte-1jvu5aw first-mobile first-desktop dw-bold\" colspan=\"1\">EIP Europe<\/td>\n<td class=\"type-text svelte-1jvu5aw last-mobile last-desktop\" colspan=\"1\">Florian Schmidt-Bogatzky<\/td>\n<\/tr>\n<tr class=\"datawrapper-t8wt3-19m9txj svelte-1jvu5aw\">\n<td class=\"type-text svelte-1jvu5aw first-mobile first-desktop dw-bold\" colspan=\"1\">Fieldfisher<\/td>\n<td class=\"type-text svelte-1jvu5aw last-mobile last-desktop\" colspan=\"1\">Benjamin Grzimek<\/td>\n<\/tr>\n<tr class=\"datawrapper-t8wt3-19m9txj svelte-1jvu5aw\">\n<td class=\"type-text svelte-1jvu5aw first-mobile first-desktop dw-bold\" colspan=\"1\">Freshfields Bruckhaus Deringer<\/td>\n<td class=\"type-text svelte-1jvu5aw last-mobile last-desktop\" colspan=\"1\">Frank-Erich Hufnagel,<br \/>\nWolrad Prinz zu Waldeck und Pyrmont<\/td>\n<\/tr>\n<tr class=\"datawrapper-t8wt3-19m9txj svelte-1jvu5aw\">\n<td class=\"type-text svelte-1jvu5aw first-mobile first-desktop dw-bold\" colspan=\"1\">Gleiss Lutz<\/td>\n<td class=\"type-text svelte-1jvu5aw last-mobile last-desktop\" colspan=\"1\">Herwig Lux<\/td>\n<\/tr>\n<tr class=\"datawrapper-t8wt3-19m9txj svelte-1jvu5aw\">\n<td class=\"type-text svelte-1jvu5aw first-mobile first-desktop dw-bold\" colspan=\"1\">Heuking K\u00fchn L\u00fcer Wojtek<\/td>\n<td class=\"type-text svelte-1jvu5aw last-mobile last-desktop\" colspan=\"1\">Anton Horn<\/td>\n<\/tr>\n<tr class=\"datawrapper-t8wt3-19m9txj svelte-1jvu5aw\">\n<td class=\"type-text svelte-1jvu5aw first-mobile first-desktop dw-bold\" colspan=\"1\">Hogan Lovells<\/td>\n<td class=\"type-text svelte-1jvu5aw last-mobile last-desktop\" colspan=\"1\">Martin F\u00e4hndrich,<br \/>\nAndreas von Falck,<br \/>\nMarkus Kuczera,<br \/>\nHenrik Lehment<\/td>\n<\/tr>\n<tr class=\"datawrapper-t8wt3-19m9txj svelte-1jvu5aw\">\n<td class=\"type-text svelte-1jvu5aw first-mobile first-desktop dw-bold\" colspan=\"1\">Hoyng Rokh Monegier<\/td>\n<td class=\"type-text svelte-1jvu5aw last-mobile last-desktop\" colspan=\"1\">Klaus Haft,<br \/>\nKay Kasper,<br \/>\nMartin K\u00f6hler,<br \/>\nMirko Weinert<\/td>\n<\/tr>\n<tr class=\"datawrapper-t8wt3-19m9txj svelte-1jvu5aw\">\n<td class=\"type-text svelte-1jvu5aw first-mobile first-desktop dw-bold\" colspan=\"1\">Kather Augenstein<\/td>\n<td class=\"type-text svelte-1jvu5aw last-mobile last-desktop\" colspan=\"1\">Christof Augenstein,<br \/>\nPeter Kather,<br \/>\nMiriam Kiefer<\/td>\n<\/tr>\n<tr class=\"datawrapper-t8wt3-19m9txj svelte-1jvu5aw\">\n<td class=\"type-text svelte-1jvu5aw first-mobile first-desktop dw-bold\" colspan=\"1\">Krieger Mes &amp; Graf v. der Groeben<\/td>\n<td class=\"type-text svelte-1jvu5aw last-mobile last-desktop\" colspan=\"1\">Axel Verhauwen<\/td>\n<\/tr>\n<tr class=\"datawrapper-t8wt3-19m9txj svelte-1jvu5aw\">\n<td class=\"type-text svelte-1jvu5aw first-mobile first-desktop dw-bold\" colspan=\"1\">Maiwald<\/td>\n<td class=\"type-text svelte-1jvu5aw last-mobile last-desktop\" colspan=\"1\">Marco Stief<\/td>\n<\/tr>\n<tr class=\"datawrapper-t8wt3-19m9txj svelte-1jvu5aw\">\n<td class=\"type-text svelte-1jvu5aw first-mobile first-desktop dw-bold\" colspan=\"1\">McDermott Will &amp; Emery<\/td>\n<td class=\"type-text svelte-1jvu5aw last-mobile last-desktop\" colspan=\"1\">Henrik Holzapfel<\/td>\n<\/tr>\n<tr class=\"datawrapper-t8wt3-19m9txj svelte-1jvu5aw\">\n<td class=\"type-text svelte-1jvu5aw first-mobile first-desktop dw-bold\" colspan=\"1\">Osborne Clarke<\/td>\n<td class=\"type-text svelte-1jvu5aw last-mobile last-desktop\" colspan=\"1\">Johannes Graf Ballestrem<\/td>\n<\/tr>\n<tr class=\"datawrapper-t8wt3-19m9txj svelte-1jvu5aw\">\n<td class=\"type-text svelte-1jvu5aw first-mobile first-desktop dw-bold\" colspan=\"1\">Preu Bohlig &amp; Partner<\/td>\n<td class=\"type-text svelte-1jvu5aw last-mobile last-desktop\" colspan=\"1\">Christian Donle<\/td>\n<\/tr>\n<tr class=\"datawrapper-t8wt3-19m9txj svelte-1jvu5aw\">\n<td class=\"type-text svelte-1jvu5aw first-mobile first-desktop dw-bold\" colspan=\"1\">Quinn Emanuel Urquhart &amp; Sullivan<\/td>\n<td class=\"type-text svelte-1jvu5aw last-mobile last-desktop\" colspan=\"1\">Marcus Grosch<\/td>\n<\/tr>\n<tr class=\"datawrapper-t8wt3-19m9txj svelte-1jvu5aw\">\n<td class=\"type-text svelte-1jvu5aw first-mobile first-desktop dw-bold\" colspan=\"1\">Rospatt Osten Pross<\/td>\n<td class=\"type-text svelte-1jvu5aw last-mobile last-desktop\" colspan=\"1\">Thomas Musmann<\/td>\n<\/tr>\n<tr class=\"datawrapper-t8wt3-19m9txj svelte-1jvu5aw\">\n<td class=\"type-text svelte-1jvu5aw first-mobile first-desktop dw-bold\" colspan=\"1\">Taylor Wessing<\/td>\n<td class=\"type-text svelte-1jvu5aw last-mobile last-desktop\" colspan=\"1\">Dietrich Kamlah<\/td>\n<\/tr>\n<tr class=\"datawrapper-t8wt3-19m9txj svelte-1jvu5aw\">\n<td class=\"type-text svelte-1jvu5aw first-mobile first-desktop dw-bold\" colspan=\"1\">Vossius &amp; Partner<\/td>\n<td class=\"type-text svelte-1jvu5aw last-mobile last-desktop\" colspan=\"1\">Team<\/td>\n<\/tr>\n<tr class=\"datawrapper-t8wt3-19m9txj svelte-1jvu5aw\">\n<td class=\"type-text svelte-1jvu5aw first-mobile first-desktop dw-bold\" colspan=\"1\">Wildanger<\/td>\n<td class=\"type-text svelte-1jvu5aw last-mobile last-desktop\" colspan=\"1\">Eva Geschke,<br \/>\nAlexander Reetz<\/td>\n<\/tr>\n<\/tbody>\n<\/table>\n<h1><span class=\"footer-block notes-block\"><span class=\"block-inner\">* alphabetische Sortierung<\/span><\/span>\u00a0<span class=\"footer-block source-block\"><span class=\"block-inner\"><span class=\"source-caption\">Quelle:<\/span>\u00a0<span class=\"source\">HRI\/WirtschaftsWoche 2021<\/span><\/span><\/span><\/h1>\n<\/div>\n<\/div>\n<\/div>\n<h1><\/h1>\n<h1><\/h1>\n<div class=\"above-table svelte-1jvu5aw\">\n<h1 class=\"svelte-87h7if\">Die renommiertesten Patentanw\u00e4lte<\/h1>\n<div><\/div>\n<\/div>\n<div class=\"table-scroll svelte-1jvu5aw\">\n<table class=\"medium datawrapper-HLJcN-19nad41 svelte-1jvu5aw striped compact\" cellspacing=\"0\">\n<thead>\n<tr class=\"datawrapper-HLJcN-mrf5m svelte-1jvu5aw\">\n<th class=\"align-left type-text svelte-1jvu5aw first-mobile first-desktop\" colspan=\"1\" data-column=\"Top-Kanzlei\" data-row=\"-1\">\n<h1><strong><span class=\"svelte-1jvu5aw dw-bold\">Top-Kanzlei 2021<\/span><\/strong><\/h1>\n<\/th>\n<th class=\"align-left type-text svelte-1jvu5aw last-mobile last-desktop\" style=\"font-style: inherit;font-variant: inherit;font-weight: 400;font-size: 14.56px;line-height: inherit;font-family: inherit;text-transform: none;vertical-align: bottom;padding: 8px 8px 8px 16px;border-left: none;text-align: left;border-bottom: 1px solid #b58925\" colspan=\"1\" data-column=\"besonders empfohlene Anw\u00e4ltin\/&lt;br&gt;besonders empfohlener Anwalt\" data-row=\"-1\">\n<h1><strong><span class=\"svelte-1jvu5aw dw-bold\">Besonders empfohlene Anwalt<\/span><\/strong><\/h1>\n<\/th>\n<\/tr>\n<\/thead>\n<tbody>\n<tr class=\"datawrapper-HLJcN-19m9txj svelte-1jvu5aw\">\n<td class=\"type-text svelte-1jvu5aw first-mobile first-desktop dw-bold\" colspan=\"1\">Andrejewski Honke<\/td>\n<td class=\"type-text svelte-1jvu5aw last-mobile last-desktop\" colspan=\"1\">J\u00f6rg Nunnenkamp<\/td>\n<\/tr>\n<tr class=\"datawrapper-HLJcN-19m9txj svelte-1jvu5aw\">\n<td class=\"type-text svelte-1jvu5aw first-mobile first-desktop dw-bold\" colspan=\"1\">Bardehle Pagenberg<\/td>\n<td class=\"type-text svelte-1jvu5aw last-mobile last-desktop\" colspan=\"1\">Team<\/td>\n<\/tr>\n<tr class=\"datawrapper-HLJcN-19m9txj svelte-1jvu5aw\">\n<td class=\"type-text svelte-1jvu5aw first-mobile first-desktop dw-bold\" colspan=\"1\">Boehmert &amp; Boehmert<\/td>\n<td class=\"type-text svelte-1jvu5aw last-mobile last-desktop\" colspan=\"1\">Team<\/td>\n<\/tr>\n<tr class=\"datawrapper-HLJcN-19m9txj svelte-1jvu5aw\">\n<td class=\"type-text svelte-1jvu5aw first-mobile first-desktop dw-bold\" colspan=\"1\">Braun-Dullaeus Pannen Emmerling<\/td>\n<td class=\"type-text svelte-1jvu5aw last-mobile last-desktop\" colspan=\"1\">Karl-Ulrich Braun-Dullaeus,<br \/>\nFriedrich Emmerling<\/td>\n<\/tr>\n<tr class=\"datawrapper-HLJcN-19m9txj svelte-1jvu5aw\">\n<td class=\"type-text svelte-1jvu5aw first-mobile first-desktop dw-bold\" colspan=\"1\">Cohausz &amp; Florack<\/td>\n<td class=\"type-text svelte-1jvu5aw last-mobile last-desktop\" colspan=\"1\">Arwed Burrichter<\/td>\n<\/tr>\n<tr class=\"datawrapper-HLJcN-19m9txj svelte-1jvu5aw\">\n<td class=\"type-text svelte-1jvu5aw first-mobile first-desktop dw-bold\" colspan=\"1\">df-mp D\u00f6rries Frank-Molnia &amp; Pohlman<\/td>\n<td class=\"type-text svelte-1jvu5aw last-mobile last-desktop\" colspan=\"1\">David Molnia,<br \/>\nKeith Withers<\/td>\n<\/tr>\n<tr class=\"datawrapper-HLJcN-19m9txj svelte-1jvu5aw\">\n<td class=\"type-text svelte-1jvu5aw first-mobile first-desktop dw-bold\" colspan=\"1\">Dreiss<\/td>\n<td class=\"type-text svelte-1jvu5aw last-mobile last-desktop\" colspan=\"1\">Team<\/td>\n<\/tr>\n<tr class=\"datawrapper-HLJcN-19m9txj svelte-1jvu5aw\">\n<td class=\"type-text svelte-1jvu5aw first-mobile first-desktop dw-bold\" colspan=\"1\">Eisenf\u00fchr Speiser<\/td>\n<td class=\"type-text svelte-1jvu5aw last-mobile last-desktop\" colspan=\"1\">Jochen Ehlers,<br \/>\nStefan Wiethoff<\/td>\n<\/tr>\n<tr class=\"datawrapper-HLJcN-19m9txj svelte-1jvu5aw\">\n<td class=\"type-text svelte-1jvu5aw first-mobile first-desktop dw-bold\" colspan=\"1\">Farago<\/td>\n<td class=\"type-text svelte-1jvu5aw last-mobile last-desktop\" colspan=\"1\">Bernd B\u00f6sherz<\/td>\n<\/tr>\n<tr class=\"datawrapper-HLJcN-19m9txj svelte-1jvu5aw\">\n<td class=\"type-text svelte-1jvu5aw first-mobile first-desktop dw-bold\" colspan=\"1\">Freischem &amp; Partner<\/td>\n<td class=\"type-text svelte-1jvu5aw last-mobile last-desktop\" colspan=\"1\">Team<\/td>\n<\/tr>\n<tr class=\"datawrapper-HLJcN-19m9txj svelte-1jvu5aw\">\n<td class=\"type-text svelte-1jvu5aw first-mobile first-desktop dw-bold\" colspan=\"1\">Gr\u00fcnecker<\/td>\n<td class=\"type-text svelte-1jvu5aw last-mobile last-desktop\" colspan=\"1\">Team<\/td>\n<\/tr>\n<tr class=\"datawrapper-HLJcN-19m9txj svelte-1jvu5aw\">\n<td class=\"type-text svelte-1jvu5aw first-mobile first-desktop dw-bold\" colspan=\"1\">Hoffmann Eitle<\/td>\n<td class=\"type-text svelte-1jvu5aw last-mobile last-desktop\" colspan=\"1\">Georg Siegert<\/td>\n<\/tr>\n<tr class=\"datawrapper-HLJcN-19m9txj svelte-1jvu5aw\">\n<td class=\"type-text svelte-1jvu5aw first-mobile first-desktop dw-bold\" colspan=\"1\">Isenbruck B\u00f6sl H\u00f6rschler<\/td>\n<td class=\"type-text svelte-1jvu5aw last-mobile last-desktop\" colspan=\"1\">Fritz Lahrtz<\/td>\n<\/tr>\n<tr class=\"datawrapper-HLJcN-19m9txj svelte-1jvu5aw\">\n<td class=\"type-text svelte-1jvu5aw first-mobile first-desktop dw-bold\" colspan=\"1\">Jostarndt<\/td>\n<td class=\"type-text svelte-1jvu5aw last-mobile last-desktop\" colspan=\"1\">Hans-Dieter Jostarndt<\/td>\n<\/tr>\n<tr class=\"datawrapper-HLJcN-19m9txj svelte-1jvu5aw\">\n<td class=\"type-text svelte-1jvu5aw first-mobile first-desktop dw-bold\" colspan=\"1\">Karo IP<\/td>\n<td class=\"type-text svelte-1jvu5aw last-mobile last-desktop\" colspan=\"1\">Matthias R\u00f6\u00dfler<\/td>\n<\/tr>\n<tr class=\"datawrapper-HLJcN-19m9txj svelte-1jvu5aw\">\n<td class=\"type-text svelte-1jvu5aw first-mobile first-desktop dw-bold\" colspan=\"1\">K\u00f6nig Szynka Tilmann von Renesse<\/td>\n<td class=\"type-text svelte-1jvu5aw last-mobile last-desktop\" colspan=\"1\">Gregor K\u00f6nig<\/td>\n<\/tr>\n<tr class=\"datawrapper-HLJcN-19m9txj svelte-1jvu5aw\">\n<td class=\"type-text svelte-1jvu5aw first-mobile first-desktop dw-bold\" colspan=\"1\">Krieger Mes &amp; Graf v. der Groeben<\/td>\n<td class=\"type-text svelte-1jvu5aw last-mobile last-desktop\" colspan=\"1\">Team<\/td>\n<\/tr>\n<tr class=\"datawrapper-HLJcN-19m9txj svelte-1jvu5aw\">\n<td class=\"type-text svelte-1jvu5aw first-mobile first-desktop dw-bold\" colspan=\"1\">Lederer &amp; Keller<\/td>\n<td class=\"type-text svelte-1jvu5aw last-mobile last-desktop\" colspan=\"1\">Michael Best<\/td>\n<\/tr>\n<tr class=\"datawrapper-HLJcN-19m9txj svelte-1jvu5aw\">\n<td class=\"type-text svelte-1jvu5aw first-mobile first-desktop dw-bold\" colspan=\"1\">Maikowski &amp; Ninnemann<\/td>\n<td class=\"type-text svelte-1jvu5aw last-mobile last-desktop\" colspan=\"1\">Gunnar Baumg\u00e4rtel<\/td>\n<\/tr>\n<tr class=\"datawrapper-HLJcN-19m9txj svelte-1jvu5aw\">\n<td class=\"type-text svelte-1jvu5aw first-mobile first-desktop dw-bold\" colspan=\"1\">Meissner Bolte<\/td>\n<td class=\"type-text svelte-1jvu5aw last-mobile last-desktop\" colspan=\"1\">Team<\/td>\n<\/tr>\n<tr class=\"datawrapper-HLJcN-19m9txj svelte-1jvu5aw\">\n<td class=\"type-text svelte-1jvu5aw first-mobile first-desktop dw-bold\" colspan=\"1\">Michalski H\u00fcttermann &amp; Partner<\/td>\n<td class=\"type-text svelte-1jvu5aw last-mobile last-desktop\" colspan=\"1\">Team<\/td>\n<\/tr>\n<tr class=\"datawrapper-HLJcN-19m9txj svelte-1jvu5aw\">\n<td class=\"type-text svelte-1jvu5aw first-mobile first-desktop dw-bold\" colspan=\"1\">Samson &amp; Partner<\/td>\n<td class=\"type-text svelte-1jvu5aw last-mobile last-desktop\" colspan=\"1\">Wolfgang Lippich<\/td>\n<\/tr>\n<tr class=\"datawrapper-HLJcN-19m9txj svelte-1jvu5aw\">\n<td class=\"type-text svelte-1jvu5aw first-mobile first-desktop dw-bold\" colspan=\"1\">Vossius &amp; Partner<\/td>\n<td class=\"type-text svelte-1jvu5aw last-mobile last-desktop\" colspan=\"1\">Hans-Rainer Jaenichen<\/td>\n<\/tr>\n<tr class=\"datawrapper-HLJcN-19m9txj svelte-1jvu5aw\">\n<td class=\"type-text svelte-1jvu5aw first-mobile first-desktop dw-bold\" colspan=\"1\">Wuesthoff &amp; Wuesthoff<\/td>\n<td class=\"type-text svelte-1jvu5aw last-mobile last-desktop\" colspan=\"1\">Team<\/td>\n<\/tr>\n<tr class=\"datawrapper-HLJcN-19m9txj svelte-1jvu5aw\">\n<td class=\"type-text svelte-1jvu5aw first-mobile first-desktop dw-bold\" colspan=\"1\">Zimmermann &amp; Partner<\/td>\n<td class=\"type-text svelte-1jvu5aw last-mobile last-desktop\" colspan=\"1\">Joel N\u00e4gerl<\/td>\n<\/tr>\n<\/tbody>\n<\/table>\n<\/div>\n<h1><span class=\"footer-block notes-block\"><span class=\"block-inner\">* alphabetische Sortierung<\/span><\/span>\u00a0<span class=\"footer-block source-block\"><span class=\"block-inner\"><span class=\"source-caption\">Quelle:<\/span>\u00a0<span class=\"source\">HRI\/WirtschaftsWoche 2021<\/span><\/span><\/span><\/h1>\n<p>&nbsp;<\/p>\n<h2 class=\"c-headline c-headline--subheadline u-margin-xl\">Jury und Methodik<\/h2>\n<h2 class=\"c-gallery__item c-gallery__item--shorttext\"><i><\/i><label class=\"c-gallery__item-title c-gallery__item-title--shorttext\" for=\"checkbox27778526-1\">Wie die Top-Kanzleien ermittelt wurden<\/label><\/h2>\n<div class=\"c-gallery__item-body c-gallery__item-body--shorttext u-richtext u-richtext--compact\">\n<p>Das Handelsblatt Research Institute (HRI) fragte mehr als 1500 Juristen aus 200 Kanzleien nach ihren renommiertesten Kollegen f\u00fcr Patent- und Urheberrecht. Nach Bewertung der Jury setzten sich f\u00fcr Patentrecht bei den Patentrechtsanw\u00e4lten 23 Kanzleien mit 37 Juristen und bei den Patentanw\u00e4lten 25 Kanzleien mit 19 Anw\u00e4lten durch. F\u00fcr das Urheberrecht behaupteten sich 19 Kanzleien und 19 Juristen.<\/p>\n<p><strong>Die Jury f\u00fcr Patentrecht:<\/strong>\u00a0Dennis Amschewitz\u00a0(Bosch),\u00a0Jochen Meyer\u00a0(Vodafone),\u00a0Claas Westermann\u00a0(RWE),\u00a0Stephan Wolke\u00a0(Thyssenkrupp) und\u00a0Achim Schunder\u00a0(C.H. Beck)<br \/>\n<strong>Die Jury f\u00fcr Urheberrecht:<\/strong>\u00a0Dennis Amschewitz\u00a0(Bosch),\u00a0Claas Westermann\u00a0(RWE) und\u00a0Achim Schunder\u00a0(C.H.Beck)<\/p>\n<\/div>\n<p>&nbsp;<\/p>\n<p>&nbsp;<\/p>\n<p><img loading=\"lazy\" decoding=\"async\" class=\"aligncenter size-medium wp-image-676352\" src=\"https:\/\/blog.wiwo.de\/management\/files\/2021\/04\/Bloggerrelanvzlogo.2021-FAK_21-01_Siegel_Blogger-Relevanzindex_Top-20-Blogs-228x300.jpg\" alt=\"\" width=\"228\" height=\"300\" srcset=\"https:\/\/blog.wiwo.de\/management\/files\/2021\/04\/Bloggerrelanvzlogo.2021-FAK_21-01_Siegel_Blogger-Relevanzindex_Top-20-Blogs-228x300.jpg 228w, https:\/\/blog.wiwo.de\/management\/files\/2021\/04\/Bloggerrelanvzlogo.2021-FAK_21-01_Siegel_Blogger-Relevanzindex_Top-20-Blogs.jpg 493w\" sizes=\"auto, (max-width: 228px) 100vw, 228px\" \/><img loading=\"lazy\" decoding=\"async\" class=\"aligncenter size-medium wp-image-676731\" src=\"https:\/\/blog.wiwo.de\/management\/files\/2021\/06\/bloggerinnen.2021.neu_-300x212.jpg\" alt=\"\" width=\"300\" height=\"212\" srcset=\"https:\/\/blog.wiwo.de\/management\/files\/2021\/06\/bloggerinnen.2021.neu_-300x212.jpg 300w, https:\/\/blog.wiwo.de\/management\/files\/2021\/06\/bloggerinnen.2021.neu_-424x300.jpg 424w, https:\/\/blog.wiwo.de\/management\/files\/2021\/06\/bloggerinnen.2021.neu_.jpg 650w\" sizes=\"auto, (max-width: 300px) 100vw, 300px\" \/><\/p>\n<p>&nbsp;<\/p>\n<p><strong>Copyright: @Claudia T\u00f6dtmann. Alle Rechte vorbehalten. Kontakt f\u00fcr Nutzungsrechte: claudia.toedtmann@wiwo.de<\/strong><\/p>\n<p><strong>Alle inhaltlichen Rechte des Management Blogs von Claudia T\u00f6dtmann liegen bei der Blog-Inhaberin. Jegliche Nutzung der Inhalte bed\u00fcrfen der ausdr\u00fccklichen Genehmigung.<\/strong><\/p>\n<p>&nbsp;<\/p>\n<p>&nbsp;<\/p>\n","protected":false},"excerpt":{"rendered":"<p>Lesehinweis und die Rankings f\u00fcr die renommiertesten Urheberrechtsanw\u00e4lte, Patentrechtsanw\u00e4lte und Patentanw\u00e4lte (zuerst erschienen in der WiWo-Printausgabe 5.11.2021) &nbsp; Arbeitnehmer streiten immer \u00f6fter mit Arbeitgebern vor Gericht um Patente. Haben Unternehmen geschlampt oder Mitarbeiter ausgetrickst, kann das Deals platzen lassen \u2013 &hellip; <a href=\"https:\/\/blog.wiwo.de\/management\/2021\/11\/10\/die-renommiertesten-anwaelte-fuer-urheberrecht-und-patentrecht-2021-und-warum-immer-mehr-arbeitnehmer-gegen-ihre-unternehmen-wegen-arbeitnehmererfindungen-vor-gericht-vorgehen\/\">Weiterlesen <span class=\"meta-nav\">&rarr;<\/span><\/a><\/p>\n","protected":false},"author":19,"featured_media":0,"comment_status":"open","ping_status":"open","sticky":false,"template":"","format":"standard","meta":{"footnotes":""},"categories":[1],"tags":[7250,1254,4333,7559,10442,6890,8003,10441,9705,6083,6888,6889,901,9187,937,6895,5370,1045,10439,1689,10440,6071],"class_list":["post-678274","post","type-post","status-publish","format-standard","hentry","category-allgemein","tag-achim-schunder","tag-bosch","tag-c-h-beck","tag-claas-westermann","tag-dennis-amschewitz","tag-gisbert-hohagen","tag-jochen-meyer","tag-juroren","tag-jury","tag-lesetipp-wiwo-de","tag-patentanwaelte","tag-patentrechtsanwaelte","tag-ranking","tag-renommierteste-anwaelte","tag-rwe","tag-stephan-wolke","tag-taylorwessing","tag-thyssenkrupp","tag-urheberrechtsanwaelte","tag-vodafone","tag-warum-immer-mehr-arbeitnehmer-gegen-ihre-unternehmen-wegen-arbeitnehmererfindungen-vor-gericht-vorgehen","tag-wiwo-topkanzleien"],"_links":{"self":[{"href":"https:\/\/blog.wiwo.de\/management\/wp-json\/wp\/v2\/posts\/678274","targetHints":{"allow":["GET"]}}],"collection":[{"href":"https:\/\/blog.wiwo.de\/management\/wp-json\/wp\/v2\/posts"}],"about":[{"href":"https:\/\/blog.wiwo.de\/management\/wp-json\/wp\/v2\/types\/post"}],"author":[{"embeddable":true,"href":"https:\/\/blog.wiwo.de\/management\/wp-json\/wp\/v2\/users\/19"}],"replies":[{"embeddable":true,"href":"https:\/\/blog.wiwo.de\/management\/wp-json\/wp\/v2\/comments?post=678274"}],"version-history":[{"count":4,"href":"https:\/\/blog.wiwo.de\/management\/wp-json\/wp\/v2\/posts\/678274\/revisions"}],"predecessor-version":[{"id":678278,"href":"https:\/\/blog.wiwo.de\/management\/wp-json\/wp\/v2\/posts\/678274\/revisions\/678278"}],"wp:attachment":[{"href":"https:\/\/blog.wiwo.de\/management\/wp-json\/wp\/v2\/media?parent=678274"}],"wp:term":[{"taxonomy":"category","embeddable":true,"href":"https:\/\/blog.wiwo.de\/management\/wp-json\/wp\/v2\/categories?post=678274"},{"taxonomy":"post_tag","embeddable":true,"href":"https:\/\/blog.wiwo.de\/management\/wp-json\/wp\/v2\/tags?post=678274"}],"curies":[{"name":"wp","href":"https:\/\/api.w.org\/{rel}","templated":true}]}}