{"id":677244,"date":"2021-08-13T06:00:32","date_gmt":"2021-08-13T04:00:32","guid":{"rendered":"https:\/\/blog.wiwo.de\/management\/?p=677244"},"modified":"2021-08-17T11:37:33","modified_gmt":"2021-08-17T09:37:33","slug":"den-fragebogen-nahaufnahme-beantwortet-signium-chefin-angela-westdorf-mit-dem-spitznamen-duracell-haeschen","status":"publish","type":"post","link":"https:\/\/blog.wiwo.de\/management\/2021\/08\/13\/den-fragebogen-nahaufnahme-beantwortet-signium-chefin-angela-westdorf-mit-dem-spitznamen-duracell-haeschen\/","title":{"rendered":"Den Fragebogen &#8222;Nahaufnahme&#8220; beantwortet Signium-Chefin Angela Westdorf mit dem Spitznamen Duracell-H\u00e4schen"},"content":{"rendered":"<p><strong>Den Fragebogen &#8222;Nahaufnahme&#8220; beantwortet Angela Westdorf, die Managing Partnerin der Personalberatung Signium, die 44 B\u00fcros weltweit hat und deren Sitz in Chicago ist.<\/strong><\/p>\n<p>&nbsp;<\/p>\n<div id=\"attachment_674834\" style=\"width: 579px\" class=\"wp-caption aligncenter\"><img loading=\"lazy\" decoding=\"async\" aria-describedby=\"caption-attachment-674834\" class=\"size-full wp-image-674834\" src=\"https:\/\/blog.wiwo.de\/management\/files\/2020\/10\/westdorf-e1628811282975.jpg\" alt=\"\" width=\"569\" height=\"306\" srcset=\"https:\/\/blog.wiwo.de\/management\/files\/2020\/10\/westdorf-e1628811282975.jpg 569w, https:\/\/blog.wiwo.de\/management\/files\/2020\/10\/westdorf-e1628811282975-300x161.jpg 300w, https:\/\/blog.wiwo.de\/management\/files\/2020\/10\/westdorf-e1628811282975-500x269.jpg 500w\" sizes=\"auto, (max-width: 569px) 100vw, 569px\" \/><p id=\"caption-attachment-674834\" class=\"wp-caption-text\">Angela Westdorf (Foto: C.T\u00f6dtmann)<\/p><\/div>\n<p>&nbsp;<\/p>\n<p class=\"x_MsoNormal\"><b>Erkl\u00e4ren Sie in\u00a0einem\u00a0Satz, was Ihr Unternehmen tut.<\/b><\/p>\n<p class=\"x_MsoNormal\">Wir von Signium beraten Unternehmen bei der Besetzung und Weiterentwicklung von F\u00fchrungskr\u00e4ften.<\/p>\n<p>&nbsp;<\/p>\n<p class=\"x_MsoNormal\"><b>Womit beginnt Ihr Tag?<\/b><\/p>\n<p class=\"x_MsoNormal\">Um 5.15 klingelt mein Wecker. Mein Tag beginnt mit gem\u00fctlichem Tee-Trinken, aus einem m\u00f6glichst gro\u00dfen Becher mit Milch &#8211; seit meiner Zeit in Wales, wo ich als Deutschlehrerin gearbeitet habe. Dabei lese ich den &#8222;K\u00f6lner Stadt-Anzeiger&#8220; von hinten nach vorne und informiere mich in Online-Zeitungen und Blogs \u00fcber Neuigkeiten. Danach gehe ich Schwimmen, Laufen oder Fahrradfahren auf dem Peleton, letzteres ist meine neue Leidenschaft seit Corona.<\/p>\n<p>&nbsp;<\/p>\n<p class=\"x_MsoNormal\"><b>Was unterscheidet Sie als Chef von anderen Chefs im Auftreten und im Behave? <\/b><b>\u00a0<\/b><\/p>\n<p class=\"x_MsoNormal\">Ich bringe meinem Team aus jedem Urlaub und von jeder internationalen Konferenz etwas Praktisches mit: Kofferanh\u00e4nger aus den USA, Flipflops aus Brasilien, Tee aus Indien, Salz von Sylt, Untersetzer aus R\u00fcgen, Brillenputzt\u00fccher aus Polen oder \u00d6l aus der Toskana. Nur in Indien habe ich nichts Praktisches gefunden. Am Ende habe ich kitschige Elefantenanh\u00e4nger mitgebracht, die sich jetzt verr\u00fcckterweise am l\u00e4ngsten auf den Schreibtischen halten.<\/p>\n<p class=\"x_MsoNormal\">Und ich bringe jede Woche einmal Obst f\u00fcr alle mit, das ich dann auch schnippele und,\u00a0 wenn es nicht im Meeting aufgegessen wird, den Mitarbeitern auch bringe. Mir ist es ausserdem wichtig, dass wir auf unsere Erfolge ansto\u00dfen, wenn wir einen Kandidaten vermitteln oder einen besonderen Auftrag an Land ziehen konnten.<\/p>\n<p>&nbsp;<\/p>\n<p class=\"x_MsoNormal\"><b>&#8230; und was w\u00fcrden Ihre Mitarbeiter darauf antworten?<\/b><\/p>\n<p class=\"x_MsoNormal\">Dass ich als Chefin ziemlich anstrengend sein kann wegen meines Tatendrangs und Optimismus. Vielleicht auch, dass ich manchmal sogar zu nett bin. Wenn ich\u00a0 unsere Kartons mit Weihnachtskarten und Adventskalendern selber schleppe.<\/p>\n<p>&nbsp;<\/p>\n<p class=\"x_MsoNormal\"><b>Tee oder Kaffee?<\/b><\/p>\n<p class=\"x_MsoNormal\">Ganz eindeutig Tee. Am liebsten ganz einfachen, schwarzen Beuteltee und unbedingt mit Milch, stilecht britisch.<\/p>\n<p>&nbsp;<\/p>\n<p class=\"x_MsoNormal\"><b>Ihr Spitzname ist&#8230;?<\/b><\/p>\n<p class=\"x_MsoNormal\">Angi hei\u00dfe ich bei meinen Geschwistern und der Familie. Ansonsten oft Duracell-Hase.<\/p>\n<p>&nbsp;<\/p>\n<p class=\"x_MsoNormal\"><b>Verraten Sie eine Marotte.<\/b><\/p>\n<p class=\"x_MsoNormal\">Ich stelle Tassen und Becher neben dem Untersetzer ab, weil mich das Ger\u00e4usch sonst wie das Kratzen von N\u00e4geln auf einer Tafel nerven w\u00fcrde.<\/p>\n<p>&nbsp;<\/p>\n<p class=\"x_MsoNormal\"><b>Was bringt Sie in Harnisch?<\/b><\/p>\n<p class=\"x_MsoNormal\">Fehlende Wertsch\u00e4tzung f\u00fcr alle Arten von Arbeit. Egozentrik sowie selbstherrliches und r\u00fccksichtsloses Agieren finde ich absto\u00dfend.<\/p>\n<p>&nbsp;<\/p>\n<p class=\"x_MsoNormal\"><b>&#8230;und was bringt andere an Ihnen in Harnisch?<\/b><\/p>\n<p class=\"x_MsoNormal\"><b>\u00a0<\/b>Ich will immer einen Konsens finden und setze damit eine gro\u00dfe Ausdauer voraus. Auch zu viel Optimismus, Energie und gute Laune haben auf andere nicht immer einen positiven Effekt. Aber das verzeihe ich meinen Kollegen gerne \u2013 Duracell-H\u00e4schen k\u00f6nnen ganz sch\u00f6n anstrengend sein.<\/p>\n<p>&nbsp;<\/p>\n<p class=\"x_MsoNormal\"><b>Was m\u00f6chten Sie gerne in Rente machen?<\/b><\/p>\n<p class=\"x_MsoNormal\">Ich tanze f\u00fcr mein Leben gern, zum Einen Standard\/Latein und seit Jahrzehnten schon Jazz-Dance. Wenn ich in Rente gehe, m\u00f6chte ich mehr Zeit f\u00fcrs Tanzen und Lernen neuer T\u00e4nze haben wie Tango Argentino in Argentinien.<\/p>\n<p class=\"x_MsoNormal\">Und noch etwas:\u00a0Ich bin zwar aus der evangelischen Kirche ausgetreten, habe aber eine jahrelange Verbindung zu Pfarrer Meurer hier in K\u00f6ln, der Unglaubliches f\u00fcr seine Gemeinden im Brennpunkt wie auch \u00fcberregional auf die Beine stellt und den ich unterst\u00fctze. Wenn ich in Rente gehe, m\u00f6chte ich ihn oder eine andere Hilfsorganisation mit praktischer Hilfe unterst\u00fctzen, also ein Ehrenamt \u00fcbernehmen.<\/p>\n<p>&nbsp;<\/p>\n<p class=\"x_MsoNormal\"><b>Was sch\u00e4tzen Sie an anderen Menschen am meisten?<\/b><b><\/b><\/p>\n<p class=\"x_MsoNormal\">Ich mag Menschen, die Humor haben und wertsch\u00e4tzend mit anderen umgehen. Auch Bescheidenheit und Intelligenz sind mir wichtig. Ein besonderes Beispiel f\u00fcr mich war der CEO eines Top-Five-Pharmaunternehmens, der auf seinem Campus auf eine Gruppe rauchender Azubis zuging ihnen mit ehrlicher Besorgnis und ohne Vorwurf und Direktive sagte: \u201eSie wissen doch, Rauchen ist gef\u00e4hrlich.\u201c<\/p>\n<p class=\"x_MsoNormal\">Genauso beeindruckte mich der Biontech-Mitgr\u00fcnder und Mediziner U\u011fur \u015eahin als F\u00fchrungskraft, der sich trotz gr\u00f6\u00dften Drucks Zeit f\u00fcr Mitarbeiter jeden Levels nimmt und mit ihnen austauscht.<\/p>\n<p class=\"x_MsoNormal\"><b>\u00a0<\/b><\/p>\n<p class=\"x_MsoNormal\"><b>Auf welche drei Dinge k\u00f6nnten Sie niemals verzichten?<\/b><b><\/b><\/p>\n<p class=\"x_MsoNormal\">Erstens h\u00e4nge ich sehr an meinem Ring, der aussieht wie ein Ehering, aber keiner ist. Er ist eine Erinnerung an den Ring meiner verstorbenen Mutter, der mir bei einem Einbruch gestohlen wurde und den mir meine engste, langj\u00e4hrige Vertraute &#8211; ich nenne sie immer meine Adoptivmutter &#8211; geschenkt hat. Ich trage ihn immer, er ist mein Gl\u00fccksbringer. Zweitens ist Cola Zero f\u00fcr mich \u00fcberlebenswichtig. Und drittens mein Fahrrad als mein Hauptverkehrsmittel in der Stadt.<\/p>\n<p class=\"x_MsoNormal\"><b>\u00a0<\/b><\/p>\n<p class=\"x_MsoNormal\"><b>Wenn Sie f\u00fcr einen Tag den Job von jemand anderem \u00fcbernehmen k\u00f6nnten &#8211; welcher w\u00e4re das?<\/b><b><\/b><\/p>\n<p class=\"x_MsoNormal\">Der Job der beiden Str\u00fcngmann-Br\u00fcder &#8211; die Gr\u00fcnder des Pharmaunternehmens Hexal. Ich finde es wahnsinnig faszinierend, wie man ein so exzellentes Gef\u00fchl f\u00fcr Gesch\u00e4ftsideen im Gesundheitswesen und die richtigen Investitionen haben kann.<\/p>\n<p>&nbsp;<\/p>\n<p><img loading=\"lazy\" decoding=\"async\" class=\"aligncenter size-full wp-image-677249\" src=\"https:\/\/blog.wiwo.de\/management\/files\/2021\/08\/westdorf.schatulle2.jpg\" alt=\"\" width=\"640\" height=\"480\" srcset=\"https:\/\/blog.wiwo.de\/management\/files\/2021\/08\/westdorf.schatulle2.jpg 640w, https:\/\/blog.wiwo.de\/management\/files\/2021\/08\/westdorf.schatulle2-300x225.jpg 300w, https:\/\/blog.wiwo.de\/management\/files\/2021\/08\/westdorf.schatulle2-400x300.jpg 400w\" sizes=\"auto, (max-width: 640px) 100vw, 640px\" \/><\/p>\n<p>Die Schatulle auf Angela Westdorfs Schreibtisch ist ein Mitbringsel von einer Firmenkonferenz in Chicago und tr\u00e4gt den Spruch, der auch ihr Motto wurde: \u201eHow beautiful a day can be when kindness touches it\u201c (\u00dcbers.: &#8222;Wie sch\u00f6n kann ein Tag sein, wenn Freundlichkeit ihn ber\u00fchrt.&#8220;). In der Coronazeit haben wir per Zoom einen t\u00e4glichen Jour Fixe gemacht, bei dem jeder mit einer positiven Nachricht beginnen musste, die keinen beruflichen Bezug hatte. Das konnten ganz harmlose oder nebens\u00e4chliche Dinge sein. Hauptsache, wir teilen sch\u00f6ne Momente miteinander \u2013 auch oder gerade in dieser besonderen Zeit.<\/p>\n<p>&nbsp;<\/p>\n<p>&nbsp;<\/p>\n<p>&nbsp;<\/p>\n<p><img loading=\"lazy\" decoding=\"async\" class=\"aligncenter size-medium wp-image-676352\" src=\"https:\/\/blog.wiwo.de\/management\/files\/2021\/04\/Bloggerrelanvzlogo.2021-FAK_21-01_Siegel_Blogger-Relevanzindex_Top-20-Blogs-228x300.jpg\" alt=\"\" width=\"228\" height=\"300\" srcset=\"https:\/\/blog.wiwo.de\/management\/files\/2021\/04\/Bloggerrelanvzlogo.2021-FAK_21-01_Siegel_Blogger-Relevanzindex_Top-20-Blogs-228x300.jpg 228w, https:\/\/blog.wiwo.de\/management\/files\/2021\/04\/Bloggerrelanvzlogo.2021-FAK_21-01_Siegel_Blogger-Relevanzindex_Top-20-Blogs.jpg 493w\" sizes=\"auto, (max-width: 228px) 100vw, 228px\" \/><\/p>\n<p>&nbsp;<\/p>\n<p><img loading=\"lazy\" decoding=\"async\" class=\"aligncenter size-medium wp-image-676731\" src=\"https:\/\/blog.wiwo.de\/management\/files\/2021\/06\/bloggerinnen.2021.neu_-300x212.jpg\" alt=\"\" width=\"300\" height=\"212\" srcset=\"https:\/\/blog.wiwo.de\/management\/files\/2021\/06\/bloggerinnen.2021.neu_-300x212.jpg 300w, https:\/\/blog.wiwo.de\/management\/files\/2021\/06\/bloggerinnen.2021.neu_-424x300.jpg 424w, https:\/\/blog.wiwo.de\/management\/files\/2021\/06\/bloggerinnen.2021.neu_.jpg 650w\" sizes=\"auto, (max-width: 300px) 100vw, 300px\" \/><\/p>\n<p>&nbsp;<\/p>\n<p><strong>Copyright: @Claudia T\u00f6dtmann. Alle Rechte vorbehalten. Kontakt f\u00fcr Nutzungsrechte: claudia.toedtmann@wiwo.de<\/strong><\/p>\n<p><strong>Alle inhaltlichen Rechte des Management Blogs von Claudia T\u00f6dtmann liegen bei der Blog-Inhaberin. Jegliche Nutzung der Inhalte bed\u00fcrfen der ausdr\u00fccklichen Genehmigung.<\/strong><\/p>\n","protected":false},"excerpt":{"rendered":"<p>Den Fragebogen &#8222;Nahaufnahme&#8220; beantwortet Angela Westdorf, die Managing Partnerin der Personalberatung Signium, die 44 B\u00fcros weltweit hat und deren Sitz in Chicago ist. &nbsp; &nbsp; Erkl\u00e4ren Sie in\u00a0einem\u00a0Satz, was Ihr Unternehmen tut. Wir von Signium beraten Unternehmen bei der Besetzung &hellip; <a href=\"https:\/\/blog.wiwo.de\/management\/2021\/08\/13\/den-fragebogen-nahaufnahme-beantwortet-signium-chefin-angela-westdorf-mit-dem-spitznamen-duracell-haeschen\/\">Weiterlesen <span class=\"meta-nav\">&rarr;<\/span><\/a><\/p>\n","protected":false},"author":19,"featured_media":0,"comment_status":"open","ping_status":"open","sticky":false,"template":"","format":"standard","meta":{"footnotes":""},"categories":[1],"tags":[10205,10204,4763,10207,5785,10206,10203],"class_list":["post-677244","post","type-post","status-publish","format-standard","hentry","category-allgemein","tag-angela-westdorf","tag-biontech","tag-fragebogen-nahaufnahme","tag-hexal","tag-signium","tag-struengmann","tag-ugur-sahin"],"_links":{"self":[{"href":"https:\/\/blog.wiwo.de\/management\/wp-json\/wp\/v2\/posts\/677244","targetHints":{"allow":["GET"]}}],"collection":[{"href":"https:\/\/blog.wiwo.de\/management\/wp-json\/wp\/v2\/posts"}],"about":[{"href":"https:\/\/blog.wiwo.de\/management\/wp-json\/wp\/v2\/types\/post"}],"author":[{"embeddable":true,"href":"https:\/\/blog.wiwo.de\/management\/wp-json\/wp\/v2\/users\/19"}],"replies":[{"embeddable":true,"href":"https:\/\/blog.wiwo.de\/management\/wp-json\/wp\/v2\/comments?post=677244"}],"version-history":[{"count":5,"href":"https:\/\/blog.wiwo.de\/management\/wp-json\/wp\/v2\/posts\/677244\/revisions"}],"predecessor-version":[{"id":677292,"href":"https:\/\/blog.wiwo.de\/management\/wp-json\/wp\/v2\/posts\/677244\/revisions\/677292"}],"wp:attachment":[{"href":"https:\/\/blog.wiwo.de\/management\/wp-json\/wp\/v2\/media?parent=677244"}],"wp:term":[{"taxonomy":"category","embeddable":true,"href":"https:\/\/blog.wiwo.de\/management\/wp-json\/wp\/v2\/categories?post=677244"},{"taxonomy":"post_tag","embeddable":true,"href":"https:\/\/blog.wiwo.de\/management\/wp-json\/wp\/v2\/tags?post=677244"}],"curies":[{"name":"wp","href":"https:\/\/api.w.org\/{rel}","templated":true}]}}