{"id":676934,"date":"2021-09-25T23:24:12","date_gmt":"2021-09-25T21:24:12","guid":{"rendered":"https:\/\/blog.wiwo.de\/management\/?p=676934"},"modified":"2021-09-29T18:55:30","modified_gmt":"2021-09-29T16:55:30","slug":"pmn-management-awards-2021-managing-partner-des-jahres-ist-carsten-schneider-von-osborne-clarke","status":"publish","type":"post","link":"https:\/\/blog.wiwo.de\/management\/2021\/09\/25\/pmn-management-awards-2021-managing-partner-des-jahres-ist-carsten-schneider-von-osborne-clarke\/","title":{"rendered":"PMN Management Awards 2021: Managing Partner des Jahres ist Carsten Schneider von Osborne Clarke"},"content":{"rendered":"<p>&nbsp;<\/p>\n<p><strong>Die <\/strong><strong>Preistr\u00e4ger der PMN Management Awards 2021<\/strong><\/p>\n<p>Bei den PMN Management Awards werden innovative Teams aus Management und Business Services von Wirtschaftskanzleien in sieben Kategorien geehrt. Ausgew\u00e4hlt werden sie von einer f\u00fcnfk\u00f6pfigen Jury: Carl-Peter Feick, Marion Halfmann, Marcus Jung (&#8222;FAZ&#8220;), Andreas Kurz (&#8222;Impulse&#8220;) und <a href=\"https:\/\/blog.wiwo.de\/management\/2020\/02\/17\/ein-teller-nudeln-mit-top-manager-berater-peter-naegele-vorstaende-sind-einsam-erfahren-nicht-die-wahrheit-und-sind-auf-der-chefetage-oft-von-feinden-umgeben\/\">Peter N\u00e4gele<\/a>.<\/p>\n<p>&nbsp;<\/p>\n<div id=\"attachment_677765\" style=\"width: 660px\" class=\"wp-caption aligncenter\"><img loading=\"lazy\" decoding=\"async\" aria-describedby=\"caption-attachment-677765\" class=\"size-full wp-image-677765\" src=\"https:\/\/blog.wiwo.de\/management\/files\/2021\/09\/image_9b4fbe1f-f5db-4c5c-a465-08440bde18f520210926_144257.jpg\" alt=\"\" width=\"650\" height=\"466\" srcset=\"https:\/\/blog.wiwo.de\/management\/files\/2021\/09\/image_9b4fbe1f-f5db-4c5c-a465-08440bde18f520210926_144257.jpg 650w, https:\/\/blog.wiwo.de\/management\/files\/2021\/09\/image_9b4fbe1f-f5db-4c5c-a465-08440bde18f520210926_144257-300x215.jpg 300w, https:\/\/blog.wiwo.de\/management\/files\/2021\/09\/image_9b4fbe1f-f5db-4c5c-a465-08440bde18f520210926_144257-418x300.jpg 418w\" sizes=\"auto, (max-width: 650px) 100vw, 650px\" \/><p id=\"caption-attachment-677765\" class=\"wp-caption-text\">(Foto: WTS)<\/p><\/div>\n<p>&nbsp;<\/p>\n<p>&nbsp;<\/p>\n<p><strong>Die Preistr\u00e4ger der PMN Management Awards 2021:<\/strong><\/p>\n<p><strong>Kategorie \u00a0 Management <\/strong><\/p>\n<p><strong>Managing-Partner des Jahres 2021: <\/strong><strong>Carsten Schneider von Osborne Clarke<\/strong><\/p>\n<p>&nbsp;<\/p>\n<div id=\"attachment_677757\" style=\"width: 494px\" class=\"wp-caption aligncenter\"><img loading=\"lazy\" decoding=\"async\" aria-describedby=\"caption-attachment-677757\" class=\"size-full wp-image-677757\" src=\"https:\/\/blog.wiwo.de\/management\/files\/2021\/09\/pmn.21.osbornechef-e1632600477427.jpg\" alt=\"\" width=\"484\" height=\"209\" srcset=\"https:\/\/blog.wiwo.de\/management\/files\/2021\/09\/pmn.21.osbornechef-e1632600477427.jpg 484w, https:\/\/blog.wiwo.de\/management\/files\/2021\/09\/pmn.21.osbornechef-e1632600477427-300x130.jpg 300w\" sizes=\"auto, (max-width: 484px) 100vw, 484px\" \/><p id=\"caption-attachment-677757\" class=\"wp-caption-text\">Osborne-Clarke-Managing-Partner Carsten Schneider (l.) und Jens Keiper (Foto: M.Jung)<\/p><\/div>\n<p>&nbsp;<\/p>\n<p><strong>Kategorie\u00a0 Gesch\u00e4ftsentwicklung<\/strong><\/p>\n<ul>\n<li><strong>1. Preis: CMS Deutschland \u2013 Projekt: Business Modell Innovation<\/strong><\/li>\n<li>Finalist: KPMG Law \u2013 Projekt: Copy Crawler<\/li>\n<li>Finalist: R\u00f6dl &amp; Partner \u2013 Projekt: Mobility Radar<\/li>\n<\/ul>\n<p>&nbsp;<\/p>\n<div id=\"attachment_677809\" style=\"width: 660px\" class=\"wp-caption aligncenter\"><img loading=\"lazy\" decoding=\"async\" aria-describedby=\"caption-attachment-677809\" class=\"size-full wp-image-677809\" src=\"https:\/\/blog.wiwo.de\/management\/files\/2021\/09\/go.academy.banner.2021.jpg\" alt=\"\" width=\"650\" height=\"218\" srcset=\"https:\/\/blog.wiwo.de\/management\/files\/2021\/09\/go.academy.banner.2021.jpg 650w, https:\/\/blog.wiwo.de\/management\/files\/2021\/09\/go.academy.banner.2021-300x101.jpg 300w, https:\/\/blog.wiwo.de\/management\/files\/2021\/09\/go.academy.banner.2021-500x168.jpg 500w\" sizes=\"auto, (max-width: 650px) 100vw, 650px\" \/><p id=\"caption-attachment-677809\" class=\"wp-caption-text\">Hier geht\u00b4s zur Beratung <a href=\"http:\/\/www.goacademy.de\">www.goacademy.de \u00a0 \u00a0 <\/a>\u00a0 \u00a0 \u00a0 \u00a0 \u00a0 \u00a0 \u00a0 &#8211; Anzeige &#8211;<\/p><\/div>\n<p>&nbsp;<\/p>\n<p><strong>Kategorie\u00a0 Human Ressources<\/strong><\/p>\n<ul>\n<li><strong>1. Preis: Baker McKenzie \u2013 Projekt: Karrierepodcast \u201eLife with Baker\u201c<\/strong><\/li>\n<li>Finalist: Gleiss Lutz &#8211; Projekt: Employer Branding for Business Services<\/li>\n<li>Finalist: Morrison &amp; Foerster \u2013 Projekt: Healthy MoFo<\/li>\n<\/ul>\n<p>&nbsp;<\/p>\n<div id=\"attachment_677745\" style=\"width: 650px\" class=\"wp-caption aligncenter\"><img loading=\"lazy\" decoding=\"async\" aria-describedby=\"caption-attachment-677745\" class=\"size-full wp-image-677745\" src=\"https:\/\/blog.wiwo.de\/management\/files\/2021\/09\/pmn.21.baker_-e1632600867424.jpg\" alt=\"\" width=\"640\" height=\"347\" srcset=\"https:\/\/blog.wiwo.de\/management\/files\/2021\/09\/pmn.21.baker_-e1632600867424.jpg 640w, https:\/\/blog.wiwo.de\/management\/files\/2021\/09\/pmn.21.baker_-e1632600867424-300x163.jpg 300w, https:\/\/blog.wiwo.de\/management\/files\/2021\/09\/pmn.21.baker_-e1632600867424-500x271.jpg 500w\" sizes=\"auto, (max-width: 640px) 100vw, 640px\" \/><p id=\"caption-attachment-677745\" class=\"wp-caption-text\">(Foto: Privat)<\/p><\/div>\n<p>&nbsp;<\/p>\n<p><strong>Kategorie Kommunikation<\/strong><\/p>\n<ul>\n<li>1. Preis: GvW Graf von Westphalen \u2013 Projekt: Social Channel \u201eFrag den Graf\u201c Social-Intranet-Projekt f\u00fcr die Homeoffice-Mitarbeiter<\/li>\n<li>Finalist: Menold Bezler \u2013Projekt: #Virtuellvernetzt<\/li>\n<li>Finalist: Noerr \u2013 Projekt: Corona Crisis Center<\/li>\n<\/ul>\n<p>&nbsp;<\/p>\n<div id=\"attachment_677746\" style=\"width: 660px\" class=\"wp-caption aligncenter\"><img loading=\"lazy\" decoding=\"async\" aria-describedby=\"caption-attachment-677746\" class=\"size-full wp-image-677746\" src=\"https:\/\/blog.wiwo.de\/management\/files\/2021\/09\/pmn.21.gvw_-e1632600988921.jpg\" alt=\"\" width=\"650\" height=\"351\" srcset=\"https:\/\/blog.wiwo.de\/management\/files\/2021\/09\/pmn.21.gvw_-e1632600988921.jpg 650w, https:\/\/blog.wiwo.de\/management\/files\/2021\/09\/pmn.21.gvw_-e1632600988921-300x162.jpg 300w, https:\/\/blog.wiwo.de\/management\/files\/2021\/09\/pmn.21.gvw_-e1632600988921-500x270.jpg 500w\" sizes=\"auto, (max-width: 650px) 100vw, 650px\" \/><p id=\"caption-attachment-677746\" class=\"wp-caption-text\">(Foto: Privat)<\/p><\/div>\n<p>&nbsp;<\/p>\n<p><strong>Kategorie Legal Tech<\/strong><\/p>\n<ul>\n<li>1. Preis: Beiten Burkhardt \u2013 Projekt: Entsendungstool \u201eBBGO\u201c<\/li>\n<li>Finalist: KPMG Law \u2013 Projekt: Virtuelle Hauptversammlung<\/li>\n<li>Finalist: Linklaters \u2013 Projekt: Timeline Generator<\/li>\n<\/ul>\n<p>&nbsp;<\/p>\n<p><strong>Kategorie Nachhaltigkeit<\/strong><\/p>\n<ul>\n<li><strong>1. Preis: CMS Deutschland -Projekt: CMS Stiftung<\/strong><\/li>\n<li>Finalist: WTS Group \u2013 Projekt: Mitmach-Aktion Osterhase<\/li>\n<\/ul>\n<p>&nbsp;<\/p>\n<p>&nbsp;<\/p>\n<div id=\"attachment_677747\" style=\"width: 404px\" class=\"wp-caption aligncenter\"><img loading=\"lazy\" decoding=\"async\" aria-describedby=\"caption-attachment-677747\" class=\"size-full wp-image-677747\" src=\"https:\/\/blog.wiwo.de\/management\/files\/2021\/09\/pmn.21.irgendwer-e1632604952746.jpg\" alt=\"\" width=\"394\" height=\"204\" srcset=\"https:\/\/blog.wiwo.de\/management\/files\/2021\/09\/pmn.21.irgendwer-e1632604952746.jpg 394w, https:\/\/blog.wiwo.de\/management\/files\/2021\/09\/pmn.21.irgendwer-e1632604952746-300x155.jpg 300w\" sizes=\"auto, (max-width: 394px) 100vw, 394px\" \/><p id=\"caption-attachment-677747\" class=\"wp-caption-text\">(Foto: Privat)<\/p><\/div>\n<p>&nbsp;<\/p>\n<p>&nbsp;<\/p>\n<p><strong>Kategorie Newcomer<\/strong><br \/>\nInnovative Konzepte f\u00fcr Kanzlei-Neugr\u00fcndungen und erste Erfolge<\/p>\n<ul>\n<li><strong>1. Preis: LMPS Rechtsanw\u00e4lte<\/strong><\/li>\n<li>Finalist: Lighthouse Legal<\/li>\n<\/ul>\n<p>&nbsp;<\/p>\n<p>Details zu den einzelnen Preistr\u00e4ger- und Finalistenprojekten stehen hier:\u00a0<a href=\"https:\/\/pm-network.net\/wp-content\/uploads\/2021\/09\/PMN_Broschu%CC%88re2021.pdf\">https:\/\/pm-network.net\/wp-content\/uploads\/2021\/09\/PMN_Broschu%CC%88re2021.pdf<\/a><\/p>\n<p>&nbsp;<\/p>\n<p>&nbsp;<\/p>\n<p>&nbsp;<\/p>\n<div id=\"attachment_677749\" style=\"width: 432px\" class=\"wp-caption aligncenter\"><img loading=\"lazy\" decoding=\"async\" aria-describedby=\"caption-attachment-677749\" class=\"size-full wp-image-677749\" src=\"https:\/\/blog.wiwo.de\/management\/files\/2021\/09\/pmn.21.kolster.jung_.-e1632601124188.jpg\" alt=\"\" width=\"422\" height=\"502\" srcset=\"https:\/\/blog.wiwo.de\/management\/files\/2021\/09\/pmn.21.kolster.jung_.-e1632601124188.jpg 422w, https:\/\/blog.wiwo.de\/management\/files\/2021\/09\/pmn.21.kolster.jung_.-e1632601124188-252x300.jpg 252w\" sizes=\"auto, (max-width: 422px) 100vw, 422px\" \/><p id=\"caption-attachment-677749\" class=\"wp-caption-text\">Marcus Jung (&#8222;FAZ&#8220;, l.) und CMS-Managing-Partner Hubertus Kolster (r.)<\/p><\/div>\n<p>&nbsp;<\/p>\n<p>&nbsp;<\/p>\n<p>&nbsp;<\/p>\n<div id=\"attachment_677744\" style=\"width: 498px\" class=\"wp-caption aligncenter\"><img loading=\"lazy\" decoding=\"async\" aria-describedby=\"caption-attachment-677744\" class=\"size-full wp-image-677744\" src=\"https:\/\/blog.wiwo.de\/management\/files\/2021\/09\/pmn.21.bar2_-e1632601307136.jpg\" alt=\"\" width=\"488\" height=\"650\" srcset=\"https:\/\/blog.wiwo.de\/management\/files\/2021\/09\/pmn.21.bar2_-e1632601307136.jpg 488w, https:\/\/blog.wiwo.de\/management\/files\/2021\/09\/pmn.21.bar2_-e1632601307136-225x300.jpg 225w\" sizes=\"auto, (max-width: 488px) 100vw, 488px\" \/><p id=\"caption-attachment-677744\" class=\"wp-caption-text\">(Foto: Privat)<\/p><\/div>\n<p>&nbsp;<\/p>\n<div id=\"attachment_677748\" style=\"width: 494px\" class=\"wp-caption aligncenter\"><img loading=\"lazy\" decoding=\"async\" aria-describedby=\"caption-attachment-677748\" class=\"size-full wp-image-677748\" src=\"https:\/\/blog.wiwo.de\/management\/files\/2021\/09\/pmn.21.jungscneider-e1632601850291.jpg\" alt=\"\" width=\"484\" height=\"510\" srcset=\"https:\/\/blog.wiwo.de\/management\/files\/2021\/09\/pmn.21.jungscneider-e1632601850291.jpg 484w, https:\/\/blog.wiwo.de\/management\/files\/2021\/09\/pmn.21.jungscneider-e1632601850291-285x300.jpg 285w\" sizes=\"auto, (max-width: 484px) 100vw, 484px\" \/><p id=\"caption-attachment-677748\" class=\"wp-caption-text\">Casten Schneider (l.) und Marcus Jung (r.)<\/p><\/div>\n<p>&nbsp;<\/p>\n<div id=\"attachment_677750\" style=\"width: 498px\" class=\"wp-caption aligncenter\"><img loading=\"lazy\" decoding=\"async\" aria-describedby=\"caption-attachment-677750\" class=\"size-full wp-image-677750\" src=\"https:\/\/blog.wiwo.de\/management\/files\/2021\/09\/pmn.21.kolster.schieblon-e1632601960962.jpg\" alt=\"\" width=\"488\" height=\"650\" srcset=\"https:\/\/blog.wiwo.de\/management\/files\/2021\/09\/pmn.21.kolster.schieblon-e1632601960962.jpg 488w, https:\/\/blog.wiwo.de\/management\/files\/2021\/09\/pmn.21.kolster.schieblon-e1632601960962-225x300.jpg 225w\" sizes=\"auto, (max-width: 488px) 100vw, 488px\" \/><p id=\"caption-attachment-677750\" class=\"wp-caption-text\">Hubertus Kolster und Claudia Schieblon<\/p><\/div>\n<p>&nbsp;<\/p>\n<p>&nbsp;<\/p>\n<p><img loading=\"lazy\" decoding=\"async\" class=\"aligncenter size-medium wp-image-676352\" src=\"https:\/\/blog.wiwo.de\/management\/files\/2021\/04\/Bloggerrelanvzlogo.2021-FAK_21-01_Siegel_Blogger-Relevanzindex_Top-20-Blogs-228x300.jpg\" alt=\"\" width=\"228\" height=\"300\" srcset=\"https:\/\/blog.wiwo.de\/management\/files\/2021\/04\/Bloggerrelanvzlogo.2021-FAK_21-01_Siegel_Blogger-Relevanzindex_Top-20-Blogs-228x300.jpg 228w, https:\/\/blog.wiwo.de\/management\/files\/2021\/04\/Bloggerrelanvzlogo.2021-FAK_21-01_Siegel_Blogger-Relevanzindex_Top-20-Blogs.jpg 493w\" sizes=\"auto, (max-width: 228px) 100vw, 228px\" \/><\/p>\n<p>&nbsp;<\/p>\n<p><img loading=\"lazy\" decoding=\"async\" class=\"aligncenter size-medium wp-image-676731\" src=\"https:\/\/blog.wiwo.de\/management\/files\/2021\/06\/bloggerinnen.2021.neu_-300x212.jpg\" alt=\"\" width=\"300\" height=\"212\" srcset=\"https:\/\/blog.wiwo.de\/management\/files\/2021\/06\/bloggerinnen.2021.neu_-300x212.jpg 300w, https:\/\/blog.wiwo.de\/management\/files\/2021\/06\/bloggerinnen.2021.neu_-424x300.jpg 424w, https:\/\/blog.wiwo.de\/management\/files\/2021\/06\/bloggerinnen.2021.neu_.jpg 650w\" sizes=\"auto, (max-width: 300px) 100vw, 300px\" \/><\/p>\n<p>&nbsp;<\/p>\n<p><strong>Copyright: @Claudia T\u00f6dtmann. Alle Rechte vorbehalten. Kontakt f\u00fcr Nutzungsrechte: claudia.toedtmann@wiwo.de<\/strong><\/p>\n<p><strong>Alle inhaltlichen Rechte des Management Blogs von Claudia T\u00f6dtmann liegen bei der Blog-Inhaberin. Jegliche Nutzung der Inhalte bed\u00fcrfen der ausdr\u00fccklichen Genehmigung.<\/strong><\/p>\n","protected":false},"excerpt":{"rendered":"<p>&nbsp; Die Preistr\u00e4ger der PMN Management Awards 2021 Bei den PMN Management Awards werden innovative Teams aus Management und Business Services von Wirtschaftskanzleien in sieben Kategorien geehrt. Ausgew\u00e4hlt werden sie von einer f\u00fcnfk\u00f6pfigen Jury: Carl-Peter Feick, Marion Halfmann, Marcus Jung &hellip; <a href=\"https:\/\/blog.wiwo.de\/management\/2021\/09\/25\/pmn-management-awards-2021-managing-partner-des-jahres-ist-carsten-schneider-von-osborne-clarke\/\">Weiterlesen <span class=\"meta-nav\">&rarr;<\/span><\/a><\/p>\n","protected":false},"author":19,"featured_media":0,"comment_status":"open","ping_status":"open","sticky":false,"template":"","format":"standard","meta":{"footnotes":""},"categories":[1],"tags":[230,233,5216,9376,3861,6909,10344],"class_list":["post-676934","post","type-post","status-publish","format-standard","hentry","category-allgemein","tag-claudia-schieblon","tag-cms","tag-hubertus-kolster","tag-marcus-jung","tag-osborne-clarke","tag-peter-naegele","tag-pmn-management-awards-2021"],"_links":{"self":[{"href":"https:\/\/blog.wiwo.de\/management\/wp-json\/wp\/v2\/posts\/676934","targetHints":{"allow":["GET"]}}],"collection":[{"href":"https:\/\/blog.wiwo.de\/management\/wp-json\/wp\/v2\/posts"}],"about":[{"href":"https:\/\/blog.wiwo.de\/management\/wp-json\/wp\/v2\/types\/post"}],"author":[{"embeddable":true,"href":"https:\/\/blog.wiwo.de\/management\/wp-json\/wp\/v2\/users\/19"}],"replies":[{"embeddable":true,"href":"https:\/\/blog.wiwo.de\/management\/wp-json\/wp\/v2\/comments?post=676934"}],"version-history":[{"count":10,"href":"https:\/\/blog.wiwo.de\/management\/wp-json\/wp\/v2\/posts\/676934\/revisions"}],"predecessor-version":[{"id":677810,"href":"https:\/\/blog.wiwo.de\/management\/wp-json\/wp\/v2\/posts\/676934\/revisions\/677810"}],"wp:attachment":[{"href":"https:\/\/blog.wiwo.de\/management\/wp-json\/wp\/v2\/media?parent=676934"}],"wp:term":[{"taxonomy":"category","embeddable":true,"href":"https:\/\/blog.wiwo.de\/management\/wp-json\/wp\/v2\/categories?post=676934"},{"taxonomy":"post_tag","embeddable":true,"href":"https:\/\/blog.wiwo.de\/management\/wp-json\/wp\/v2\/tags?post=676934"}],"curies":[{"name":"wp","href":"https:\/\/api.w.org\/{rel}","templated":true}]}}