{"id":676647,"date":"2021-06-14T06:00:45","date_gmt":"2021-06-14T04:00:45","guid":{"rendered":"https:\/\/blog.wiwo.de\/management\/?p=676647"},"modified":"2021-06-30T19:42:35","modified_gmt":"2021-06-30T17:42:35","slug":"danke-sagen-fuer-die-zumutungen-der-corona-zeit-sowie-die-loyalitaet-und-den-kampfgeist-der-mitarbeiter-dla-piper-zalando-und-daimler","status":"publish","type":"post","link":"https:\/\/blog.wiwo.de\/management\/2021\/06\/14\/danke-sagen-fuer-die-zumutungen-der-corona-zeit-sowie-die-loyalitaet-und-den-kampfgeist-der-mitarbeiter-dla-piper-zalando-und-daimler\/","title":{"rendered":"Danke sagen f\u00fcr die Zumutungen der Corona-Zeit sowie die Loyalit\u00e4t und den Kampfgeist der Mitarbeiter: DLA Piper, Zalando und Daimler"},"content":{"rendered":"<p>Was m\u00f6chten Sie lieber? Einen Wochenlohn zus\u00e4tzlich oder stattdessen eine Woche Urlaub mehr? Dieses Dankesch\u00f6n spendiert die britische Gro\u00dfkanzlei DLA Piper ihren rund 600 Mitarbeitern in Deutschland. \u201eEs war f\u00fcr uns alle kein einfaches Jahr. Jeder Mitarbeiter hat dazu beigetragen, dass wir trotz der Corona-Pandemie ein erfolgreiches Gesch\u00e4ftsjahr hatten. Darauf sind wir sehr stolz&#8220;, sagt Benjamin Parameswaran, Managing Partner von DLA Piper. Die technischen Schwierigkeiten bei der pl\u00f6tzlichen Umstellung auf Heimarbeit waren nicht ohne. Etliche Mitarbeiter kamen an ihre Grenzen, zumal zum Beispiel bei den Arbeitsrechtlern die Arbeit keineswegs weniger, sondern im Gegenteil immer mehr wurde. Man wolle den Kollegen deshalb auf diesem Weg &#8222;f\u00fcr ihren unerm\u00fcdlichen Arbeitseinsatz danken&#8220;, hei\u00dft es bei DLA Piper.<\/p>\n<p>&nbsp;<\/p>\n<div id=\"attachment_676651\" style=\"width: 300px\" class=\"wp-caption alignleft\"><img loading=\"lazy\" decoding=\"async\" aria-describedby=\"caption-attachment-676651\" class=\"size-medium wp-image-676651\" src=\"https:\/\/blog.wiwo.de\/management\/files\/2021\/05\/DLA.Piper_.Benjamin-Parameswaran_DLA-Piper-290x300.jpg\" alt=\"\" width=\"290\" height=\"300\" srcset=\"https:\/\/blog.wiwo.de\/management\/files\/2021\/05\/DLA.Piper_.Benjamin-Parameswaran_DLA-Piper-290x300.jpg 290w, https:\/\/blog.wiwo.de\/management\/files\/2021\/05\/DLA.Piper_.Benjamin-Parameswaran_DLA-Piper.jpg 472w\" sizes=\"auto, (max-width: 290px) 100vw, 290px\" \/><p id=\"caption-attachment-676651\" class=\"wp-caption-text\">Benjamin-Parameswaran (Foto: DLA Piter\/PR)<\/p><\/div>\n<p class=\"x_xmsonormal\">Alle haben die Wahl zwischen bis zu einer Woche Gehalt oder einer zus\u00e4tzlichen Woche Urlaub. Jeder, alle Anw\u00e4lte ebenso wie die ITler, die wissenscaftlichen Mitarbeiter oder die Menschen am Empfang.<\/p>\n<p>Solche gro\u00dfen Gesten ist man sonst eher aus Konzernen gewohnt:\u00a0Daimler beispielsweise zahlt Tarifbesch\u00e4ftigten in Deutschland einen Corona-Bonus von 1.000 Euro.<\/p>\n<p>Oder die Schwarz-Gruppe, die ihren Mitarbeitern bei Lidl, Kaufland, Prezero, Schwarz Produktion sowie der Verwaltung in Deutschland Pr\u00e4mien gab. Insgesamt waren es rund 30 Millionen Euro.<\/p>\n<p>Zalando dagegen will allen Besch\u00e4ftigten &#8211; das sind 14.500 Mitarbeitern &#8211; von 2. bis 4. August 2021 eine Woche frei geben. Eine <a href=\"https:\/\/www.morgenpost.de\/berlin\/article232448975\/Zalando-Eine-Woche-Extra-Urlaub-fuer-alle.html\">kollektive Pause<\/a> sozusagen, oder: zus\u00e4tzliche Betriebsferien. Auch da ging es w\u00e4hrnd der Coronakriste rund, die Zahl der Kunden stiegt von 31 Millionen auf rund 42 Millionen. Zalando geh\u00f6rt offenbar zu den Gewinnern der Coronakrise. Im vergangenen Jahr zahlte Zalando jedem Mitarbeiter in Deutschland schon einen Bonus von 500 Euro.<\/p>\n<p>Btw: Dieser Bonus ist steuerfrei, zun\u00e4chst sollte das bis 30. Juni 2021 gelten, doch nun wurde sie bis zum 31. M\u00e4rz 2022 verl\u00e4ngert, wie der Lohnsteuerhilfeverein Vereinigte Lohnsteuerhilfe (VLH) sagt.<\/p>\n<p>&nbsp;<\/p>\n<p>&nbsp;<\/p>\n<p>&nbsp;<\/p>\n<p>&nbsp;<\/p>\n<p><img loading=\"lazy\" decoding=\"async\" class=\"aligncenter size-medium wp-image-676352\" src=\"https:\/\/blog.wiwo.de\/management\/files\/2021\/04\/Bloggerrelanvzlogo.2021-FAK_21-01_Siegel_Blogger-Relevanzindex_Top-20-Blogs-228x300.jpg\" alt=\"\" width=\"228\" height=\"300\" srcset=\"https:\/\/blog.wiwo.de\/management\/files\/2021\/04\/Bloggerrelanvzlogo.2021-FAK_21-01_Siegel_Blogger-Relevanzindex_Top-20-Blogs-228x300.jpg 228w, https:\/\/blog.wiwo.de\/management\/files\/2021\/04\/Bloggerrelanvzlogo.2021-FAK_21-01_Siegel_Blogger-Relevanzindex_Top-20-Blogs.jpg 493w\" sizes=\"auto, (max-width: 228px) 100vw, 228px\" \/><\/p>\n<p>&nbsp;<\/p>\n<p>&nbsp;<\/p>\n<p><strong>Copyright: @Claudia T\u00f6dtmann. Alle Rechte vorbehalten. Kontakt f\u00fcr Nutzungsrechte: claudia.toedtmann@wiwo.de<\/strong><\/p>\n<p><strong>Nutzungen und \u00dcbernahmen nur nach meiner vorherigen Zustimmung.<\/strong><\/p>\n","protected":false},"excerpt":{"rendered":"<p>Was m\u00f6chten Sie lieber? Einen Wochenlohn zus\u00e4tzlich oder stattdessen eine Woche Urlaub mehr? Dieses Dankesch\u00f6n spendiert die britische Gro\u00dfkanzlei DLA Piper ihren rund 600 Mitarbeitern in Deutschland. \u201eEs war f\u00fcr uns alle kein einfaches Jahr. Jeder Mitarbeiter hat dazu beigetragen, &hellip; <a href=\"https:\/\/blog.wiwo.de\/management\/2021\/06\/14\/danke-sagen-fuer-die-zumutungen-der-corona-zeit-sowie-die-loyalitaet-und-den-kampfgeist-der-mitarbeiter-dla-piper-zalando-und-daimler\/\">Weiterlesen <span class=\"meta-nav\">&rarr;<\/span><\/a><\/p>\n","protected":false},"author":19,"featured_media":0,"comment_status":"open","ping_status":"open","sticky":false,"template":"","format":"standard","meta":{"footnotes":""},"categories":[1],"tags":[177,9111,248,1934,1723,3173,10093,775,10094,10092,10091,5634],"class_list":["post-676647","post","type-post","status-publish","format-standard","hentry","category-allgemein","tag-boni","tag-coronakrise","tag-daimler","tag-dla-piper","tag-kaufland","tag-lidl","tag-lohnsteuerhilfeverein-vereinigte-lohnsteuerhilfe-vlh","tag-mitarbeiter","tag-praemie","tag-prezero","tag-schwarz-gruppe","tag-zalando"],"_links":{"self":[{"href":"https:\/\/blog.wiwo.de\/management\/wp-json\/wp\/v2\/posts\/676647","targetHints":{"allow":["GET"]}}],"collection":[{"href":"https:\/\/blog.wiwo.de\/management\/wp-json\/wp\/v2\/posts"}],"about":[{"href":"https:\/\/blog.wiwo.de\/management\/wp-json\/wp\/v2\/types\/post"}],"author":[{"embeddable":true,"href":"https:\/\/blog.wiwo.de\/management\/wp-json\/wp\/v2\/users\/19"}],"replies":[{"embeddable":true,"href":"https:\/\/blog.wiwo.de\/management\/wp-json\/wp\/v2\/comments?post=676647"}],"version-history":[{"count":3,"href":"https:\/\/blog.wiwo.de\/management\/wp-json\/wp\/v2\/posts\/676647\/revisions"}],"predecessor-version":[{"id":676964,"href":"https:\/\/blog.wiwo.de\/management\/wp-json\/wp\/v2\/posts\/676647\/revisions\/676964"}],"wp:attachment":[{"href":"https:\/\/blog.wiwo.de\/management\/wp-json\/wp\/v2\/media?parent=676647"}],"wp:term":[{"taxonomy":"category","embeddable":true,"href":"https:\/\/blog.wiwo.de\/management\/wp-json\/wp\/v2\/categories?post=676647"},{"taxonomy":"post_tag","embeddable":true,"href":"https:\/\/blog.wiwo.de\/management\/wp-json\/wp\/v2\/tags?post=676647"}],"curies":[{"name":"wp","href":"https:\/\/api.w.org\/{rel}","templated":true}]}}