{"id":676071,"date":"2021-03-18T10:15:51","date_gmt":"2021-03-18T09:15:51","guid":{"rendered":"https:\/\/blog.wiwo.de\/management\/?p=676071"},"modified":"2021-03-18T17:40:28","modified_gmt":"2021-03-18T16:40:28","slug":"gallup-studie-2020-die-top-manager-haben-bei-der-pandemie-einen-guten-job-gemacht-die-fuehrungskraefte-eher-nicht-kurzarbeit-verzeihen-die-mitarbeiter-nicht","status":"publish","type":"post","link":"https:\/\/blog.wiwo.de\/management\/2021\/03\/18\/gallup-studie-2020-die-top-manager-haben-bei-der-pandemie-einen-guten-job-gemacht-die-fuehrungskraefte-eher-nicht-kurzarbeit-verzeihen-die-mitarbeiter-nicht\/","title":{"rendered":"Gallup-Studie 2020: Die Top-Manager haben bei der Pandemie einen guten Job gemacht, die F\u00fchrungskr\u00e4fte eher nicht. Kurzarbeit verzeihen die Mitarbeiter nicht."},"content":{"rendered":"<div>Die Zahl die wirklich loyalen Mitarbeiter ist im Coronajahr weiter gesunken &#8211; das sogar sehr deutlich: Nur 61 Prozent der befragten Arbeitnehmer beabsichtigen ohne Wenn und Aber, in einem Jahr noch bei ihrer derzeitigen Firma zu sein. Zum Vergleich: 2019 wollten das noch 73 Prozent und 2018 sogar noch 78 Prozent. Diese Zahlen liefert der Gallup Engagement Index 2020, der seit etlichen Jahren zu den wichtigsten Analysen in Deutschland geh\u00f6rt , wenn es um die Themen Arbeitsumfeld und F\u00fchrungskultur sowie die emotionale Bindung von Arbeitnehmern an ihr Unternehmen. Hier im Management-Blog wurde oft dar\u00fcber berichtet (Siehe Links unten).<\/div>\n<div><\/div>\n<div><\/div>\n<div><strong>Die Fehleinsch\u00e4tzung der Manager<\/strong><\/div>\n<div><\/div>\n<div>Die Coronapandemie hat wom\u00f6glich zu viele Manager in Sicherheit gewogen. Weil die meisten von ihnen dachten, im Moment sei jeder froh, der einen Job hat, berichtet Marco Nink, der Studienverantwortliche bei Gallup. Stattdessen reflektieren die Menschen jetzt in der Krise st\u00e4rker und sehen offenbar &#8211; viele zudem vom Home office aus &#8211; ihre Arbeitgeber kritischer. Etliche sind entt\u00e4uscht, wie ihr Arbeitgeber mit ihnen umging: Diejenigen, die in Kurzarbeit geschickt wurden, die sich als wertvolle Ressource fallen gelassen f\u00fchlten. Aber auch jene, denen die mehr\u00a0 Gesundheitsschutzma\u00dfnahmen und mehr F\u00fcrsorge ihrer Vorgesetzten erwartet hatten, glaubt Nink. Hinzu kommt auch bei vielen Mitarbeitern inzwischen obendrein ein mangelndes Vertrauen in die Zukunft und die Wirtschaftsst\u00e4rke ihres eigenen Unternehmens. Auch da habe die Coronakrise gewirkt.<\/div>\n<div><\/div>\n<div><\/div>\n<div>Den Unternehmen k\u00f6nne das nicht gefallen, sagt Nink. Denn die haben auch in der Coronakrise noch Fachkr\u00e4ftemangel. Selbst wenn die Zahl der offenen Stellen gesunken sei, so bliebe der Mangel deutlich.<\/div>\n<div><\/div>\n<div><\/div>\n<div><\/div>\n<div><\/div>\n<div><strong>Mehr als jeder dritte Mitarbeiter ist auf dem Absprung<\/strong><\/div>\n<div><\/div>\n<div>Ninks Fazit: 37 Prozent der Mitarbeiter seien tats\u00e4chlich auf der Suche nach einem neuen Job &#8211; auch wenn nicht bei jedem am Ende die Suche in einem Weggang endet. Auf dem Sprung sind sie innerlich dennoch und haben Distanz gewonnen. \u201eDie Corona-Krise polarisiert die Arbeitnehmerschaft in Deutschland.&#8220; Rund 5,7 Millionen Angestellte haben innerlich gek\u00fcndigt laut Gallup, die Wechselbereitschaft sei so hoch wie nie zuvor. Verantwortlich daf\u00fcr seien Defizite der F\u00fchrungskr\u00e4fte.<\/div>\n<p>&nbsp;<\/p>\n<p>Die finanziellen Verluste st\u00f6ren die Unternehmen nicht wirklich, auch wenn die volkswirtschaftlichen Kosten f\u00fcr die Wirtschaft aufgrund von innerer K\u00fcndigung im vergangenen Jahr zwischen 96,1 und 113,9 Milliarden Euro ausmacht, so Nink. Ihn\u00a0 verwundert diese Haltung: \u201eSchlechte F\u00fchrung kostet Unternehmen j\u00e4hrlich Milliarden. Gerade in einer Krise k\u00f6nnen sich Unternehmen diese Haltung weniger denn je leisten\u201c, sagt Nink.<\/p>\n<p>Denn Gallups Untersuchungen zeigen, dass Mitarbeiter, die innerlich gek\u00fcndigt haben, \u00f6fter ihren Job wechseln, einen Mangel an Eigeninitiative, Leistungsbereitschaft und Verantwortungsbewusstsein zeigen und mehr Tage im Jahr als andere fehlen &#8211;\u00a0 was wiederum die Produktivit\u00e4t senkt.\u00a0Die \u00fcberwiegende Mehrheit der Besch\u00e4ftigten, 68 Prozent, macht Dienst nach Vorschrift und ist emotional wenig an den eigenen Arbeitgeber gebunden &#8211; das sind immerhin 25,8 Millionen Arbeitnehmer.<\/p>\n<p>&nbsp;<\/p>\n<div id=\"attachment_675905\" style=\"width: 497px\" class=\"wp-caption aligncenter\"><img loading=\"lazy\" decoding=\"async\" aria-describedby=\"caption-attachment-675905\" class=\"size-full wp-image-675905\" src=\"https:\/\/blog.wiwo.de\/management\/files\/2021\/02\/Gallup.Marco_Nink_Feb_2021-e1616009773431.jpg\" alt=\"\" width=\"487\" height=\"396\" \/><p id=\"caption-attachment-675905\" class=\"wp-caption-text\">Marco Nink (Foto: Privat)<\/p><\/div>\n<p>&nbsp;<\/p>\n<p><strong>Gute Noten f\u00fcr die Top-Manager &#8211; aber nicht f\u00fcr die direkten Vorgesetzten<\/strong><\/p>\n<p>Interessant ist dagegen die Sicht der Mitarbeiter auf die F\u00fchrungsebene ihrer Unternehmen in der Coronakrise: Den Top-Managern stellen drei Viertel in puncto administrative Hausaufgaben gute Noten aus\u00a0 Mehr als zwei Drittel der Besch\u00e4ftigten, 68 Prozent, meinen, dass ihr Unternehmen sich f\u00fcr ihr Wohlergehen interessiert.<\/p>\n<p>Wenngleich die 32 Prozent der Besch\u00e4ftigten, die das anders sehen, mit einem Drittel eine hohe Zahl darstellen und kaum als Minderheit anzusehen sind. 85 Prozent jedenfalls bescheinigt laut Gallup ihrem Unternehmen dar\u00fcber hinaus, dass es einen klaren Ma\u00dfnahmenplan in Bezug auf Gesundheitsrichtlinien kommuniziert hat.<\/p>\n<p>Vernachl\u00e4ssigt hat &#8222;das Top-Management seine F\u00fchrungsaufgaben\u201c, urteilt Pa Sinyan, Managing Partner von Gallup Europe. \u201eNur wenige Vorgesetzte sind in der Lage, Teams achtsam, zielorientiert und wertsch\u00e4tzend durch die Krise zu f\u00fchren.\u201c<\/p>\n<p>&nbsp;<\/p>\n<p><strong>Mehr als jeder Dritte f\u00fchlt sich besonders starkt belastet<\/strong><\/p>\n<p>Deshalb seine Wechselbereitschaft wie auch eine sprunghaft gestiegene Burnout-Gefahr Folgen der Coronapandemie. Mit 35 Prozent klagt mehr als jeder dritte Besch\u00e4ftigte momentan \u00fcber besonders starke Belastung &#8211; das sei der h\u00f6chste Wert der vergangenen Jahre.<\/p>\n<p>Zum Vergleich: 2018 und 2019 f\u00fchlten sich erst 26 Prozent der Arbeitnehmer ausgebrannt wegen Arbeitsstress. \u201eDie Burnout-Gefahr bei Mitarbeiter:innen ist deutlich gestiegen,\u201c sagt Gallup-Experte Marco Nink. Seine Erkenntnis: Je h\u00f6her ein Mitarbeiter\u00a0emotional an den Arbeitgeber gebunden ist, umso niedriger die Burnout-Gefahr.<\/p>\n<p>&nbsp;<\/p>\n<p><strong>Verprellte Kurzarbeiter<\/strong><\/p>\n<p>Auf dem Absprung sind besonders die Besch\u00e4ftigten, die in den vergangenen Monaten in Kurzarbeit waren oder noch sind. Nur knapp die H\u00e4lfte der Befragten, 48 Prozent,\u00a0 die w\u00e4hrend der Pandemie in Kurzarbeit geschickt wurden, wollen in einem Jahr noch bei ihrer Firma sein. Nink: \u201eKurzarbeit geht einher mit einer Eintr\u00fcbung des Vertrauensverh\u00e4ltnisses und einem kritischeren Bild vom Arbeitgeber.\u201c Der Aussage \u201eIch w\u00fcrde meine Firma als einen hervorragenden Arbeitsplatz meinen Freunden und Familienangeh\u00f6rigen empfehlen\u201c stimmen deshalb nur 27 Prozent der Gruppe der Kurzarbeitenden uneingeschr\u00e4nkt zu. Sein Res\u00fcmee: Die F\u00fchrungskr\u00e4fte sind somit in der Pandemie der entscheidende Hebel f\u00fcrs Wohlergehen der Belegschaft, emotionale Bindung der Mitarbeiter sei der Impfstoff gegen ungewollte Fluktuation. .<\/p>\n<p>&nbsp;<\/p>\n<p><strong>Das Gef\u00fchl, als Mensch wahrgenommen zu werden, z\u00e4hlt<\/strong><\/p>\n<p>Ninks Rat: &#8222;Unternehmen sollten sich jetzt \u00fcberlegen, wie sie ihre Besch\u00e4ftigten, die in Kurzarbeit waren oder sind, f\u00fcr sich emotional zur\u00fcckgewinnen k\u00f6nnen.&#8220; Die Formel, wie die Mitarbeiter ticken, sei eigentlich einfach: &#8222;Gibt mir der direkte Vorgesetzte das Gef\u00fchl, als Mensch wahrgenommen zu werden, steigt auch die Wahrnehmung, dass das gesamte Unternehmen es tut.&#8220; Die Corona-Krise habe damit das Thema F\u00fchrung noch einmal st\u00e4rker in den Vordergrund ger\u00fcckt und gezeigt, dass F\u00fchrung nicht nur passieren darf, sondern aktiv gelebt werden muss. Vor allem dann, wenn Teams nicht an einem Ort zusammenkommen k\u00f6nnen. Einem Teil der F\u00fchrungskr\u00e4fte hierzulande sei ihr Job durchaus gelungen, urteilt Pa Sinyan. \u201eDie haben gezeigt: sie k\u00f6nnen sich ver\u00e4ndern \u2013 wenn sie nur wollen.\u201c<\/p>\n<p>&nbsp;<\/p>\n<p>&nbsp;<\/p>\n<blockquote class=\"wp-embedded-content\" data-secret=\"v1tksMvoLM\"><p><a href=\"https:\/\/blog.wiwo.de\/management\/2019\/02\/06\/gallup-studie-die-meisten-fuehlen-sich-von-ihren-arbeitgebern-belogen\/\">Gallup-Studie: Die meisten Angestellten f\u00fchlen sich von ihren Arbeitgebern belogen<\/a><\/p><\/blockquote>\n<p><iframe loading=\"lazy\" class=\"wp-embedded-content\" sandbox=\"allow-scripts\" security=\"restricted\" style=\"position: absolute; clip: rect(1px, 1px, 1px, 1px);\" title=\"&#8222;Gallup-Studie: Die meisten Angestellten f\u00fchlen sich von ihren Arbeitgebern belogen&#8220; &#8212; Management-Blog\" src=\"https:\/\/blog.wiwo.de\/management\/2019\/02\/06\/gallup-studie-die-meisten-fuehlen-sich-von-ihren-arbeitgebern-belogen\/embed\/#?secret=wVf3b5SzbX#?secret=v1tksMvoLM\" data-secret=\"v1tksMvoLM\" width=\"584\" height=\"329\" frameborder=\"0\" marginwidth=\"0\" marginheight=\"0\" scrolling=\"no\"><\/iframe><\/p>\n<p>&nbsp;<\/p>\n<blockquote class=\"wp-embedded-content\" data-secret=\"5pDzRdmZaw\"><p><a href=\"https:\/\/blog.wiwo.de\/management\/2021\/02\/28\/ja-es-ist-wahr-sagt-marco-nink-von-gallup-im-interview-zufriedene-mitarbeiter-bescheren-unternehmen-mehr-umsatz-und-gewinn\/\">Ja es ist wahr, sagt Marco Nink von Gallup im Interview: Zufriedene Mitarbeiter bescheren Unternehmen mehr Umsatz und Gewinn<\/a><\/p><\/blockquote>\n<p><iframe loading=\"lazy\" class=\"wp-embedded-content\" sandbox=\"allow-scripts\" security=\"restricted\" style=\"position: absolute; clip: rect(1px, 1px, 1px, 1px);\" title=\"&#8222;Ja es ist wahr, sagt Marco Nink von Gallup im Interview: Zufriedene Mitarbeiter bescheren Unternehmen mehr Umsatz und Gewinn&#8220; &#8212; Management-Blog\" src=\"https:\/\/blog.wiwo.de\/management\/2021\/02\/28\/ja-es-ist-wahr-sagt-marco-nink-von-gallup-im-interview-zufriedene-mitarbeiter-bescheren-unternehmen-mehr-umsatz-und-gewinn\/embed\/#?secret=LmOaQXu7uj#?secret=5pDzRdmZaw\" data-secret=\"5pDzRdmZaw\" width=\"584\" height=\"329\" frameborder=\"0\" marginwidth=\"0\" marginheight=\"0\" scrolling=\"no\"><\/iframe><\/p>\n<blockquote class=\"wp-embedded-content\" data-secret=\"iCpkQVbIiX\"><p><a href=\"https:\/\/blog.wiwo.de\/management\/2019\/09\/12\/gallup-studie-2019-rund-sechs-millionen-beschaeftigte-glauben-nicht-an-ihr-unternehmen-mit-122-milliarden-euro-folgeschaeden-schuld-sind-die-fuehrungskraefte-selbst\/\">Gallup-Studie 2019:  Rund sechs Millionen Besch\u00e4ftigte glauben nicht an ihr Unternehmen &#8211; mit 122 Milliarden Euro Folgesch\u00e4den, schuld sind die F\u00fchrungskr\u00e4fte selbst<\/a><\/p><\/blockquote>\n<p><iframe loading=\"lazy\" class=\"wp-embedded-content\" sandbox=\"allow-scripts\" security=\"restricted\" style=\"position: absolute; clip: rect(1px, 1px, 1px, 1px);\" title=\"&#8222;Gallup-Studie 2019:  Rund sechs Millionen Besch\u00e4ftigte glauben nicht an ihr Unternehmen &#8211; mit 122 Milliarden Euro Folgesch\u00e4den, schuld sind die F\u00fchrungskr\u00e4fte selbst&#8220; &#8212; Management-Blog\" src=\"https:\/\/blog.wiwo.de\/management\/2019\/09\/12\/gallup-studie-2019-rund-sechs-millionen-beschaeftigte-glauben-nicht-an-ihr-unternehmen-mit-122-milliarden-euro-folgeschaeden-schuld-sind-die-fuehrungskraefte-selbst\/embed\/#?secret=nMIcowVIpF#?secret=iCpkQVbIiX\" data-secret=\"iCpkQVbIiX\" width=\"584\" height=\"329\" frameborder=\"0\" marginwidth=\"0\" marginheight=\"0\" scrolling=\"no\"><\/iframe><\/p>\n<p>&nbsp;<\/p>\n<blockquote class=\"wp-embedded-content\" data-secret=\"yibgDdGCDi\"><p><a href=\"https:\/\/blog.wiwo.de\/management\/2016\/03\/16\/gallup-studie-wenn-ich-meiner-firma-egal-bin-ist-sie-mir-auch-egal\/\">Gallup-Studie: Wenn ich meiner Firma egal bin, ist sie mir auch egal<\/a><\/p><\/blockquote>\n<p><iframe loading=\"lazy\" class=\"wp-embedded-content\" sandbox=\"allow-scripts\" security=\"restricted\" style=\"position: absolute; clip: rect(1px, 1px, 1px, 1px);\" title=\"&#8222;Gallup-Studie: Wenn ich meiner Firma egal bin, ist sie mir auch egal&#8220; &#8212; Management-Blog\" src=\"https:\/\/blog.wiwo.de\/management\/2016\/03\/16\/gallup-studie-wenn-ich-meiner-firma-egal-bin-ist-sie-mir-auch-egal\/embed\/#?secret=40epSj3xuo#?secret=yibgDdGCDi\" data-secret=\"yibgDdGCDi\" width=\"584\" height=\"329\" frameborder=\"0\" marginwidth=\"0\" marginheight=\"0\" scrolling=\"no\"><\/iframe><\/p>\n<p>&nbsp;<\/p>\n<p>&nbsp;<\/p>\n<p>&nbsp;<\/p>\n<p>&nbsp;<\/p>\n<p>&nbsp;<\/p>\n<p><img loading=\"lazy\" decoding=\"async\" class=\"alignleft size-thumbnail wp-image-672912\" src=\"https:\/\/blog.wiwo.de\/management\/files\/2020\/01\/Top20-Blogneu-002-1-150x150.png\" alt=\"\" width=\"150\" height=\"150\" \/><\/p>\n<div id=\"attachment_672760\" style=\"width: 160px\" class=\"wp-caption alignright\"><img loading=\"lazy\" decoding=\"async\" aria-describedby=\"caption-attachment-672760\" class=\"size-thumbnail wp-image-672760\" src=\"https:\/\/blog.wiwo.de\/management\/files\/2020\/01\/BloggerRelevanzIndex2019.news-aktuell-Infografik-Relevanteste-Blogs-150x150.jpg\" alt=\"\" width=\"150\" height=\"150\" \/><p id=\"caption-attachment-672760\" class=\"wp-caption-text\">Blogger-Relevanz-Index 2019<\/p><\/div>\n<p><img loading=\"lazy\" decoding=\"async\" class=\"aligncenter size-thumbnail wp-image-673624\" src=\"https:\/\/blog.wiwo.de\/management\/files\/2020\/04\/Bloggerinnen2020_DRAFT_01-150x150.jpg\" alt=\"\" width=\"150\" height=\"150\" \/><\/p>\n<p>&nbsp;<\/p>\n","protected":false},"excerpt":{"rendered":"<p>Die Zahl die wirklich loyalen Mitarbeiter ist im Coronajahr weiter gesunken &#8211; das sogar sehr deutlich: Nur 61 Prozent der befragten Arbeitnehmer beabsichtigen ohne Wenn und Aber, in einem Jahr noch bei ihrer derzeitigen Firma zu sein. Zum Vergleich: 2019 &hellip; <a href=\"https:\/\/blog.wiwo.de\/management\/2021\/03\/18\/gallup-studie-2020-die-top-manager-haben-bei-der-pandemie-einen-guten-job-gemacht-die-fuehrungskraefte-eher-nicht-kurzarbeit-verzeihen-die-mitarbeiter-nicht\/\">Weiterlesen <span class=\"meta-nav\">&rarr;<\/span><\/a><\/p>\n","protected":false},"author":19,"featured_media":0,"comment_status":"open","ping_status":"open","sticky":false,"template":"","format":"standard","meta":{"footnotes":""},"categories":[1],"tags":[70,73,4344,195,9883,2266,9887,427,548,576,9277,2269,775,9886,9884,4227,9885,1168],"class_list":["post-676071","post","type-post","status-publish","format-standard","hentry","category-allgemein","tag-arbeitgeber","tag-arbeitnehmer","tag-beschaftigte","tag-burn-out","tag-fuehrungkraefte","tag-gallup","tag-gallup-engagement-index-2020","tag-gallup-studie","tag-innerliche-kundigung","tag-jobwechsel","tag-kurzarbeit","tag-marco-nink","tag-mitarbeiter","tag-pa-sinyan","tag-pandiemie","tag-top-management","tag-wechselwilligkeit","tag-wertschatzung"],"_links":{"self":[{"href":"https:\/\/blog.wiwo.de\/management\/wp-json\/wp\/v2\/posts\/676071","targetHints":{"allow":["GET"]}}],"collection":[{"href":"https:\/\/blog.wiwo.de\/management\/wp-json\/wp\/v2\/posts"}],"about":[{"href":"https:\/\/blog.wiwo.de\/management\/wp-json\/wp\/v2\/types\/post"}],"author":[{"embeddable":true,"href":"https:\/\/blog.wiwo.de\/management\/wp-json\/wp\/v2\/users\/19"}],"replies":[{"embeddable":true,"href":"https:\/\/blog.wiwo.de\/management\/wp-json\/wp\/v2\/comments?post=676071"}],"version-history":[{"count":7,"href":"https:\/\/blog.wiwo.de\/management\/wp-json\/wp\/v2\/posts\/676071\/revisions"}],"predecessor-version":[{"id":676115,"href":"https:\/\/blog.wiwo.de\/management\/wp-json\/wp\/v2\/posts\/676071\/revisions\/676115"}],"wp:attachment":[{"href":"https:\/\/blog.wiwo.de\/management\/wp-json\/wp\/v2\/media?parent=676071"}],"wp:term":[{"taxonomy":"category","embeddable":true,"href":"https:\/\/blog.wiwo.de\/management\/wp-json\/wp\/v2\/categories?post=676071"},{"taxonomy":"post_tag","embeddable":true,"href":"https:\/\/blog.wiwo.de\/management\/wp-json\/wp\/v2\/tags?post=676071"}],"curies":[{"name":"wp","href":"https:\/\/api.w.org\/{rel}","templated":true}]}}