{"id":673763,"date":"2020-05-17T07:00:11","date_gmt":"2020-05-17T05:00:11","guid":{"rendered":"https:\/\/blog.wiwo.de\/management\/?p=673763"},"modified":"2020-05-19T00:51:11","modified_gmt":"2020-05-18T22:51:11","slug":"fragebogen-nahaufnahme-mit-freenet-ceo-christoph-vilanek-mit-dem-faible-fuer-schrill-bunte-hosen","status":"publish","type":"post","link":"https:\/\/blog.wiwo.de\/management\/2020\/05\/17\/fragebogen-nahaufnahme-mit-freenet-ceo-christoph-vilanek-mit-dem-faible-fuer-schrill-bunte-hosen\/","title":{"rendered":"Fragebogen &#8222;Nahaufnahme&#8220; mit Freenet-CEO  Christoph Vilanek mit dem Faible f\u00fcr schrill bunte Hosen"},"content":{"rendered":"<p><strong>Den Fragebogen &#8222;Nahaufnahme&#8220; beantwortet Christoph Vilanek, Vorstandvorsitzender des Telekommunikationsunternehmens Freenet.<\/strong><\/p>\n<p>&nbsp;<\/p>\n<div id=\"attachment_673764\" style=\"width: 660px\" class=\"wp-caption aligncenter\"><a href=\"https:\/\/blog.wiwo.de\/management\/files\/2020\/05\/freenet.christoph-vilanek-stehend.jpg\"><img loading=\"lazy\" decoding=\"async\" aria-describedby=\"caption-attachment-673764\" class=\"size-full wp-image-673764\" src=\"https:\/\/blog.wiwo.de\/management\/files\/2020\/05\/freenet.christoph-vilanek-stehend.jpg\" alt=\"\" width=\"650\" height=\"433\" srcset=\"https:\/\/blog.wiwo.de\/management\/files\/2020\/05\/freenet.christoph-vilanek-stehend.jpg 650w, https:\/\/blog.wiwo.de\/management\/files\/2020\/05\/freenet.christoph-vilanek-stehend-300x200.jpg 300w, https:\/\/blog.wiwo.de\/management\/files\/2020\/05\/freenet.christoph-vilanek-stehend-450x300.jpg 450w\" sizes=\"auto, (max-width: 650px) 100vw, 650px\" \/><\/a><p id=\"caption-attachment-673764\" class=\"wp-caption-text\">Christoph Vilanek (Foto: PR)<\/p><\/div>\n<p>&nbsp;<\/p>\n<p>&nbsp;<\/p>\n<p><strong>Erkl\u00e4ren Sie in einem Satz, was Ihr Unternehmen tut.<\/strong><\/p>\n<p>Ich habe mal in einem Interview salopp gesagt, wir verkaufen so zusagend Luft. Das ist nat\u00fcrlich Quatsch. Freenet liefert Endkunden unter einer Reihe von Marken Zugang zu Mobilfunk, Internet, IPTV, Terrestrisches Fernsehen, Radio, Public Wifi und liefert Hardware, Software und Mehrwertdienste dazu.<\/p>\n<p>&nbsp;<\/p>\n<p>&nbsp;<\/p>\n<p><strong>Womit beginnt Ihr Tag?<\/strong><\/p>\n<p>Ich stelle mir nie einen Wecker. Mich weckt unsere Katze, weil sie mit lautem Miauen oder an der T\u00fcr kratzen ihren Hunger demonstriert. Da meine Frau diese Ger\u00e4usche ausblenden kann, stehe ich auf, erledige die Raubtierf\u00fctterung, schalte meine Espressomaschine an \u2013 sie braucht 15 Minuten bis sie hei\u00df ist \u2013 in der Zeit schaue ich E-Mails durch, lese auf dem Screen die Headlines der wichtigsten Medien. Nach einer Dusche gibt es Espresso, auf dem Weg zur Arbeit mit dem Rad h\u00f6re ich &#8222;B5 Aktuell&#8220; und komme im B\u00fcro gegen 8.30 Uhr an.<\/p>\n<p>&nbsp;<\/p>\n<p>&nbsp;<\/p>\n<p><strong>Was unterscheidet Sie als Chef von anderen Chefs im Auftreten?<\/strong><\/p>\n<p>Ich habe einen Bart, lange Haare, ich trage keine Krawatte, daf\u00fcr fast immer schrill bunte Hosen. Ich duze mich mit den Mitarbeitern schon seit 2005, bevor es hip wurde. Mein Schreibtisch ist clean, ich f\u00fchre keine Wiedervorlagen, meine B\u00fcrot\u00fcr ist offen, ich habe keinen Dienstwagen, ich liebe k\u00f6rperliche Arbeit, ich verzichte gerne auf Ausf\u00fchrlichkeiten. Ich mag den direkten Ton, man w\u00fcrde mich nicht als CEO wahrnehmen, Statussymbole mag ich nicht. Meine Freunde sind keine Manager.<\/p>\n<p>&nbsp;<\/p>\n<div id=\"attachment_673827\" style=\"width: 660px\" class=\"wp-caption aligncenter\"><a href=\"https:\/\/blog.wiwo.de\/management\/files\/2020\/05\/Hosen-CV1-e1589671414351.jpg\"><img loading=\"lazy\" decoding=\"async\" aria-describedby=\"caption-attachment-673827\" class=\"size-full wp-image-673827\" src=\"https:\/\/blog.wiwo.de\/management\/files\/2020\/05\/Hosen-CV1-e1589671414351.jpg\" alt=\"\" width=\"650\" height=\"398\" srcset=\"https:\/\/blog.wiwo.de\/management\/files\/2020\/05\/Hosen-CV1-e1589671414351.jpg 650w, https:\/\/blog.wiwo.de\/management\/files\/2020\/05\/Hosen-CV1-e1589671414351-300x184.jpg 300w, https:\/\/blog.wiwo.de\/management\/files\/2020\/05\/Hosen-CV1-e1589671414351-490x300.jpg 490w\" sizes=\"auto, (max-width: 650px) 100vw, 650px\" \/><\/a><p id=\"caption-attachment-673827\" class=\"wp-caption-text\">(Foto: Freenet)<\/p><\/div>\n<p>&nbsp;<\/p>\n<p><strong>&#8230; und was w\u00fcrden Ihre Mitarbeiter darauf antworten?<\/strong><br \/>\nDas stimmt.<\/p>\n<p>&nbsp;<\/p>\n<p><strong>Tee oder Kaffee?<\/strong><\/p>\n<p>Espresso morgens, ab elf Uhr Latte.<\/p>\n<p>&nbsp;<\/p>\n<p><strong>Ihr Spitzname ist&#8230;?<\/strong><\/p>\n<p>Als Kind: Willi.<\/p>\n<p>&nbsp;<\/p>\n<p><strong>Verraten Sie eine Marotte.<\/strong><\/p>\n<p>Ich schlage immer die Kissen auf, wenn ich vom Sofa aufstehe.<\/p>\n<p>&nbsp;<\/p>\n<p><strong>Was bringt Sie in Harnisch?<\/strong><\/p>\n<p>Eitelkeit<\/p>\n<p>&nbsp;<\/p>\n<p><strong>&#8230;und was bringt andere an Ihnen in Harnisch?<\/strong><\/p>\n<p>Manchmal predige ich.<\/p>\n<p>&nbsp;<\/p>\n<p><strong>Was m\u00f6chten Sie gerne in Rente machen?<\/strong><\/p>\n<p>Mein Grundst\u00fcck langsam zu einem Schmuckst\u00fcck umgestalten, allein, ohne Hilfe. Justo Gallego Martinez ist mein Vorbild.<\/p>\n<p>&nbsp;<\/p>\n<p><strong>Was sch\u00e4tzen Sie an anderen Menschen am meisten?<\/strong><\/p>\n<p>Intelligenz ohne sie zu wichtig zu nehmen.<\/p>\n<p>&nbsp;<\/p>\n<p><strong>Auf welche drei Dinge k\u00f6nnten Sie niemals verzichten?<\/strong><\/p>\n<p>Einen G\u00fcrtel, ein Smartphone, Ear Pads<\/p>\n<p>&nbsp;<\/p>\n<p><strong>Wenn Sie f\u00fcr einen Tag den Job von jemand anderem \u00fcbernehmen k\u00f6nnten &#8211; welcher w\u00e4re das? <\/strong><\/p>\n<p>Astronaut auf der ISS.<\/p>\n<p>&nbsp;<\/p>\n<p><span style=\"font-family: Calibri\">\u00a0<\/span><span style=\"color: #000000;font-family: Calibri\">\u00a0<\/span><\/p>\n<p>&nbsp;<\/p>\n<p><a href=\"https:\/\/blog.wiwo.de\/management\/files\/2020\/01\/Top20-Blogneu-002-1.png\"><img loading=\"lazy\" decoding=\"async\" class=\"alignleft size-thumbnail wp-image-672912\" src=\"https:\/\/blog.wiwo.de\/management\/files\/2020\/01\/Top20-Blogneu-002-1-150x150.png\" alt=\"\" width=\"150\" height=\"150\" \/><\/a><a href=\"https:\/\/blog.wiwo.de\/management\/files\/2020\/04\/Bloggerinnen2020_DRAFT_01.jpg\"><img loading=\"lazy\" decoding=\"async\" class=\"alignright size-thumbnail wp-image-673624\" src=\"https:\/\/blog.wiwo.de\/management\/files\/2020\/04\/Bloggerinnen2020_DRAFT_01-150x150.jpg\" alt=\"\" width=\"150\" height=\"150\" \/><\/a><\/p>\n<div id=\"attachment_672760\" style=\"width: 160px\" class=\"wp-caption aligncenter\"><a href=\"https:\/\/blog.wiwo.de\/management\/files\/2020\/01\/BloggerRelevanzIndex2019.news-aktuell-Infografik-Relevanteste-Blogs.jpg\"><img loading=\"lazy\" decoding=\"async\" aria-describedby=\"caption-attachment-672760\" class=\"size-thumbnail wp-image-672760\" src=\"https:\/\/blog.wiwo.de\/management\/files\/2020\/01\/BloggerRelevanzIndex2019.news-aktuell-Infografik-Relevanteste-Blogs-150x150.jpg\" alt=\"\" width=\"150\" height=\"150\" \/><\/a><p id=\"caption-attachment-672760\" class=\"wp-caption-text\">Blogger-Relevanz-Index 2019<\/p><\/div>\n","protected":false},"excerpt":{"rendered":"<p>Den Fragebogen &#8222;Nahaufnahme&#8220; beantwortet Christoph Vilanek, Vorstandvorsitzender des Telekommunikationsunternehmens Freenet. &nbsp; &nbsp; &nbsp; Erkl\u00e4ren Sie in einem Satz, was Ihr Unternehmen tut. Ich habe mal in einem Interview salopp gesagt, wir verkaufen so zusagend Luft. Das ist nat\u00fcrlich Quatsch. Freenet &hellip; <a href=\"https:\/\/blog.wiwo.de\/management\/2020\/05\/17\/fragebogen-nahaufnahme-mit-freenet-ceo-christoph-vilanek-mit-dem-faible-fuer-schrill-bunte-hosen\/\">Weiterlesen <span class=\"meta-nav\">&rarr;<\/span><\/a><\/p>\n","protected":false},"author":19,"featured_media":0,"comment_status":"open","ping_status":"open","sticky":false,"template":"","format":"standard","meta":{"footnotes":""},"categories":[1],"tags":[3755,4763,4329],"class_list":["post-673763","post","type-post","status-publish","format-standard","hentry","category-allgemein","tag-christoph-vilanek","tag-fragebogen-nahaufnahme","tag-freenet"],"_links":{"self":[{"href":"https:\/\/blog.wiwo.de\/management\/wp-json\/wp\/v2\/posts\/673763","targetHints":{"allow":["GET"]}}],"collection":[{"href":"https:\/\/blog.wiwo.de\/management\/wp-json\/wp\/v2\/posts"}],"about":[{"href":"https:\/\/blog.wiwo.de\/management\/wp-json\/wp\/v2\/types\/post"}],"author":[{"embeddable":true,"href":"https:\/\/blog.wiwo.de\/management\/wp-json\/wp\/v2\/users\/19"}],"replies":[{"embeddable":true,"href":"https:\/\/blog.wiwo.de\/management\/wp-json\/wp\/v2\/comments?post=673763"}],"version-history":[{"count":5,"href":"https:\/\/blog.wiwo.de\/management\/wp-json\/wp\/v2\/posts\/673763\/revisions"}],"predecessor-version":[{"id":673843,"href":"https:\/\/blog.wiwo.de\/management\/wp-json\/wp\/v2\/posts\/673763\/revisions\/673843"}],"wp:attachment":[{"href":"https:\/\/blog.wiwo.de\/management\/wp-json\/wp\/v2\/media?parent=673763"}],"wp:term":[{"taxonomy":"category","embeddable":true,"href":"https:\/\/blog.wiwo.de\/management\/wp-json\/wp\/v2\/categories?post=673763"},{"taxonomy":"post_tag","embeddable":true,"href":"https:\/\/blog.wiwo.de\/management\/wp-json\/wp\/v2\/tags?post=673763"}],"curies":[{"name":"wp","href":"https:\/\/api.w.org\/{rel}","templated":true}]}}