{"id":673177,"date":"2020-03-04T17:00:44","date_gmt":"2020-03-04T16:00:44","guid":{"rendered":"https:\/\/blog.wiwo.de\/management\/?p=673177"},"modified":"2020-03-03T23:37:26","modified_gmt":"2020-03-03T22:37:26","slug":"fragebogen-nahaufnahme-mit-global-digital-woman-gruenderin-tijen-onaran-die-ihr-essen-am-liebsten-fuer-sich-alleine-hat","status":"publish","type":"post","link":"https:\/\/blog.wiwo.de\/management\/2020\/03\/04\/fragebogen-nahaufnahme-mit-global-digital-woman-gruenderin-tijen-onaran-die-ihr-essen-am-liebsten-fuer-sich-alleine-hat\/","title":{"rendered":"Fragebogen &#8222;Nahaufnahme&#8220; mit Global-Digital-Woman-Gr\u00fcnderin Tijen Onaran, die ihren Teller mit Essen f\u00fcr sich haben will"},"content":{"rendered":"<div class=\"_1PykQrbOAi1vvEtfcvQEia\">\n<div class=\"_21bgioiEBbnVoXvYXjL3tH JWNdg1hee9_Rz6bIGvG1c allowTextSelection\">\n<div>\n<div>\n<div><strong>Den Fragebogen Nahaufnahme beantwortet Tien Onaran, Gr\u00fcnderin der Frauennetzwerks Global Digital Woman, Expertin f\u00fcr Social Media und Autorin der &#8222;Netzwerkbibel&#8220;.<\/strong><\/div>\n<div>.<\/div>\n<\/div>\n<div><\/div>\n<div>\n<div id=\"attachment_673178\" style=\"width: 444px\" class=\"wp-caption aligncenter\"><a href=\"https:\/\/blog.wiwo.de\/management\/files\/2020\/03\/tijen.onoran.2020.jpg\"><img loading=\"lazy\" decoding=\"async\" aria-describedby=\"caption-attachment-673178\" class=\"size-full wp-image-673178\" src=\"https:\/\/blog.wiwo.de\/management\/files\/2020\/03\/tijen.onoran.2020.jpg\" alt=\"\" width=\"434\" height=\"650\" srcset=\"https:\/\/blog.wiwo.de\/management\/files\/2020\/03\/tijen.onoran.2020.jpg 434w, https:\/\/blog.wiwo.de\/management\/files\/2020\/03\/tijen.onoran.2020-200x300.jpg 200w\" sizes=\"auto, (max-width: 434px) 100vw, 434px\" \/><\/a><p id=\"caption-attachment-673178\" class=\"wp-caption-text\">Tijen Onaran (Foto: Privat)<\/p><\/div>\n<\/div>\n<div>\n<div><\/div>\n<div><strong>Erkl\u00e4ren Sie in einem Satz, was Ihr Unternehmen tut.<\/strong><\/div>\n<div>\n<p>Global Digital Women arbeitet jeden Tag daran, dass Unternehmen diverser werden: Dass sie mehr Frauen in Digitalberufen haben oder beispielsweise mehr Frauen in F\u00fchrungspositionen bekommen &#8211; das f\u00e4ngt bei der Beratung von Personalabteilungen an und geht bis zur Organisation von eigenen sowie externen Veranstaltungsformaten.<\/p>\n<p>.<\/p>\n<\/div>\n<div><\/div>\n<div><strong>Womit beginnt Ihr Tag?<\/strong><\/div>\n<div><\/div>\n<div>Ich reise viel, zuhause starte ich um 6.30 Uhr und arbeite eine Stunde lang. Danach gehe ich mit meinen beiden Hunden Leo und Paul raus, setze mich dann wieder an den Laptop oder mache ich mich auf den Weg zum ersten Termin.<\/div>\n<div>\n<p>&nbsp;<\/p>\n<p>&nbsp;<\/p>\n<p><strong>Was unterscheidet Sie von anderen Chefs im Auftreten und im Behave?<\/strong><\/p>\n<p>Zum einen teile ich mir den Posten mit meinem Mann. Er wirkt viel st\u00e4rker nach innen als ich, er ist der Innenminister und ich die Au\u00dfenministerin. Ich bin ich sehr direkt: ich w\u00fcrde nie um den hei\u00dfen Brei drumherum reden und nie sagen, dass mir eine Idee gef\u00e4llt, wenn sie das nicht tut.<\/p>\n<p>&nbsp;<\/p>\n<\/div>\n<div>\n<p><strong>&#8230; und was w\u00fcrden Ihre Mitarbeiter darauf antworten?<\/strong><\/p>\n<p>Sie w\u00fcrden sagen: zum Gl\u00fcck gibt es den Innenminister&#x1f60a;.\u00a0 Auch w\u00fcrden sie best\u00e4tigen, dass ich sehr direkt bin &#8211; dass sie aber immer wissen woran sie bei mir sind.<\/p>\n<\/div>\n<div>\n<p>&nbsp;<\/p>\n<p><strong>Tee oder Kaffee?<\/strong><\/p>\n<p>Morgens Tee, mittags Kaffee.<\/p>\n<\/div>\n<div><\/div>\n<div>\n<p><strong>Ihr Spitzname ist&#8230;?<\/strong><\/p>\n<p>Ich kann eine Unzahl an Variationen bieten was die Aussprache meines Namens betrifft: Tischen, Tichen, Tien undsoweiter.<\/p>\n<\/div>\n<div><\/div>\n<div>\n<p><strong>Verraten Sie eine Marotte.<\/strong><\/p>\n<p>Ich teile nicht gern Essen, sprich: Tapas essen gehen mit mir ist nur dann m\u00f6glich, wenn jeder seine eigenen bestellt.<\/p>\n<\/div>\n<\/div>\n<\/div>\n<div><\/div>\n<div>\n<div>\n<div><\/div>\n<div>\n<p><strong>Was bringt Sie in Harnisch?<\/strong><\/p>\n<p>Unehrlichkeit und Unzuverl\u00e4ssigkeit.<\/p>\n<\/div>\n<div><\/div>\n<div><\/div>\n<div>\n<p><strong>&#8230;und was bringt andere an Ihnen in Harnisch?<\/strong><\/p>\n<p>Meine Ungeduld.<\/p>\n<\/div>\n<div><\/div>\n<div><\/div>\n<div>\n<p><strong>Was m\u00f6chten Sie gerne in Rente machen?<\/strong><\/p>\n<p>Zuerst w\u00fcrde ich mich f\u00fcr ausgesetzte Hunde engagieren, viel reisen und dann auch Zeit f\u00fcr die St\u00e4dte haben wie New York, Marrakesch oder Sydney.<\/p>\n<\/div>\n<div><\/div>\n<div>\n<p>.<\/p>\n<p><strong>Was sch\u00e4tzen Sie an anderen Menschen am meisten?<\/strong><\/p>\n<p>Verbindlichkeit, Humor und Ehrlichkeit. Den Humor betreffend: wenn ich mit anderen \u00fcber mich, aber auch \u00fcber die Person lachen kann. Verbindlichkeit und Ehrlichkeit: Lieber soll man mir sagen, dass etwas gerade nicht passt &#8211; ein Projekt oder eine Verabredung, als dass man Ausreden erfindet.<\/p>\n<\/div>\n<div><\/div>\n<div><\/div>\n<div>\n<p><strong>Auf welche drei Dinge k\u00f6nnten Sie niemals verzichten?<\/strong><\/p>\n<p>Meine noise cancelling Kopfh\u00f6rer, damit auch mein Handy, und Zahnseide.<\/p>\n<\/div>\n<div><\/div>\n<div>\n<p><strong>Wenn Sie f\u00fcr einen Tag den Job von jemand anderem \u00fcbernehmen k\u00f6nnten &#8211; welcher w\u00e4re das?<\/strong><\/p>\n<p>Ich w\u00fcrde gerne f\u00fcr einen Tag den Job von <a href=\"https:\/\/de.wikipedia.org\/wiki\/Melinda_Gates\">Melinda Gates<\/a> &#8211; der Frau von Microsoft-Gr\u00fcnder Bill Gates &#8211; \u00fcbernehmen. Einfach um zu lernen und internationale Einblicke zu erhalten.<\/p>\n<\/div>\n<div><\/div>\n<div><\/div>\n<\/div>\n<\/div>\n<\/div>\n<\/div>\n<div class=\"_1PykQrbOAi1vvEtfcvQEia\">\n<div class=\"_21bgioiEBbnVoXvYXjL3tH JWNdg1hee9_Rz6bIGvG1c allowTextSelection\">\n<div>\n<div><a href=\"https:\/\/blog.wiwo.de\/management\/files\/2018\/06\/TijenshundePauli_und_Leo.jpg\"><img loading=\"lazy\" decoding=\"async\" class=\"aligncenter size-full wp-image-668106\" src=\"https:\/\/blog.wiwo.de\/management\/files\/2018\/06\/TijenshundePauli_und_Leo.jpg\" alt=\"\" width=\"650\" height=\"366\" srcset=\"https:\/\/blog.wiwo.de\/management\/files\/2018\/06\/TijenshundePauli_und_Leo.jpg 650w, https:\/\/blog.wiwo.de\/management\/files\/2018\/06\/TijenshundePauli_und_Leo-300x169.jpg 300w, https:\/\/blog.wiwo.de\/management\/files\/2018\/06\/TijenshundePauli_und_Leo-500x282.jpg 500w\" sizes=\"auto, (max-width: 650px) 100vw, 650px\" \/><\/a><\/div>\n<\/div>\n<div>Leo und Paul sind Tijen Onarans Hunde, die sie auch im Office bei sich hat. (Foto: Privat)<\/div>\n<\/div>\n<\/div>\n<div><\/div>\n<div><\/div>\n<div><\/div>\n<div><\/div>\n<div><\/div>\n<div><\/div>\n<div>\n<div id=\"attachment_671683\" style=\"width: 160px\" class=\"wp-caption alignright\"><a href=\"https:\/\/blog.wiwo.de\/management\/files\/2019\/09\/IMG-20190906-WA0016.jpg\"><img loading=\"lazy\" decoding=\"async\" aria-describedby=\"caption-attachment-671683\" class=\"size-thumbnail wp-image-671683\" src=\"https:\/\/blog.wiwo.de\/management\/files\/2019\/09\/IMG-20190906-WA0016-150x150.jpg\" alt=\"\" width=\"150\" height=\"150\" \/><\/a><p id=\"caption-attachment-671683\" class=\"wp-caption-text\">Blogger-Relevanz-Index 2019: Blogs von Frauen<\/p><\/div>\n<p><a href=\"https:\/\/blog.wiwo.de\/management\/files\/2020\/01\/Top20-Blogneu-002-1.png\"><img loading=\"lazy\" decoding=\"async\" class=\"alignleft size-thumbnail wp-image-672912\" src=\"https:\/\/blog.wiwo.de\/management\/files\/2020\/01\/Top20-Blogneu-002-1-150x150.png\" alt=\"\" width=\"150\" height=\"150\" \/><\/a><\/p>\n<\/div>\n","protected":false},"excerpt":{"rendered":"<p>Den Fragebogen Nahaufnahme beantwortet Tien Onaran, Gr\u00fcnderin der Frauennetzwerks Global Digital Woman, Expertin f\u00fcr Social Media und Autorin der &#8222;Netzwerkbibel&#8220;. . Erkl\u00e4ren Sie in einem Satz, was Ihr Unternehmen tut. Global Digital Women arbeitet jeden Tag daran, dass Unternehmen diverser &hellip; <a href=\"https:\/\/blog.wiwo.de\/management\/2020\/03\/04\/fragebogen-nahaufnahme-mit-global-digital-woman-gruenderin-tijen-onaran-die-ihr-essen-am-liebsten-fuer-sich-alleine-hat\/\">Weiterlesen <span class=\"meta-nav\">&rarr;<\/span><\/a><\/p>\n","protected":false},"author":19,"featured_media":0,"comment_status":"open","ping_status":"open","sticky":false,"template":"","format":"standard","meta":{"footnotes":""},"categories":[1],"tags":[4763,7546,6939],"class_list":["post-673177","post","type-post","status-publish","format-standard","hentry","category-allgemein","tag-fragebogen-nahaufnahme","tag-global-digital-woman","tag-tijen-onaran"],"_links":{"self":[{"href":"https:\/\/blog.wiwo.de\/management\/wp-json\/wp\/v2\/posts\/673177","targetHints":{"allow":["GET"]}}],"collection":[{"href":"https:\/\/blog.wiwo.de\/management\/wp-json\/wp\/v2\/posts"}],"about":[{"href":"https:\/\/blog.wiwo.de\/management\/wp-json\/wp\/v2\/types\/post"}],"author":[{"embeddable":true,"href":"https:\/\/blog.wiwo.de\/management\/wp-json\/wp\/v2\/users\/19"}],"replies":[{"embeddable":true,"href":"https:\/\/blog.wiwo.de\/management\/wp-json\/wp\/v2\/comments?post=673177"}],"version-history":[{"count":5,"href":"https:\/\/blog.wiwo.de\/management\/wp-json\/wp\/v2\/posts\/673177\/revisions"}],"predecessor-version":[{"id":673183,"href":"https:\/\/blog.wiwo.de\/management\/wp-json\/wp\/v2\/posts\/673177\/revisions\/673183"}],"wp:attachment":[{"href":"https:\/\/blog.wiwo.de\/management\/wp-json\/wp\/v2\/media?parent=673177"}],"wp:term":[{"taxonomy":"category","embeddable":true,"href":"https:\/\/blog.wiwo.de\/management\/wp-json\/wp\/v2\/categories?post=673177"},{"taxonomy":"post_tag","embeddable":true,"href":"https:\/\/blog.wiwo.de\/management\/wp-json\/wp\/v2\/tags?post=673177"}],"curies":[{"name":"wp","href":"https:\/\/api.w.org\/{rel}","templated":true}]}}