{"id":672997,"date":"2020-02-13T00:55:35","date_gmt":"2020-02-12T23:55:35","guid":{"rendered":"https:\/\/blog.wiwo.de\/management\/?p=672997"},"modified":"2020-02-13T16:01:24","modified_gmt":"2020-02-13T15:01:24","slug":"zu-viel-arbeit-fuer-immer-weniger-mitarbeiter-sind-sie-noch-arbeitsverdichtet-oder-laengst-ueberfordert","status":"publish","type":"post","link":"https:\/\/blog.wiwo.de\/management\/2020\/02\/13\/zu-viel-arbeit-fuer-immer-weniger-mitarbeiter-sind-sie-noch-arbeitsverdichtet-oder-laengst-ueberfordert\/","title":{"rendered":"Zu viel Arbeit f\u00fcr immer weniger Mitarbeiter: Sind Sie noch arbeitsverdichtet &#8211; oder l\u00e4ngst \u00fcberfordert?"},"content":{"rendered":"<p>Manche Umfrageegebnisse bergen mehr Sprengstoff in sich, als man auf ersten Blick meint &#8211; so wie die der des Wirtschafts- und Sozialwissenschaftlichen Instituts der Hans-B\u00f6ckler-Stiftung zur gestiegenen Arbeitsbelastung: Viel mehr und viel komplexere Arbeit haben die Mitarbeiter in zumindest in 81 Prozent der Betriebe zu bew\u00e4ltigen &#8211; mit dem Endresultat: Die Angestellten haben mehr gesundheitliche Beschwerden.<\/p>\n<p>Ob sie viel zu viele nicht gez\u00e4hlte und nicht bezahlte \u00dcberstunden ableisten, dass kann man nur vermuten. Die Klinik\u00e4rzte haben ihre Misere mit viel zu vielen Wochenarbeitsstunden jetzt mal \u00f6ffentlich gemacht und sich gewundert, dass es die Patienten nicht die Bohne interessiert. Solidarisierung? Fehlanzeige. Das, obwohl sie selbst die Leidtragenden sein k\u00f6nnten bei der Behandlung durch \u00fcberm\u00fcdete Mediziner. Ein Aufschrei bleibt aus, bei \u00c4rzten ebenso wie bei anderen Branchen, wo viel zu viele &#8211; und oft unbezahlte &#8211; \u00dcberstunden dazu geh\u00f6ren, wie bei Beratungsh\u00e4usern, Kanzleien, Agenturen und auch Medien.<\/p>\n<p>&nbsp;<\/p>\n<p>Aber Schritt f\u00fcr Schritt: Die Top-Manager der Unternehmen haben in etlichen Branchen zu viel Personal-Ressourcen weg-gespart, ohne aber bisherige Aufgaben zu streichen. Sprich, Sie haben die Arbeitsmenge nicht entsprechend nach unten angepasst, zeigt die repr\u00e4sentative Untersuchung der Hans-B\u00f6ckler-Stiftung. Ein m\u00f6gliches Motiv der Top-Manager: Die Steigerung der eigenen Boni &#8211; nur leider auf Kosten der Arbeits- und Lebenszeit anderer.<\/p>\n<p>&nbsp;<\/p>\n<div id=\"attachment_669652\" style=\"width: 210px\" class=\"wp-caption aligncenter\"><a href=\"https:\/\/blog.wiwo.de\/management\/files\/2019\/01\/stress-e1548195878845.jpg\"><img loading=\"lazy\" decoding=\"async\" aria-describedby=\"caption-attachment-669652\" class=\"size-medium wp-image-669652\" src=\"https:\/\/blog.wiwo.de\/management\/files\/2019\/01\/stress-e1548195878845-200x300.jpg\" alt=\"\" width=\"200\" height=\"300\" srcset=\"https:\/\/blog.wiwo.de\/management\/files\/2019\/01\/stress-e1548195878845-200x300.jpg 200w, https:\/\/blog.wiwo.de\/management\/files\/2019\/01\/stress-e1548195878845.jpg 433w\" sizes=\"auto, (max-width: 200px) 100vw, 200px\" \/><\/a><p id=\"caption-attachment-669652\" class=\"wp-caption-text\">(Foto: C.T\u00f6dtmann)<\/p><\/div>\n<p>&nbsp;<\/p>\n<p><strong>Alles komplexer und alles auf einmal<\/strong><\/p>\n<p>Wie sich die Arbeitsverdichtung ansonsten auswirkt? 71 Prozent der Befragten best\u00e4tigen komplexere Aufgaben, 65 Prozent beklagen mehr und gleichzeitig zu bearbeitende Projekte. Unter den Befragten berichten 62 Prozent von bezahlten \u00dcberstunden, immerhin. Leiden tut jedenfalls das Betriebsklima unter den vielen Arbeitsverdichteten, 68 Prozent beklagen eine Verschlechterung. Und 47 Prozent glauben, dass die Qualit\u00e4t der Arbeitsergebnisse sinkt. Was eigentlich nur logisch klingt.<\/p>\n<p>&nbsp;<\/p>\n<p>&nbsp;<\/p>\n<p><strong>Zu viel Arbeit? Papperlapapp, Sie priorisieren nur falsch\u00a0<\/strong><\/p>\n<p>Und wie begegnen die Manager dem stillen St\u00f6hnen der Mitarbeiter? Wie werden sie dem Arbeitsschutz gerecht? Pustekuchen! F\u00fcrsorgepflicht gegen\u00fcber Arbeitnehmern? Blo\u00df nicht. Sie drehen den Spie\u00df flugs um und werfen ihnen n\u00f6tigenfalls vor: Wer die viel mehr Arbeit nicht mehr schafft,\u00a0 hat selbst schuld &#8211; denn er priorisiert \/ organisiert nur seine Arbeit selbst falsch. Dann kann der Betroffene noch froh sein, nicht als Minderleister an den Pranger gestellt zu werden.<\/p>\n<p>Frei nach dem Motto, die Top-Manager streichen Stellen. Sie werden daf\u00fcr mit Boni belohnt und ausbaden tun es die verbliebenen Mitarbeiter, die dasselbe Arbeitspensum oder gar mehr in derselben Zeit bew\u00e4ltigen m\u00fcssen.<\/p>\n<p>&nbsp;<\/p>\n<p><strong>Statista-Untersuchung:<\/strong><\/p>\n<p><img loading=\"lazy\" decoding=\"async\" class=\"aligncenter size-full wp-image-672998\" src=\"https:\/\/blog.wiwo.de\/management\/files\/2020\/02\/arbeitsverdichtung.jpg\" alt=\"\" width=\"620\" height=\"620\" srcset=\"https:\/\/blog.wiwo.de\/management\/files\/2020\/02\/arbeitsverdichtung.jpg 620w, https:\/\/blog.wiwo.de\/management\/files\/2020\/02\/arbeitsverdichtung-150x150.jpg 150w, https:\/\/blog.wiwo.de\/management\/files\/2020\/02\/arbeitsverdichtung-300x300.jpg 300w\" sizes=\"auto, (max-width: 620px) 100vw, 620px\" \/><\/p>\n<p>&nbsp;<\/p>\n<p>&nbsp;<\/p>\n<p>&nbsp;<\/p>\n<p>&nbsp;<\/p>\n<p>&nbsp;<\/p>\n<p>&nbsp;<\/p>\n<p><a href=\"https:\/\/blog.wiwo.de\/management\/files\/2020\/01\/Top20-Blogneu-002-1.png\"><img loading=\"lazy\" decoding=\"async\" class=\"alignleft size-thumbnail wp-image-672912\" src=\"https:\/\/blog.wiwo.de\/management\/files\/2020\/01\/Top20-Blogneu-002-1-150x150.png\" alt=\"\" width=\"150\" height=\"150\" \/><\/a><\/p>\n<div id=\"attachment_672760\" style=\"width: 160px\" class=\"wp-caption alignleft\"><a href=\"https:\/\/blog.wiwo.de\/management\/files\/2020\/01\/BloggerRelevanzIndex2019.news-aktuell-Infografik-Relevanteste-Blogs.jpg\"><img loading=\"lazy\" decoding=\"async\" aria-describedby=\"caption-attachment-672760\" class=\"size-thumbnail wp-image-672760\" src=\"https:\/\/blog.wiwo.de\/management\/files\/2020\/01\/BloggerRelevanzIndex2019.news-aktuell-Infografik-Relevanteste-Blogs-150x150.jpg\" alt=\"\" width=\"150\" height=\"150\" \/><\/a><p id=\"caption-attachment-672760\" class=\"wp-caption-text\">Blogger-Relevanz-Index 2019<\/p><\/div>\n<div id=\"attachment_671683\" style=\"width: 160px\" class=\"wp-caption alignleft\"><a href=\"https:\/\/blog.wiwo.de\/management\/files\/2019\/09\/IMG-20190906-WA0016.jpg\"><img loading=\"lazy\" decoding=\"async\" aria-describedby=\"caption-attachment-671683\" class=\"size-thumbnail wp-image-671683\" src=\"https:\/\/blog.wiwo.de\/management\/files\/2019\/09\/IMG-20190906-WA0016-150x150.jpg\" alt=\"\" width=\"150\" height=\"150\" \/><\/a><p id=\"caption-attachment-671683\" class=\"wp-caption-text\">Blogger-Relevanz-Index 2019: Blogs von Frauen<\/p><\/div>\n<p>&nbsp;<\/p>\n","protected":false},"excerpt":{"rendered":"<p>Manche Umfrageegebnisse bergen mehr Sprengstoff in sich, als man auf ersten Blick meint &#8211; so wie die der des Wirtschafts- und Sozialwissenschaftlichen Instituts der Hans-B\u00f6ckler-Stiftung zur gestiegenen Arbeitsbelastung: Viel mehr und viel komplexere Arbeit haben die Mitarbeiter in zumindest in &hellip; <a href=\"https:\/\/blog.wiwo.de\/management\/2020\/02\/13\/zu-viel-arbeit-fuer-immer-weniger-mitarbeiter-sind-sie-noch-arbeitsverdichtet-oder-laengst-ueberfordert\/\">Weiterlesen <span class=\"meta-nav\">&rarr;<\/span><\/a><\/p>\n","protected":false},"author":19,"featured_media":0,"comment_status":"open","ping_status":"open","sticky":false,"template":"","format":"standard","meta":{"footnotes":""},"categories":[1],"tags":[],"class_list":["post-672997","post","type-post","status-publish","format-standard","hentry","category-allgemein"],"_links":{"self":[{"href":"https:\/\/blog.wiwo.de\/management\/wp-json\/wp\/v2\/posts\/672997","targetHints":{"allow":["GET"]}}],"collection":[{"href":"https:\/\/blog.wiwo.de\/management\/wp-json\/wp\/v2\/posts"}],"about":[{"href":"https:\/\/blog.wiwo.de\/management\/wp-json\/wp\/v2\/types\/post"}],"author":[{"embeddable":true,"href":"https:\/\/blog.wiwo.de\/management\/wp-json\/wp\/v2\/users\/19"}],"replies":[{"embeddable":true,"href":"https:\/\/blog.wiwo.de\/management\/wp-json\/wp\/v2\/comments?post=672997"}],"version-history":[{"count":6,"href":"https:\/\/blog.wiwo.de\/management\/wp-json\/wp\/v2\/posts\/672997\/revisions"}],"predecessor-version":[{"id":673077,"href":"https:\/\/blog.wiwo.de\/management\/wp-json\/wp\/v2\/posts\/672997\/revisions\/673077"}],"wp:attachment":[{"href":"https:\/\/blog.wiwo.de\/management\/wp-json\/wp\/v2\/media?parent=672997"}],"wp:term":[{"taxonomy":"category","embeddable":true,"href":"https:\/\/blog.wiwo.de\/management\/wp-json\/wp\/v2\/categories?post=672997"},{"taxonomy":"post_tag","embeddable":true,"href":"https:\/\/blog.wiwo.de\/management\/wp-json\/wp\/v2\/tags?post=672997"}],"curies":[{"name":"wp","href":"https:\/\/api.w.org\/{rel}","templated":true}]}}