{"id":672696,"date":"2020-01-27T06:00:46","date_gmt":"2020-01-27T05:00:46","guid":{"rendered":"https:\/\/blog.wiwo.de\/management\/?p=672696"},"modified":"2020-01-27T00:20:40","modified_gmt":"2020-01-26T23:20:40","slug":"fragebogen-nahaufnahme-mit-mazars-chef-christoph-regierer-der-gerne-mal-die-berliner-philharmoniker-dirigieren-wuerde","status":"publish","type":"post","link":"https:\/\/blog.wiwo.de\/management\/2020\/01\/27\/fragebogen-nahaufnahme-mit-mazars-chef-christoph-regierer-der-gerne-mal-die-berliner-philharmoniker-dirigieren-wuerde\/","title":{"rendered":"Fragebogen &#8222;Nahaufnahme&#8220; mit Mazars-Chef Christoph Regierer, der gerne mal die Berliner Philharmoniker dirigieren w\u00fcrde"},"content":{"rendered":"<p><strong>Den Fragebogen &#8222;Nahaufnahme&#8220; beantwortet Christoph Regierer, Sprecher des deutschen Boards der internationalen Wirtschaftspr\u00fcfungs- und Steuerberatungsgesellschaft Mazars.<\/strong><\/p>\n<p>&nbsp;<\/p>\n<div id=\"attachment_672763\" style=\"width: 539px\" class=\"wp-caption aligncenter\"><img loading=\"lazy\" decoding=\"async\" aria-describedby=\"caption-attachment-672763\" class=\"size-full wp-image-672763\" src=\"https:\/\/blog.wiwo.de\/management\/files\/2020\/01\/mazar.neu_.2.c.regierer_300dpi-002.jpg\" alt=\"\" width=\"529\" height=\"650\" srcset=\"https:\/\/blog.wiwo.de\/management\/files\/2020\/01\/mazar.neu_.2.c.regierer_300dpi-002.jpg 529w, https:\/\/blog.wiwo.de\/management\/files\/2020\/01\/mazar.neu_.2.c.regierer_300dpi-002-244x300.jpg 244w\" sizes=\"auto, (max-width: 529px) 100vw, 529px\" \/><p id=\"caption-attachment-672763\" class=\"wp-caption-text\">C Rengierer (Foto: PR)<\/p><\/div>\n<p>&nbsp;<\/p>\n<p><strong>Erkl\u00e4ren Sie in einem Satz, was Ihr Unternehmen tut.<\/strong><\/p>\n<p>Wir sind eine internationale Wirtschaftspr\u00fcfungs- und Beratungsgesellschaft.<\/p>\n<p>&nbsp;<\/p>\n<p><strong>Womit beginnt Ihr Tag?<\/strong><\/p>\n<p>Ich stehe um kurz vor f\u00fcnf auf, um in Ruhe durchzugehen, wie mein Tag aussieht \u2013 bevor der Rest der Meute aus den Federn steigt und der ganz normale Wahnsinn beginnt.<\/p>\n<p>&nbsp;<\/p>\n<p><strong>Was unterscheidet Sie als Chef von anderen Chefs im Auftreten und im Behave?<\/strong><\/p>\n<p>Ich brenne f\u00fcr meinen Beruf, er ist f\u00fcr mich wirklich eine Herzensangelegenheit. Das \u00e4u\u00dfert sich unter anderem darin, dass ich immer auch den Kontext verstehen oder erkl\u00e4ren will. Das unterscheidet mich von anderen Chefs, die vielleicht in erster Linie m\u00f6glichst schnell zum Ziel kommen wollen.<\/p>\n<p>&nbsp;<\/p>\n<p><strong>&#8230; und was w\u00fcrden Ihre Mitarbeiter darauf antworten?<\/strong><\/p>\n<p>Ich denke, sie w\u00fcrden das best\u00e4tigen und monieren, dass ich dar\u00fcber vielleicht manchmal ein wenig die Zeit vergesse\u2026<\/p>\n<p>&nbsp;<\/p>\n<p><strong>Tee oder Kaffee?<\/strong><\/p>\n<p>Morgens erst mal eine Kanne Tee, ab dem Vormittag dann Kaffee.<\/p>\n<p>&nbsp;<\/p>\n<p><strong>Ihr Spitzname ist&#8230;?\u00a0<\/strong><\/p>\n<p>Beim Hockey, was ich sehr lange sehr intensiv gespielt habe, wurde ich Zatopek genannt, weil ich immer viel rannte und dabei mit einer ger\u00e4uschvollen Atmung auffiel.<\/p>\n<p>&nbsp;<\/p>\n<p><strong>Verraten Sie eine Marotte.<\/strong><\/p>\n<p>Ich putze am Wochenende immer mit gro\u00dfer Hingabe meine Schuhe. Das muss sein. Vielleicht ist das meine ganz eigene Art der Meditation.<\/p>\n<p>&nbsp;<\/p>\n<p><strong>Was bringt Sie in Harnisch?<\/strong><\/p>\n<p>Ungeputzte Schuhe. Und unprofessionelles Verhalten.<\/p>\n<p>&nbsp;<\/p>\n<p>&nbsp;<\/p>\n<p><strong>&#8230;und was bringt andere an Ihnen in Harnisch?<\/strong><\/p>\n<p>Ich neige dazu, lieber nochmal nachzufragen, ob etwas auch wirklich erledigt wurde. Das hat gelegentlich etwas Aufs\u00e4ssiges und treibt verst\u00e4ndlicherweise insbesondere jene, die besonders zuverl\u00e4ssig sind, komplett in den Wahnsinn.<\/p>\n<p>&nbsp;<\/p>\n<p>&nbsp;<\/p>\n<p><strong>Was m\u00f6chten Sie gerne in Rente machen?\u00a0<\/strong><\/p>\n<p>Ich m\u00f6chte auf keinen Fall nur die Rosen schnippeln im Garten. Ich brauche eine richtige Aufgabe und h\u00e4tte zum Beispiel einen Riesenspa\u00df daran, eine Hockeymannschaft zu trainieren, wenn ich das im entsprechend fortgeschrittenen Alter dann \u00fcberhaupt noch d\u00fcrfte.<\/p>\n<p>&nbsp;<\/p>\n<p><strong>Was sch\u00e4tzen Sie an anderen Menschen am meisten?<\/strong><\/p>\n<p>Die Offenheit und Bereitschaft, sich zu entwickeln. Das gilt im Job genauso wie im privaten Leben.<\/p>\n<p>&nbsp;<\/p>\n<p><strong>Auf welche drei Dinge k\u00f6nnten Sie niemals verzichten?<\/strong><\/p>\n<p>Auf Tee am Morgen, auf meine Schuhputzb\u00fcrste am Wochenende und auf die Bundesliga-Konferenz im Radio am Samstag.<\/p>\n<p>&nbsp;<\/p>\n<p><strong>Wenn Sie f\u00fcr einen Tag den Job von jemand anderem \u00fcbernehmen k\u00f6nnten &#8211; welcher w\u00e4re das?<\/strong><\/p>\n<p>Ich w\u00fcrde gerne einmal die Berliner Philharmoniker dirigieren, was ich sicher \u00fcberhaupt nicht k\u00f6nnte, aber tr\u00e4umen ist ja erlaubt<\/p>\n<p>&nbsp;<\/p>\n<div id=\"attachment_672764\" style=\"width: 660px\" class=\"wp-caption aligncenter\"><img loading=\"lazy\" decoding=\"async\" aria-describedby=\"caption-attachment-672764\" class=\"size-full wp-image-672764\" src=\"https:\/\/blog.wiwo.de\/management\/files\/2020\/01\/Mazarneu.1Indischer-Gl\u00fccksbringer.jpg\" alt=\"\" width=\"650\" height=\"519\" srcset=\"https:\/\/blog.wiwo.de\/management\/files\/2020\/01\/Mazarneu.1Indischer-Gl\u00fccksbringer.jpg 650w, https:\/\/blog.wiwo.de\/management\/files\/2020\/01\/Mazarneu.1Indischer-Gl\u00fccksbringer-300x240.jpg 300w, https:\/\/blog.wiwo.de\/management\/files\/2020\/01\/Mazarneu.1Indischer-Gl\u00fccksbringer-376x300.jpg 376w\" sizes=\"auto, (max-width: 650px) 100vw, 650px\" \/><p id=\"caption-attachment-672764\" class=\"wp-caption-text\">(Foto: Mazar)<\/p><\/div>\n<p>Diesen Gl\u00fccksbringer aus Indien hat Christoph Regierer von einem Mndanten geschenkt bekommen.<\/p>\n<p>&nbsp;<\/p>\n<p>&nbsp;<\/p>\n<div id=\"attachment_671683\" style=\"width: 160px\" class=\"wp-caption alignleft\"><img loading=\"lazy\" decoding=\"async\" aria-describedby=\"caption-attachment-671683\" class=\"size-thumbnail wp-image-671683\" src=\"https:\/\/blog.wiwo.de\/management\/files\/2019\/09\/IMG-20190906-WA0016-150x150.jpg\" alt=\"\" width=\"150\" height=\"150\" \/><p id=\"caption-attachment-671683\" class=\"wp-caption-text\">Blogger-Relevanz-Index 2019: Blogs von Frauen<\/p><\/div>\n<div id=\"attachment_672760\" style=\"width: 160px\" class=\"wp-caption alignright\"><img loading=\"lazy\" decoding=\"async\" aria-describedby=\"caption-attachment-672760\" class=\"size-thumbnail wp-image-672760\" src=\"https:\/\/blog.wiwo.de\/management\/files\/2020\/01\/BloggerRelevanzIndex2019.news-aktuell-Infografik-Relevanteste-Blogs-150x150.jpg\" alt=\"\" width=\"150\" height=\"150\" \/><p id=\"caption-attachment-672760\" class=\"wp-caption-text\">Blogger-Relevanz-Index 2019<\/p><\/div>\n","protected":false},"excerpt":{"rendered":"<p>Den Fragebogen &#8222;Nahaufnahme&#8220; beantwortet Christoph Regierer, Sprecher des deutschen Boards der internationalen Wirtschaftspr\u00fcfungs- und Steuerberatungsgesellschaft Mazars. &nbsp; &nbsp; Erkl\u00e4ren Sie in einem Satz, was Ihr Unternehmen tut. Wir sind eine internationale Wirtschaftspr\u00fcfungs- und Beratungsgesellschaft. &nbsp; Womit beginnt Ihr Tag? Ich &hellip; <a href=\"https:\/\/blog.wiwo.de\/management\/2020\/01\/27\/fragebogen-nahaufnahme-mit-mazars-chef-christoph-regierer-der-gerne-mal-die-berliner-philharmoniker-dirigieren-wuerde\/\">Weiterlesen <span class=\"meta-nav\">&rarr;<\/span><\/a><\/p>\n","protected":false},"author":19,"featured_media":0,"comment_status":"open","ping_status":"open","sticky":false,"template":"","format":"standard","meta":{"footnotes":""},"categories":[1],"tags":[8937,4763,7035],"class_list":["post-672696","post","type-post","status-publish","format-standard","hentry","category-allgemein","tag-christoph-regierer","tag-fragebogen-nahaufnahme","tag-mazars"],"_links":{"self":[{"href":"https:\/\/blog.wiwo.de\/management\/wp-json\/wp\/v2\/posts\/672696","targetHints":{"allow":["GET"]}}],"collection":[{"href":"https:\/\/blog.wiwo.de\/management\/wp-json\/wp\/v2\/posts"}],"about":[{"href":"https:\/\/blog.wiwo.de\/management\/wp-json\/wp\/v2\/types\/post"}],"author":[{"embeddable":true,"href":"https:\/\/blog.wiwo.de\/management\/wp-json\/wp\/v2\/users\/19"}],"replies":[{"embeddable":true,"href":"https:\/\/blog.wiwo.de\/management\/wp-json\/wp\/v2\/comments?post=672696"}],"version-history":[{"count":3,"href":"https:\/\/blog.wiwo.de\/management\/wp-json\/wp\/v2\/posts\/672696\/revisions"}],"predecessor-version":[{"id":672854,"href":"https:\/\/blog.wiwo.de\/management\/wp-json\/wp\/v2\/posts\/672696\/revisions\/672854"}],"wp:attachment":[{"href":"https:\/\/blog.wiwo.de\/management\/wp-json\/wp\/v2\/media?parent=672696"}],"wp:term":[{"taxonomy":"category","embeddable":true,"href":"https:\/\/blog.wiwo.de\/management\/wp-json\/wp\/v2\/categories?post=672696"},{"taxonomy":"post_tag","embeddable":true,"href":"https:\/\/blog.wiwo.de\/management\/wp-json\/wp\/v2\/tags?post=672696"}],"curies":[{"name":"wp","href":"https:\/\/api.w.org\/{rel}","templated":true}]}}