{"id":672580,"date":"2019-12-17T00:27:03","date_gmt":"2019-12-16T23:27:03","guid":{"rendered":"https:\/\/blog.wiwo.de\/management\/?p=672580"},"modified":"2019-12-17T00:27:03","modified_gmt":"2019-12-16T23:27:03","slug":"fragebogen-nahaufnahme-mit-samsung-marketingchef-georg-roetzer-der-morgens-um-sechs-erst-mal-pepper-und-petty-fuettert","status":"publish","type":"post","link":"https:\/\/blog.wiwo.de\/management\/2019\/12\/17\/fragebogen-nahaufnahme-mit-samsung-marketingchef-georg-roetzer-der-morgens-um-sechs-erst-mal-pepper-und-petty-fuettert\/","title":{"rendered":"Fragebogen &#8222;Nahaufnahme&#8220; mit Samsung-Marketingchef Georg R\u00f6tzer, der morgens um sechs erst mal Pepper und Petty f\u00fcttert"},"content":{"rendered":"<p><strong>Den Fragebogen \u201eNahaufnahme\u201c beantwortet Georg R\u00f6tzer, bisher Marketing-Chef von Samsung Electronics, der ab Mai 2020 einen \u00f6kologischen Hof f\u00fcr Menschen mit und ohne Down-Syndrom betreiben wird.<\/strong><\/p>\n<p>&nbsp;<\/p>\n<div id=\"attachment_672581\" style=\"width: 660px\" class=\"wp-caption aligncenter\"><img loading=\"lazy\" decoding=\"async\" aria-describedby=\"caption-attachment-672581\" class=\"size-full wp-image-672581\" src=\"https:\/\/blog.wiwo.de\/management\/files\/2019\/12\/samsungceo.jpg\" alt=\"\" width=\"650\" height=\"366\" srcset=\"https:\/\/blog.wiwo.de\/management\/files\/2019\/12\/samsungceo.jpg 650w, https:\/\/blog.wiwo.de\/management\/files\/2019\/12\/samsungceo-300x169.jpg 300w, https:\/\/blog.wiwo.de\/management\/files\/2019\/12\/samsungceo-500x282.jpg 500w\" sizes=\"auto, (max-width: 650px) 100vw, 650px\" \/><p id=\"caption-attachment-672581\" class=\"wp-caption-text\">Georg R\u00f6tzer, CEO von Samsung Deutschland und k\u00fcnftiger Betreiber eines \u00f6kologischen Hofs (Foto: PR)<\/p><\/div>\n<p>&nbsp;<\/p>\n<p><strong>Erkl\u00e4ren Sie in einem Satz, was Ihr Unternehmen tut.<\/strong><\/p>\n<p>Mein bisheriger Arbeitgeber, Samsung Electronics, entwickelt und vermarktet Smartphones, Fernseher, Waschmaschinen und Co. Mein k\u00fcnftiges Projekt \u201eHof 1\u201c ver\u00e4ndert das Zusammenleben von Menschen mit und ohne Down-Syndrom.<\/p>\n<p>&nbsp;<\/p>\n<p><strong>Womit beginnt Ihr Tag?<\/strong><\/p>\n<p>Meine beiden Esel \u201ePepper\u201c und \u201ePetty\u201c zu f\u00fcttern, ist Teil meiner t\u00e4glichen Morgenroutine. \u00dcblicherweise mache ich das fr\u00fch um sechs Uhr. Macht mich stark f\u00fcr die Eseleien des restlichen Tages.<\/p>\n<p>&nbsp;<\/p>\n<p>&nbsp;<\/p>\n<p><img loading=\"lazy\" decoding=\"async\" class=\"aligncenter size-full wp-image-672582\" src=\"https:\/\/blog.wiwo.de\/management\/files\/2019\/12\/samsung.jpg\" alt=\"\" width=\"366\" height=\"650\" srcset=\"https:\/\/blog.wiwo.de\/management\/files\/2019\/12\/samsung.jpg 366w, https:\/\/blog.wiwo.de\/management\/files\/2019\/12\/samsung-169x300.jpg 169w\" sizes=\"auto, (max-width: 366px) 100vw, 366px\" \/><\/p>\n<p>&nbsp;<\/p>\n<p><strong>Wie w\u00fcrden Sie sich selbst als Chef beschreiben?<\/strong><\/p>\n<p>Ostwestf\u00e4lisch. Lernf\u00e4hig. Vegan. St\u00e4rke und St\u00e4rken sind wichtig \u2013 f\u00fcr mich als F\u00fchrungsfigur, f\u00fcr das Team und f\u00fcr jeden einzelnen Kollegen. Ich sehe meine Rolle als Chef darin, das Selbstverst\u00e4ndnis von Mitarbeitern f\u00fcr die eigenen St\u00e4rken, die eigenen Aufgaben und das eigene Handeln zu f\u00f6rdern.<\/p>\n<p>&nbsp;<\/p>\n<p><strong>&#8230; und was w\u00fcrden Ihre Mitarbeiter darauf antworten?<\/strong><\/p>\n<p>\u201eAchtung, Georg hat wieder Visionen\u201c. Die meisten sch\u00e4tzen es, dass sie mutig sein d\u00fcrfen und \u2013 wie ich auch \u2013 etablierte Herangehensweisen in Frage stellen. Das kann auch mal anstrengend sein. Wer Sicherheit und Routinen sucht, wird bei mir selten f\u00fcndig.<\/p>\n<p>&nbsp;<\/p>\n<p><strong>Tee oder Kaffee?<\/strong><\/p>\n<p>Tee, noch lieber Kakao. Aber vegan.<\/p>\n<p>&nbsp;<\/p>\n<p><strong>Ihr Spitzname ist&#8230;?<\/strong><\/p>\n<p>Ganz fr\u00fcher Schorsch, mein alter Herr hatte bayrische Wurzeln.<\/p>\n<p>&nbsp;<\/p>\n<p><strong>Verraten Sie eine Marotte.<\/strong><\/p>\n<p>Ich fliege in kurzen Hosen.<\/p>\n<p>&nbsp;<\/p>\n<p><strong>Was bringt Sie in Harnisch?<\/strong><\/p>\n<p>Ich sch\u00e4tze Charaktere. Solche mit \u00dcberzeugungen, selbst wenn ich sie nicht teile. Aber wenn Haltung aus mehr Eitelkeit als Inhalt besteht, dann reizt mich das.<\/p>\n<p>&nbsp;<\/p>\n<p><strong>&#8230;und was bringt andere an Ihnen in Harnisch?<\/strong><\/p>\n<p>Mein Sarkasmus, gepaart mit freigeistigem Gr\u00f6\u00dfenwahnsinn und positivem Zerst\u00f6rungswillen.<\/p>\n<p>&nbsp;<\/p>\n<p><strong>Was m\u00f6chten Sie gerne in Rente machen?<\/strong><\/p>\n<p>Ruhestand kommt f\u00fcr mich nicht in Frage. Ich besch\u00e4ftige mich seit einiger Zeit mit Permakulturen. Mich fasziniert, dass \u00d6kosysteme dann gesund bleiben, wenn sie vielf\u00e4ltig und sich selbst \u00fcberlassen sind. Mit \u201eHof 1\u201c, dem Projekt nach Samsung, verfolge ich zusammen mit meiner Lebensgef\u00e4hrtin Bonnie das langfristige Ziel, eine Lebensgemeinschaft f\u00fcr Menschen mit und ohne Down-Syndrom zu schaffen. Mit dem Anspruch an nahezu autarke Selbstversorgung, das ist eine Lebensaufgabe.<\/p>\n<p>&nbsp;<\/p>\n<p><strong>Was sch\u00e4tzen Sie an anderen Menschen am meisten?<\/strong><\/p>\n<p>Offen gesagt: ich sch\u00e4tze Leute mit Standpunkt, Vision und Kanten.<\/p>\n<p>&nbsp;<\/p>\n<p><strong>Auf welche drei Dinge k\u00f6nnten Sie niemals verzichten?<\/strong><\/p>\n<p>Mein E-Bike, mein verwaschenes Lieblings-Shirt und die eigene Haltung.<\/p>\n<p>&nbsp;<\/p>\n<p><strong>Wenn Sie f\u00fcr einen Tag den Job von jemand anderem \u00fcbernehmen k\u00f6nnten &#8211; welcher w\u00e4re das?<\/strong><\/p>\n<p>K\u00f6nige m\u00fcssten Philosophen sein und Philosophen K\u00f6nige. Ich w\u00e4re gerne Philosoph. Nicht, weil ich K\u00f6nig sein m\u00f6chte, sondern weil ich mir bewusst sein will, was ich nicht wei\u00df. Nur so sind F\u00fchrungskr\u00e4fte in der Lage, im Interesse des Unternehmens zu handeln und vielf\u00e4ltige Teams zu gestalten, die in der jeweiligen Nische unter Idealbedingungen interagieren oder in perfekter Symbiose voneinander profitieren.<\/p>\n<p>&nbsp;<\/p>\n<div id=\"attachment_672583\" style=\"width: 409px\" class=\"wp-caption aligncenter\"><img loading=\"lazy\" decoding=\"async\" aria-describedby=\"caption-attachment-672583\" class=\"size-full wp-image-672583\" src=\"https:\/\/blog.wiwo.de\/management\/files\/2019\/12\/samsung2.jpg\" alt=\"\" width=\"399\" height=\"650\" srcset=\"https:\/\/blog.wiwo.de\/management\/files\/2019\/12\/samsung2.jpg 399w, https:\/\/blog.wiwo.de\/management\/files\/2019\/12\/samsung2-184x300.jpg 184w\" sizes=\"auto, (max-width: 399px) 100vw, 399px\" \/><p id=\"caption-attachment-672583\" class=\"wp-caption-text\">(Foto: Samsung)<\/p><\/div>\n<p>Diesen Marketing-Award bekam Georg R\u00f6tzer von der Non-Profit-Organisation POPAI.<\/p>\n<p>&nbsp;<\/p>\n<p>&nbsp;<\/p>\n<div id=\"attachment_671683\" style=\"width: 160px\" class=\"wp-caption alignleft\"><img loading=\"lazy\" decoding=\"async\" aria-describedby=\"caption-attachment-671683\" class=\"size-thumbnail wp-image-671683\" src=\"https:\/\/blog.wiwo.de\/management\/files\/2019\/09\/IMG-20190906-WA0016-150x150.jpg\" alt=\"\" width=\"150\" height=\"150\" \/><p id=\"caption-attachment-671683\" class=\"wp-caption-text\">Blogger-Relevanz-Index 2019: Blogs von Frauen<\/p><\/div>\n<div id=\"attachment_668407\" style=\"width: 160px\" class=\"wp-caption alignright\"><img loading=\"lazy\" decoding=\"async\" aria-describedby=\"caption-attachment-668407\" class=\"size-thumbnail wp-image-668407\" src=\"https:\/\/blog.wiwo.de\/management\/files\/2018\/07\/Grafik_DieKo\u0308nigeDerBlogospha\u0308re_A4_DRAFT_02-1-150x150.jpg\" alt=\"\" width=\"150\" height=\"150\" \/><p id=\"caption-attachment-668407\" class=\"wp-caption-text\">Blogger-Relevanz-Index 2018<\/p><\/div>\n<p>&nbsp;<\/p>\n","protected":false},"excerpt":{"rendered":"<p>Den Fragebogen \u201eNahaufnahme\u201c beantwortet Georg R\u00f6tzer, bisher Marketing-Chef von Samsung Electronics, der ab Mai 2020 einen \u00f6kologischen Hof f\u00fcr Menschen mit und ohne Down-Syndrom betreiben wird. &nbsp; &nbsp; Erkl\u00e4ren Sie in einem Satz, was Ihr Unternehmen tut. Mein bisheriger Arbeitgeber, &hellip; <a href=\"https:\/\/blog.wiwo.de\/management\/2019\/12\/17\/fragebogen-nahaufnahme-mit-samsung-marketingchef-georg-roetzer-der-morgens-um-sechs-erst-mal-pepper-und-petty-fuettert\/\">Weiterlesen <span class=\"meta-nav\">&rarr;<\/span><\/a><\/p>\n","protected":false},"author":19,"featured_media":0,"comment_status":"open","ping_status":"open","sticky":false,"template":"","format":"standard","meta":{"footnotes":""},"categories":[1],"tags":[4763,8851,3580],"class_list":["post-672580","post","type-post","status-publish","format-standard","hentry","category-allgemein","tag-fragebogen-nahaufnahme","tag-georg-roetzer","tag-samsung"],"_links":{"self":[{"href":"https:\/\/blog.wiwo.de\/management\/wp-json\/wp\/v2\/posts\/672580","targetHints":{"allow":["GET"]}}],"collection":[{"href":"https:\/\/blog.wiwo.de\/management\/wp-json\/wp\/v2\/posts"}],"about":[{"href":"https:\/\/blog.wiwo.de\/management\/wp-json\/wp\/v2\/types\/post"}],"author":[{"embeddable":true,"href":"https:\/\/blog.wiwo.de\/management\/wp-json\/wp\/v2\/users\/19"}],"replies":[{"embeddable":true,"href":"https:\/\/blog.wiwo.de\/management\/wp-json\/wp\/v2\/comments?post=672580"}],"version-history":[{"count":2,"href":"https:\/\/blog.wiwo.de\/management\/wp-json\/wp\/v2\/posts\/672580\/revisions"}],"predecessor-version":[{"id":672585,"href":"https:\/\/blog.wiwo.de\/management\/wp-json\/wp\/v2\/posts\/672580\/revisions\/672585"}],"wp:attachment":[{"href":"https:\/\/blog.wiwo.de\/management\/wp-json\/wp\/v2\/media?parent=672580"}],"wp:term":[{"taxonomy":"category","embeddable":true,"href":"https:\/\/blog.wiwo.de\/management\/wp-json\/wp\/v2\/categories?post=672580"},{"taxonomy":"post_tag","embeddable":true,"href":"https:\/\/blog.wiwo.de\/management\/wp-json\/wp\/v2\/tags?post=672580"}],"curies":[{"name":"wp","href":"https:\/\/api.w.org\/{rel}","templated":true}]}}