{"id":672257,"date":"2019-11-03T18:24:32","date_gmt":"2019-11-03T17:24:32","guid":{"rendered":"https:\/\/blog.wiwo.de\/management\/?p=672257"},"modified":"2019-11-03T18:29:07","modified_gmt":"2019-11-03T17:29:07","slug":"lesetipp-dwdl-hans-hoff-gegen-den-schwall-unnuetzer-information-der-die-synapsen-verklebt","status":"publish","type":"post","link":"https:\/\/blog.wiwo.de\/management\/2019\/11\/03\/lesetipp-dwdl-hans-hoff-gegen-den-schwall-unnuetzer-information-der-die-synapsen-verklebt\/","title":{"rendered":"Lesetipp &#8222;DWDL&#8220;: Hans Hoff gegen den &#8222;Schwall unn\u00fctzer Information, der die Synapsen verklebt&#8220;"},"content":{"rendered":"<p>Lesetipp &#8222;DWDL&#8220; Hans Hoff, der keine Lust mehr hat, zugem\u00fcllt zu werden mit News wie der 453. Verlobung von Sylvie Meiss:<\/p>\n<p>&#8222;Hans Hoff findet sich im Dschungel der Online-Boulevardmedien nicht mehr zurecht und hat Angst, zu verbl\u00f6den. Doch er hat bereits ein Gegenmittel gefunden: F\u00fcr ihn geht nichts \u00fcber eine gut gemachte Tageszeitung.&#8220;<\/p>\n<p><a href=\"https:\/\/m.dwdl.de\/a\/74763\">https:\/\/m.dwdl.de\/a\/74763<\/a><\/p>\n<p>&nbsp;<\/p>\n","protected":false},"excerpt":{"rendered":"<p>Lesetipp &#8222;DWDL&#8220; Hans Hoff, der keine Lust mehr hat, zugem\u00fcllt zu werden mit News wie der 453. Verlobung von Sylvie Meiss: &#8222;Hans Hoff findet sich im Dschungel der Online-Boulevardmedien nicht mehr zurecht und hat Angst, zu verbl\u00f6den. Doch er hat &hellip; <a href=\"https:\/\/blog.wiwo.de\/management\/2019\/11\/03\/lesetipp-dwdl-hans-hoff-gegen-den-schwall-unnuetzer-information-der-die-synapsen-verklebt\/\">Weiterlesen <span class=\"meta-nav\">&rarr;<\/span><\/a><\/p>\n","protected":false},"author":19,"featured_media":0,"comment_status":"open","ping_status":"open","sticky":false,"template":"","format":"standard","meta":{"footnotes":""},"categories":[1],"tags":[5052,5051,8755,1899],"class_list":["post-672257","post","type-post","status-publish","format-standard","hentry","category-allgemein","tag-dwdl","tag-hans-hoff","tag-informationsschwall","tag-lese-tipp"],"_links":{"self":[{"href":"https:\/\/blog.wiwo.de\/management\/wp-json\/wp\/v2\/posts\/672257","targetHints":{"allow":["GET"]}}],"collection":[{"href":"https:\/\/blog.wiwo.de\/management\/wp-json\/wp\/v2\/posts"}],"about":[{"href":"https:\/\/blog.wiwo.de\/management\/wp-json\/wp\/v2\/types\/post"}],"author":[{"embeddable":true,"href":"https:\/\/blog.wiwo.de\/management\/wp-json\/wp\/v2\/users\/19"}],"replies":[{"embeddable":true,"href":"https:\/\/blog.wiwo.de\/management\/wp-json\/wp\/v2\/comments?post=672257"}],"version-history":[{"count":2,"href":"https:\/\/blog.wiwo.de\/management\/wp-json\/wp\/v2\/posts\/672257\/revisions"}],"predecessor-version":[{"id":672264,"href":"https:\/\/blog.wiwo.de\/management\/wp-json\/wp\/v2\/posts\/672257\/revisions\/672264"}],"wp:attachment":[{"href":"https:\/\/blog.wiwo.de\/management\/wp-json\/wp\/v2\/media?parent=672257"}],"wp:term":[{"taxonomy":"category","embeddable":true,"href":"https:\/\/blog.wiwo.de\/management\/wp-json\/wp\/v2\/categories?post=672257"},{"taxonomy":"post_tag","embeddable":true,"href":"https:\/\/blog.wiwo.de\/management\/wp-json\/wp\/v2\/tags?post=672257"}],"curies":[{"name":"wp","href":"https:\/\/api.w.org\/{rel}","templated":true}]}}