{"id":671843,"date":"2019-09-25T06:00:52","date_gmt":"2019-09-25T04:00:52","guid":{"rendered":"https:\/\/blog.wiwo.de\/management\/?p=671843"},"modified":"2019-09-25T00:33:42","modified_gmt":"2019-09-24T22:33:42","slug":"und-wenn-das-lebens-doch-ein-wunschkonzert-waere-was-sich-berufstaetige-sehnlichst-wuenschen-und-von-ihren-companys-eben-doch-nicht-bekommen","status":"publish","type":"post","link":"https:\/\/blog.wiwo.de\/management\/2019\/09\/25\/und-wenn-das-lebens-doch-ein-wunschkonzert-waere-was-sich-berufstaetige-sehnlichst-wuenschen-und-von-ihren-companys-eben-doch-nicht-bekommen\/","title":{"rendered":"Und wenn das Leben doch ein Wunschkonzert w\u00e4re: Was sich Berufst\u00e4tige sehnlichst w\u00fcnschen &#8211; und von ihren Companys eben doch nicht bekommen"},"content":{"rendered":"<div id=\"main\" class=\"page\" data-scroll-top=\"59\">\n<div id=\"content\" class=\"page__content grid \">\n<section class=\"section padding-all-50 padding-all-s-15 bg-gradient-white-primary50\">\n<div>&#8222;Das Leben ist kein Wunschkonzert&#8220; h\u00f6re ich schon die Vorgesetzten hierzulande abwehren, wenn ich diese &#8211; unten stehende &#8211; Liste des Bitkom \/ Statista sehen. Alternativ: &#8222;Das Leben ist kein Ponyhof&#8220; &#8211; der andere Satz, wenn man keine Lust auf eine ernsthafte Antwort oder Auseinandersetzung mit einem Mitarbeiter hat.<\/div>\n<div><\/div>\n<div>Abgefragt hat der gr\u00f6\u00dfte deutsche\u00a0 Branchenverband, was sich Berufst\u00e4tige im digitalen Zeitalter so w\u00fcnschen. An erster Stelle: Dass M\u00e4nner und Frauen f\u00fcr gleiche Arbeit gleich bezahlt werden sollen. Dann dass man sich seine Arbeit selbst einteilen kann.\u00a0 Und dann, dass das Unternehmen Werte vertritt, mit denen man sich identifizieren kann und dass sie sich sinnstiftende Arbeit w\u00fcnschen. Gefolgt von flachen Hierarchien \u00fcbrigens mit 93 Prozent &#8211; was zeigt, wie wichtig diese W\u00fcnsche der ganz gro\u00dfen Mehrheit sind. Und dass sie eben unerf\u00fcllte W\u00fcnsche von ganz vielen sind bisher.<\/div>\n<div><\/div>\n<div>Das Fazit: Arbeitnehmer sehen sich nach Selbstverwirklichung, pers\u00f6nlicher Freiheit bei der Gestaltung der Arbeit und dass ihre Unternehmen soziale Verantwortung \u00fcbernehmen.<\/div>\n<div><\/div>\n<div><\/div>\n<article id=\"infographicArticle-19334\" class=\"article article--infographic article--infographic19334 row padding-top-15\">\n<div class=\"row\">\n<div class=\"article__contentGraphic panel-box panelBox--noPadding width100\">\n<div class=\"row flex\">\n<div class=\"flex_item width70 border-right-gray10-1 bg-white-smoke\">\n<div class=\"article__graphic\"><img decoding=\"async\" class=\"margin-bottom-5n\" src=\"https:\/\/infographic.statista.com\/normal\/infografik_19334_was_berufstaetige_wollen_n.jpg\" alt=\"Infografik: Was Berufst\u00e4tige wollen | Statista\" width=\"757\" data-open-modal=\"#infographicModal\" data-gtm=\"infographic__graphic\" \/><\/div>\n<\/div>\n<div class=\"flex_item width30\">\n<div class=\"panelBox__section panelBox__section--border article__graphicText\">\n<h3 class=\"hl-module article__graphicDescription\"><\/h3>\n<\/div>\n<div class=\"panelBox__section panelBox__section--border article__graphicText\"><\/div>\n<div class=\"panelBox__section panelBox__section--border article__socialmediaBar\">\n<div class=\"row margin-bottom-5n\">\n<div class=\"width33 width-s-33 padding-right-7\"><\/div>\n<div class=\"width33 width-s-33 padding-left-7 padding-right-7\"><\/div>\n<\/div>\n<\/div>\n<\/div>\n<\/div>\n<\/div>\n<\/div>\n<\/article>\n<\/section>\n<section id=\"infographicNewsletter\" class=\"section section--small bg-secondary text-s-center text-color--white\">\n<div class=\"row row-vertical-middle row-spacing-30\">\n<div class=\"width50\">\n<div class=\"form_row margin-bottom-0\">\n<div class=\"form_row__inputGroup\">\n<div>\n<div id=\"recaptcha-container\" class=\"g-recaptcha\" align=\"center\" data-callback=\"recaptchaCallback\" data-size=\"invisible\" data-recaptcha-id=\"\" data-sitekey=\"6LfX9VMUAAAAADNb6cHRgZQuPB8YF7xWaOBW5W97\">\n<div class=\"grecaptcha-badge\" data-style=\"bottomright\">\n<div class=\"grecaptcha-error\"><\/div>\n<\/div>\n<\/div>\n<\/div>\n<\/div>\n<\/div>\n<\/div>\n<\/div>\n<\/section>\n<section id=\"currentInfographics\" class=\"section section--medium border-bottom-gray20-1 bg-light\">\n<div class=\"section__content\">\n<div class=\"row row-spacing-30\">\n<div class=\"width100\">\n<div class=\"relatedInfographics\">\n<div class=\"flex flex--spacing30 margin-bottom-0\">\n<div class=\"flex__item width33\">\n<div class=\"panel-box panelBox--hover panelBox--noPadding panelBox--infographic panelBox--infographicSize-n\">\n<footer class=\"panelBox__section panelBox__sectionFooterAbsolute\">\n<div class=\"width30 text-right font-color-default\">\n<div class=\"shareCount\" data-value=\"-\" data-url=\"https:\/\/de.statista.com\/infografik\/9024\/die-deutschen-brauchen-die-wenigsten-chefs\/\">\n<div id=\"attachment_671683\" style=\"width: 160px\" class=\"wp-caption alignleft\"><img loading=\"lazy\" decoding=\"async\" aria-describedby=\"caption-attachment-671683\" class=\"size-thumbnail wp-image-671683\" src=\"https:\/\/blog.wiwo.de\/management\/files\/2019\/09\/IMG-20190906-WA0016-150x150.jpg\" alt=\"\" width=\"150\" height=\"150\" \/><p id=\"caption-attachment-671683\" class=\"wp-caption-text\">Blogger-Relevanz-Index 2019: Blogs von Frauen<\/p><\/div>\n<div id=\"attachment_668407\" style=\"width: 160px\" class=\"wp-caption alignright\"><img loading=\"lazy\" decoding=\"async\" aria-describedby=\"caption-attachment-668407\" class=\"size-thumbnail wp-image-668407\" src=\"https:\/\/blog.wiwo.de\/management\/files\/2018\/07\/Grafik_DieKo\u0308nigeDerBlogospha\u0308re_A4_DRAFT_02-1-150x150.jpg\" alt=\"\" width=\"150\" height=\"150\" \/><p id=\"caption-attachment-668407\" class=\"wp-caption-text\">Blogger-Relevanz-Index 2018<\/p><\/div>\n<\/div>\n<\/div>\n<\/footer>\n<\/div>\n<\/div>\n<\/div>\n<div class=\"flex flex--spacing30 margin-bottom-0\"><\/div>\n<\/div>\n<\/div>\n<\/div>\n<\/div>\n<\/section>\n<section class=\"section section--medium border-bottom-gray20-1\">\n<div class=\"row row-spacing-30\">\n<div class=\"width100\">\n<div id=\"infographicFAQ\"><\/div>\n<\/div>\n<\/div>\n<\/section>\n<section id=\"contact\" class=\"section section--medium \">\n<div class=\"section__content\">\n<div class=\"contact-box row\">\n<div class=\"width50 box contacting padding-right-40 padding-left-40 padding-all-s-0 margin-bottom-s-15 contactFooter--first\"><\/div>\n<div class=\"width50 padding-right-40 padding-left-40 padding-all-s-0 contactFooter--contact\">\n<div class=\"box contactBox sidebar float-s--none\">\n<div class=\"contactBox\">\n<div class=\"cInfo\">\n<div class=\"contactName\"><\/div>\n<\/div>\n<div class=\"clear\"><\/div>\n<\/div>\n<\/div>\n<\/div>\n<\/div>\n<\/div>\n<\/section>\n<section class=\"section section--medium border-top-gray20-1 bg-primary-light\">\n<div class=\"flex flex--spacing30\">\n<div class=\"flex__item width40 text-right text-s-center\">\n<div class=\"row\">\n<div class=\"width70 float-right float-s--none\"><\/div>\n<\/div>\n<\/div>\n<\/div>\n<\/section>\n<\/div>\n<\/div>\n<div class=\"offcanvasWrapper\"><\/div>\n<p>&nbsp;<\/p>\n","protected":false},"excerpt":{"rendered":"<p>&#8222;Das Leben ist kein Wunschkonzert&#8220; h\u00f6re ich schon die Vorgesetzten hierzulande abwehren, wenn ich diese &#8211; unten stehende &#8211; Liste des Bitkom \/ Statista sehen. Alternativ: &#8222;Das Leben ist kein Ponyhof&#8220; &#8211; der andere Satz, wenn man keine Lust auf &hellip; <a href=\"https:\/\/blog.wiwo.de\/management\/2019\/09\/25\/und-wenn-das-lebens-doch-ein-wunschkonzert-waere-was-sich-berufstaetige-sehnlichst-wuenschen-und-von-ihren-companys-eben-doch-nicht-bekommen\/\">Weiterlesen <span class=\"meta-nav\">&rarr;<\/span><\/a><\/p>\n","protected":false},"author":19,"featured_media":0,"comment_status":"open","ping_status":"open","sticky":false,"template":"","format":"standard","meta":{"footnotes":""},"categories":[1],"tags":[6488,73,4344,172,4790,1080,1960],"class_list":["post-671843","post","type-post","status-publish","format-standard","hentry","category-allgemein","tag-angestellte","tag-arbeitnehmer","tag-beschaftigte","tag-bitkom","tag-statista","tag-umfrage","tag-unternehmen"],"_links":{"self":[{"href":"https:\/\/blog.wiwo.de\/management\/wp-json\/wp\/v2\/posts\/671843","targetHints":{"allow":["GET"]}}],"collection":[{"href":"https:\/\/blog.wiwo.de\/management\/wp-json\/wp\/v2\/posts"}],"about":[{"href":"https:\/\/blog.wiwo.de\/management\/wp-json\/wp\/v2\/types\/post"}],"author":[{"embeddable":true,"href":"https:\/\/blog.wiwo.de\/management\/wp-json\/wp\/v2\/users\/19"}],"replies":[{"embeddable":true,"href":"https:\/\/blog.wiwo.de\/management\/wp-json\/wp\/v2\/comments?post=671843"}],"version-history":[{"count":4,"href":"https:\/\/blog.wiwo.de\/management\/wp-json\/wp\/v2\/posts\/671843\/revisions"}],"predecessor-version":[{"id":671848,"href":"https:\/\/blog.wiwo.de\/management\/wp-json\/wp\/v2\/posts\/671843\/revisions\/671848"}],"wp:attachment":[{"href":"https:\/\/blog.wiwo.de\/management\/wp-json\/wp\/v2\/media?parent=671843"}],"wp:term":[{"taxonomy":"category","embeddable":true,"href":"https:\/\/blog.wiwo.de\/management\/wp-json\/wp\/v2\/categories?post=671843"},{"taxonomy":"post_tag","embeddable":true,"href":"https:\/\/blog.wiwo.de\/management\/wp-json\/wp\/v2\/tags?post=671843"}],"curies":[{"name":"wp","href":"https:\/\/api.w.org\/{rel}","templated":true}]}}