{"id":671521,"date":"2019-08-14T17:08:03","date_gmt":"2019-08-14T15:08:03","guid":{"rendered":"https:\/\/blog.wiwo.de\/management\/?p=671521"},"modified":"2019-08-14T23:20:36","modified_gmt":"2019-08-14T21:20:36","slug":"unternehmensumfrage-der-wirtschaftswoche-wer-sind-deutschlands-beste-personalberater-2019","status":"publish","type":"post","link":"https:\/\/blog.wiwo.de\/management\/2019\/08\/14\/unternehmensumfrage-der-wirtschaftswoche-wer-sind-deutschlands-beste-personalberater-2019\/","title":{"rendered":"Unternehmens-Umfrage von der WirtschaftsWoche: Wer sind Deutschlands beste Personalberater 2019?"},"content":{"rendered":"<p>Zum vierten Mal fragt die WirtschaftsWoche die Unternehmen in Deutschland: Wer sind nach Ihren Erfahrungen die besten Headhunter?<\/p>\n<p>Die Umfrage &#8211; durchgef\u00fchrt und konzipiert von Professor Christel Gade &#8211; ist bereits ge\u00f6ffnet: <strong><a href=\"https:\/\/hr-index.limequery.com\/201901?lang=de\">https:\/\/hr-index.limequery.com\/201901?lang=de<\/a><\/strong><\/p>\n<p>Wie in den Vorjahren ist die Ver\u00f6ffentlichung in der WirtschaftsWoche zum Jahresende geplant. Die Umfrage l\u00e4uft noch bis Ende Oktober 2019.<br \/>\nUnterst\u00fctzt wird die Untersuchung vom <strong><a href=\"https:\/\/www.bdu.de\/\">Berufsverband Deutscher Unternehmensberater BDU<\/a> <\/strong>und dem <a href=\"https:\/\/www.die-fuehrungskraefte.de\/dfk\/\"><strong>DFK Verband f\u00fcr Fach und F\u00fchrungskr\u00e4fte<\/strong><\/a><\/p>\n<p>&nbsp;<\/p>\n<p><img loading=\"lazy\" decoding=\"async\" class=\"aligncenter size-medium wp-image-669312\" src=\"https:\/\/blog.wiwo.de\/management\/files\/2018\/12\/managerpuppe1-200x300.jpg\" alt=\"\" width=\"200\" height=\"300\" \/><\/p>\n<p>&nbsp;<\/p>\n<p><strong>Hier ist das Personalberater-Ranking aus 2018:<\/strong><\/p>\n<p><a href=\"https:\/\/www.wiwo.de\/erfolg\/beruf\/headhunter-ranking-deutschlands-beste-personalberater-2018\/23666466.html\">https:\/\/www.wiwo.de\/erfolg\/beruf\/headhunter-ranking-deutschlands-beste-personalberater-2018\/23666466.html<\/a><\/p>\n<p><strong>oder hier<\/strong><\/p>\n<blockquote class=\"wp-embedded-content\" data-secret=\"NBy1XtRTZU\"><p><a href=\"https:\/\/blog.wiwo.de\/management\/2018\/11\/26\/exklusives-headhunter-ranking-der-wirtschaftswoche-die-jaeger-der-nerds\/\">Exklusives Headhunter-Ranking der WirtschaftsWoche: Die J\u00e4ger der Nerds<\/a><\/p><\/blockquote>\n<p><iframe loading=\"lazy\" class=\"wp-embedded-content\" sandbox=\"allow-scripts\" security=\"restricted\" style=\"position: absolute; clip: rect(1px, 1px, 1px, 1px);\" title=\"&#8222;Exklusives Headhunter-Ranking der WirtschaftsWoche: Die J\u00e4ger der Nerds&#8220; &#8212; Management-Blog\" src=\"https:\/\/blog.wiwo.de\/management\/2018\/11\/26\/exklusives-headhunter-ranking-der-wirtschaftswoche-die-jaeger-der-nerds\/embed\/#?secret=zFAKILsLbJ#?secret=NBy1XtRTZU\" data-secret=\"NBy1XtRTZU\" width=\"584\" height=\"329\" frameborder=\"0\" marginwidth=\"0\" marginheight=\"0\" scrolling=\"no\"><\/iframe><\/p>\n<p>&nbsp;<\/p>\n<p>&nbsp;<\/p>\n<p><strong>\u2026.hier aus 20017<\/strong><\/p>\n<blockquote class=\"wp-embedded-content\" data-secret=\"Ap7YoS9sYk\"><p><a href=\"https:\/\/blog.wiwo.de\/management\/2018\/02\/27\/wirtschaftswoche-personalberater-ranking-wer-die-renommiertesten-generalisten-sind-wer-bei-spezialistensuche-eindruck-macht\/\">WirtschaftsWoche Personalberater-Ranking: Wer die renommiertesten Generalisten sind, wer bei Spezialistensuche Eindruck macht<\/a><\/p><\/blockquote>\n<p><iframe loading=\"lazy\" class=\"wp-embedded-content\" sandbox=\"allow-scripts\" security=\"restricted\" style=\"position: absolute; clip: rect(1px, 1px, 1px, 1px);\" title=\"&#8222;WirtschaftsWoche Personalberater-Ranking: Wer die renommiertesten Generalisten sind, wer bei Spezialistensuche Eindruck macht&#8220; &#8212; Management-Blog\" src=\"https:\/\/blog.wiwo.de\/management\/2018\/02\/27\/wirtschaftswoche-personalberater-ranking-wer-die-renommiertesten-generalisten-sind-wer-bei-spezialistensuche-eindruck-macht\/embed\/#?secret=15NgRQDgQF#?secret=Ap7YoS9sYk\" data-secret=\"Ap7YoS9sYk\" width=\"584\" height=\"329\" frameborder=\"0\" marginwidth=\"0\" marginheight=\"0\" scrolling=\"no\"><\/iframe><\/p>\n<p>&nbsp;<\/p>\n<p><strong>\u2026 und hier das Personalberater-Ranking aus 2016:<\/strong><\/p>\n<blockquote class=\"wp-embedded-content\" data-secret=\"yl8GNITTU1\"><p><a href=\"https:\/\/blog.wiwo.de\/management\/2016\/11\/24\/deutschlands-beste-personalberater-2016-wirtschaftswoche-umfrage\/\">Deutschlands beste Personalberater 2016 &#8211; wen die Unternehmen favorisieren. WirtschaftsWoche-Exklusiv-Umfrage<\/a><\/p><\/blockquote>\n<p><iframe loading=\"lazy\" class=\"wp-embedded-content\" sandbox=\"allow-scripts\" security=\"restricted\" style=\"position: absolute; clip: rect(1px, 1px, 1px, 1px);\" title=\"&#8222;Deutschlands beste Personalberater 2016 &#8211; wen die Unternehmen favorisieren. WirtschaftsWoche-Exklusiv-Umfrage&#8220; &#8212; Management-Blog\" src=\"https:\/\/blog.wiwo.de\/management\/2016\/11\/24\/deutschlands-beste-personalberater-2016-wirtschaftswoche-umfrage\/embed\/#?secret=Zxe2QWyFyb#?secret=yl8GNITTU1\" data-secret=\"yl8GNITTU1\" width=\"584\" height=\"329\" frameborder=\"0\" marginwidth=\"0\" marginheight=\"0\" scrolling=\"no\"><\/iframe><\/p>\n<p>&nbsp;<\/p>\n<p>&nbsp;<\/p>\n<p>&nbsp;<\/p>\n<p>&nbsp;<\/p>\n<div id=\"attachment_668407\" style=\"width: 310px\" class=\"wp-caption aligncenter\"><img loading=\"lazy\" decoding=\"async\" aria-describedby=\"caption-attachment-668407\" class=\"size-medium wp-image-668407\" src=\"https:\/\/blog.wiwo.de\/management\/files\/2018\/07\/Grafik_DieKo\u0308nigeDerBlogospha\u0308re_A4_DRAFT_02-1-300x212.jpg\" alt=\"\" width=\"300\" height=\"212\" srcset=\"https:\/\/blog.wiwo.de\/management\/files\/2018\/07\/Grafik_DieKo\u0308nigeDerBlogospha\u0308re_A4_DRAFT_02-1-300x212.jpg 300w, https:\/\/blog.wiwo.de\/management\/files\/2018\/07\/Grafik_DieKo\u0308nigeDerBlogospha\u0308re_A4_DRAFT_02-1-424x300.jpg 424w, https:\/\/blog.wiwo.de\/management\/files\/2018\/07\/Grafik_DieKo\u0308nigeDerBlogospha\u0308re_A4_DRAFT_02-1.jpg 650w\" sizes=\"auto, (max-width: 300px) 100vw, 300px\" \/><p id=\"caption-attachment-668407\" class=\"wp-caption-text\">Blogger-Relevanz-Index 2018<\/p><\/div>\n","protected":false},"excerpt":{"rendered":"<p>Zum vierten Mal fragt die WirtschaftsWoche die Unternehmen in Deutschland: Wer sind nach Ihren Erfahrungen die besten Headhunter? Die Umfrage &#8211; durchgef\u00fchrt und konzipiert von Professor Christel Gade &#8211; ist bereits ge\u00f6ffnet: https:\/\/hr-index.limequery.com\/201901?lang=de Wie in den Vorjahren ist die Ver\u00f6ffentlichung &hellip; <a href=\"https:\/\/blog.wiwo.de\/management\/2019\/08\/14\/unternehmensumfrage-der-wirtschaftswoche-wer-sind-deutschlands-beste-personalberater-2019\/\">Weiterlesen <span class=\"meta-nav\">&rarr;<\/span><\/a><\/p>\n","protected":false},"author":19,"featured_media":0,"comment_status":"open","ping_status":"open","sticky":false,"template":"","format":"standard","meta":{"footnotes":""},"categories":[1],"tags":[3423,5652,8518,507,848,901,1080,2682,8453],"class_list":["post-671521","post","type-post","status-publish","format-standard","hentry","category-allgemein","tag-bundesverband-deutscher-unternehmensberater-bdu","tag-christel-gade","tag-deutschlands-beste-personalberater-2019","tag-headhunter","tag-personalberater","tag-ranking","tag-umfrage","tag-unternehmensumfrage","tag-verband-fuer-fach-und-fuehrungskraefte-dfk"],"_links":{"self":[{"href":"https:\/\/blog.wiwo.de\/management\/wp-json\/wp\/v2\/posts\/671521","targetHints":{"allow":["GET"]}}],"collection":[{"href":"https:\/\/blog.wiwo.de\/management\/wp-json\/wp\/v2\/posts"}],"about":[{"href":"https:\/\/blog.wiwo.de\/management\/wp-json\/wp\/v2\/types\/post"}],"author":[{"embeddable":true,"href":"https:\/\/blog.wiwo.de\/management\/wp-json\/wp\/v2\/users\/19"}],"replies":[{"embeddable":true,"href":"https:\/\/blog.wiwo.de\/management\/wp-json\/wp\/v2\/comments?post=671521"}],"version-history":[{"count":2,"href":"https:\/\/blog.wiwo.de\/management\/wp-json\/wp\/v2\/posts\/671521\/revisions"}],"predecessor-version":[{"id":671525,"href":"https:\/\/blog.wiwo.de\/management\/wp-json\/wp\/v2\/posts\/671521\/revisions\/671525"}],"wp:attachment":[{"href":"https:\/\/blog.wiwo.de\/management\/wp-json\/wp\/v2\/media?parent=671521"}],"wp:term":[{"taxonomy":"category","embeddable":true,"href":"https:\/\/blog.wiwo.de\/management\/wp-json\/wp\/v2\/categories?post=671521"},{"taxonomy":"post_tag","embeddable":true,"href":"https:\/\/blog.wiwo.de\/management\/wp-json\/wp\/v2\/tags?post=671521"}],"curies":[{"name":"wp","href":"https:\/\/api.w.org\/{rel}","templated":true}]}}