{"id":671225,"date":"2019-09-30T23:38:34","date_gmt":"2019-09-30T21:38:34","guid":{"rendered":"https:\/\/blog.wiwo.de\/management\/?p=671225"},"modified":"2019-10-03T18:28:30","modified_gmt":"2019-10-03T16:28:30","slug":"fuehrungskraefte-ohne-digitalstrategie-9-die-digitalisierung-befeuert-diversity-und-inklusion-von-ulrich-goldschmidt-vom-dfk-verband-fuer-fuehrungskraefte-goldschmidt-9","status":"publish","type":"post","link":"https:\/\/blog.wiwo.de\/management\/2019\/09\/30\/fuehrungskraefte-ohne-digitalstrategie-9-die-digitalisierung-befeuert-diversity-und-inklusion-von-ulrich-goldschmidt-vom-dfk-verband-fuer-fuehrungskraefte-goldschmidt-9\/","title":{"rendered":"F\u00fchrungskr\u00e4fte ohne Digitalstrategie (9) \u2013 Die Digitalisierung befeuert Diversity und Inklusion. Von Ulrich Goldschmidt"},"content":{"rendered":"<blockquote><p><strong>F\u00fchrungskr\u00e4fte ohne Digitalstrategie (9) \u2013 Die Digitalisierung befeuert Diversity und Inklusion. Von Ulrich Goldschmidt vom DFK-Verband f\u00fcr F\u00fchrungskr\u00e4fte (Gastbeitrag)<\/strong><\/p><\/blockquote>\n<h1 class=\"entry-title\"><strong>Manager reden zwar von Digitalisierung \u2013 lassen ihren Worten aber keine Taten folgen. L<\/strong><strong>aut der Studie \u201eF\u00fchrung und Digitalisierung\u201c des<a href=\"https:\/\/www.die-fuehrungskraefte.de\/dfk\/\">\u00a0DFK-Verbands f\u00fcr Fach- und F\u00fchrungskr\u00e4fte<\/a> wird Digitalisierung Diversity und Inklusion befeuern. <\/strong><\/h1>\n<h1 class=\"entry-title\">In der Studie \u201eF\u00fchrung und Digitalisierung\u201c des Berufsverbandes DFK \u2013 Verband f\u00fcr Fach- und F\u00fchrungskr\u00e4fte unter mehr als 1.500 Fach- und F\u00fchrungskr\u00e4ften sagt eine deutliche Mehrheit, dass die Digitalisierung der Arbeitswelt zu Verbesserungen bei der Diversit\u00e4t und der Inklusion in den Unternehmen f\u00fchren wird.<\/h1>\n<p>&nbsp;<\/p>\n<div id=\"attachment_665877\" style=\"width: 660px\" class=\"wp-caption aligncenter\"><img loading=\"lazy\" decoding=\"async\" aria-describedby=\"caption-attachment-665877\" class=\"size-full wp-image-665877\" src=\"https:\/\/blog.wiwo.de\/management\/files\/2017\/09\/goldschmidt.neu_.jpg\" alt=\"\" width=\"650\" height=\"488\" \/><p id=\"caption-attachment-665877\" class=\"wp-caption-text\">Ulrich Goldschmidt<\/p><\/div>\n<p>&nbsp;<\/p>\n<p><strong>Wo bleibt der Umsetzungswille?<\/strong><\/p>\n<p>Die meisten F\u00fchrungskr\u00e4fte (65 Prozent) erwarten von der Digitalisierung auch positive Effekte f\u00fcr Diversity und Inklusion, bei den Frauen sind es sogar 77 Prozent. Warum dieser Optimismus? Weil die Digitalisierung insbesondere f\u00fcr mehr Flexibilit\u00e4t bei Arbeitsorganisation, Arbeitsort und Arbeitszeit sorgen soll. Die M\u00f6glichkeiten gibt es zweifellos.<\/p>\n<p>Was hinzukommen muss, ist aber der Umsetzungswille. Und da wird der Optimismus etwas ged\u00e4mpft. Die Topmanager sind\u00a0 in diesem Punkt skeptischer als die weiblichen Fach- und F\u00fchrungskr\u00e4fte. Von den Vorst\u00e4nden und Gesch\u00e4ftsf\u00fchrern erwarten nur 58 Prozent digitalisierungsbedingte Fortschritte bei der Diversit\u00e4t und nur 57 Prozent bei der Inklusion. Von den Topmanagern m\u00fcssen aber die entscheidenden Signale und Anst\u00f6\u00dfe f\u00fcr Verbesserungen ausgehen. Gibt es kein klares und objektiv nachvollziehbares Bekenntnis zu Diversity und Inklusion, wird es kaum vorangehen mit diesen Themen.<\/p>\n<p>&nbsp;<\/p>\n<p><strong>Fachkarrieren werden ebenso gesch\u00e4tzt wie F\u00fchrungskarrieren<\/strong><\/p>\n<p>Wird sich wegen der Digitalisierung die Zahl der F\u00fchrungskr\u00e4fte reduzieren? Vielleicht. Wenn ja, wird das die Gleichstellung von Frauen erschweren. 33 Prozent der Befragten erwarten einen R\u00fcckgang, der Trend besteht jedenfalls schon eine Weile.<\/p>\n<p>Immerhin erwarten 41 Prozent der Befragten, dass die Digitalisierung dazu f\u00fchrt, dass Fach- und F\u00fchrungskarrieren denselben Stellenwert und dieselbe Wertsch\u00e4tzung bekommen. Nur 21 Prozent glauben nicht daran.<\/p>\n<p>&nbsp;<\/p>\n<blockquote class=\"wp-embedded-content\" data-secret=\"7XLkOtulHx\"><p><a href=\"https:\/\/blog.wiwo.de\/management\/2019\/09\/17\/fuehrungskraefte-ohne-digitalstrategie-8-charisma-wird-bei-fuehrungskraeften-ziemlich-unwichtig-netzwerken-koennen-steht-dagegen-ganz-oben-von-ulrich-goldschmidt-vom-dfk-verband-fuer-fue\/\">F\u00fchrungskr\u00e4fte ohne Digitalstrategie (8) \u2013 Charisma wird bei F\u00fchrungskr\u00e4ften ziemlich unwichtig, Netzwerken-K\u00f6nnen steht dagegen ganz oben. Von Ulrich Goldschmidt vom DFK-Verband f\u00fcr F\u00fchrungskr\u00e4fte<\/a><\/p><\/blockquote>\n<p><iframe loading=\"lazy\" class=\"wp-embedded-content\" sandbox=\"allow-scripts\" security=\"restricted\" style=\"position: absolute; clip: rect(1px, 1px, 1px, 1px);\" title=\"&#8222;F\u00fchrungskr\u00e4fte ohne Digitalstrategie (8) \u2013 Charisma wird bei F\u00fchrungskr\u00e4ften ziemlich unwichtig, Netzwerken-K\u00f6nnen steht dagegen ganz oben. Von Ulrich Goldschmidt vom DFK-Verband f\u00fcr F\u00fchrungskr\u00e4fte&#8220; &#8212; Management-Blog\" src=\"https:\/\/blog.wiwo.de\/management\/2019\/09\/17\/fuehrungskraefte-ohne-digitalstrategie-8-charisma-wird-bei-fuehrungskraeften-ziemlich-unwichtig-netzwerken-koennen-steht-dagegen-ganz-oben-von-ulrich-goldschmidt-vom-dfk-verband-fuer-fue\/embed\/#?secret=h0Pdkzpuqz#?secret=7XLkOtulHx\" data-secret=\"7XLkOtulHx\" width=\"584\" height=\"329\" frameborder=\"0\" marginwidth=\"0\" marginheight=\"0\" scrolling=\"no\"><\/iframe><\/p>\n<p>&nbsp;<\/p>\n<p>&nbsp;<\/p>\n<div id=\"attachment_668407\" style=\"width: 160px\" class=\"wp-caption alignleft\"><img loading=\"lazy\" decoding=\"async\" aria-describedby=\"caption-attachment-668407\" class=\"size-thumbnail wp-image-668407\" src=\"https:\/\/blog.wiwo.de\/management\/files\/2018\/07\/Grafik_DieKo\u0308nigeDerBlogospha\u0308re_A4_DRAFT_02-1-150x150.jpg\" alt=\"\" width=\"150\" height=\"150\" \/><p id=\"caption-attachment-668407\" class=\"wp-caption-text\">Blogger-Relevanz-Index 2018<\/p><\/div>\n<div id=\"attachment_671683\" style=\"width: 160px\" class=\"wp-caption alignright\"><img loading=\"lazy\" decoding=\"async\" aria-describedby=\"caption-attachment-671683\" class=\"size-thumbnail wp-image-671683\" src=\"https:\/\/blog.wiwo.de\/management\/files\/2019\/09\/IMG-20190906-WA0016-150x150.jpg\" alt=\"\" width=\"150\" height=\"150\" \/><p id=\"caption-attachment-671683\" class=\"wp-caption-text\">Blogger-Relevanz-Index 2019: Blogs von Frauen<\/p><\/div>\n","protected":false},"excerpt":{"rendered":"<p>F\u00fchrungskr\u00e4fte ohne Digitalstrategie (9) \u2013 Die Digitalisierung befeuert Diversity und Inklusion. Von Ulrich Goldschmidt vom DFK-Verband f\u00fcr F\u00fchrungskr\u00e4fte (Gastbeitrag) Manager reden zwar von Digitalisierung \u2013 lassen ihren Worten aber keine Taten folgen. Laut der Studie \u201eF\u00fchrung und Digitalisierung\u201c des\u00a0DFK-Verbands f\u00fcr &hellip; <a href=\"https:\/\/blog.wiwo.de\/management\/2019\/09\/30\/fuehrungskraefte-ohne-digitalstrategie-9-die-digitalisierung-befeuert-diversity-und-inklusion-von-ulrich-goldschmidt-vom-dfk-verband-fuer-fuehrungskraefte-goldschmidt-9\/\">Weiterlesen <span class=\"meta-nav\">&rarr;<\/span><\/a><\/p>\n","protected":false},"author":19,"featured_media":0,"comment_status":"open","ping_status":"open","sticky":false,"template":"","format":"standard","meta":{"footnotes":""},"categories":[1],"tags":[4376,8672,290,8673,8671,5920,8453],"class_list":["post-671225","post","type-post","status-publish","format-standard","hentry","category-allgemein","tag-digitalisierung","tag-digitalisierungs-studie-9","tag-diversity","tag-fuehrungskraefte-ohne-digitalstrategie","tag-inklusion","tag-juergen-w-goldschmidt","tag-verband-fuer-fach-und-fuehrungskraefte-dfk"],"_links":{"self":[{"href":"https:\/\/blog.wiwo.de\/management\/wp-json\/wp\/v2\/posts\/671225","targetHints":{"allow":["GET"]}}],"collection":[{"href":"https:\/\/blog.wiwo.de\/management\/wp-json\/wp\/v2\/posts"}],"about":[{"href":"https:\/\/blog.wiwo.de\/management\/wp-json\/wp\/v2\/types\/post"}],"author":[{"embeddable":true,"href":"https:\/\/blog.wiwo.de\/management\/wp-json\/wp\/v2\/users\/19"}],"replies":[{"embeddable":true,"href":"https:\/\/blog.wiwo.de\/management\/wp-json\/wp\/v2\/comments?post=671225"}],"version-history":[{"count":6,"href":"https:\/\/blog.wiwo.de\/management\/wp-json\/wp\/v2\/posts\/671225\/revisions"}],"predecessor-version":[{"id":671970,"href":"https:\/\/blog.wiwo.de\/management\/wp-json\/wp\/v2\/posts\/671225\/revisions\/671970"}],"wp:attachment":[{"href":"https:\/\/blog.wiwo.de\/management\/wp-json\/wp\/v2\/media?parent=671225"}],"wp:term":[{"taxonomy":"category","embeddable":true,"href":"https:\/\/blog.wiwo.de\/management\/wp-json\/wp\/v2\/categories?post=671225"},{"taxonomy":"post_tag","embeddable":true,"href":"https:\/\/blog.wiwo.de\/management\/wp-json\/wp\/v2\/tags?post=671225"}],"curies":[{"name":"wp","href":"https:\/\/api.w.org\/{rel}","templated":true}]}}