{"id":671215,"date":"2019-08-05T18:05:15","date_gmt":"2019-08-05T16:05:15","guid":{"rendered":"https:\/\/blog.wiwo.de\/management\/?p=671215"},"modified":"2019-08-05T18:05:15","modified_gmt":"2019-08-05T16:05:15","slug":"fuehrungskraefte-ohne-digitalstrategie-4-das-silodenken-hoert-endlich-auf-hoffen-fuehrungskraefte-von-ulrich-goldschmidt-vom-dfk-verband-fuer-fuehrungskraefte","status":"publish","type":"post","link":"https:\/\/blog.wiwo.de\/management\/2019\/08\/05\/fuehrungskraefte-ohne-digitalstrategie-4-das-silodenken-hoert-endlich-auf-hoffen-fuehrungskraefte-von-ulrich-goldschmidt-vom-dfk-verband-fuer-fuehrungskraefte\/","title":{"rendered":"F\u00fchrungskr\u00e4fte ohne Digitalstrategie (4) \u2013  Das Silodenken h\u00f6rt endlich auf, hoffen F\u00fchrungskr\u00e4fte. Von Ulrich Goldschmidt vom DFK-Verband f\u00fcr F\u00fchrungskr\u00e4fte"},"content":{"rendered":"<h1 class=\"entry-title\"><strong>F\u00fchrungskr\u00e4fte ohne Digitalstrategie: Gastbeitrag von Ulrich Goldschmidt. Manager reden zwar von Digitalisierung \u2013 lassen ihren Worten aber keine Taten folgen. Dennoch erwarten sie, dass dank Digitalisierung die Zusammenarbeit besser wird<\/strong><strong> laut der Studie \u201eF\u00fchrung und Digitalisierung\u201c des<a href=\"https:\/\/www.die-fuehrungskraefte.de\/dfk\/\"> DFK-Verbands f\u00fcr Fach- und F\u00fchrungskr\u00e4fte.<\/a> (4)<\/strong><\/h1>\n<p>&nbsp;<\/p>\n<div id=\"attachment_665877\" style=\"width: 660px\" class=\"wp-caption aligncenter\"><img loading=\"lazy\" decoding=\"async\" aria-describedby=\"caption-attachment-665877\" class=\"size-full wp-image-665877\" src=\"https:\/\/blog.wiwo.de\/management\/files\/2017\/09\/goldschmidt.neu_.jpg\" alt=\"\" width=\"650\" height=\"488\" \/><p id=\"caption-attachment-665877\" class=\"wp-caption-text\">Ulrich Goldschmidt (Foto: C.T\u00f6dtmann)<\/p><\/div>\n<p>&nbsp;<\/p>\n<p>Zwei Drittel der Fach- und F\u00fchrungskr\u00e4fte in Deutschland f\u00fchlen sich durch den Einsatz digitaler Instrumente in ihrem Arbeitsumfeld im Unternehmen besser informiert als fr\u00fcher. Laut der Studie \u201eF\u00fchrung und Digitalisierung\u201c des Berufsverbandes DFK \u2013 Verband f\u00fcr Fach- und F\u00fchrungskr\u00e4fte, f\u00fcr die er \u00fcber 1.500 Fach- und F\u00fchrungskr\u00e4fte befragt hat, sagen sogar 72 Prozent der Befragten, dass sich interdisziplin\u00e4re und bereichs\u00fcbergreifende Prozesse durch die Digitalisierung verbessern werden.<br \/>\nDigitalisierung verbessert Information in den Betrieben.<\/p>\n<p>&nbsp;<\/p>\n<p><strong>Informationsflut durch Digitalisierung<\/strong><\/p>\n<p>Richtig eingesetzt, verbessern digitale Instrumente offenbar den Informationsfluss in den Unternehmen. Rund zwei Drittel der Fach- und F\u00fchrungskr\u00e4fte hierzulande best\u00e4tigen das. Nur acht Prozent sehen keinerlei positiven Effekt. Zugleich gibt es aber auch die Kehrseite der Medaille: Immerhin 40 Prozent der vom DFK Befragten erleben eine durch die Digitalisierung ausgel\u00f6ste kontraproduktive Informationsflut. Digitalisierung kann also L\u00f6sung und Problem zugleich sein.<\/p>\n<p>&nbsp;<\/p>\n<p>Macht man es sich zu leicht und nutzt die digitalen M\u00f6glichkeiten nur dazu, m\u00f6glichst viel an Information an m\u00f6glichst viele Menschen zu streuen, kommt es zu dem bem\u00e4ngelten Information Overload. In solchen F\u00e4llen geht es oft auch gar nicht darum, Wissen sinnvoll zu teilen, sondern sich nach allen Seiten abzusichern, indem man alle \u201einformiert\u201c, diese Menschen tats\u00e4chlich aber komplett sinnfrei mit Fakten zusch\u00fcttet. So ist die Digitalisierung keine Hilfe sondern Belastung.<\/p>\n<p>Bei einem sorgsamen Umgang mit digitalen Informationskan\u00e4len, kann man dagegen das oft kritisierte Herrschaftswissen abl\u00f6sen und an seine Stelle Wissensteilung in Form einer unterst\u00fctzenden und dienenden F\u00fchrung setzen. Digitalisierung hilft also massiv dabei, neue Formen von F\u00fchrung umzusetzen.<\/p>\n<p>&nbsp;<\/p>\n<p><strong>Die gro\u00dfen Ver\u00e4nderungen kommen erst noch, denken 91 Prozent<\/strong><\/p>\n<p>Auch wenn schon 65 Prozent der Fach- und F\u00fchrungskr\u00e4fte in den vergangenen f\u00fcnf Jahren starke Ver\u00e4nderungen bei Kommunikation und Information wahrgenommen haben, werden weitere gro\u00dfe Ver\u00e4nderungen folgen. 91 Prozent erwarten in den n\u00e4chsten f\u00fcnf Jahren noch einmal einen technologischen Schub mit erheblichen Entwicklungen in diesem Bereich. Insgesamt wird die Palette digitaler Kommunikationsmittel breiter werden, aber auch st\u00e4ndigen Ver\u00e4nderungen unterliegen. Bemerkenswert ist, welche Instrumente schon heute genutzt werden:<\/p>\n<ul>\n<li>98 Prozent E-Mail<\/li>\n<li>90 Prozent Intranet<\/li>\n<li>78 Prozent Videokonferenzen<\/li>\n<li>31 Prozent Whatsapp<\/li>\n<li>16 Prozent Youtube<\/li>\n<li>12 Prozent Facebook<\/li>\n<li>3\u00a0 Prozent Instagram<\/li>\n<li>21 Prozent Sonstige<\/li>\n<\/ul>\n<p>Medien wie Whatsapp, Facebook oder Instagram werden dabei aber eher selten eingesetzt. Nur 19 Prozent nutzen diese h\u00e4ufig.<\/p>\n<p>Verbesserungsbedarf wird insgesamt noch bei der Effektivit\u00e4t digitaler Kommunikation gesehen. Nur 50 Prozent der in dieser Studie Befragten sehen schon heute ein gutes Niveau erreicht. Das mag auch technologische Gr\u00fcnde haben, h\u00e4ngt aber sicherlich auch damit zusammen, dass der Umgang mit diesen Formaten gelernt werden muss.<\/p>\n<p><strong>Das Silodenken wird enden, glauben 72 Prozent<\/strong><\/p>\n<p>Gro\u00dfe Hoffnung setzen Fach- und F\u00fchrungskr\u00e4fte auf die Digitalisierung, wenn es darum geht, das immer noch weit verbreitete Silodenken in den Unternehmen aufzubrechen. Kommunikation und Information machen immer noch zu h\u00e4ufig an der Abteilungs- oder Bereichsgrenze halt. Ingenieure und Kaufleute, Entwickler und Vertriebler sprechen zu wenig miteinander. Auch hier wird oft eifers\u00fcchtig Herrschaftswissen bewahrt und nicht f\u00fcr alle gewinnbringend geteilt.<\/p>\n<p>Man sieht aber Licht am Horizont. 72 Prozent der befragten Fach- und F\u00fchrungskr\u00e4fte erwarten, dass sich interdisziplin\u00e4re und bereichs\u00fcbergreifende Prozesse durch die Digitalisierung verbessern werden. Nur acht Prozent erwarten eine Verschlechterung dieser Prozesse.<\/p>\n<p>&nbsp;<\/p>\n<p>&nbsp;<\/p>\n<div id=\"attachment_668407\" style=\"width: 310px\" class=\"wp-caption aligncenter\"><img loading=\"lazy\" decoding=\"async\" aria-describedby=\"caption-attachment-668407\" class=\"size-medium wp-image-668407\" src=\"https:\/\/blog.wiwo.de\/management\/files\/2018\/07\/Grafik_DieKo\u0308nigeDerBlogospha\u0308re_A4_DRAFT_02-1-300x212.jpg\" alt=\"\" width=\"300\" height=\"212\" srcset=\"https:\/\/blog.wiwo.de\/management\/files\/2018\/07\/Grafik_DieKo\u0308nigeDerBlogospha\u0308re_A4_DRAFT_02-1-300x212.jpg 300w, https:\/\/blog.wiwo.de\/management\/files\/2018\/07\/Grafik_DieKo\u0308nigeDerBlogospha\u0308re_A4_DRAFT_02-1-424x300.jpg 424w, https:\/\/blog.wiwo.de\/management\/files\/2018\/07\/Grafik_DieKo\u0308nigeDerBlogospha\u0308re_A4_DRAFT_02-1.jpg 650w\" sizes=\"auto, (max-width: 300px) 100vw, 300px\" \/><p id=\"caption-attachment-668407\" class=\"wp-caption-text\">Blogger-Relevanz-Index 2018<\/p><\/div>\n<p>&nbsp;<\/p>\n<p>&nbsp;<\/p>\n","protected":false},"excerpt":{"rendered":"<p>F\u00fchrungskr\u00e4fte ohne Digitalstrategie: Gastbeitrag von Ulrich Goldschmidt. Manager reden zwar von Digitalisierung \u2013 lassen ihren Worten aber keine Taten folgen. Dennoch erwarten sie, dass dank Digitalisierung die Zusammenarbeit besser wird laut der Studie \u201eF\u00fchrung und Digitalisierung\u201c des DFK-Verbands f\u00fcr Fach- &hellip; <a href=\"https:\/\/blog.wiwo.de\/management\/2019\/08\/05\/fuehrungskraefte-ohne-digitalstrategie-4-das-silodenken-hoert-endlich-auf-hoffen-fuehrungskraefte-von-ulrich-goldschmidt-vom-dfk-verband-fuer-fuehrungskraefte\/\">Weiterlesen <span class=\"meta-nav\">&rarr;<\/span><\/a><\/p>\n","protected":false},"author":19,"featured_media":0,"comment_status":"open","ping_status":"open","sticky":false,"template":"","format":"standard","meta":{"footnotes":""},"categories":[1],"tags":[8496,2315,8453],"class_list":["post-671215","post","type-post","status-publish","format-standard","hentry","category-allgemein","tag-studie-digitalisierung-4","tag-ulrich-goldschmidt","tag-verband-fuer-fach-und-fuehrungskraefte-dfk"],"_links":{"self":[{"href":"https:\/\/blog.wiwo.de\/management\/wp-json\/wp\/v2\/posts\/671215","targetHints":{"allow":["GET"]}}],"collection":[{"href":"https:\/\/blog.wiwo.de\/management\/wp-json\/wp\/v2\/posts"}],"about":[{"href":"https:\/\/blog.wiwo.de\/management\/wp-json\/wp\/v2\/types\/post"}],"author":[{"embeddable":true,"href":"https:\/\/blog.wiwo.de\/management\/wp-json\/wp\/v2\/users\/19"}],"replies":[{"embeddable":true,"href":"https:\/\/blog.wiwo.de\/management\/wp-json\/wp\/v2\/comments?post=671215"}],"version-history":[{"count":1,"href":"https:\/\/blog.wiwo.de\/management\/wp-json\/wp\/v2\/posts\/671215\/revisions"}],"predecessor-version":[{"id":671426,"href":"https:\/\/blog.wiwo.de\/management\/wp-json\/wp\/v2\/posts\/671215\/revisions\/671426"}],"wp:attachment":[{"href":"https:\/\/blog.wiwo.de\/management\/wp-json\/wp\/v2\/media?parent=671215"}],"wp:term":[{"taxonomy":"category","embeddable":true,"href":"https:\/\/blog.wiwo.de\/management\/wp-json\/wp\/v2\/categories?post=671215"},{"taxonomy":"post_tag","embeddable":true,"href":"https:\/\/blog.wiwo.de\/management\/wp-json\/wp\/v2\/tags?post=671215"}],"curies":[{"name":"wp","href":"https:\/\/api.w.org\/{rel}","templated":true}]}}