{"id":670140,"date":"2019-06-25T16:28:27","date_gmt":"2019-06-25T14:28:27","guid":{"rendered":"https:\/\/blog.wiwo.de\/management\/?p=670140"},"modified":"2019-06-25T17:44:20","modified_gmt":"2019-06-25T15:44:20","slug":"fragebogen-nahaufnahme-mit-psd-banken-chef-jurgeit-dem-sein-melitta-porzellanfilter-lieb-und-teuer-ist","status":"publish","type":"post","link":"https:\/\/blog.wiwo.de\/management\/2019\/06\/25\/fragebogen-nahaufnahme-mit-psd-banken-chef-jurgeit-dem-sein-melitta-porzellanfilter-lieb-und-teuer-ist\/","title":{"rendered":"Fragebogen &#8222;Nahaufnahme&#8220; mit PSD-Banken-Chef Jurgeit, dem sein Melitta-Porzellanfilter lieb und teuer ist"},"content":{"rendered":"<p><strong>Den Fragebogen &#8222;Nahaufnahme&#8220; beantwortet Dieter Jurgeit, Vorstandsvorsitzender der PSD Banken<\/strong>.<\/p>\n<p>&nbsp;<\/p>\n<p><img loading=\"lazy\" decoding=\"async\" class=\"aligncenter size-full wp-image-670791\" src=\"https:\/\/blog.wiwo.de\/management\/files\/2019\/03\/jurgereit.jpg\" alt=\"\" width=\"300\" height=\"249\" \/><\/p>\n<p>&nbsp;<\/p>\n<p>&nbsp;<\/p>\n<p><strong>Erkl\u00e4ren Sie in einem Satz, was Ihr Unternehmen tut.<\/strong><\/p>\n<p>Unser Verband der PSD Banken vertritt die Interessen der Mitgliedsbanken zum Beispiel gegen\u00fcber dem BVR (Bundesverband der Deutschen Volksbanken Raiffeisenbanken), der Politik und der Bankenaufsicht. Als strategischer Berater realisiert der Verband mit den Vorst\u00e4nden seiner Mitgliedsbanken Digitalisierungs- und strategische Projekte.<\/p>\n<p>&nbsp;<\/p>\n<p><strong>Womit beginnt Ihr Arbeitstag?<\/strong><\/p>\n<p>Mit dem t\u00e4glichen Lauftraining in den Bonner Rheinauen. Dabei kann ich gedanklich den Tag gut strukturieren und gro\u00dfe Themen durchdenken. Danach gibt\u00b4s M\u00fcsli und frisches Obst zum Fr\u00fchst\u00fcck, lese Dienstliches und bei der Nachrichtenagentur Reuters die Nachrichten.<\/p>\n<p>&nbsp;<\/p>\n<p><strong>Wie w\u00fcrden Sie sich selbst als Chef beschreiben?<\/strong><\/p>\n<p>Ich bin ein Freund der alten Management-Schule von der Uni St.Gallen, wo ich studiert habe: Meine Ideen formuliere ich klar und die Ziele dr\u00fccke ich in Bildern aus. Damit meine Begeisterung auf meine F\u00fchrungskr\u00e4fte \u00fcberspringt. Ein Beispiel: Ich habe das Thema neue Agilit\u00e4t sp\u00fcrbar und erlebbar gemacht, indem ich bei einem F\u00fchrungskr\u00e4fte-Workshops eine Trainingseinheit mit einem Box-Europameister angesetzt habe.<\/p>\n<p>&nbsp;<\/p>\n<p><strong>&#8230; und was w\u00fcrden Ihre Mitarbeiter darauf antworten?<\/strong><\/p>\n<p>Dass sie in keinem Job fr\u00fcher so intensiv gefordert wurden. Aber auch: Dass ich jederzeit f\u00fcr Ihre Themen ein offenes Ohr habe und sie sehr viel mitgestalten k\u00f6nnen.<br \/>\nIch gebe bei wichtigen strategischen Projekten nur die Leitplanken vor. Die Teams haben dann \u2013 mit viel Kompetenz und ausreichend Budget \u2013 gro\u00dfe Entscheidungs- und Gestaltungsm\u00f6glichkeiten.<\/p>\n<p>&nbsp;<\/p>\n<p><strong>Tee oder Kaffee?<\/strong><\/p>\n<p>Selbst gebr\u00fchter Filterkaffee mit meinem Melitta-Porzellanfilter. Ein Schuss Milch dazu, fertig. Klingt f\u00fcr junge Menschen mit ihrem Soja Latte vielleicht ein bisschen nach Kaffee wie zu Omas Zeiten, aber mir schmeckt ein einfacher Kaffee am besten.<\/p>\n<p>&nbsp;<\/p>\n<p><strong>Ihr Spitzname ist&#8230;?<\/strong><\/p>\n<p>Meine Klassenkameraden nannten mich den &#8222;kleinen Netzer&#8220;. Ich hatte die gleiche Frisur und die gleiche Schuhgr\u00f6\u00dfe wie er und wollte die Eckb\u00e4lle immer so in den Strafraum bringen wie Netzer. Er war \u2013 neben dem Mittelfeldgenie Wolfgang Overath \u2013 einer meiner Fu\u00dfballidole der fr\u00fchen 70er-Jahre.<\/p>\n<p>&nbsp;<\/p>\n<p><strong>Verraten Sie eine Marotte.<\/strong><\/p>\n<p>Mein Stolz auf die goldene Schallplatte von AC\/DC. Die h\u00e4ngt gerahmt in meinem B\u00fcro und niemand au\u00dfer mir darf sie entstauben. Ich liebe gute handgemachte Hard-Rock-Musik sehr. Noch heute gehe ich zu Konzerten von Bands wie Guns n&#8216; Roses oder Ozzy Osbourne.<\/p>\n<p>&nbsp;<\/p>\n<p><img loading=\"lazy\" decoding=\"async\" class=\"aligncenter size-full wp-image-670142\" src=\"https:\/\/blog.wiwo.de\/management\/files\/2019\/03\/jungereit2.jpg\" alt=\"\" width=\"488\" height=\"650\" srcset=\"https:\/\/blog.wiwo.de\/management\/files\/2019\/03\/jungereit2.jpg 488w, https:\/\/blog.wiwo.de\/management\/files\/2019\/03\/jungereit2-225x300.jpg 225w\" sizes=\"auto, (max-width: 488px) 100vw, 488px\" \/><\/p>\n<p>&nbsp;<\/p>\n<p><strong>Was bringt Sie in Harnisch?<\/strong><\/p>\n<p>Es bringt mich auf die Palme, wenn jemand unzuverl\u00e4ssig ist. Und wenn jemand zu sp\u00e4t kommt, k\u00f6nnte ich aus der Haut fahren. Ich empfinde das als eine unglaubliche Geringsch\u00e4tzung demjenigen gegen\u00fcber, der warten muss.<\/p>\n<p>&nbsp;<\/p>\n<p><strong>&#8230;und was bringt andere an Ihnen in Harnisch?<\/strong><\/p>\n<p>Mein langer Atem, an der L\u00f6sung von Problemen so lange dran zu bleiben, bis ein optimaler Weg gefunden wurde. Das ist f\u00fcr einige sehr anstrengend.<\/p>\n<p>&nbsp;<\/p>\n<p><strong>Was m\u00f6chten Sie gerne mal machen, wenn Sie in Rente sind?<\/strong><\/p>\n<p>Ich m\u00f6chte den Pilotenschein machen und dann einen Hubschrauber fliegen. Seit meinem ersten Helikopterflug, bei dem der Pilot \u2013 wie im Kinofilm \u201eDas fliegende Auge\u201c \u2013 versuchte, einen Looping zu fliegen, bin ich von diesem Fliegen begeistert. Man sollte daf\u00fcr einen sehr gesunden Kreislauf haben, Nebenwirkungen sind nicht ausgeschlossen.<\/p>\n<p>&nbsp;<\/p>\n<p><strong>Was sch\u00e4tzen Sie an anderen Menschen am meisten?<\/strong><\/p>\n<p>Zuverl\u00e4ssigkeit und Standhaftigkeit. In schwierigen Situationen f\u00fcr eine Position einzutreten, imponiert mir sehr. Wie es zum Beispiel die 68er-Generation oder die Friedensbewegung getan haben. Der Einsatz f\u00fcr mehr Demokratie und die Bereitschaft, sich f\u00fcr die eigenen Ideale einzusetzen, ist f\u00fcr eine politische Gesellschaft unabdingbar. Das kommt mir in unserer heutigen Gesellschaft zu kurz, sie ist zu sehr vom Kommerz getrieben.<\/p>\n<p>&nbsp;<\/p>\n<p><strong>Auf welche drei Dinge k\u00f6nnten Sie niemals verzichten?<\/strong><\/p>\n<p><strong>Erstens:<\/strong> Ich liebe Fu\u00dfball so sehr, dass ich mir nicht vorstellen kann, irgendwann nicht mehr aktiv selbst zu spielen. Ich durfte sehr lange zusammen mit den Ex-Profis des FC St. Pauli trainieren. Das war gro\u00dfartig. Das ist etwas, was ich an Hamburg sehr vermisse, den Kick am Donnerstag mit den Ex-Profis.<\/p>\n<p>&nbsp;<\/p>\n<div id=\"attachment_671031\" style=\"width: 498px\" class=\"wp-caption aligncenter\"><img loading=\"lazy\" decoding=\"async\" aria-describedby=\"caption-attachment-671031\" class=\"size-full wp-image-671031\" src=\"https:\/\/blog.wiwo.de\/management\/files\/2019\/06\/Jurgeit.jpgfu\u00dfballdress.jpg\" alt=\"\" width=\"488\" height=\"650\" srcset=\"https:\/\/blog.wiwo.de\/management\/files\/2019\/06\/Jurgeit.jpgfu\u00dfballdress.jpg 488w, https:\/\/blog.wiwo.de\/management\/files\/2019\/06\/Jurgeit.jpgfu\u00dfballdress-225x300.jpg 225w\" sizes=\"auto, (max-width: 488px) 100vw, 488px\" \/><p id=\"caption-attachment-671031\" class=\"wp-caption-text\">(Foto: Privat)<\/p><\/div>\n<p>&nbsp;<\/p>\n<p><strong>Zweitens:<\/strong> Lange Waldspazierg\u00e4nge mit meiner Ehefrau und unserem Hund. Ohne geht es nicht. Dabei kann ich meine Akkus wieder auff\u00fcllen.<\/p>\n<p><strong>Drittens:<\/strong> Ganz wichtig: Motorrad fahren. Ich bin seit meinem 15. Lebensjahr zweir\u00e4drig motorisiert unterwegs. Mit 18 Jahren fuhr ich meine erste 900-er Kawasaki &#8211; Z1. Dieses Gef\u00fchl von unendlicher Freiheit l\u00e4sst einen nicht mehr los.<\/p>\n<p>&nbsp;<\/p>\n<p><strong>Wenn Sie f\u00fcr einen Tag den Job von jemand anderem \u00fcbernehmen k\u00f6nnten &#8211; welcher w\u00e4re das?<\/strong><\/p>\n<p>Es war immer mein Kindheitstraum, Profi-Fu\u00dfballer zu werden und w\u00fcrde gerne mal ein Champions-League-Endspiel vor 80.000 Zuschauern spielen: Ob es der Job von Cristiano Ronaldo oder Manuel Neuer ist, w\u00e4re mir vollkommen egal. Einfach raus, die Atmosph\u00e4re aufsaugen und das Finale spielen. Ich glaube, das w\u00e4re der Adrenalin-Kick des Lebens. Und sicher etwas, von dem ich noch meinen Urenkeln erz\u00e4hlen w\u00fcrde.<\/p>\n<p>&nbsp;<\/p>\n<div id=\"attachment_668407\" style=\"width: 310px\" class=\"wp-caption aligncenter\"><img loading=\"lazy\" decoding=\"async\" aria-describedby=\"caption-attachment-668407\" class=\"size-medium wp-image-668407\" src=\"https:\/\/blog.wiwo.de\/management\/files\/2018\/07\/Grafik_DieKo\u0308nigeDerBlogospha\u0308re_A4_DRAFT_02-1-300x212.jpg\" alt=\"\" width=\"300\" height=\"212\" srcset=\"https:\/\/blog.wiwo.de\/management\/files\/2018\/07\/Grafik_DieKo\u0308nigeDerBlogospha\u0308re_A4_DRAFT_02-1-300x212.jpg 300w, https:\/\/blog.wiwo.de\/management\/files\/2018\/07\/Grafik_DieKo\u0308nigeDerBlogospha\u0308re_A4_DRAFT_02-1-424x300.jpg 424w, https:\/\/blog.wiwo.de\/management\/files\/2018\/07\/Grafik_DieKo\u0308nigeDerBlogospha\u0308re_A4_DRAFT_02-1.jpg 650w\" sizes=\"auto, (max-width: 300px) 100vw, 300px\" \/><p id=\"caption-attachment-668407\" class=\"wp-caption-text\">Der neue Blogger-Relevanz-Index 2018<\/p><\/div>\n","protected":false},"excerpt":{"rendered":"<p>Den Fragebogen &#8222;Nahaufnahme&#8220; beantwortet Dieter Jurgeit, Vorstandsvorsitzender der PSD Banken. &nbsp; &nbsp; &nbsp; Erkl\u00e4ren Sie in einem Satz, was Ihr Unternehmen tut. Unser Verband der PSD Banken vertritt die Interessen der Mitgliedsbanken zum Beispiel gegen\u00fcber dem BVR (Bundesverband der Deutschen &hellip; <a href=\"https:\/\/blog.wiwo.de\/management\/2019\/06\/25\/fragebogen-nahaufnahme-mit-psd-banken-chef-jurgeit-dem-sein-melitta-porzellanfilter-lieb-und-teuer-ist\/\">Weiterlesen <span class=\"meta-nav\">&rarr;<\/span><\/a><\/p>\n","protected":false},"author":19,"featured_media":0,"comment_status":"open","ping_status":"open","sticky":false,"template":"","format":"standard","meta":{"footnotes":""},"categories":[1],"tags":[8408,6860,4763,8409],"class_list":["post-670140","post","type-post","status-publish","format-standard","hentry","category-allgemein","tag-dieter-jurgeit","tag-fragebogen-nahaufanhme","tag-fragebogen-nahaufnahme","tag-psd-banken"],"_links":{"self":[{"href":"https:\/\/blog.wiwo.de\/management\/wp-json\/wp\/v2\/posts\/670140","targetHints":{"allow":["GET"]}}],"collection":[{"href":"https:\/\/blog.wiwo.de\/management\/wp-json\/wp\/v2\/posts"}],"about":[{"href":"https:\/\/blog.wiwo.de\/management\/wp-json\/wp\/v2\/types\/post"}],"author":[{"embeddable":true,"href":"https:\/\/blog.wiwo.de\/management\/wp-json\/wp\/v2\/users\/19"}],"replies":[{"embeddable":true,"href":"https:\/\/blog.wiwo.de\/management\/wp-json\/wp\/v2\/comments?post=670140"}],"version-history":[{"count":3,"href":"https:\/\/blog.wiwo.de\/management\/wp-json\/wp\/v2\/posts\/670140\/revisions"}],"predecessor-version":[{"id":671034,"href":"https:\/\/blog.wiwo.de\/management\/wp-json\/wp\/v2\/posts\/670140\/revisions\/671034"}],"wp:attachment":[{"href":"https:\/\/blog.wiwo.de\/management\/wp-json\/wp\/v2\/media?parent=670140"}],"wp:term":[{"taxonomy":"category","embeddable":true,"href":"https:\/\/blog.wiwo.de\/management\/wp-json\/wp\/v2\/categories?post=670140"},{"taxonomy":"post_tag","embeddable":true,"href":"https:\/\/blog.wiwo.de\/management\/wp-json\/wp\/v2\/tags?post=670140"}],"curies":[{"name":"wp","href":"https:\/\/api.w.org\/{rel}","templated":true}]}}