{"id":669549,"date":"2019-02-03T07:00:11","date_gmt":"2019-02-03T06:00:11","guid":{"rendered":"https:\/\/blog.wiwo.de\/management\/?p=669549"},"modified":"2019-02-03T23:10:01","modified_gmt":"2019-02-03T22:10:01","slug":"fragebogen-nahaufnahme-mit-lpa-ggv-managing-partner-kay-jess-der-funktionierende-tacker-liebt","status":"publish","type":"post","link":"https:\/\/blog.wiwo.de\/management\/2019\/02\/03\/fragebogen-nahaufnahme-mit-lpa-ggv-managing-partner-kay-jess-der-funktionierende-tacker-liebt\/","title":{"rendered":"Fragebogen &#8222;Nahaufnahme&#8220; mit LPA-GGV-Managing-Partner Kay Je\u00df, der funktionierende Tacker liebt"},"content":{"rendered":"<p><strong>Den Fragebogen &#8222;Nahaufnahme&#8220; beantwortet Kay Je\u00df, Managing Partner der <a href=\"https:\/\/www.lto.de\/recht\/kanzleien-unternehmen\/k\/kanzleifusion-deutschland-frankreich-ggv-lpa\/\">deutsch-franz\u00f6sischen Soziet\u00e4t LPA GGV<\/a> (vormals GGV Gr\u00fctzmacher Gravert Viegener) f\u00fcr Immobilienwirtschaftsrecht, M&amp;A, Finanzen und Steuern mit 65\u00a0 Anw\u00e4lten in Deutschland (Frankfurt, Hamburg und M\u00fcnchen) und weltweit 230 Juristen.\u00a0<\/strong><\/p>\n<p>&nbsp;<\/p>\n<div id=\"attachment_669783\" style=\"width: 589px\" class=\"wp-caption aligncenter\"><img loading=\"lazy\" decoding=\"async\" aria-describedby=\"caption-attachment-669783\" class=\"size-full wp-image-669783\" src=\"https:\/\/blog.wiwo.de\/management\/files\/2019\/02\/jess.1.jpg\" alt=\"\" width=\"579\" height=\"274\" srcset=\"https:\/\/blog.wiwo.de\/management\/files\/2019\/02\/jess.1.jpg 579w, https:\/\/blog.wiwo.de\/management\/files\/2019\/02\/jess.1-300x142.jpg 300w, https:\/\/blog.wiwo.de\/management\/files\/2019\/02\/jess.1-500x237.jpg 500w\" sizes=\"auto, (max-width: 579px) 100vw, 579px\" \/><p id=\"caption-attachment-669783\" class=\"wp-caption-text\">Kay Je\u00df (Foto: LPA GGV)<\/p><\/div>\n<p>&nbsp;<\/p>\n<p><strong>Erkl\u00e4ren Sie in einem Satz, was Ihr Unternehmen tut.<\/strong><\/p>\n<p>Wir sind Unternehmens- und Unternehmerberater im Bereich Steuern, Recht, Notariat, Wirtschaftspr\u00fcfung und Kapitalmarkt national und international.<\/p>\n<p>&nbsp;<\/p>\n<p><strong>Womit beginnt Ihr Arbeitstag?<\/strong><\/p>\n<p>Er beginnt gegen neun Uhr nach einer Yogaeinheit mit Management-, Mandanten- oder Mitarbeiterthemen.<\/p>\n<p>&nbsp;<\/p>\n<p><strong>Wie w\u00fcrden Sie sich selbst als Chef beschreiben?<\/strong><\/p>\n<p>Ich bin ein Chef, der hands on f\u00fchrt und einen sehr pers\u00f6nlichen Umgang mit Mitarbeitern lebt.<\/p>\n<p>&nbsp;<\/p>\n<p><strong>&#8230; und was w\u00fcrden Ihre Mitarbeiter darauf antworten?<\/strong><\/p>\n<p>Er nimmt sich Zeit und hat auch ein offenes Ohr und Verst\u00e4ndnis f\u00fcr pers\u00f6nliche Belange und Befindlichkeiten.<\/p>\n<p>&nbsp;<\/p>\n<p><strong>Tee oder Kaffee?<\/strong><\/p>\n<p>Ingwertee mit etwas Kurkuma.<\/p>\n<p>&nbsp;<\/p>\n<p><strong>Ihr Spitzname ist&#8230;?<\/strong><\/p>\n<p>Dr. No &#8211; seit meiner Dubai-Zeit. Damals war ich oft in den arabischen Emiraten, wenn ich mich mit meinem Namen vorstellte, wurde er immer mit dem englischen Yes verwechselt. Also habe ich mir angew\u00f6hnt zu sagen \u201eMy name is Je\u00df &#8211; like Dr. No\u201c.<\/p>\n<p>&nbsp;<\/p>\n<p><strong>Verraten Sie eine Marotte.<\/strong><\/p>\n<p>Ich mag keine lieblos und unkultivierte Heftklammern mit dem Tacker\u00a0 &#8211; zu gro\u00df, zu klein oder asymmetrisch. Man k\u00f6nnte es als kleinlich bezeichnen, aber fragen Sie mal meine Sekret\u00e4rin &#8211; in dem Punkt sind wir uns sehr einig. Funktionst\u00fcchtige Heftklammern erleichtern das Leben sehr.<\/p>\n<p>&nbsp;<\/p>\n<p><strong>Was bringt Sie in Harnisch?<\/strong><\/p>\n<p>Unaufrichtigkeit. Insbesondere im B\u00fcro und unter Kollegen.<\/p>\n<p>&nbsp;<\/p>\n<p><strong>&#8230;und was bringt andere an Ihnen in Harnisch?<\/strong><\/p>\n<p>Mein teilweise unaufger\u00e4umtes B\u00fcro. Meine vielen Akten wirken auf manche so, als sei es unaufger\u00e4umt. In meinen Augen ist es aber ein geordnetes Chaos.<\/p>\n<p>&nbsp;<\/p>\n<p><strong>Was m\u00f6chten Sie gerne mal machen, wenn Sie wirtschaftlich unabh\u00e4ngig w\u00e4ren, nicht mehr in Ihrer Firma und ganz viel Zeit h\u00e4tten?<\/strong><\/p>\n<p>Anfang vergangenen Jahres habe ich mir zusammen mit Freunden ein paar Olivenb\u00e4ume auf Kreta gekauft. Mich fasziniert der Prozess der Ernte und die Gewinnung des Oliven\u00f6ls &#8211; da w\u00fcrde ich gerne noch mehr Zeit investieren und dazu auch die energiereiche Insel Kreta noch mehr erleben.<\/p>\n<p>&nbsp;<\/p>\n<p><strong>Was sch\u00e4tzen Sie an anderen Menschen am meisten?<\/strong><\/p>\n<p>Aufrichtigkeit und Unternehmertum. Mit Unternehmertum meine ich, dass ich es mag, mit neuen Ideen zu jonglieren und sie umzusetzen. Das fasziniert mich auch an anderen Menschen sehr.<\/p>\n<p>&nbsp;<\/p>\n<p><strong>Auf welche drei Dinge k\u00f6nnten Sie niemals verzichten?<\/strong><\/p>\n<p>Meinen 24 Jahre alten Porsche Carrera 993, mein Mobil und meine Yogamatte.<\/p>\n<p>&nbsp;<\/p>\n<p><img loading=\"lazy\" decoding=\"async\" class=\"aligncenter size-full wp-image-669782\" src=\"https:\/\/blog.wiwo.de\/management\/files\/2019\/02\/IMG-20190117-WA0007.jpg\" alt=\"\" width=\"434\" height=\"650\" srcset=\"https:\/\/blog.wiwo.de\/management\/files\/2019\/02\/IMG-20190117-WA0007.jpg 434w, https:\/\/blog.wiwo.de\/management\/files\/2019\/02\/IMG-20190117-WA0007-200x300.jpg 200w\" sizes=\"auto, (max-width: 434px) 100vw, 434px\" \/><\/p>\n<p>&nbsp;<\/p>\n<p><strong>Wenn Sie f\u00fcr einen Tag den Job von jemand anderem \u00fcbernehmen k\u00f6nnten &#8211; welcher w\u00e4re das?<\/strong><\/p>\n<p>Vorstand der Werbeplattform Smaato, die ich als\u00a0Aufsichtsrat und Berater seit mehr als zehn Jahren begleite, eng mit dem Management zusammen aufgebaut habe und die ich auch nach dem Verkauf an eine chinesische Gruppe noch betreue.<\/p>\n<p>&nbsp;<\/p>\n<p><a href=\"https:\/\/www.lto.de\/recht\/kanzleien-unternehmen\/k\/kanzleifusion-deutschland-frankreich-ggv-lpa\/\">https:\/\/www.lto.de\/recht\/kanzleien-unternehmen\/k\/kanzleifusion-deutschland-frankreich-ggv-lpa\/<\/a><\/p>\n<p>&nbsp;<\/p>\n<p>&nbsp;<\/p>\n<div id=\"attachment_668407\" style=\"width: 310px\" class=\"wp-caption aligncenter\"><img loading=\"lazy\" decoding=\"async\" aria-describedby=\"caption-attachment-668407\" class=\"size-medium wp-image-668407\" src=\"https:\/\/blog.wiwo.de\/management\/files\/2018\/07\/Grafik_DieKo\u0308nigeDerBlogospha\u0308re_A4_DRAFT_02-1-300x212.jpg\" alt=\"\" width=\"300\" height=\"212\" srcset=\"https:\/\/blog.wiwo.de\/management\/files\/2018\/07\/Grafik_DieKo\u0308nigeDerBlogospha\u0308re_A4_DRAFT_02-1-300x212.jpg 300w, https:\/\/blog.wiwo.de\/management\/files\/2018\/07\/Grafik_DieKo\u0308nigeDerBlogospha\u0308re_A4_DRAFT_02-1-424x300.jpg 424w, https:\/\/blog.wiwo.de\/management\/files\/2018\/07\/Grafik_DieKo\u0308nigeDerBlogospha\u0308re_A4_DRAFT_02-1.jpg 650w\" sizes=\"auto, (max-width: 300px) 100vw, 300px\" \/><p id=\"caption-attachment-668407\" class=\"wp-caption-text\">Der neue Blogger-Relevanz-Index 2018<\/p><\/div>\n<p>&nbsp;<\/p>\n<p>&nbsp;<\/p>\n<p>&nbsp;<\/p>\n<p>&nbsp;<\/p>\n","protected":false},"excerpt":{"rendered":"<p>Den Fragebogen &#8222;Nahaufnahme&#8220; beantwortet Kay Je\u00df, Managing Partner der deutsch-franz\u00f6sischen Soziet\u00e4t LPA GGV (vormals GGV Gr\u00fctzmacher Gravert Viegener) f\u00fcr Immobilienwirtschaftsrecht, M&amp;A, Finanzen und Steuern mit 65\u00a0 Anw\u00e4lten in Deutschland (Frankfurt, Hamburg und M\u00fcnchen) und weltweit 230 Juristen.\u00a0 &nbsp; &nbsp; Erkl\u00e4ren &hellip; <a href=\"https:\/\/blog.wiwo.de\/management\/2019\/02\/03\/fragebogen-nahaufnahme-mit-lpa-ggv-managing-partner-kay-jess-der-funktionierende-tacker-liebt\/\">Weiterlesen <span class=\"meta-nav\">&rarr;<\/span><\/a><\/p>\n","protected":false},"author":19,"featured_media":0,"comment_status":"open","ping_status":"open","sticky":false,"template":"","format":"standard","meta":{"footnotes":""},"categories":[1],"tags":[6860,8028,8027],"class_list":["post-669549","post","type-post","status-publish","format-standard","hentry","category-allgemein","tag-fragebogen-nahaufanhme","tag-kay-jess","tag-lpa-ggv"],"_links":{"self":[{"href":"https:\/\/blog.wiwo.de\/management\/wp-json\/wp\/v2\/posts\/669549","targetHints":{"allow":["GET"]}}],"collection":[{"href":"https:\/\/blog.wiwo.de\/management\/wp-json\/wp\/v2\/posts"}],"about":[{"href":"https:\/\/blog.wiwo.de\/management\/wp-json\/wp\/v2\/types\/post"}],"author":[{"embeddable":true,"href":"https:\/\/blog.wiwo.de\/management\/wp-json\/wp\/v2\/users\/19"}],"replies":[{"embeddable":true,"href":"https:\/\/blog.wiwo.de\/management\/wp-json\/wp\/v2\/comments?post=669549"}],"version-history":[{"count":5,"href":"https:\/\/blog.wiwo.de\/management\/wp-json\/wp\/v2\/posts\/669549\/revisions"}],"predecessor-version":[{"id":669792,"href":"https:\/\/blog.wiwo.de\/management\/wp-json\/wp\/v2\/posts\/669549\/revisions\/669792"}],"wp:attachment":[{"href":"https:\/\/blog.wiwo.de\/management\/wp-json\/wp\/v2\/media?parent=669549"}],"wp:term":[{"taxonomy":"category","embeddable":true,"href":"https:\/\/blog.wiwo.de\/management\/wp-json\/wp\/v2\/categories?post=669549"},{"taxonomy":"post_tag","embeddable":true,"href":"https:\/\/blog.wiwo.de\/management\/wp-json\/wp\/v2\/tags?post=669549"}],"curies":[{"name":"wp","href":"https:\/\/api.w.org\/{rel}","templated":true}]}}