{"id":668101,"date":"2018-06-22T14:18:00","date_gmt":"2018-06-22T12:18:00","guid":{"rendered":"https:\/\/blog.wiwo.de\/management\/?p=668101"},"modified":"2019-07-03T00:00:28","modified_gmt":"2019-07-02T22:00:28","slug":"buerohundetag-wiwo-redaktionshund-george-gruesst-die-anderen-redaktionshunde","status":"publish","type":"post","link":"https:\/\/blog.wiwo.de\/management\/2018\/06\/22\/buerohundetag-wiwo-redaktionshund-george-gruesst-die-anderen-redaktionshunde\/","title":{"rendered":"Internationaler B\u00fcrohundtag: WiWo-Redaktionshund George gr\u00fc\u00dft die anderen B\u00fcrohunde"},"content":{"rendered":"<p>Heute ist Internationaler B\u00fcrohundtag und deshalb gr\u00fc\u00dft WiWo-Redaktionshund George heute auch mal im Management-Blog mit einer Tageszeitung aus seiner Twitter-Serie #GeorgeliebtPrint bei @claudiatoedtmann: diesmal mit &#8222;L\u00b4Osservatore Romano&#8220;.<\/p>\n<p>&nbsp;<\/p>\n<p><img loading=\"lazy\" decoding=\"async\" class=\"aligncenter size-full wp-image-668102\" src=\"https:\/\/blog.wiwo.de\/management\/files\/2018\/06\/georgeliebtpringinwiwo.osservatore.jpg\" alt=\"\" width=\"433\" height=\"650\" srcset=\"https:\/\/blog.wiwo.de\/management\/files\/2018\/06\/georgeliebtpringinwiwo.osservatore.jpg 433w, https:\/\/blog.wiwo.de\/management\/files\/2018\/06\/georgeliebtpringinwiwo.osservatore-200x300.jpg 200w\" sizes=\"auto, (max-width: 433px) 100vw, 433px\" \/><\/p>\n<p>&nbsp;<\/p>\n<p>Wenn George morgens in die Redaktion kommt, ist es festes Ritual erst mal die Kollegen ausgiebig begr\u00fc\u00dfen zu gehen&#8230;<\/p>\n<p><img loading=\"lazy\" decoding=\"async\" class=\"aligncenter size-full wp-image-668105\" src=\"https:\/\/blog.wiwo.de\/management\/files\/2018\/06\/georgepetra.jpg\" alt=\"\" width=\"433\" height=\"650\" srcset=\"https:\/\/blog.wiwo.de\/management\/files\/2018\/06\/georgepetra.jpg 433w, https:\/\/blog.wiwo.de\/management\/files\/2018\/06\/georgepetra-200x300.jpg 200w\" sizes=\"auto, (max-width: 433px) 100vw, 433px\" \/><\/p>\n<p>&nbsp;<\/p>\n<p>..andere kommen ihn begr\u00fc\u00dfen<\/p>\n<p>&nbsp;<\/p>\n<p>&nbsp;<\/p>\n<p><img loading=\"lazy\" decoding=\"async\" class=\"aligncenter size-full wp-image-668103\" src=\"https:\/\/blog.wiwo.de\/management\/files\/2018\/06\/georgemitmartinabuensow6.2018.jpg\" alt=\"\" width=\"433\" height=\"650\" srcset=\"https:\/\/blog.wiwo.de\/management\/files\/2018\/06\/georgemitmartinabuensow6.2018.jpg 433w, https:\/\/blog.wiwo.de\/management\/files\/2018\/06\/georgemitmartinabuensow6.2018-200x300.jpg 200w\" sizes=\"auto, (max-width: 433px) 100vw, 433px\" \/><\/p>\n<p>&nbsp;<\/p>\n<p>&#8230;und er liebt es. Nie ist George so stolz geschwellter Brust wie auf dem Weg zur WiWo.<\/p>\n<p>&nbsp;<\/p>\n<p>&nbsp;<\/p>\n<p><img loading=\"lazy\" decoding=\"async\" class=\"aligncenter size-full wp-image-668205\" src=\"https:\/\/blog.wiwo.de\/management\/files\/2018\/06\/nadia.jpg\" alt=\"\" width=\"509\" height=\"650\" srcset=\"https:\/\/blog.wiwo.de\/management\/files\/2018\/06\/nadia.jpg 509w, https:\/\/blog.wiwo.de\/management\/files\/2018\/06\/nadia-235x300.jpg 235w\" sizes=\"auto, (max-width: 509px) 100vw, 509px\" \/><\/p>\n<p>&nbsp;<\/p>\n<p>&nbsp;<\/p>\n<p><img loading=\"lazy\" decoding=\"async\" class=\"aligncenter size-full wp-image-668104\" src=\"https:\/\/blog.wiwo.de\/management\/files\/2018\/06\/georgemitcharalampidis.jpg\" alt=\"\" width=\"433\" height=\"650\" srcset=\"https:\/\/blog.wiwo.de\/management\/files\/2018\/06\/georgemitcharalampidis.jpg 433w, https:\/\/blog.wiwo.de\/management\/files\/2018\/06\/georgemitcharalampidis-200x300.jpg 200w\" sizes=\"auto, (max-width: 433px) 100vw, 433px\" \/><\/p>\n<p>&nbsp;<\/p>\n<p>&nbsp;<\/p>\n<p>Ein paar der Twitter-Freunde, die ebenfalls B\u00fcrohunde haben, haben deshalb heute auch Fotos geschickt, mit denen Sie alle hier gr\u00fc\u00dfen:<\/p>\n<p>&nbsp;<\/p>\n<p>Netzwerkerin Tijen Onaran zum Beispiel mit Pauli und Leo:<\/p>\n<p><img loading=\"lazy\" decoding=\"async\" class=\"aligncenter size-full wp-image-668106\" src=\"https:\/\/blog.wiwo.de\/management\/files\/2018\/06\/TijenshundePauli_und_Leo.jpg\" alt=\"\" width=\"650\" height=\"366\" srcset=\"https:\/\/blog.wiwo.de\/management\/files\/2018\/06\/TijenshundePauli_und_Leo.jpg 650w, https:\/\/blog.wiwo.de\/management\/files\/2018\/06\/TijenshundePauli_und_Leo-300x169.jpg 300w, https:\/\/blog.wiwo.de\/management\/files\/2018\/06\/TijenshundePauli_und_Leo-500x282.jpg 500w\" sizes=\"auto, (max-width: 650px) 100vw, 650px\" \/><\/p>\n<p>&nbsp;<\/p>\n<p>&#8230;oder Frank Behrendts von Serviceplan, dem Autor und &#8222;Guru der Gelassenheit&#8220; mit Fee, f\u00fcr die &#8222;B\u00fcroschlaf der sch\u00f6nste Schlaf ist&#8220;, wie er dazu sagt.<\/p>\n<p><img loading=\"lazy\" decoding=\"async\" class=\"aligncenter size-full wp-image-668108\" src=\"https:\/\/blog.wiwo.de\/management\/files\/2018\/06\/behrendt.b\u00fcrohund.jpg\" alt=\"\" width=\"560\" height=\"650\" srcset=\"https:\/\/blog.wiwo.de\/management\/files\/2018\/06\/behrendt.b\u00fcrohund.jpg 560w, https:\/\/blog.wiwo.de\/management\/files\/2018\/06\/behrendt.b\u00fcrohund-258x300.jpg 258w\" sizes=\"auto, (max-width: 560px) 100vw, 560px\" \/><\/p>\n<p>&nbsp;<\/p>\n<p>&nbsp;<\/p>\n<p>&#8230;und auch Petrus mit PR-Profi Frank Sarfeld &#8211; er ist \u00fcbrigens nach dem ber\u00fchmten franz\u00f6sischen Rotwein so benannt, nur um Missverst\u00e4ndnisse zu vermeiden. Die zwei haben k\u00fcrzlich als neue Nachbarn die WiWo-Redaktion besucht und ihre Aufwartung gemacht.<\/p>\n<p><img loading=\"lazy\" decoding=\"async\" class=\"aligncenter size-full wp-image-668109\" src=\"https:\/\/blog.wiwo.de\/management\/files\/2018\/06\/sarfeld.frank_.petrus.jpg\" alt=\"\" width=\"650\" height=\"488\" srcset=\"https:\/\/blog.wiwo.de\/management\/files\/2018\/06\/sarfeld.frank_.petrus.jpg 650w, https:\/\/blog.wiwo.de\/management\/files\/2018\/06\/sarfeld.frank_.petrus-300x225.jpg 300w, https:\/\/blog.wiwo.de\/management\/files\/2018\/06\/sarfeld.frank_.petrus-400x300.jpg 400w\" sizes=\"auto, (max-width: 650px) 100vw, 650px\" \/><\/p>\n<p>&nbsp;<\/p>\n<p>&#8230;und noch Sam von Sigrid Baum von Baum Kommunikation<\/p>\n<p>&nbsp;<\/p>\n<p><img loading=\"lazy\" decoding=\"async\" class=\"aligncenter size-full wp-image-668118\" src=\"https:\/\/blog.wiwo.de\/management\/files\/2018\/06\/sigrid.baum_.Sam-Oktober-2014-2.jpg\" alt=\"\" width=\"650\" height=\"488\" srcset=\"https:\/\/blog.wiwo.de\/management\/files\/2018\/06\/sigrid.baum_.Sam-Oktober-2014-2.jpg 650w, https:\/\/blog.wiwo.de\/management\/files\/2018\/06\/sigrid.baum_.Sam-Oktober-2014-2-300x225.jpg 300w, https:\/\/blog.wiwo.de\/management\/files\/2018\/06\/sigrid.baum_.Sam-Oktober-2014-2-400x300.jpg 400w\" sizes=\"auto, (max-width: 650px) 100vw, 650px\" \/><\/p>\n<p>&nbsp;<\/p>\n<p>Enfin&#8230;hat Ulf Papenfu\u00df, Professor an der Zeppelin Universit\u00e4t in Friedrichshafen vom Lehrstuhl f\u00fcr Public Management &amp; Public Policy, das Foto von den Lehrstuhlhunden\u00a0 Luna\u00a0 (oben) und Wilma (unten) geschickt:<\/p>\n<p>&nbsp;<\/p>\n<p><img loading=\"lazy\" decoding=\"async\" class=\"aligncenter size-full wp-image-668186\" src=\"https:\/\/blog.wiwo.de\/management\/files\/2018\/06\/b\u00fcrohund.papenfuss.1.jpg\" alt=\"\" width=\"488\" height=\"650\" srcset=\"https:\/\/blog.wiwo.de\/management\/files\/2018\/06\/b\u00fcrohund.papenfuss.1.jpg 488w, https:\/\/blog.wiwo.de\/management\/files\/2018\/06\/b\u00fcrohund.papenfuss.1-225x300.jpg 225w\" sizes=\"auto, (max-width: 488px) 100vw, 488px\" \/><\/p>\n<p>&nbsp;<\/p>\n<p><img loading=\"lazy\" decoding=\"async\" class=\"aligncenter size-full wp-image-668236\" src=\"https:\/\/blog.wiwo.de\/management\/files\/2018\/06\/papenfuss.hund_.jpg\" alt=\"\" width=\"650\" height=\"325\" srcset=\"https:\/\/blog.wiwo.de\/management\/files\/2018\/06\/papenfuss.hund_.jpg 650w, https:\/\/blog.wiwo.de\/management\/files\/2018\/06\/papenfuss.hund_-300x150.jpg 300w, https:\/\/blog.wiwo.de\/management\/files\/2018\/06\/papenfuss.hund_-500x250.jpg 500w\" sizes=\"auto, (max-width: 650px) 100vw, 650px\" \/><\/p>\n<p>&nbsp;<\/p>\n<p><strong>Lese-Tipp: Heute in der &#8222;Rheinischen Post&#8220;<\/strong><\/p>\n<p><a href=\"https:\/\/rp-online.de\/nrw\/staedte\/duesseldorf\/kollege-auf-vier-pfoten_aid-23555333\"><strong>https:\/\/rp-online.de\/nrw\/staedte\/duesseldorf\/kollege-auf-vier-pfoten_aid-23555333<\/strong><\/a><\/p>\n<p>Das war vor einem Jahr&#8230;..<\/p>\n<blockquote class=\"wp-embedded-content\" data-secret=\"CKxcQixbUg\"><p><a href=\"https:\/\/blog.wiwo.de\/management\/2017\/06\/23\/internationaler-buerohundetag-wo-hunde-fuer-gutes-betriebsklima-sorgen\/\">Internationaler B\u00fcrohundetag: Wo Hunde f\u00fcr gutes Betriebsklima sorgen &#8211; von Hummel bis Paddington<\/a><\/p><\/blockquote>\n<p><iframe loading=\"lazy\" class=\"wp-embedded-content\" sandbox=\"allow-scripts\" security=\"restricted\" style=\"position: absolute; clip: rect(1px, 1px, 1px, 1px);\" title=\"&#8222;Internationaler B\u00fcrohundetag: Wo Hunde f\u00fcr gutes Betriebsklima sorgen &#8211; von Hummel bis Paddington&#8220; &#8212; Management-Blog\" src=\"https:\/\/blog.wiwo.de\/management\/2017\/06\/23\/internationaler-buerohundetag-wo-hunde-fuer-gutes-betriebsklima-sorgen\/embed\/#?secret=u9xVuMwE3D#?secret=CKxcQixbUg\" data-secret=\"CKxcQixbUg\" width=\"584\" height=\"329\" frameborder=\"0\" marginwidth=\"0\" marginheight=\"0\" scrolling=\"no\"><\/iframe><\/p>\n<p>&nbsp;<\/p>\n<p>&nbsp;<\/p>\n<p><img loading=\"lazy\" decoding=\"async\" class=\"aligncenter size-medium wp-image-664324\" src=\"https:\/\/blog.wiwo.de\/management\/files\/2017\/02\/Blog-Ranking2017-300x212.jpg\" alt=\"\" width=\"300\" height=\"212\" srcset=\"https:\/\/blog.wiwo.de\/management\/files\/2017\/02\/Blog-Ranking2017-300x212.jpg 300w, https:\/\/blog.wiwo.de\/management\/files\/2017\/02\/Blog-Ranking2017-424x300.jpg 424w, https:\/\/blog.wiwo.de\/management\/files\/2017\/02\/Blog-Ranking2017.jpg 650w\" sizes=\"auto, (max-width: 300px) 100vw, 300px\" \/><\/p>\n","protected":false},"excerpt":{"rendered":"<p>Heute ist Internationaler B\u00fcrohundtag und deshalb gr\u00fc\u00dft WiWo-Redaktionshund George heute auch mal im Management-Blog mit einer Tageszeitung aus seiner Twitter-Serie #GeorgeliebtPrint bei @claudiatoedtmann: diesmal mit &#8222;L\u00b4Osservatore Romano&#8220;. &nbsp; &nbsp; Wenn George morgens in die Redaktion kommt, ist es festes Ritual &hellip; <a href=\"https:\/\/blog.wiwo.de\/management\/2018\/06\/22\/buerohundetag-wiwo-redaktionshund-george-gruesst-die-anderen-redaktionshunde\/\">Weiterlesen <span class=\"meta-nav\">&rarr;<\/span><\/a><\/p>\n","protected":false},"author":19,"featured_media":0,"comment_status":"open","ping_status":"open","sticky":false,"template":"","format":"standard","meta":{"footnotes":""},"categories":[1],"tags":[2617,7463,8402,6460,7464,6939,6878,6876],"class_list":["post-668101","post","type-post","status-publish","format-standard","hentry","category-allgemein","tag-frank-behrendt","tag-frank-sarfeld","tag-internationaler-buerohundtag","tag-serviceplan","tag-sigrid-baum","tag-tijen-onaran","tag-ulf-papenfuss","tag-zeppelin-universitaet"],"_links":{"self":[{"href":"https:\/\/blog.wiwo.de\/management\/wp-json\/wp\/v2\/posts\/668101","targetHints":{"allow":["GET"]}}],"collection":[{"href":"https:\/\/blog.wiwo.de\/management\/wp-json\/wp\/v2\/posts"}],"about":[{"href":"https:\/\/blog.wiwo.de\/management\/wp-json\/wp\/v2\/types\/post"}],"author":[{"embeddable":true,"href":"https:\/\/blog.wiwo.de\/management\/wp-json\/wp\/v2\/users\/19"}],"replies":[{"embeddable":true,"href":"https:\/\/blog.wiwo.de\/management\/wp-json\/wp\/v2\/comments?post=668101"}],"version-history":[{"count":12,"href":"https:\/\/blog.wiwo.de\/management\/wp-json\/wp\/v2\/posts\/668101\/revisions"}],"predecessor-version":[{"id":671107,"href":"https:\/\/blog.wiwo.de\/management\/wp-json\/wp\/v2\/posts\/668101\/revisions\/671107"}],"wp:attachment":[{"href":"https:\/\/blog.wiwo.de\/management\/wp-json\/wp\/v2\/media?parent=668101"}],"wp:term":[{"taxonomy":"category","embeddable":true,"href":"https:\/\/blog.wiwo.de\/management\/wp-json\/wp\/v2\/categories?post=668101"},{"taxonomy":"post_tag","embeddable":true,"href":"https:\/\/blog.wiwo.de\/management\/wp-json\/wp\/v2\/tags?post=668101"}],"curies":[{"name":"wp","href":"https:\/\/api.w.org\/{rel}","templated":true}]}}