{"id":667875,"date":"2018-05-24T00:10:23","date_gmt":"2018-05-23T22:10:23","guid":{"rendered":"https:\/\/blog.wiwo.de\/management\/?p=667875"},"modified":"2018-05-24T00:47:26","modified_gmt":"2018-05-23T22:47:26","slug":"personalie-oliver-wyman-chefin-finja-kuetz-wechselt-zur-unicredit-was-sie-ueber-sich-hier-im-management-blog-verriet","status":"publish","type":"post","link":"https:\/\/blog.wiwo.de\/management\/2018\/05\/24\/personalie-oliver-wyman-chefin-finja-kuetz-wechselt-zur-unicredit-was-sie-ueber-sich-hier-im-management-blog-verriet\/","title":{"rendered":"Personalie: Oliver-Wyman-Chefin Finja K\u00fctz wechselt zur UniCredit &#8211; was sie \u00fcber sich hier im Management-Blog verriet"},"content":{"rendered":"<p><strong>Finja K\u00fctz war 21 Jahre bei der Strategieberatung Oliver Wyman, arbeitet dort als Bankenexpertin,\u00a0<a href=\"https:\/\/www.finance-magazin.de\/banking-berater\/consulting\/oliver-wyman-macht-bankenexpertin-finja-carolin-kuetz-zur-chefin-1361139\/\">brachte es vor rund zweieinhalb Jahren bis zur Deutschland-Chefin<\/a>\u00a0 und wechselt zum Oktober 2018 zur Unicredit. Ihr neuer Job:\u00a0Group Chief Transformation Officer.<\/strong><\/p>\n<p>Die UniCredit schreibt es so: &#8222;Finja Carolin Kuetz wird im Oktober 2018 als Senior Executive Vice President und Group Chief Transformation Officer zu UniCredit wechseln.\u00a0Als GCTO wird Finja Carolin Kuetz vollst\u00e4ndig in die wichtigsten strategischen Entscheidungsprozesse des Konzerns einbezogen und wird Mitglied des Executive Management Committee (EMC) und des Group Risk &amp; Internal Control Committee (GR &amp; ICC) sein.&#8220;<\/p>\n<p><strong>Die 45-j\u00e4hrige\u00a0<\/strong><strong>K\u00fctz hat Mathematik studiert und lebt mit ihrem Mann und drei Kindern in M\u00fcnchen.\u00a0<\/strong><strong>Einiges verriet sie \u00fcber sich hier im Management-Blog im &#8222;Fragebogen &#8222;Nahaufnahme&#8220;:<\/strong><\/p>\n<p><a href=\"https:\/\/blog.wiwo.de\/management\/2015\/10\/22\/fragebogen-nahaufnahme-mit-oliver-wyman-chefin-kutz-die-gerne-mal-einen-tag-bgh-richterin-ware\/\">https:\/\/blog.wiwo.de\/management\/2015\/10\/22\/fragebogen-nahaufnahme-mit-oliver-wyman-chefin-kutz-die-gerne-mal-einen-tag-bgh-richterin-ware\/<\/a><\/p>\n<p>&nbsp;<\/p>\n<div id=\"attachment_667881\" style=\"width: 498px\" class=\"wp-caption aligncenter\"><img loading=\"lazy\" decoding=\"async\" aria-describedby=\"caption-attachment-667881\" class=\"size-full wp-image-667881\" src=\"https:\/\/blog.wiwo.de\/management\/files\/2018\/05\/FinjaCarolinKuetz3.jpg\" alt=\"\" width=\"488\" height=\"650\" srcset=\"https:\/\/blog.wiwo.de\/management\/files\/2018\/05\/FinjaCarolinKuetz3.jpg 488w, https:\/\/blog.wiwo.de\/management\/files\/2018\/05\/FinjaCarolinKuetz3-225x300.jpg 225w\" sizes=\"auto, (max-width: 488px) 100vw, 488px\" \/><p id=\"caption-attachment-667881\" class=\"wp-caption-text\">Finja K\u00fctz (Foto: Unicredit)<\/p><\/div>\n<p>&nbsp;<\/p>\n<p>Oliver Wyman im neuen L\u00fcnendonk-Ranking 2018 der Managementberatungen:<\/p>\n<blockquote class=\"wp-embedded-content\" data-secret=\"TGlMtpp1mU\"><p><a href=\"https:\/\/blog.wiwo.de\/management\/2018\/05\/18\/luenendonk-ranking-internationale-managemenberatungen-in-deutschland-a-t-kearney-accenture-und-alixpartners-fuehren\/\">L\u00fcnendonk-Ranking 2018 (2): Internationale Managementberatungen in Deutschland &#8211; A.T.Kearney, Accenture und AlixPartners f\u00fchren<\/a><\/p><\/blockquote>\n<p><iframe loading=\"lazy\" class=\"wp-embedded-content\" sandbox=\"allow-scripts\" security=\"restricted\" style=\"position: absolute; clip: rect(1px, 1px, 1px, 1px);\" title=\"&#8222;L\u00fcnendonk-Ranking 2018 (2): Internationale Managementberatungen in Deutschland &#8211; A.T.Kearney, Accenture und AlixPartners f\u00fchren&#8220; &#8212; Management-Blog\" src=\"https:\/\/blog.wiwo.de\/management\/2018\/05\/18\/luenendonk-ranking-internationale-managemenberatungen-in-deutschland-a-t-kearney-accenture-und-alixpartners-fuehren\/embed\/#?secret=Ulp3mCkAdT#?secret=TGlMtpp1mU\" data-secret=\"TGlMtpp1mU\" width=\"584\" height=\"329\" frameborder=\"0\" marginwidth=\"0\" marginheight=\"0\" scrolling=\"no\"><\/iframe><\/p>\n<p>&nbsp;<\/p>\n<p>&nbsp;<\/p>\n<p><img loading=\"lazy\" decoding=\"async\" class=\"aligncenter size-medium wp-image-664324\" src=\"https:\/\/blog.wiwo.de\/management\/files\/2017\/02\/Blog-Ranking2017-300x212.jpg\" alt=\"\" width=\"300\" height=\"212\" srcset=\"https:\/\/blog.wiwo.de\/management\/files\/2017\/02\/Blog-Ranking2017-300x212.jpg 300w, https:\/\/blog.wiwo.de\/management\/files\/2017\/02\/Blog-Ranking2017-424x300.jpg 424w, https:\/\/blog.wiwo.de\/management\/files\/2017\/02\/Blog-Ranking2017.jpg 650w\" sizes=\"auto, (max-width: 300px) 100vw, 300px\" \/><\/p>\n","protected":false},"excerpt":{"rendered":"<p>Finja K\u00fctz war 21 Jahre bei der Strategieberatung Oliver Wyman, arbeitet dort als Bankenexpertin,\u00a0brachte es vor rund zweieinhalb Jahren bis zur Deutschland-Chefin\u00a0 und wechselt zum Oktober 2018 zur Unicredit. Ihr neuer Job:\u00a0Group Chief Transformation Officer. Die UniCredit schreibt es so: &hellip; <a href=\"https:\/\/blog.wiwo.de\/management\/2018\/05\/24\/personalie-oliver-wyman-chefin-finja-kuetz-wechselt-zur-unicredit-was-sie-ueber-sich-hier-im-management-blog-verriet\/\">Weiterlesen <span class=\"meta-nav\">&rarr;<\/span><\/a><\/p>\n","protected":false},"author":19,"featured_media":0,"comment_status":"open","ping_status":"open","sticky":false,"template":"","format":"standard","meta":{"footnotes":""},"categories":[1],"tags":[7387,6860,7389,2628,7388,1087],"class_list":["post-667875","post","type-post","status-publish","format-standard","hentry","category-allgemein","tag-finja-kuetz","tag-fragebogen-nahaufanhme","tag-luenendonk-ranking-2018-managementberatungen","tag-oliver-wyman","tag-personalie","tag-unicredit"],"_links":{"self":[{"href":"https:\/\/blog.wiwo.de\/management\/wp-json\/wp\/v2\/posts\/667875","targetHints":{"allow":["GET"]}}],"collection":[{"href":"https:\/\/blog.wiwo.de\/management\/wp-json\/wp\/v2\/posts"}],"about":[{"href":"https:\/\/blog.wiwo.de\/management\/wp-json\/wp\/v2\/types\/post"}],"author":[{"embeddable":true,"href":"https:\/\/blog.wiwo.de\/management\/wp-json\/wp\/v2\/users\/19"}],"replies":[{"embeddable":true,"href":"https:\/\/blog.wiwo.de\/management\/wp-json\/wp\/v2\/comments?post=667875"}],"version-history":[{"count":0,"href":"https:\/\/blog.wiwo.de\/management\/wp-json\/wp\/v2\/posts\/667875\/revisions"}],"wp:attachment":[{"href":"https:\/\/blog.wiwo.de\/management\/wp-json\/wp\/v2\/media?parent=667875"}],"wp:term":[{"taxonomy":"category","embeddable":true,"href":"https:\/\/blog.wiwo.de\/management\/wp-json\/wp\/v2\/categories?post=667875"},{"taxonomy":"post_tag","embeddable":true,"href":"https:\/\/blog.wiwo.de\/management\/wp-json\/wp\/v2\/tags?post=667875"}],"curies":[{"name":"wp","href":"https:\/\/api.w.org\/{rel}","templated":true}]}}