{"id":667770,"date":"2018-05-23T07:00:51","date_gmt":"2018-05-23T05:00:51","guid":{"rendered":"https:\/\/blog.wiwo.de\/management\/?p=667770"},"modified":"2018-05-23T13:03:03","modified_gmt":"2018-05-23T11:03:03","slug":"fragebogen-nahaufnahme-mit-fischhaendler-und-kochbuchautor-bart-van-olphen-den-ausreden-in-harnisch-bringen","status":"publish","type":"post","link":"https:\/\/blog.wiwo.de\/management\/2018\/05\/23\/fragebogen-nahaufnahme-mit-fischhaendler-und-kochbuchautor-bart-van-olphen-den-ausreden-in-harnisch-bringen\/","title":{"rendered":"Fragebogen &#8222;Nahaufnahme&#8220; mit Fischh\u00e4ndler und Kochbuchautor Bart van Olphen, den Ausreden in Harnisch bringen"},"content":{"rendered":"<p><strong>Den Fragebogen &#8222;Nahaufnahme&#8220; beantwortet\u00a0Bart van Olphen, Gr\u00fcnder des Fischhandels\u00a0<a href=\"http:\/\/www.fish-tales.com\/de\/uber-uns\/\">Fish Tales &#8211; der nachhaltigen Fischmarke<\/a> &#8211; und <a href=\"https:\/\/www.amazon.de\/Bart-van-Olphen\/e\/B0050J3ZGC\">Kochbuchautor<\/a>.\u00a0<\/strong><\/p>\n<p>.<\/p>\n<div>\n<div id=\"attachment_667848\" style=\"width: 443px\" class=\"wp-caption aligncenter\"><img loading=\"lazy\" decoding=\"async\" aria-describedby=\"caption-attachment-667848\" class=\"size-full wp-image-667848\" src=\"https:\/\/blog.wiwo.de\/management\/files\/2018\/05\/BART.van_.olphen.PORTRET.OESTER.ZEELAND.11.jpg\" alt=\"\" width=\"433\" height=\"650\" srcset=\"https:\/\/blog.wiwo.de\/management\/files\/2018\/05\/BART.van_.olphen.PORTRET.OESTER.ZEELAND.11.jpg 433w, https:\/\/blog.wiwo.de\/management\/files\/2018\/05\/BART.van_.olphen.PORTRET.OESTER.ZEELAND.11-200x300.jpg 200w\" sizes=\"auto, (max-width: 433px) 100vw, 433px\" \/><p id=\"caption-attachment-667848\" class=\"wp-caption-text\">Bart van Olphen (Foto: David Loftus f\u00fcr Fish Tales)<\/p><\/div>\n<\/div>\n<div><\/div>\n<div><strong>Erkl\u00e4ren Sie in einem Satz, was Ihr Unternehmen tut.<\/strong><\/div>\n<p>Fish Tales tritt daf\u00fcr ein, dass wir jetzt und auch in Zukunft wild lebende Fische und Meeresfr\u00fcchte, die auf nachhaltige beziehungsweise traditionelle Weise gefangen werden, bewusst essen und genie\u00dfen k\u00f6nnen. Daf\u00fcr reisen wir um die Welt und suchen die besten nachhaltigen Fischereien, mit denen wir zusammenarbeiten.<\/p>\n<p>&nbsp;<\/p>\n<p><strong>Womit beginnt Ihr Arbeitstag?<\/strong><\/p>\n<p>Normale Arbeitstage gibt es bei mir nicht. Aber wenn ich versuche einen \u201enormalen\u201c B\u00fcrotag zu haben, f\u00e4ngt dieser damit an, meine Kinder zu wecken, Fr\u00fchst\u00fcck zu machen und die Kinder in den Kindergarten zu bringen. Ich versuche immer etwas fr\u00fcher als mein Team im B\u00fcro zu sein, um in Ruhe E-Mails zu checken.<\/p>\n<p>&nbsp;<\/p>\n<p><strong>Wie w\u00fcrden Sie sich selbst als Chef beschreiben?<\/strong><\/p>\n<p>Oh, das ist eine gute Frage&#8230; \u2013 ich habe eine Vision und so arbeite ich auch. Keine langen Kommunikationswege, nicht zu viele Meetings und einfach machen. Misserfolg ist keine Option, man muss es einfach tun und nicht zu lange dar\u00fcber nachdenken. Und so arbeite ich auch: dynamisch, voller Energie, als Vision\u00e4r. Es geht immer darum, zu 100 Prozent fokussiert zu sein.<\/p>\n<p>&nbsp;<\/p>\n<p><strong>&#8230; und was w\u00fcrden Ihre Mitarbeiter darauf antworten?<\/strong><\/p>\n<p>Ich glaube meine Mitarbeiter sehen das zwiesp\u00e4ltig. Die einen finden es schwer, mit mir zu arbeiten und denken, dass ich sie \u00fcberfordere. Die anderen finden mich inspirierend und teilen meine Vision. Ich denke, Arbeiten ist ein soziales Thema. Aus Kollegen m\u00fcssen nicht immer und jederzeit Freunde werden, aber sobald man gemeinsam etwas erreicht und Erfolg hat, w\u00e4chst man nat\u00fcrlich zusammen und st\u00e4rkt sich gegenseitig.<\/p>\n<p>&nbsp;<\/p>\n<p><strong>Tee oder Kaffee?<\/strong><\/p>\n<p>Kaffee am Morgen, Tee am Nachmittag.<\/p>\n<p>&nbsp;<\/p>\n<p><strong>Ihr Spitzname ist&#8230;?<\/strong><\/p>\n<p>Oh.. fr\u00fcher wurde ich ab und zu mal Bartche genannt, aber einen richtigen Spitznamen habe ich jetzt nicht mehr.<\/p>\n<p>&nbsp;<\/p>\n<p><strong>Verraten Sie eine Marotte?<\/strong><\/p>\n<p>F\u00fcr mich z\u00e4hlen das Innere, die Idee und der Inhalt. Es ist meiner Meinung nach nicht relevant, wie ein Produkt aussieht, sondern welche Message dahinter steht.<\/p>\n<p>&nbsp;<\/p>\n<p><strong>Was bringt Sie in Harnisch?<\/strong><\/p>\n<p>Entschuldigungen beziehungsweise eher Rechtfertigungen oder Ausreden, warum etwas nicht funktioniert oder man etwas nicht machen kann, denn ich denke, dass es immer einen Weg gibt, etwas zu schaffen. Ich finde es schade, wenn Menschen nur in ihren gelernten Strukturen handeln, sich nicht trauen, sich aus ihrer Komfortzone hinauszubewegen und dadurch blind sind f\u00fcr neue Chancen, die sich rechts und links um sie herum ergeben.<\/p>\n<p>&nbsp;<\/p>\n<p><strong>&#8230;und was bringt andere an Ihnen in Harnisch?<\/strong><\/p>\n<p>Ich denke, dass ich meine Mitmenschen und meine Mitarbeiter teilweise \u00fcberfordere und etwas zu schnell f\u00fcr sie bin. Ich m\u00f6chte alles zack, zack hintereinander machen und damit kommt nicht jeder zurecht. Teilweise bin ich etwas sprunghaft, was auch nicht immer leicht f\u00fcr andere ist.<\/p>\n<p>&nbsp;<\/p>\n<p><strong>Was m\u00f6chten Sie gerne im Ruhestand oder dann machen, wenn Sie wirtschaftlich unabh\u00e4ngig sind, nicht mehr in Ihrer Firma t\u00e4tig sind und ganz viel Zeit haben?<\/strong><\/p>\n<p>Wenn ich ehrlich bin, liebe ich die Arbeit. Meine Arbeit ist f\u00fcr mich keine Arbeit. Sie ist f\u00fcr mich eine Mission, die Welt etwas besser zu machen. Ich denke, ohne Arbeit k\u00f6nnte das Leben ganz sch\u00f6n leer sein. Aber wenn ich meine Mission erreicht habe, w\u00fcrde ich mir gerne ein Bauernhaus in einer kleinen Stadt nah am Meer kaufen, einen Weingarten anbauen und mein eigenes Oliven\u00f6l herstellen.<\/p>\n<p>&nbsp;<\/p>\n<p><strong>Was sch\u00e4tzen Sie an anderen Menschen am meisten?<\/strong><\/p>\n<p>Ich finde es toll, wenn Menschen Pioniergeist haben. Wenn sie eine Vision und eine Mission haben, die sie verfolgen und f\u00fcr die sie alles tun.<\/p>\n<p>&nbsp;<\/p>\n<p><strong>Auf welche drei Dinge k\u00f6nnten Sie niemals verzichten?<\/strong><\/p>\n<p>Auf meine Familie, vor allem meine drei Kinder und meine Freundin, meine Freunde und meine Arbeit beziehungsweise Mission.<\/p>\n<p>&nbsp;<\/p>\n<p><strong>Wenn Sie f\u00fcr einen Tag den Job von jemand anderem \u00fcbernehmen k\u00f6nnten &#8211; welcher w\u00e4re das?<\/strong><\/p>\n<p>Dann w\u00e4re ich gerne Pianist. Ich liebe Klaviermusik, spiele aber kein Instrument. Fr\u00fcher wollte ich auch immer Fotograf werden.<\/p>\n<p>&nbsp;<\/p>\n<p><img loading=\"lazy\" decoding=\"async\" class=\"aligncenter size-full wp-image-667850\" src=\"https:\/\/blog.wiwo.de\/management\/files\/2018\/05\/bart.van_.oplhen.werkzeug-e1527031890299.jpg\" alt=\"\" width=\"650\" height=\"433\" srcset=\"https:\/\/blog.wiwo.de\/management\/files\/2018\/05\/bart.van_.oplhen.werkzeug-e1527031890299.jpg 650w, https:\/\/blog.wiwo.de\/management\/files\/2018\/05\/bart.van_.oplhen.werkzeug-e1527031890299-300x200.jpg 300w, https:\/\/blog.wiwo.de\/management\/files\/2018\/05\/bart.van_.oplhen.werkzeug-e1527031890299-450x300.jpg 450w\" sizes=\"auto, (max-width: 650px) 100vw, 650px\" \/><\/p>\n<p>&#8222;Diese Utensilien habe ich immer dabei, wenn ich neue Fischer &#8211; egal wo auf Welt &#8211; treffe&#8220;, sagt Bart van Olphen. &#8222;So wie jeder Koch sein eigenes Messerset immer mit sich f\u00fchrt, habe ich immer meine ganz pers\u00f6nlichen Werkzeuge dabei, mit denen ich gemeinsam mit den Fischern frischen Fisch zubereite und koche, brate oder grille.&#8220;<\/p>\n<p><strong>B\u00fccher Bart van Olphen<\/strong>: h<a href=\"\/\/www.amazon.de\/Bart-van-Olphen\/e\/B0050J3ZGC\">ttps:\/\/www.amazon.de\/Bart-van-Olphen\/e\/B0050J3ZGC<\/a><\/p>\n<p>.<\/p>\n<p>&nbsp;<\/p>\n<p><img loading=\"lazy\" decoding=\"async\" class=\"aligncenter size-medium wp-image-664324\" src=\"https:\/\/blog.wiwo.de\/management\/files\/2017\/02\/Blog-Ranking2017-300x212.jpg\" alt=\"\" width=\"300\" height=\"212\" srcset=\"https:\/\/blog.wiwo.de\/management\/files\/2017\/02\/Blog-Ranking2017-300x212.jpg 300w, https:\/\/blog.wiwo.de\/management\/files\/2017\/02\/Blog-Ranking2017-424x300.jpg 424w, https:\/\/blog.wiwo.de\/management\/files\/2017\/02\/Blog-Ranking2017.jpg 650w\" sizes=\"auto, (max-width: 300px) 100vw, 300px\" \/><\/p>\n","protected":false},"excerpt":{"rendered":"<p>Den Fragebogen &#8222;Nahaufnahme&#8220; beantwortet\u00a0Bart van Olphen, Gr\u00fcnder des Fischhandels\u00a0Fish Tales &#8211; der nachhaltigen Fischmarke &#8211; und Kochbuchautor.\u00a0 . Erkl\u00e4ren Sie in einem Satz, was Ihr Unternehmen tut. Fish Tales tritt daf\u00fcr ein, dass wir jetzt und auch in Zukunft wild &hellip; <a href=\"https:\/\/blog.wiwo.de\/management\/2018\/05\/23\/fragebogen-nahaufnahme-mit-fischhaendler-und-kochbuchautor-bart-van-olphen-den-ausreden-in-harnisch-bringen\/\">Weiterlesen <span class=\"meta-nav\">&rarr;<\/span><\/a><\/p>\n","protected":false},"author":19,"featured_media":0,"comment_status":"open","ping_status":"open","sticky":false,"template":"","format":"standard","meta":{"footnotes":""},"categories":[1],"tags":[7381,7383,7382,6860,7384],"class_list":["post-667770","post","type-post","status-publish","format-standard","hentry","category-allgemein","tag-bart-van-olphen","tag-fischhandel","tag-fish-tales","tag-fragebogen-nahaufanhme","tag-kochbuecher"],"_links":{"self":[{"href":"https:\/\/blog.wiwo.de\/management\/wp-json\/wp\/v2\/posts\/667770","targetHints":{"allow":["GET"]}}],"collection":[{"href":"https:\/\/blog.wiwo.de\/management\/wp-json\/wp\/v2\/posts"}],"about":[{"href":"https:\/\/blog.wiwo.de\/management\/wp-json\/wp\/v2\/types\/post"}],"author":[{"embeddable":true,"href":"https:\/\/blog.wiwo.de\/management\/wp-json\/wp\/v2\/users\/19"}],"replies":[{"embeddable":true,"href":"https:\/\/blog.wiwo.de\/management\/wp-json\/wp\/v2\/comments?post=667770"}],"version-history":[{"count":0,"href":"https:\/\/blog.wiwo.de\/management\/wp-json\/wp\/v2\/posts\/667770\/revisions"}],"wp:attachment":[{"href":"https:\/\/blog.wiwo.de\/management\/wp-json\/wp\/v2\/media?parent=667770"}],"wp:term":[{"taxonomy":"category","embeddable":true,"href":"https:\/\/blog.wiwo.de\/management\/wp-json\/wp\/v2\/categories?post=667770"},{"taxonomy":"post_tag","embeddable":true,"href":"https:\/\/blog.wiwo.de\/management\/wp-json\/wp\/v2\/tags?post=667770"}],"curies":[{"name":"wp","href":"https:\/\/api.w.org\/{rel}","templated":true}]}}