{"id":667508,"date":"2018-04-25T07:36:36","date_gmt":"2018-04-25T05:36:36","guid":{"rendered":"https:\/\/blog.wiwo.de\/management\/?p=667508"},"modified":"2018-04-25T01:39:03","modified_gmt":"2018-04-24T23:39:03","slug":"fragebogen-nahaufnahme-mit-myhammer-ceo-claudia-frese-die-genau-weiss-wie-geschirrspuelmaschinen-einzuraeumen-sind","status":"publish","type":"post","link":"https:\/\/blog.wiwo.de\/management\/2018\/04\/25\/fragebogen-nahaufnahme-mit-myhammer-ceo-claudia-frese-die-genau-weiss-wie-geschirrspuelmaschinen-einzuraeumen-sind\/","title":{"rendered":"Fragebogen &#8222;Nahaufnahme&#8220; mit MyHammer-CEO Claudia Frese, die genau wei\u00df, wie Geschirrsp\u00fclmaschinen einzur\u00e4umen sind"},"content":{"rendered":"<p><strong>Den Fragebogen &#8222;Nahaufnahme&#8220;\u00a0 beantwortet Claudia Frese, CEO des Handwerkerportals MyHammer, dem\u00a0Online-Marktplatz, auf dem private und gewerbliche Nutzer Handwerks- und Dienstleistungsauftr\u00e4ge ausschreiben und vergeben k\u00f6nnen.\u00a0<a href=\"https:\/\/de.wikipedia.org\/wiki\/MyHammer_Holding\">MyHammer hat 78 Mitarbeiter und machte zuletzt 11,28 Millionen Euro Umsatz.<\/a><\/strong><\/p>\n<div><span style=\"font-family: 'nirmala ui', sans-serif;font-size: small\">\u00a0<\/span><\/div>\n<div id=\"attachment_667509\" style=\"width: 443px\" class=\"wp-caption aligncenter\"><img loading=\"lazy\" decoding=\"async\" aria-describedby=\"caption-attachment-667509\" class=\"size-full wp-image-667509\" src=\"https:\/\/blog.wiwo.de\/management\/files\/2018\/04\/MyHammer_Claudia_Frese_Web_600x900.png.jpg\" alt=\"\" width=\"433\" height=\"650\" srcset=\"https:\/\/blog.wiwo.de\/management\/files\/2018\/04\/MyHammer_Claudia_Frese_Web_600x900.png.jpg 433w, https:\/\/blog.wiwo.de\/management\/files\/2018\/04\/MyHammer_Claudia_Frese_Web_600x900.png-200x300.jpg 200w\" sizes=\"auto, (max-width: 433px) 100vw, 433px\" \/><p id=\"caption-attachment-667509\" class=\"wp-caption-text\">Claudia Frese (Foto: MyHammer)<\/p><\/div>\n<p>&nbsp;<\/p>\n<p><strong>Erkl\u00e4ren Sie bitte in einem Satz, was Ihr Unternehmen tut.<\/strong><\/p>\n<p>Als Deutschlands Handwerkerportal Nummer eins unterst\u00fctzen wir Handwerker bei der Auftragssuche und helfen Verbrauchern, den passenden Betrieb f\u00fcr ihren Auftrag rund um Haus und Garten zu finden.<\/p>\n<p>&nbsp;<\/p>\n<p><strong>Womit beginnt Ihr Arbeitstag?<\/strong><\/p>\n<p>Kurz vor sieben vor dem Fr\u00fchst\u00fcck ein kurzer Blick in meine Emails, um halb neun sitze ich am Schreibtisch und lese sie dann tats\u00e4chlich.<\/p>\n<p>&nbsp;<\/p>\n<p><strong>Wie w\u00fcrden Sie sich selbst als Chef beschreiben?<\/strong><\/p>\n<p>Ich kommuniziere sehr direkt und h\u00f6re intensiv zu. Meine Rolle liegt darin, den Kurs vorzugeben, alle F\u00e4higkeiten innerhalb der Organisation zu orchestrieren und Hindernisse aus dem Weg zu r\u00e4umen, damit wir unsere gesteckten Ziele erreichen k\u00f6nnen.<\/p>\n<p>&nbsp;<\/p>\n<p><strong>&#8230; und was w\u00fcrden Ihre Mitarbeiter darauf antworten?<\/strong><\/p>\n<p>Ich habe sie gefragt. Meine Mitarbeiter sagen, dass sie meine klare Kommunikation sch\u00e4tzen, dass sie gut finden, dass ich tief in Themen reinschaue, weil dies Wertsch\u00e4tzung ausdr\u00fcckt, ohne Ihnen die Verantwortung zu nehmen. Und dass ich durch fachliche und leidenschaftliche Diskussion auch mal eine starke Meinung einbringe.<\/p>\n<p>&nbsp;<\/p>\n<p><strong>Tee oder Kaffee?<\/strong><\/p>\n<p>Definitiv Kaffee.<\/p>\n<p>&nbsp;<\/p>\n<p><strong>Ihr Spitzname ist&#8230;?<\/strong><\/p>\n<p>Habe ich ehrlich nicht, nie gehabt.<\/p>\n<p>&nbsp;<\/p>\n<p><strong>Verraten Sie eine Marotte?<\/strong><\/p>\n<p>Es gibt eine richtige Art, eine Sp\u00fclmaschine einzur\u00e4umen. Da muss ich gelegentlich umr\u00e4umen, bis es gut aussieht.<\/p>\n<p>&nbsp;<\/p>\n<p><strong>Was bringt Sie in Harnisch?<\/strong><\/p>\n<p>Langsamkeit \u2013 ich bin wahnsinnig ungeduldig. Und Unentschlossenheit \u2013 wenn aus meiner Sicht die Fakten klar auf dem Tisch liegen.<\/p>\n<p>&nbsp;<\/p>\n<p><strong>&#8230;und was bringt andere an Ihnen in Harnisch?<\/strong><\/p>\n<p>Meine Ungeduld. Und dass ich manchmal zu schnell entschieden bin, obwohl aus der Sicht der Anderen noch nicht alle Fakten auf dem Tisch liegen.<\/p>\n<p>&nbsp;<\/p>\n<p><strong>Was m\u00f6chten Sie gerne im Ruhestand oder dann machen, wenn Sie wirtschaftlich unabh\u00e4ngig sind, nicht mehr in Ihrer Firma t\u00e4tig sind und ganz viel Zeit haben?<\/strong><\/p>\n<p>L\u00e4ngere Reisen geh\u00f6ren sicher dazu, ich bin ein gro\u00dfer Lateinamerika-Fan. Aber ich werde wohl immer in irgendeiner Form arbeiten wollen, entweder im Kontext einer Organisation oder selbstst\u00e4ndig.<\/p>\n<p>&nbsp;<\/p>\n<p><strong>Was sch\u00e4tzen Sie an anderen Menschen am meisten?<\/strong><\/p>\n<p>Pers\u00f6nlichkeit. Ich mag Menschen, die eigene Vorstellungen und Vorlieben haben, und sich dessen bewusst sind. Solche Menschen strahlen eine positive Energie aus, die ansteckt.<\/p>\n<p>&nbsp;<\/p>\n<p><strong>Auf welche drei Dinge k\u00f6nnten Sie niemals verzichten?<\/strong><\/p>\n<p>Meine Familie, Sonnenlicht, frische Luft.<\/p>\n<p>&nbsp;<\/p>\n<p><strong>Wenn Sie f\u00fcr einen Tag den Job von jemand anderem \u00fcbernehmen k\u00f6nnten &#8211; welcher w\u00e4re das?<\/strong><\/p>\n<p>Ich habe den gr\u00f6\u00dften Respekt vor allen Menschen in sozialen Berufen. Ich wei\u00df, dass ich das selbst nicht auf Dauer k\u00f6nnte, aber f\u00fcr einen Tag w\u00fcrde ich gerne erfahren, wie es ist, in der Pflege zu arbeiten.<\/p>\n<p>&nbsp;<\/p>\n<p>&nbsp;<\/p>\n<div id=\"attachment_667510\" style=\"width: 235px\" class=\"wp-caption aligncenter\"><img loading=\"lazy\" decoding=\"async\" aria-describedby=\"caption-attachment-667510\" class=\"size-medium wp-image-667510\" src=\"https:\/\/blog.wiwo.de\/management\/files\/2018\/04\/myhammer.2.-225x300.jpg\" alt=\"\" width=\"225\" height=\"300\" srcset=\"https:\/\/blog.wiwo.de\/management\/files\/2018\/04\/myhammer.2.-225x300.jpg 225w, https:\/\/blog.wiwo.de\/management\/files\/2018\/04\/myhammer.2..jpg 488w\" sizes=\"auto, (max-width: 225px) 100vw, 225px\" \/><p id=\"caption-attachment-667510\" class=\"wp-caption-text\">(Foto: MyHammer)<\/p><\/div>\n<p>Dieses Bild gegen\u00fcber von Claudia Freses Schreibtisch stammt von ihrem Ehemann, dem K\u00fcnstler J\u00f6rg Reckhenrich. Frese sch\u00e4tzt an diesem Bild mit der &#8222;mehrdimensionalen Rasterstruktur, die gleichzeitig sehr komplex und ganz leicht aussieht&#8220;, dass es &#8222;so wirkt, als ob man ganz tief hineinschauen kann. Und das finde ich so sch\u00f6n.&#8220;<\/p>\n<p>&nbsp;<\/p>\n<p>&nbsp;<\/p>\n<p><img loading=\"lazy\" decoding=\"async\" class=\"aligncenter size-medium wp-image-664324\" src=\"https:\/\/blog.wiwo.de\/management\/files\/2017\/02\/Blog-Ranking2017-300x212.jpg\" alt=\"\" width=\"300\" height=\"212\" srcset=\"https:\/\/blog.wiwo.de\/management\/files\/2017\/02\/Blog-Ranking2017-300x212.jpg 300w, https:\/\/blog.wiwo.de\/management\/files\/2017\/02\/Blog-Ranking2017-424x300.jpg 424w, https:\/\/blog.wiwo.de\/management\/files\/2017\/02\/Blog-Ranking2017.jpg 650w\" sizes=\"auto, (max-width: 300px) 100vw, 300px\" \/><\/p>\n","protected":false},"excerpt":{"rendered":"<p>Den Fragebogen &#8222;Nahaufnahme&#8220;\u00a0 beantwortet Claudia Frese, CEO des Handwerkerportals MyHammer, dem\u00a0Online-Marktplatz, auf dem private und gewerbliche Nutzer Handwerks- und Dienstleistungsauftr\u00e4ge ausschreiben und vergeben k\u00f6nnen.\u00a0MyHammer hat 78 Mitarbeiter und machte zuletzt 11,28 Millionen Euro Umsatz. \u00a0 &nbsp; Erkl\u00e4ren Sie bitte in &hellip; <a href=\"https:\/\/blog.wiwo.de\/management\/2018\/04\/25\/fragebogen-nahaufnahme-mit-myhammer-ceo-claudia-frese-die-genau-weiss-wie-geschirrspuelmaschinen-einzuraeumen-sind\/\">Weiterlesen <span class=\"meta-nav\">&rarr;<\/span><\/a><\/p>\n","protected":false},"author":19,"featured_media":0,"comment_status":"open","ping_status":"open","sticky":false,"template":"","format":"standard","meta":{"footnotes":""},"categories":[1],"tags":[7306,6860,7307],"class_list":["post-667508","post","type-post","status-publish","format-standard","hentry","category-allgemein","tag-claudia-frese","tag-fragebogen-nahaufanhme","tag-myhammer"],"_links":{"self":[{"href":"https:\/\/blog.wiwo.de\/management\/wp-json\/wp\/v2\/posts\/667508","targetHints":{"allow":["GET"]}}],"collection":[{"href":"https:\/\/blog.wiwo.de\/management\/wp-json\/wp\/v2\/posts"}],"about":[{"href":"https:\/\/blog.wiwo.de\/management\/wp-json\/wp\/v2\/types\/post"}],"author":[{"embeddable":true,"href":"https:\/\/blog.wiwo.de\/management\/wp-json\/wp\/v2\/users\/19"}],"replies":[{"embeddable":true,"href":"https:\/\/blog.wiwo.de\/management\/wp-json\/wp\/v2\/comments?post=667508"}],"version-history":[{"count":0,"href":"https:\/\/blog.wiwo.de\/management\/wp-json\/wp\/v2\/posts\/667508\/revisions"}],"wp:attachment":[{"href":"https:\/\/blog.wiwo.de\/management\/wp-json\/wp\/v2\/media?parent=667508"}],"wp:term":[{"taxonomy":"category","embeddable":true,"href":"https:\/\/blog.wiwo.de\/management\/wp-json\/wp\/v2\/categories?post=667508"},{"taxonomy":"post_tag","embeddable":true,"href":"https:\/\/blog.wiwo.de\/management\/wp-json\/wp\/v2\/tags?post=667508"}],"curies":[{"name":"wp","href":"https:\/\/api.w.org\/{rel}","templated":true}]}}