{"id":667178,"date":"2019-01-08T00:54:20","date_gmt":"2019-01-07T23:54:20","guid":{"rendered":"https:\/\/blog.wiwo.de\/management\/?p=667178"},"modified":"2019-01-10T16:15:32","modified_gmt":"2019-01-10T15:15:32","slug":"fragebogen-nahaufnahme-mit-diemediafabrik-chef-peter-peschel-der-vor-zehn-uhr-frueh-nichts-kompliziertes-gefragt-werden-will","status":"publish","type":"post","link":"https:\/\/blog.wiwo.de\/management\/2019\/01\/08\/fragebogen-nahaufnahme-mit-diemediafabrik-chef-peter-peschel-der-vor-zehn-uhr-frueh-nichts-kompliziertes-gefragt-werden-will\/","title":{"rendered":"Fragebogen &#8222;Nahaufnahme&#8220; mit DieMediafabrik-Chef Peter Peschel, der vor zehn Uhr fr\u00fch nichts Kompliziertes gefragt werden will"},"content":{"rendered":"<div>\n<div><\/div>\n<div><strong><strong><span class=\"x_MsoHyperlink\">Den Fragebogen &#8222;Nahaufnahme&#8220; beantwortet Peter Peschel, Gr\u00fcnder und gesch\u00e4ftsf\u00fchrender Gesellschafter der Mediaberatung DieMediafabrik mit Kunden wie der Leipziger Messe, Rausch oder dem Bundesministerum f\u00fcr Arbeit und Soziales.<\/span><\/strong><\/strong><\/div>\n<\/div>\n<div><\/div>\n<div><\/div>\n<div><\/div>\n<div>\n<div id=\"attachment_669421\" style=\"width: 660px\" class=\"wp-caption aligncenter\"><img loading=\"lazy\" decoding=\"async\" aria-describedby=\"caption-attachment-669421\" class=\"size-full wp-image-669421\" src=\"https:\/\/blog.wiwo.de\/management\/files\/2018\/12\/peschel_2018.png\" alt=\"\" width=\"650\" height=\"306\" srcset=\"https:\/\/blog.wiwo.de\/management\/files\/2018\/12\/peschel_2018.png 650w, https:\/\/blog.wiwo.de\/management\/files\/2018\/12\/peschel_2018-300x141.png 300w, https:\/\/blog.wiwo.de\/management\/files\/2018\/12\/peschel_2018-500x235.png 500w\" sizes=\"auto, (max-width: 650px) 100vw, 650px\" \/><p id=\"caption-attachment-669421\" class=\"wp-caption-text\">(Foto: Presse)<\/p><\/div>\n<\/div>\n<div><\/div>\n<div>\n<p><strong>Erkl\u00e4ren Sie in einem Satz, was Ihr Unternehmen tut.<\/strong><\/p>\n<\/div>\n<div>\n<p class=\"x_MsoBodyText\" align=\"left\">Wir schalten f\u00fcr unsere Kunden Werbung in Print, TV, H\u00f6rfunk, Au\u00dfenwerbung, Digital: Wir streuen die Werbeinvestments unserer Kunden gattungs\u00fcbergreifend und streuverlustarm auf deren jeweilige Zielgruppen \u2013 notwendig daf\u00fcr ist neben gutem Media-Know-How auch gesunder Menschenverstand.<\/p>\n<p align=\"left\">.<\/p>\n<div><strong><span class=\"x_MsoHyperlink\">Womit beginnt Ihr Arbeitsalltag?<\/span><\/strong><\/div>\n<p class=\"x_MsoBodyText\" align=\"left\">Mit Kaffee und der &#8222;FAZ&#8220;. Entgegen dem Rat meiner Mutter habe ich meine berufliche Laufbahn nicht bei der Sparkasse begonnen. Einer der Gr\u00fcnde, in die Werbung zu gehen, war sicher, dass sich in Agenturen vor neun Uhr oft nichts Aufregendes ereignet. Gegen 9.30 Uhr bin ich meist in der Agentur.<\/p>\n<p align=\"left\">.<\/p>\n<div><strong><span class=\"x_MsoHyperlink\">Wie w\u00fcrden Sie sich selbst als Chef beschreiben?<\/span><\/strong><\/div>\n<p class=\"x_MsoBodyText\" align=\"left\">Ich gehe den einfachsten Weg: F\u00fchrung durch Vorbild. Klare Struktur, Vertrauensaufbau, aber auch eine gesunde H\u00e4rte. Ehrlichkeit, auch wenn es weh tut. Ich pflege eine sehr offene und angstfreie Kommunikationskultur. Selbst wenn Fehler passieren.<\/p>\n<p class=\"x_MsoBodyText\" align=\"left\">.<\/p>\n<p class=\"x_MsoBodyText\" align=\"left\"><strong>\u2026 und was w\u00fcrden Ihre Mitarbeiter darauf antworten?<\/strong><\/p>\n<p class=\"x_MsoBodyText\" align=\"left\">Dass man mich morgens nicht vor zehn Uhr komplizierte Dinge fragen sollte. Wahrscheinlich w\u00fcrden sie sagen, dass ich Perfektionist bin und meine Empathie ausbauf\u00e4hig ist. Ich gehe nicht von T\u00fcr zu T\u00fcr und w\u00fcnsche sch\u00f6ne Weihnachten. Das ist nicht mein Ding.<\/p>\n<p>&nbsp;<\/p>\n<p class=\"x_MsoNormal\"><strong>Tee oder Kaffee?<\/strong><\/p>\n<p class=\"x_MsoBodyText\" align=\"left\">Kaffee, aber mit frischer Milch. Der Siegeszug von l\u00e4nger haltbarer Milch dient sicherlich nicht der Genusskultur.<\/p>\n<p align=\"left\">.<\/p>\n<p class=\"x_MsoBodyText\" align=\"left\"><strong>Ihr Spitzname ist\u2026 ?<\/strong><\/p>\n<p class=\"x_MsoBodyText\" align=\"left\">Einen Spitznamen gab es nie \u2013 woran auch immer das liegt. Mit ist aber aufgefallen,\u00a0 dass Dritte meist \u00fcber Peter Peschel sprechen &#8211; sie entscheiden sich also nicht f\u00fcr den Vor- oder den Nachnamen. Und:\u00a0Klein pp. Damit verabschiede ich mich in allen Mails, mit pp.<\/p>\n<p align=\"left\">.<\/p>\n<p class=\"x_MsoBodyText\" align=\"left\"><strong>Verraten Sie eine Marotte?<\/strong><\/p>\n<p class=\"x_MsoBodyText\" align=\"left\">Ich bin gelegentlich \u00fcberstrukturiert. Das hilft bei meiner enormen Aufgabenvielfalt, behindert aber manchmal auch. Und: Auch im Winter liebe ich k\u00fchle Luft in meinem Zimmer &#8211; f\u00fcr den klaren Kopf.<\/p>\n<p align=\"left\">.<\/p>\n<p class=\"x_MsoBodyText\" align=\"left\"><strong>Was bringt sie in Harnisch?<\/strong><\/p>\n<p class=\"x_MsoBodyText\" align=\"left\">Unh\u00f6fliches und anma\u00dfendes Verhalten.<\/p>\n<p align=\"left\">.<\/p>\n<p class=\"x_MsoBodyText\" align=\"left\"><strong>\u2026 und was bringt andere an Ihnen in Harnisch?<\/strong><\/p>\n<p class=\"x_MsoBodyText\" align=\"left\">Ich beurteile andere gelegentlich nach meinen eigenen Lebensregeln.<\/p>\n<p align=\"left\">.<\/p>\n<p class=\"x_MsoBodyText\" align=\"left\"><strong>Was m\u00f6chten Sie gerne im Ruhestand machen oder dann, wenn Sie wirtschaftlich unabh\u00e4ngig und nicht mehr in Ihrer Firma t\u00e4tig sind und ganz viel Zeit haben?<\/strong><\/p>\n<p class=\"x_MsoBodyText\" align=\"left\">\u00a0Nach Ende der operativen T\u00e4tigkeit werde ich viel Zeit in der Natur verbringen, werde Radfahren und an den Ostseestr\u00e4nden von Mecklenburg-Vorpommern unterwegs sein.<\/p>\n<p align=\"left\">.<\/p>\n<p class=\"x_MsoBodyText\" align=\"left\"><strong>Was sch\u00e4tzen Sie an anderen Menschen am meisten?<\/strong><\/p>\n<p class=\"x_MsoBodyText\" align=\"left\">Intelligenz und Stil.<\/p>\n<p align=\"left\">.<\/p>\n<p class=\"x_MsoNormal\"><strong>Auf welche drei Dinge k\u00f6nnten sie niemals verzichten?<\/strong><\/p>\n<p class=\"x_MsoBodyText\" align=\"left\">Italienische Mode, italienische Esskultur, Berlin.<\/p>\n<p>&nbsp;<\/p>\n<p class=\"x_MsoNormal\"><strong>Wenn Sie f\u00fcr einen Tag den Job von jemand anderem \u00fcbernehmen k\u00f6nnten \u2013 welcher w\u00e4re das?<\/strong><\/p>\n<p class=\"x_MsoBodyText\" align=\"left\">CEO von Apple,\u00a0weil Apple eine stringente Markenf\u00fchrung hat.<\/p>\n<p class=\"x_MsoBodyText\" align=\"left\">\u00a0<img loading=\"lazy\" decoding=\"async\" class=\"aligncenter size-full wp-image-669431\" src=\"https:\/\/blog.wiwo.de\/management\/files\/2018\/12\/peschl.Handyschnappschuss_Box-des-Vergessens_IMG_3586.jpg\" alt=\"\" width=\"487\" height=\"650\" srcset=\"https:\/\/blog.wiwo.de\/management\/files\/2018\/12\/peschl.Handyschnappschuss_Box-des-Vergessens_IMG_3586.jpg 487w, https:\/\/blog.wiwo.de\/management\/files\/2018\/12\/peschl.Handyschnappschuss_Box-des-Vergessens_IMG_3586-225x300.jpg 225w\" sizes=\"auto, (max-width: 487px) 100vw, 487px\" \/>Die Box des Vergessens ist ein Geschenk von dem Schreiner, der f\u00fcr DieMediafabrik\u00a0 die B\u00fcrom\u00f6bel gemacht hatte. Peter\u00a0Peschel war \u00fcber das Geschenk anfangs erstaunt und am\u00fcsiert: &#8222;Weil es so ungew\u00f6hnlich ist und auf Anhieb wenig n\u00fctzlich erscheint.&#8220; Dann nutzte Peschel den emotionalen Papierkorb von Zeit zu Zeit aber doch &#8211; und l\u00e4sst bis heute ab und an unn\u00fctze Dokumente in seinem Schwarzen Loch verschwinden.<\/p>\n<p align=\"left\">.<\/p>\n<p align=\"left\">.<\/p>\n<p align=\"left\">.<\/p>\n<\/div>\n<div id=\"attachment_668407\" style=\"width: 310px\" class=\"wp-caption aligncenter\"><img loading=\"lazy\" decoding=\"async\" aria-describedby=\"caption-attachment-668407\" class=\"size-medium wp-image-668407\" src=\"https:\/\/blog.wiwo.de\/management\/files\/2018\/07\/Grafik_DieKo\u0308nigeDerBlogospha\u0308re_A4_DRAFT_02-1-300x212.jpg\" alt=\"\" width=\"300\" height=\"212\" srcset=\"https:\/\/blog.wiwo.de\/management\/files\/2018\/07\/Grafik_DieKo\u0308nigeDerBlogospha\u0308re_A4_DRAFT_02-1-300x212.jpg 300w, https:\/\/blog.wiwo.de\/management\/files\/2018\/07\/Grafik_DieKo\u0308nigeDerBlogospha\u0308re_A4_DRAFT_02-1-424x300.jpg 424w, https:\/\/blog.wiwo.de\/management\/files\/2018\/07\/Grafik_DieKo\u0308nigeDerBlogospha\u0308re_A4_DRAFT_02-1.jpg 650w\" sizes=\"auto, (max-width: 300px) 100vw, 300px\" \/><p id=\"caption-attachment-668407\" class=\"wp-caption-text\">Der neue Blogger-Relevanz-Index 2018<\/p><\/div>\n","protected":false},"excerpt":{"rendered":"<p>Den Fragebogen &#8222;Nahaufnahme&#8220; beantwortet Peter Peschel, Gr\u00fcnder und gesch\u00e4ftsf\u00fchrender Gesellschafter der Mediaberatung DieMediafabrik mit Kunden wie der Leipziger Messe, Rausch oder dem Bundesministerum f\u00fcr Arbeit und Soziales. Erkl\u00e4ren Sie in einem Satz, was Ihr Unternehmen tut. Wir schalten f\u00fcr unsere &hellip; <a href=\"https:\/\/blog.wiwo.de\/management\/2019\/01\/08\/fragebogen-nahaufnahme-mit-diemediafabrik-chef-peter-peschel-der-vor-zehn-uhr-frueh-nichts-kompliziertes-gefragt-werden-will\/\">Weiterlesen <span class=\"meta-nav\">&rarr;<\/span><\/a><\/p>\n","protected":false},"author":19,"featured_media":0,"comment_status":"open","ping_status":"open","sticky":false,"template":"","format":"standard","meta":{"footnotes":""},"categories":[1],"tags":[6860,7849,7848],"class_list":["post-667178","post","type-post","status-publish","format-standard","hentry","category-allgemein","tag-fragebogen-nahaufanhme","tag-mediafabrik","tag-peter-peschl"],"_links":{"self":[{"href":"https:\/\/blog.wiwo.de\/management\/wp-json\/wp\/v2\/posts\/667178","targetHints":{"allow":["GET"]}}],"collection":[{"href":"https:\/\/blog.wiwo.de\/management\/wp-json\/wp\/v2\/posts"}],"about":[{"href":"https:\/\/blog.wiwo.de\/management\/wp-json\/wp\/v2\/types\/post"}],"author":[{"embeddable":true,"href":"https:\/\/blog.wiwo.de\/management\/wp-json\/wp\/v2\/users\/19"}],"replies":[{"embeddable":true,"href":"https:\/\/blog.wiwo.de\/management\/wp-json\/wp\/v2\/comments?post=667178"}],"version-history":[{"count":9,"href":"https:\/\/blog.wiwo.de\/management\/wp-json\/wp\/v2\/posts\/667178\/revisions"}],"predecessor-version":[{"id":669536,"href":"https:\/\/blog.wiwo.de\/management\/wp-json\/wp\/v2\/posts\/667178\/revisions\/669536"}],"wp:attachment":[{"href":"https:\/\/blog.wiwo.de\/management\/wp-json\/wp\/v2\/media?parent=667178"}],"wp:term":[{"taxonomy":"category","embeddable":true,"href":"https:\/\/blog.wiwo.de\/management\/wp-json\/wp\/v2\/categories?post=667178"},{"taxonomy":"post_tag","embeddable":true,"href":"https:\/\/blog.wiwo.de\/management\/wp-json\/wp\/v2\/tags?post=667178"}],"curies":[{"name":"wp","href":"https:\/\/api.w.org\/{rel}","templated":true}]}}