{"id":667167,"date":"2018-07-31T07:00:45","date_gmt":"2018-07-31T05:00:45","guid":{"rendered":"https:\/\/blog.wiwo.de\/management\/?p=667167"},"modified":"2018-07-31T12:56:35","modified_gmt":"2018-07-31T10:56:35","slug":"nahaufnahme-fragebogen-mit-ucb-pharma-chef-peter-mitterhofer-der-mit-stirnlampe-frueh-durch-den-wald-joggt","status":"publish","type":"post","link":"https:\/\/blog.wiwo.de\/management\/2018\/07\/31\/nahaufnahme-fragebogen-mit-ucb-pharma-chef-peter-mitterhofer-der-mit-stirnlampe-frueh-durch-den-wald-joggt\/","title":{"rendered":"&#8222;Nahaufnahme&#8220;-Fragebogen mit UCB-Pharma-Chef Peter Mitterhofer, der viel von guter Kinderstube h\u00e4lt &#8211; die einfachen H\u00f6flichkeitsregeln w\u00fcrden schon reichen"},"content":{"rendered":"<p class=\"western\"><strong>Den Fragebogen &#8222;Nahaufnahme&#8220; beantwortet <a href=\"https:\/\/petermitterhofer.de\/start.html\">Peter Mitterhofer<\/a>, der Vorsitzende der Gesch\u00e4ftsf\u00fchrung der UCB Pharma in Deutschland, \u00d6sterreich und Schweiz. Das Unternehmen machte weltweit zuletzt gut 4,5 Milliarden Euro Umsatz in 2017. <\/strong><\/p>\n<p class=\"western\"><strong>Sein Blog:\u00a0\u00a0<a href=\"https:\/\/petermitterhofer.de\/start.html\">https:\/\/petermitterhofer.de\/start.html<\/a>\u00a0<\/strong><\/p>\n<p>&nbsp;<\/p>\n<div id=\"attachment_667415\" style=\"width: 660px\" class=\"wp-caption aligncenter\"><img loading=\"lazy\" decoding=\"async\" aria-describedby=\"caption-attachment-667415\" class=\"size-full wp-image-667415\" src=\"https:\/\/blog.wiwo.de\/management\/files\/2018\/02\/ucb_mitterhofer_neu.jpg\" alt=\"\" width=\"650\" height=\"530\" srcset=\"https:\/\/blog.wiwo.de\/management\/files\/2018\/02\/ucb_mitterhofer_neu.jpg 650w, https:\/\/blog.wiwo.de\/management\/files\/2018\/02\/ucb_mitterhofer_neu-300x245.jpg 300w, https:\/\/blog.wiwo.de\/management\/files\/2018\/02\/ucb_mitterhofer_neu-368x300.jpg 368w\" sizes=\"auto, (max-width: 650px) 100vw, 650px\" \/><p id=\"caption-attachment-667415\" class=\"wp-caption-text\">Peter Mitterhofer, UCB (Foto: Presse)<\/p><\/div>\n<p class=\"western\"><span style=\"color: #000000\"><strong><span style=\"font-family: Arial, serif\">Erkl\u00e4ren Sie in einem Satz, was Ihr Unternehmen tut.<\/span><\/strong><\/span><\/p>\n<p class=\"western\"><span style=\"font-family: Arial, serif\">Als biopharmazeutisches Unternehmen stellt UCB Pharma Medikamente f\u00fcr Menschen mit schweren chronischen Krankheiten Epilepsie, Parkinson oder Rheumatoide Arthritis her, um ihnen ein selbstbestimmtes Leben zu erm\u00f6glichen.<\/span><\/p>\n<p class=\"western\"><span style=\"color: #4472c4\">\u00a0<\/span><\/p>\n<p class=\"western\"><span style=\"color: #000000\"><strong><span style=\"font-family: Arial, serif\">Womit beginnt Ihr Arbeitstag?<\/span><\/strong><\/span><\/p>\n<p class=\"western\"><span style=\"font-family: Arial, serif\">Ich gehe morgens joggen, um Kraft f\u00fcr den Tag zu tanken. Dann gibt\u00b4s ein gesundes Fr\u00fchst\u00fcck mit viel Obst und Gem\u00fcse wie \u00c4pfel, Kiwi und Karotten, Start ist um 7.15 Uhr. Ich definiere das Ziel des Tages und bereite mich auf anstehende Besprechungen und Projekte vor. <\/span><\/p>\n<p class=\"western\"><span style=\"color: #4472c4\">\u00a0<\/span><\/p>\n<p class=\"western\"><span style=\"color: #4472c4\"><span style=\"font-family: Arial, serif\"><span style=\"color: #000000\"><strong>Wie w\u00fcrden Sie sich selbst als Chef beschreiben?<\/strong><\/span><\/span><\/span><\/p>\n<p class=\"western\"><span style=\"font-family: Arial, serif\">Zielorientiert und am Puls der Zeit. So haben wir in Projekten schon mal die Berichtslinien getauscht, um zum besten Ergebnis zu kommen. Das Thema Jobrotation ist zwar in aller Munde, ich bin mir nicht sicher, ob es auf allen Ebenen durchgef\u00fchrt wird. F\u00fcr uns war es ein Gl\u00fccksfall.<\/span><\/p>\n<p class=\"western\"><span style=\"color: #4472c4\">\u00a0<\/span><\/p>\n<p class=\"western\"><span style=\"color: #4472c4\"><span style=\"font-family: Arial, serif\"><span style=\"color: #000000\"><strong>&#8230; und was w\u00fcrden Ihre Mitarbeiter darauf antworten?<\/strong><\/span><\/span><\/span><\/p>\n<p class=\"western\"><span style=\"font-family: Arial, serif\">Ich hoffe, dass sie \u201eauthentisch und mutig\u201c sagen. Ich spreche meine eigenen Misserfolge an. F\u00fcr mich ist das der Grundstein f\u00fcr eine vertrauensvolle Beziehung zu den Mitarbeitern.\u00a0<\/span><span style=\"font-family: Arial, serif\">Das, was bei mir im Privaten gilt, gilt auch beruflich: Bei mir z\u00e4hlt jede Stimme. Deshalb konnte zum Beispiel ein sehr junger Kollege mit gerade mal 22 Jahren, eine wichtige strategische Entscheidung der Gesch\u00e4ftsf\u00fchrung offen infrage stellen. Daraufhin haben wir unsere Verhandlungsstrategie v\u00f6llig neu aufgesetzt &#8211; und das hat am Ende zu einem besseren Ergebnis gef\u00fchrt.<\/span><\/p>\n<p class=\"western\"><span style=\"color: #4472c4\">\u00a0<\/span><\/p>\n<p class=\"western\"><strong><span style=\"color: #000000\"><span style=\"font-family: Arial, serif\">Tee oder Kaffee?<\/span><\/span><\/strong><\/p>\n<p class=\"western\"><span style=\"font-family: Arial, serif\">Kaffee. Als Wiener liebe ich die Kaffeehauskultur, deshalb habe ich bei dieser Frage gar keine Wahl\u2026 . <\/span><\/p>\n<p class=\"western\"><span style=\"color: #4472c4\">\u00a0<\/span><\/p>\n<p class=\"western\"><span style=\"color: #4472c4\"><span style=\"font-family: Arial, serif\"><strong><span style=\"color: #000000\">Ihr Spitzname ist&#8230;?<\/span><\/strong><\/span><\/span><\/p>\n<p class=\"western\"><span style=\"font-family: Arial, serif\">Mitsch. Der Spitzname kommt noch aus der Schulzeit und ist eine Abk\u00fcrzung von Mitterhofer. Meine Freunde nennen mich bis heute so.<\/span><\/p>\n<p class=\"western\"><span style=\"color: #4472c4\">\u00a0<\/span><\/p>\n<p class=\"western\"><span style=\"color: #000000\"><strong><span style=\"font-family: Arial, serif\">Verraten Sie eine Marotte?<\/span><\/strong><\/span><\/p>\n<p class=\"western\"><span style=\"font-family: Arial, serif\">Da ich gerne Zeit mit der Familie verbringe, jogge ich auch am Wochenende sehr fr\u00fch \u2013 meist so gegen sechs Uhr. Wegen der Dunkelheit bin ich dann mit Stirnlampe im Wald v\u00f6llig alleine unterwegs. Das hat f\u00fcr mich fast schon meditativen Charakter. <\/span><\/p>\n<p class=\"western\"><span style=\"color: #4472c4\">\u00a0\u00a0<\/span><\/p>\n<p class=\"western\"><span style=\"color: #000000\"><strong><span style=\"font-family: Arial, serif\">Was bringt Sie in Harnisch?<\/span><\/strong><\/span><\/p>\n<p class=\"western\"><span style=\"font-family: Arial, serif\">Ignoranz, Selbstgef\u00e4lligkeit und respektloses Verhalten. Ich finde, dass man nur gut miteinander klar kommt, wenn jeder die einfachen H\u00f6flichkeitsregeln einh\u00e4lt. Also alles, was unter gute Kinderstube f\u00e4llt.<\/span><\/p>\n<p class=\"western\"><span style=\"color: #4472c4\">\u00a0<\/span><\/p>\n<p class=\"western\"><span style=\"color: #000000\"><strong><span style=\"font-family: Arial, serif\">&#8230;und was bringt andere an Ihnen in Harnisch?<\/span><\/strong><\/span><\/p>\n<p class=\"western\"><span style=\"font-family: Arial, serif\">Meine Meetings vor acht Uhr morgens&#8230;ich bin ein Morgenmensch.<\/span><\/p>\n<p class=\"western\"><span style=\"color: #4472c4\">\u00a0<\/span><\/p>\n<p class=\"western\"><span style=\"color: #4472c4\"><span style=\"font-family: Arial, serif\"><span style=\"color: #000000\"><strong>Was m\u00f6chten Sie gerne im Ruhestand oder dann machen, wenn Sie wirtschaftlich unabh\u00e4ngig sind, nicht mehr in Ihrer Firma t\u00e4tig sind und ganz viel Zeit haben?<\/strong><\/span><\/span><\/span><\/p>\n<p class=\"western\"><span style=\"font-family: Arial, serif\">Ich w\u00fcrde mich zum Profi-Fotograf ausbilden lassen und durch die Welt reisen. Mich interessieren besonders ausdrucksstarke Gesichter, in denen sich das Leben widerspiegelt. Derzeit sind f\u00fcr mich viele afrikanische L\u00e4nder besonders spannend. Hier entwickelt sich gerade enorm viel und die Natur ist wundersch\u00f6n.<\/span><\/p>\n<p>&nbsp;<\/p>\n<p class=\"western\"><span style=\"color: #000000\"><strong><span style=\"font-family: Arial, serif\">Was sch\u00e4tzen Sie an anderen Menschen am meisten?<\/span><\/strong><\/span><\/p>\n<p class=\"western\"><span style=\"font-family: Arial, serif\">Authentizit\u00e4t und Respekt anderen gegen\u00fcber. Ich finde es gro\u00dfartig, wenn sich jemand f\u00fcr andere einsetzt. Oder gesellschaftliche Verantwortung \u00fcbernimmt. Aber ich habe das Gef\u00fchl, dass das heute rar geworden ist.<\/span><\/p>\n<p class=\"western\"><span style=\"color: #4472c4\">\u00a0<\/span><\/p>\n<p class=\"western\"><span style=\"color: #000000\"><strong><span style=\"font-family: Arial, serif\">Auf welche drei Dinge k\u00f6nnten Sie niemals verzichten?<\/span><\/strong><\/span><\/p>\n<p class=\"western\"><span style=\"font-family: Arial, serif\">Sushi, Sport und Herausforderungen. Sushi habe ich in Wien vor etwa 35 Jahre sch\u00e4tzen gelernt, als die ersten Sushi-Lokale er\u00f6ffneten. Die Besten habe ich in meiner Zeit in Boston gegessen. Hier soll es ja eines der besten Fischgebiete geben. <\/span><\/p>\n<p class=\"western\"><span style=\"font-family: Arial, serif\">Am h\u00e4ufigsten gehe ich joggen, weil es mir die M\u00f6glichkeit gibt, die Natur zu genie\u00dfen, mich fit zu halten und vor allem meine Gedanken schweifen lassen. Das ist f\u00fcr mich Entspannung und Kraftquelle zugleich. Herausforderungen sind eine wichtige Triebfeder f\u00fcr meine t\u00e4gliche Arbeit. <\/span><\/p>\n<p class=\"western\"><span style=\"color: #4472c4\">\u00a0<\/span><\/p>\n<p class=\"western\"><span style=\"color: #000000\"><strong><span style=\"font-family: Arial, serif\">Wenn Sie f\u00fcr einen Tag den Job von jemand anderem \u00fcbernehmen k\u00f6nnten &#8211; welcher w\u00e4re das?<\/span><\/strong><\/span><\/p>\n<p class=\"western\"><span style=\"font-family: Arial, serif\">Dann w\u00fcrde ich gern bei \u00c4rzte ohne Grenzen im Krisengebiet arbeiten. Mich beeindrucken der Mut und der Antrieb dieser Menschen.<\/span><\/p>\n<p>&nbsp;<\/p>\n<p>&nbsp;<\/p>\n<div id=\"attachment_667169\" style=\"width: 444px\" class=\"wp-caption aligncenter\"><img loading=\"lazy\" decoding=\"async\" aria-describedby=\"caption-attachment-667169\" class=\"size-full wp-image-667169\" src=\"https:\/\/blog.wiwo.de\/management\/files\/2018\/02\/nahaufnahme.Mitter.bild2_.maske_-e1532907706589.jpg\" alt=\"\" width=\"434\" height=\"650\" srcset=\"https:\/\/blog.wiwo.de\/management\/files\/2018\/02\/nahaufnahme.Mitter.bild2_.maske_-e1532907706589.jpg 434w, https:\/\/blog.wiwo.de\/management\/files\/2018\/02\/nahaufnahme.Mitter.bild2_.maske_-e1532907706589-200x300.jpg 200w\" sizes=\"auto, (max-width: 434px) 100vw, 434px\" \/><p id=\"caption-attachment-667169\" class=\"wp-caption-text\">(Foto: privat)<\/p><\/div>\n<p>Diese Maske in Peter Mitterhofers B\u00fcro hat er von einem einw\u00f6chigen Corporate-Responsibility-Projekt aus Ruanda als Erinnerungsst\u00fcck mitgebracht. Ihn faszinieren dort in Afrika die Sch\u00f6nheit und manche Landesbr\u00e4uche, besonders aber die Warmherzigkeit, die Gastfreundschaft der Menschen und der hohe Respekt f\u00fcreinander: &#8222;Es war eine gute Zeit, mit\u00a0vielen neuen Einsichten,&#8220; so Mitterhofer.<\/p>\n<p>&nbsp;<\/p>\n<p>&nbsp;<\/p>\n<div id=\"attachment_668407\" style=\"width: 310px\" class=\"wp-caption aligncenter\"><img loading=\"lazy\" decoding=\"async\" aria-describedby=\"caption-attachment-668407\" class=\"size-medium wp-image-668407\" src=\"https:\/\/blog.wiwo.de\/management\/files\/2018\/07\/Grafik_DieKo\u0308nigeDerBlogospha\u0308re_A4_DRAFT_02-1-300x212.jpg\" alt=\"\" width=\"300\" height=\"212\" srcset=\"https:\/\/blog.wiwo.de\/management\/files\/2018\/07\/Grafik_DieKo\u0308nigeDerBlogospha\u0308re_A4_DRAFT_02-1-300x212.jpg 300w, https:\/\/blog.wiwo.de\/management\/files\/2018\/07\/Grafik_DieKo\u0308nigeDerBlogospha\u0308re_A4_DRAFT_02-1-424x300.jpg 424w, https:\/\/blog.wiwo.de\/management\/files\/2018\/07\/Grafik_DieKo\u0308nigeDerBlogospha\u0308re_A4_DRAFT_02-1.jpg 650w\" sizes=\"auto, (max-width: 300px) 100vw, 300px\" \/><p id=\"caption-attachment-668407\" class=\"wp-caption-text\">Der neue Blogger-Relevanz-Index 2018<\/p><\/div>\n","protected":false},"excerpt":{"rendered":"<p>Den Fragebogen &#8222;Nahaufnahme&#8220; beantwortet Peter Mitterhofer, der Vorsitzende der Gesch\u00e4ftsf\u00fchrung der UCB Pharma in Deutschland, \u00d6sterreich und Schweiz. Das Unternehmen machte weltweit zuletzt gut 4,5 Milliarden Euro Umsatz in 2017. Sein Blog:\u00a0\u00a0https:\/\/petermitterhofer.de\/start.html\u00a0 &nbsp; Erkl\u00e4ren Sie in einem Satz, was Ihr &hellip; <a href=\"https:\/\/blog.wiwo.de\/management\/2018\/07\/31\/nahaufnahme-fragebogen-mit-ucb-pharma-chef-peter-mitterhofer-der-mit-stirnlampe-frueh-durch-den-wald-joggt\/\">Weiterlesen <span class=\"meta-nav\">&rarr;<\/span><\/a><\/p>\n","protected":false},"author":19,"featured_media":0,"comment_status":"open","ping_status":"open","sticky":false,"template":"","format":"standard","meta":{"footnotes":""},"categories":[1],"tags":[6860,7566,7567],"class_list":["post-667167","post","type-post","status-publish","format-standard","hentry","category-allgemein","tag-fragebogen-nahaufanhme","tag-peter-mitterhofer","tag-ucb-pharma"],"_links":{"self":[{"href":"https:\/\/blog.wiwo.de\/management\/wp-json\/wp\/v2\/posts\/667167","targetHints":{"allow":["GET"]}}],"collection":[{"href":"https:\/\/blog.wiwo.de\/management\/wp-json\/wp\/v2\/posts"}],"about":[{"href":"https:\/\/blog.wiwo.de\/management\/wp-json\/wp\/v2\/types\/post"}],"author":[{"embeddable":true,"href":"https:\/\/blog.wiwo.de\/management\/wp-json\/wp\/v2\/users\/19"}],"replies":[{"embeddable":true,"href":"https:\/\/blog.wiwo.de\/management\/wp-json\/wp\/v2\/comments?post=667167"}],"version-history":[{"count":8,"href":"https:\/\/blog.wiwo.de\/management\/wp-json\/wp\/v2\/posts\/667167\/revisions"}],"predecessor-version":[{"id":668411,"href":"https:\/\/blog.wiwo.de\/management\/wp-json\/wp\/v2\/posts\/667167\/revisions\/668411"}],"wp:attachment":[{"href":"https:\/\/blog.wiwo.de\/management\/wp-json\/wp\/v2\/media?parent=667167"}],"wp:term":[{"taxonomy":"category","embeddable":true,"href":"https:\/\/blog.wiwo.de\/management\/wp-json\/wp\/v2\/categories?post=667167"},{"taxonomy":"post_tag","embeddable":true,"href":"https:\/\/blog.wiwo.de\/management\/wp-json\/wp\/v2\/tags?post=667167"}],"curies":[{"name":"wp","href":"https:\/\/api.w.org\/{rel}","templated":true}]}}