{"id":666656,"date":"2017-12-08T01:39:56","date_gmt":"2017-12-08T00:39:56","guid":{"rendered":"https:\/\/blog.wiwo.de\/management\/?p=666656"},"modified":"2017-12-08T01:40:32","modified_gmt":"2017-12-08T00:40:32","slug":"thomas-hey-von-clifford-chance-geht-zu-bird-bird-wenn-die-ganze-kueche-kokst-war-der-titel-seines-interviews-management-blog-das-immer-noch-aktuell-ist","status":"publish","type":"post","link":"https:\/\/blog.wiwo.de\/management\/2017\/12\/08\/thomas-hey-von-clifford-chance-geht-zu-bird-bird-wenn-die-ganze-kueche-kokst-war-der-titel-seines-interviews-management-blog-das-immer-noch-aktuell-ist\/","title":{"rendered":"Thomas Hey von Clifford Chance geht zu Bird &amp; Bird &#8211; &#8222;Wenn die ganze K\u00fcche kokst&#8220; war der Titel seines Interviews im Management-Blog, das immer noch aktuell ist"},"content":{"rendered":"<p><strong>Personalie:<\/strong> Von &#8222;Juve&#8220; kam die News, dass Thomas Hey, Arbeitsrechtler und Partner bei Clifford Chance ab Januar nach 21 Jahren mit Teilen seines Teams zu Bird &amp; Bird wechselt.<\/p>\n<p><a href=\"https:\/\/www.juve.de\/nachrichten\/namenundnachrichten\/2017\/12\/arbeitsrecht-bird-bird-waechst-mit-clifford-partner\">https:\/\/www.juve.de\/nachrichten\/namenundnachrichten\/2017\/12\/arbeitsrecht-bird-bird-waechst-mit-clifford-partner<\/a><\/p>\n<p>Hier im Management-Blog war Hey mal mit einem Interview vertreten, das nichts an Aktualit\u00e4t eingeb\u00fc\u00dft hat und auf das es sich nochmal hinzuweisen lohnt:<\/p>\n<blockquote class=\"wp-embedded-content\" data-secret=\"4FuvANorXO\"><p><a href=\"https:\/\/blog.wiwo.de\/management\/2011\/06\/30\/wenn-die-ganze-kuche-kokst\/\">Wenn die ganze K\u00fcche kokst &#8211; Interview mit Arbeitsrechtler Thomas Hey<\/a><\/p><\/blockquote>\n<p><iframe loading=\"lazy\" class=\"wp-embedded-content\" sandbox=\"allow-scripts\" security=\"restricted\" style=\"position: absolute; clip: rect(1px, 1px, 1px, 1px);\" title=\"&#8222;Wenn die ganze K\u00fcche kokst &#8211; Interview mit Arbeitsrechtler Thomas Hey&#8220; &#8212; Management-Blog\" src=\"https:\/\/blog.wiwo.de\/management\/2011\/06\/30\/wenn-die-ganze-kuche-kokst\/embed\/#?secret=HOdJr5KMep#?secret=4FuvANorXO\" data-secret=\"4FuvANorXO\" width=\"584\" height=\"329\" frameborder=\"0\" marginwidth=\"0\" marginheight=\"0\" scrolling=\"no\"><\/iframe><\/p>\n","protected":false},"excerpt":{"rendered":"<p>Personalie: Von &#8222;Juve&#8220; kam die News, dass Thomas Hey, Arbeitsrechtler und Partner bei Clifford Chance ab Januar nach 21 Jahren mit Teilen seines Teams zu Bird &amp; Bird wechselt. https:\/\/www.juve.de\/nachrichten\/namenundnachrichten\/2017\/12\/arbeitsrecht-bird-bird-waechst-mit-clifford-partner Hier im Management-Blog war Hey mal mit einem Interview vertreten, &hellip; <a href=\"https:\/\/blog.wiwo.de\/management\/2017\/12\/08\/thomas-hey-von-clifford-chance-geht-zu-bird-bird-wenn-die-ganze-kueche-kokst-war-der-titel-seines-interviews-management-blog-das-immer-noch-aktuell-ist\/\">Weiterlesen <span class=\"meta-nav\">&rarr;<\/span><\/a><\/p>\n","protected":false},"author":19,"featured_media":0,"comment_status":"open","ping_status":"open","sticky":false,"template":"","format":"standard","meta":{"footnotes":""},"categories":[1],"tags":[88,1844,232,1043],"class_list":["post-666656","post","type-post","status-publish","format-standard","hentry","category-allgemein","tag-arbeitsrechtler","tag-bird-bird","tag-clifford-chance","tag-thomas-hey"],"_links":{"self":[{"href":"https:\/\/blog.wiwo.de\/management\/wp-json\/wp\/v2\/posts\/666656","targetHints":{"allow":["GET"]}}],"collection":[{"href":"https:\/\/blog.wiwo.de\/management\/wp-json\/wp\/v2\/posts"}],"about":[{"href":"https:\/\/blog.wiwo.de\/management\/wp-json\/wp\/v2\/types\/post"}],"author":[{"embeddable":true,"href":"https:\/\/blog.wiwo.de\/management\/wp-json\/wp\/v2\/users\/19"}],"replies":[{"embeddable":true,"href":"https:\/\/blog.wiwo.de\/management\/wp-json\/wp\/v2\/comments?post=666656"}],"version-history":[{"count":0,"href":"https:\/\/blog.wiwo.de\/management\/wp-json\/wp\/v2\/posts\/666656\/revisions"}],"wp:attachment":[{"href":"https:\/\/blog.wiwo.de\/management\/wp-json\/wp\/v2\/media?parent=666656"}],"wp:term":[{"taxonomy":"category","embeddable":true,"href":"https:\/\/blog.wiwo.de\/management\/wp-json\/wp\/v2\/categories?post=666656"},{"taxonomy":"post_tag","embeddable":true,"href":"https:\/\/blog.wiwo.de\/management\/wp-json\/wp\/v2\/tags?post=666656"}],"curies":[{"name":"wp","href":"https:\/\/api.w.org\/{rel}","templated":true}]}}