{"id":666507,"date":"2017-11-20T18:00:34","date_gmt":"2017-11-20T17:00:34","guid":{"rendered":"https:\/\/blog.wiwo.de\/management\/?p=666507"},"modified":"2017-11-21T00:02:42","modified_gmt":"2017-11-20T23:02:42","slug":"obermatt-rankingerfolgreichste-mittelstaendler-koenig-bauer-cewe-color-und-drillisch-an-der-spitze","status":"publish","type":"post","link":"https:\/\/blog.wiwo.de\/management\/2017\/11\/20\/obermatt-rankingerfolgreichste-mittelstaendler-koenig-bauer-cewe-color-und-drillisch-an-der-spitze\/","title":{"rendered":"Obermatt-Ranking Erfolgreichste Mittelst\u00e4ndler 2017: Koenig &amp; Bauer, CeWe Color und Drillisch an der Spitze"},"content":{"rendered":"<p><strong>Obermatt-Ranking 2017: Wer sind &#8211; nach ihren Finanzkennzahlen &#8211; die erolgreichsten Manager im deutschen Mittelstand?<\/strong><\/p>\n<p>Wie die Methode des Schweizer Analysten im Detail funktioniert, steht ganz unten. Die gemessene CEO-Leistung ist: Das Wachstum, die operative Effizienz und die Strategie.<\/p>\n<p>Sieger im Mittelstand sind in der Katergorie Gold die Unternehmen Koenig &amp; Bauer, CeWe Color und Drillisch.<\/p>\n<p>&nbsp;<\/p>\n<p>&nbsp;<\/p>\n<div><\/div>\n<p><strong>Erfolgreiche Mittelst\u00e4ndler: Die CEOs mit der besten Gesamtleistung bei Wachstum, operativer Leistung und Investment-Leistung<\/strong><\/p>\n<div class=\"table_pin\">\n<table>\n<thead>\n<tr>\n<th class=\"table_title_pin_pin\">PIN<\/th>\n<th class=\"table_title_pin\">CEO<\/th>\n<th class=\"table_title_pin_rank\">RANG<\/th>\n<\/tr>\n<\/thead>\n<tbody>\n<tr>\n<td><span class=\"font_weight_400\">Gold<\/span><br \/>\nPodium<\/td>\n<td><span class=\"font_weight_400\"><a class=\"links\" href=\"https:\/\/www.obermatt.com\/de\/ceo-des-jahres\/gewinner\/claus-bolza-sch%C3%BCnemann.html\" target=\"_blank\" rel=\"noopener noreferrer\">Claus Bolza-Sch\u00fcnemann<\/a><\/span>\u00a0(<a href=\"https:\/\/www.obermatt.com\/de\/aktien\/koenig-bauer-skb-ff\/aktien-analyse.html\" target=\"_blank\" rel=\"noopener noreferrer\">Koenig &amp; Bauer<\/a>)<\/td>\n<td class=\"bars ovix number_style\">\n<div class=\"bar_wrapper_ceo\">\n<div class=\"bar\">\n<div class=\"progress dark_green\">\n<div class=\"padded black\">80<\/div>\n<\/div>\n<\/div>\n<\/div>\n<\/td>\n<\/tr>\n<tr>\n<td><\/td>\n<td><span class=\"font_weight_400\"><a class=\"links\" href=\"https:\/\/www.obermatt.com\/de\/ceo-des-jahres\/gewinner\/dr-rolf-hollander.html\" target=\"_blank\" rel=\"noopener noreferrer\">Dr. Rolf Hollander<\/a><\/span>\u00a0(<a href=\"https:\/\/www.obermatt.com\/de\/aktien\/cewe-color-cwc-ff\/aktien-analyse.html\" target=\"_blank\" rel=\"noopener noreferrer\">CeWe Color<\/a>)<\/td>\n<td class=\"bars ovix number_style\">\n<div class=\"bar_wrapper_ceo\">\n<div class=\"bar\">\n<div class=\"progress dark_green\">\n<div class=\"padded black\">78<\/div>\n<\/div>\n<\/div>\n<\/div>\n<\/td>\n<\/tr>\n<tr>\n<td><\/td>\n<td><span class=\"font_weight_400\"><a class=\"links\" href=\"https:\/\/www.obermatt.com\/de\/ceo-des-jahres\/gewinner\/helmut-laube.html\" target=\"_blank\" rel=\"noopener noreferrer\">Dr. Helmut Laube<\/a><\/span>\u00a0(<a href=\"https:\/\/www.obermatt.com\/de\/aktien\/drillisch-db-dri\/aktien-analyse.html\" target=\"_blank\" rel=\"noopener noreferrer\">Drillisch<\/a>)<\/td>\n<td class=\"bars ovix number_style\">\n<div class=\"bar_wrapper_ceo\">\n<div class=\"bar\">\n<div class=\"progress dark_green\">\n<div class=\"padded black\">78<\/div>\n<\/div>\n<\/div>\n<\/div>\n<\/td>\n<\/tr>\n<tr>\n<td><\/td>\n<td><span class=\"font_weight_400\"><a class=\"links\" href=\"https:\/\/www.obermatt.com\/de\/ceo-des-jahres\/gewinner\/choulidis-vlasios.html\" target=\"_blank\" rel=\"noopener noreferrer\">Vlasios Choulidis<\/a><\/span>\u00a0(<a href=\"https:\/\/www.obermatt.com\/de\/aktien\/drillisch-db-dri\/aktien-analyse.html\" target=\"_blank\" rel=\"noopener noreferrer\">Drillisch<\/a>)<\/td>\n<td class=\"bars ovix number_style\">\n<div class=\"bar_wrapper_ceo\">\n<div class=\"bar\">\n<div class=\"progress dark_green\">\n<div class=\"padded black\">78<\/div>\n<\/div>\n<\/div>\n<\/div>\n<\/td>\n<\/tr>\n<\/tbody>\n<tbody>\n<tr>\n<td><span class=\"font_weight_400\">Silber<\/span><br \/>\nTop 10<\/td>\n<td><span class=\"font_weight_400\"><a class=\"links\" href=\"https:\/\/www.obermatt.com\/de\/ceo-des-jahres\/gewinner\/dr-heiko-fischer.html\" target=\"_blank\" rel=\"noopener noreferrer\">Dr. Heiko Fischer<\/a><\/span>\u00a0(<a href=\"https:\/\/www.obermatt.com\/de\/aktien\/vtg-vt9\/aktien-analyse.html\" target=\"_blank\" rel=\"noopener noreferrer\">VTG<\/a>)<\/td>\n<td class=\"bars ovix number_style\">\n<div class=\"bar_wrapper_ceo\">\n<div class=\"bar\">\n<div class=\"progress dark_green\">\n<div class=\"padded black\">77<\/div>\n<\/div>\n<\/div>\n<\/div>\n<\/td>\n<\/tr>\n<tr>\n<td><\/td>\n<td><span class=\"font_weight_400\"><a class=\"links\" href=\"https:\/\/www.obermatt.com\/de\/ceo-des-jahres\/gewinner\/hans-joachim-watzke.html\" target=\"_blank\" rel=\"noopener noreferrer\">Hans-Joachim Watzke<\/a><\/span>\u00a0(<a href=\"https:\/\/www.obermatt.com\/de\/aktien\/borussia-dortmund-xtra-bvb\/aktien-analyse.html\" target=\"_blank\" rel=\"noopener noreferrer\">Borussia Dortmund<\/a>)<\/td>\n<td class=\"bars ovix number_style\">\n<div class=\"bar_wrapper_ceo\">\n<div class=\"bar\">\n<div class=\"progress dark_green\">\n<div class=\"padded black\">77<\/div>\n<\/div>\n<\/div>\n<\/div>\n<\/td>\n<\/tr>\n<tr>\n<td><\/td>\n<td><span class=\"font_weight_400\"><a class=\"links\" href=\"https:\/\/www.obermatt.com\/de\/ceo-des-jahres\/gewinner\/felix-ahlers.html\" target=\"_blank\" rel=\"noopener noreferrer\">Felix Ahlers<\/a><\/span>\u00a0(<a href=\"https:\/\/www.obermatt.com\/de\/aktien\/frosta-nlm\/aktien-analyse.html\" target=\"_blank\" rel=\"noopener noreferrer\">FRoSTA<\/a>)<\/td>\n<td class=\"bars ovix number_style\">\n<div class=\"bar_wrapper_ceo\">\n<div class=\"bar\">\n<div class=\"progress light_green\">\n<div class=\"padded black\">72<\/div>\n<\/div>\n<\/div>\n<\/div>\n<\/td>\n<\/tr>\n<tr>\n<td><\/td>\n<td><span class=\"font_weight_400\"><a class=\"links\" href=\"https:\/\/www.obermatt.com\/de\/ceo-des-jahres\/gewinner\/joachim-kreuzberg.html\" target=\"_blank\" rel=\"noopener noreferrer\">Joachim Kreuzburg<\/a><\/span>\u00a0(<a href=\"https:\/\/www.obermatt.com\/de\/aktien\/sartorius-srt\/aktien-analyse.html\" target=\"_blank\" rel=\"noopener noreferrer\">Sartorius<\/a>)<\/td>\n<td class=\"bars ovix number_style\">\n<div class=\"bar_wrapper_ceo\">\n<div class=\"bar\">\n<div class=\"progress light_green\">\n<div class=\"padded black\">69<\/div>\n<\/div>\n<\/div>\n<\/div>\n<\/td>\n<\/tr>\n<tr>\n<td><\/td>\n<td><span class=\"font_weight_400\"><a class=\"links\" href=\"https:\/\/www.obermatt.com\/de\/ceo-des-jahres\/gewinner\/dr-hans-gert-mayrose.html\" target=\"_blank\" rel=\"noopener noreferrer\">Dr. Hans-Gert Mayrose<\/a><\/span>\u00a0(<a href=\"https:\/\/www.obermatt.com\/de\/aktien\/gesco-gsc1-ff\/aktien-analyse.html\" target=\"_blank\" rel=\"noopener noreferrer\">Gesco<\/a>)<\/td>\n<td class=\"bars ovix number_style\">\n<div class=\"bar_wrapper_ceo\">\n<div class=\"bar\">\n<div class=\"progress light_green\">\n<div class=\"padded black\">66<\/div>\n<\/div>\n<\/div>\n<\/div>\n<\/td>\n<\/tr>\n<tr>\n<td><\/td>\n<td><span class=\"font_weight_400\"><a class=\"links\" href=\"https:\/\/www.obermatt.com\/de\/ceo-des-jahres\/gewinner\/bernhard-eric.html\" target=\"_blank\" rel=\"noopener noreferrer\">Dr. Eric Bernhard<\/a><\/span>\u00a0(<a href=\"https:\/\/www.obermatt.com\/de\/aktien\/gesco-gsc1-ff\/aktien-analyse.html\" target=\"_blank\" rel=\"noopener noreferrer\">Gesco<\/a>)<\/td>\n<td class=\"bars ovix number_style\">\n<div class=\"bar_wrapper_ceo\">\n<div class=\"bar\">\n<div class=\"progress light_green\">\n<div class=\"padded black\">66<\/div>\n<\/div>\n<\/div>\n<\/div>\n<\/td>\n<\/tr>\n<\/tbody>\n<tfoot>\n<tr>\n<td><span class=\"font_weight_400\">Bronze<\/span><br \/>\nOutperformer<\/td>\n<td><span class=\"font_weight_400\"><a class=\"links\" href=\"https:\/\/www.obermatt.com\/de\/ceo-des-jahres\/gewinner\/claus-sauter.html\" target=\"_blank\" rel=\"noopener noreferrer\">Claus Sauter<\/a><\/span>\u00a0(<a href=\"https:\/\/www.obermatt.com\/de\/aktien\/verbio-vbk\/aktien-analyse.html\" target=\"_blank\" rel=\"noopener noreferrer\">VERBIO<\/a>)<\/td>\n<td class=\"bars ovix number_style\">\n<div class=\"bar_wrapper_ceo\">\n<div class=\"bar\">\n<div class=\"progress light_green\">\n<div class=\"padded black\">63<\/div>\n<\/div>\n<\/div>\n<\/div>\n<\/td>\n<\/tr>\n<tr>\n<td><\/td>\n<td><span class=\"font_weight_400\"><a class=\"links\" href=\"https:\/\/www.obermatt.com\/de\/ceo-des-jahres\/gewinner\/cornelius-patt.html\" target=\"_blank\" rel=\"noopener noreferrer\">Cornelius Patt<\/a><\/span>\u00a0(<a href=\"https:\/\/www.obermatt.com\/de\/aktien\/zooplus-zo1-ff\/aktien-analyse.html\" target=\"_blank\" rel=\"noopener noreferrer\">Zooplus<\/a>)<\/td>\n<td class=\"bars ovix number_style\">\n<div class=\"bar_wrapper_ceo\">\n<div class=\"bar\">\n<div class=\"progress light_green\">\n<div class=\"padded black\">63<\/div>\n<\/div>\n<\/div>\n<\/div>\n<\/td>\n<\/tr>\n<tr>\n<td><\/td>\n<td><span class=\"font_weight_400\"><a class=\"links\" href=\"https:\/\/www.obermatt.com\/de\/ceo-des-jahres\/gewinner\/gregory-ellis.html\" target=\"_blank\" rel=\"noopener noreferrer\">Gregory Ellis<\/a><\/span>\u00a0(<a href=\"https:\/\/www.obermatt.com\/de\/aktien\/scout24-db-g24\/aktien-analyse.html\" target=\"_blank\" rel=\"noopener noreferrer\">Scout24<\/a>)<\/td>\n<td class=\"bars ovix number_style\">\n<div class=\"bar_wrapper_ceo\">\n<div class=\"bar\">\n<div class=\"progress light_green\">\n<div class=\"padded black\">62<\/div>\n<\/div>\n<\/div>\n<\/div>\n<\/td>\n<\/tr>\n<tr>\n<td><\/td>\n<td><span class=\"font_weight_400\"><a class=\"links\" href=\"https:\/\/www.obermatt.com\/de\/ceo-des-jahres\/gewinner\/frank-gotthardt.html\" target=\"_blank\" rel=\"noopener noreferrer\">Frank Gotthardt<\/a><\/span>\u00a0(<a href=\"https:\/\/www.obermatt.com\/de\/aktien\/compugroup-cop\/aktien-analyse.html\" target=\"_blank\" rel=\"noopener noreferrer\">CompuGROUP<\/a>)<\/td>\n<td class=\"bars ovix number_style\">\n<div class=\"bar_wrapper_ceo\">\n<div class=\"bar\">\n<div class=\"progress light_green\">\n<div class=\"padded black\">61<\/div>\n<\/div>\n<\/div>\n<\/div>\n<\/td>\n<\/tr>\n<tr>\n<td><\/td>\n<td><span class=\"font_weight_400\"><a class=\"links\" href=\"https:\/\/www.obermatt.com\/de\/ceo-des-jahres\/gewinner\/dr-uwe-schroeder-wildberg.html\" target=\"_blank\" rel=\"noopener noreferrer\">Dr. Uwe Schroeder-Wildberg<\/a><\/span>\u00a0(<a href=\"https:\/\/www.obermatt.com\/de\/aktien\/mlp-mlp-ff\/aktien-analyse.html\" target=\"_blank\" rel=\"noopener noreferrer\">MLP<\/a>)<\/td>\n<td class=\"bars ovix number_style\">\n<div class=\"bar_wrapper_ceo\">\n<div class=\"bar\">\n<div class=\"progress light_green\">\n<div class=\"padded black\">61<\/div>\n<\/div>\n<\/div>\n<\/div>\n<\/td>\n<\/tr>\n<tr>\n<td><\/td>\n<td><span class=\"font_weight_400\"><a class=\"links\" href=\"https:\/\/www.obermatt.com\/de\/ceo-des-jahres\/gewinner\/klaus-weinmann.html\" target=\"_blank\" rel=\"noopener noreferrer\">Klaus Weinmann<\/a><\/span>\u00a0(<a href=\"https:\/\/www.obermatt.com\/de\/aktien\/cancom-cok-ff\/aktien-analyse.html\" target=\"_blank\" rel=\"noopener noreferrer\">Cancom<\/a>)<\/td>\n<td class=\"bars ovix number_style\">\n<div class=\"bar_wrapper_ceo\">\n<div class=\"bar\">\n<div class=\"progress light_green\">\n<div class=\"padded black\">58<\/div>\n<\/div>\n<\/div>\n<\/div>\n<\/td>\n<\/tr>\n<tr>\n<td><\/td>\n<td><span class=\"font_weight_400\"><a class=\"links\" href=\"https:\/\/www.obermatt.com\/de\/ceo-des-jahres\/gewinner\/dr-peter-stadelmann.html\" target=\"_blank\" rel=\"noopener noreferrer\">Dr. Peter Stadelmann<\/a><\/span>\u00a0(<a href=\"https:\/\/www.obermatt.com\/de\/aktien\/rational-raa-ff\/aktien-analyse.html\" target=\"_blank\" rel=\"noopener noreferrer\">Rational<\/a>)<\/td>\n<td class=\"bars ovix number_style\">\n<div class=\"bar_wrapper_ceo\">\n<div class=\"bar\">\n<div class=\"progress light_green\">\n<div class=\"padded black\">57<\/div>\n<\/div>\n<\/div>\n<\/div>\n<\/td>\n<\/tr>\n<tr>\n<td><\/td>\n<td><span class=\"font_weight_400\"><a class=\"links\" href=\"https:\/\/www.obermatt.com\/de\/ceo-des-jahres\/gewinner\/bernhard-rm-ehmer.html\" target=\"_blank\" rel=\"noopener noreferrer\">Dr. Bernhard R. M. Ehmer<\/a><\/span>\u00a0(<a href=\"https:\/\/www.obermatt.com\/de\/aktien\/biotest-bio-ff\/aktien-analyse.html\" target=\"_blank\" rel=\"noopener noreferrer\">Biotest<\/a>)<\/td>\n<td class=\"bars ovix number_style\">\n<div class=\"bar_wrapper_ceo\">\n<div class=\"bar\">\n<div class=\"progress light_green\">\n<div class=\"padded black\">57<\/div>\n<\/div>\n<\/div>\n<\/div>\n<\/td>\n<\/tr>\n<tr>\n<td><\/td>\n<td><span class=\"font_weight_400\"><a class=\"links\" href=\"https:\/\/www.obermatt.com\/de\/ceo-des-jahres\/gewinner\/carl-d%C3%BCrschmidt.html\" target=\"_blank\" rel=\"noopener noreferrer\">Carl D\u00fcrschmidt<\/a><\/span>\u00a0(<a href=\"https:\/\/www.obermatt.com\/de\/aktien\/allgeier-xtra-aei\/aktien-analyse.html\" target=\"_blank\" rel=\"noopener noreferrer\">Allgeier<\/a>)<\/td>\n<td class=\"bars ovix number_style\">\n<div class=\"bar_wrapper_ceo\">\n<div class=\"bar\">\n<div class=\"progress light_green\">\n<div class=\"padded black\">56<\/div>\n<\/div>\n<\/div>\n<\/div>\n<\/td>\n<\/tr>\n<tr>\n<td><\/td>\n<td><span class=\"font_weight_400\"><a class=\"links\" href=\"https:\/\/www.obermatt.com\/de\/ceo-des-jahres\/gewinner\/dr-michael-mertin.html\" target=\"_blank\" rel=\"noopener noreferrer\">Dr. Michael Mertin<\/a><\/span>\u00a0(<a href=\"https:\/\/www.obermatt.com\/de\/aktien\/jenoptik-jen\/aktien-analyse.html\" target=\"_blank\" rel=\"noopener noreferrer\">Jenoptik<\/a>)<\/td>\n<td class=\"bars ovix number_style\">\n<div class=\"bar_wrapper_ceo\">\n<div class=\"bar\">\n<div class=\"progress light_green\">\n<div class=\"padded black\">55<\/div>\n<\/div>\n<\/div>\n<\/div>\n<\/td>\n<\/tr>\n<tr>\n<td><\/td>\n<td><span class=\"font_weight_400\"><a class=\"links\" href=\"https:\/\/www.obermatt.com\/de\/ceo-des-jahres\/gewinner\/udo-m%C3%BCller.html\" target=\"_blank\" rel=\"noopener noreferrer\">Udo M\u00fcller<\/a><\/span>\u00a0(<a href=\"https:\/\/www.obermatt.com\/de\/aktien\/stroeer-sax-ff\/aktien-analyse.html\" target=\"_blank\" rel=\"noopener noreferrer\">Stroeer<\/a>)<\/td>\n<td class=\"bars ovix number_style\">\n<div class=\"bar_wrapper_ceo\">\n<div class=\"bar\">\n<div class=\"progress light_green\">\n<div class=\"padded black\">55<\/div>\n<\/div>\n<\/div>\n<\/div>\n<\/td>\n<\/tr>\n<tr>\n<td><\/td>\n<td><span class=\"font_weight_400\"><a class=\"links\" href=\"https:\/\/www.obermatt.com\/de\/ceo-des-jahres\/gewinner\/hagen-duenbostel.html\" target=\"_blank\" rel=\"noopener noreferrer\">Hagen Duenbostel<\/a><\/span>\u00a0(<a href=\"https:\/\/www.obermatt.com\/de\/aktien\/kws-saat-kws-ff\/aktien-analyse.html\" target=\"_blank\" rel=\"noopener noreferrer\">KWS Saat<\/a>)<\/td>\n<td class=\"bars ovix number_style\">\n<div class=\"bar_wrapper_ceo\">\n<div class=\"bar\">\n<div class=\"progress light_green\">\n<div class=\"padded black\">55<\/div>\n<\/div>\n<\/div>\n<\/div>\n<\/td>\n<\/tr>\n<tr>\n<td><\/td>\n<td><span class=\"font_weight_400\"><a class=\"links\" href=\"https:\/\/www.obermatt.com\/de\/ceo-des-jahres\/gewinner\/hermann-merkens.html\" target=\"_blank\" rel=\"noopener noreferrer\">Hermann Josef Merkens<\/a><\/span>\u00a0(<a href=\"https:\/\/www.obermatt.com\/de\/aktien\/aareal-bank-arl-ff\/aktien-analyse.html\" target=\"_blank\" rel=\"noopener noreferrer\">Aareal Bank<\/a>)<\/td>\n<td class=\"bars ovix number_style\">\n<div class=\"bar_wrapper_ceo\">\n<div class=\"bar\">\n<div class=\"progress light_green\">\n<div class=\"padded black\">53<\/div>\n<\/div>\n<\/div>\n<\/div>\n<\/td>\n<\/tr>\n<tr>\n<td><\/td>\n<td><span class=\"font_weight_400\"><a class=\"links\" href=\"https:\/\/www.obermatt.com\/de\/ceo-des-jahres\/gewinner\/manfred-bender.html\" target=\"_blank\" rel=\"noopener noreferrer\">Manfred Bender<\/a><\/span>\u00a0(<a href=\"https:\/\/www.obermatt.com\/de\/aktien\/pfeiffer-vacuum-pfv\/aktien-analyse.html\" target=\"_blank\" rel=\"noopener noreferrer\">Pfeiffer Vacuum<\/a>)<\/td>\n<td class=\"bars ovix number_style\">\n<div class=\"bar_wrapper_ceo\">\n<div class=\"bar\">\n<div class=\"progress light_green\">\n<div class=\"padded black\">52<\/div>\n<\/div>\n<\/div>\n<\/div>\n<\/td>\n<\/tr>\n<tr>\n<td><\/td>\n<td><span class=\"font_weight_400\"><a class=\"links\" href=\"https:\/\/www.obermatt.com\/de\/ceo-des-jahres\/gewinner\/dr-markus-braun.html\" target=\"_blank\" rel=\"noopener noreferrer\">Dr. Markus Braun<\/a><\/span>\u00a0(<a href=\"https:\/\/www.obermatt.com\/de\/aktien\/wirecard-wdi\/aktien-analyse.html\" target=\"_blank\" rel=\"noopener noreferrer\">Wirecard<\/a>)<\/td>\n<td class=\"bars ovix number_style\">\n<div class=\"bar_wrapper_ceo\">\n<div class=\"bar\">\n<div class=\"progress light_green\">\n<div class=\"padded black\">52<\/div>\n<\/div>\n<\/div>\n<\/div>\n<\/td>\n<\/tr>\n<tr>\n<td><\/td>\n<td><span class=\"font_weight_400\"><a class=\"links\" href=\"https:\/\/www.obermatt.com\/de\/ceo-des-jahres\/gewinner\/prof-dr-thomas-bauer.html\" target=\"_blank\" rel=\"noopener noreferrer\">Prof. Thomas Bauer<\/a><\/span>\u00a0(<a href=\"https:\/\/www.obermatt.com\/de\/aktien\/bauer-b5a-ff\/aktien-analyse.html\" target=\"_blank\" rel=\"noopener noreferrer\">Bauer<\/a>)<\/td>\n<td class=\"bars ovix number_style\">\n<div class=\"bar_wrapper_ceo\">\n<div class=\"bar\">\n<div class=\"progress light_green\">\n<div class=\"padded black\">51<\/div>\n<\/div>\n<\/div>\n<\/div>\n<\/td>\n<\/tr>\n<tr>\n<td><\/td>\n<td><span class=\"font_weight_400\"><a class=\"links\" href=\"https:\/\/www.obermatt.com\/de\/ceo-des-jahres\/gewinner\/michael-zahn.html\" target=\"_blank\" rel=\"noopener noreferrer\">Michael Zahn<\/a><\/span>\u00a0(<a href=\"https:\/\/www.obermatt.com\/de\/aktien\/deutsche-wohnen-dwni-ff\/aktien-analyse.html\" target=\"_blank\" rel=\"noopener noreferrer\">Deutsche Wohnen<\/a>)<\/td>\n<td class=\"bars ovix number_style\">\n<div class=\"bar_wrapper_ceo\">\n<div class=\"bar\">\n<div class=\"progress light_green\">\n<div class=\"padded black\">51<\/div>\n<\/div>\n<\/div>\n<\/div>\n<\/td>\n<\/tr>\n<tr>\n<td><\/td>\n<td><span class=\"font_weight_400\"><a class=\"links\" href=\"https:\/\/www.obermatt.com\/de\/ceo-des-jahres\/gewinner\/werner-deggim.html\" target=\"_blank\" rel=\"noopener noreferrer\">Werner Deggim<\/a><\/span>\u00a0(<a href=\"https:\/\/www.obermatt.com\/de\/aktien\/norma-noej-ff\/aktien-analyse.html\" target=\"_blank\" rel=\"noopener noreferrer\">Norma<\/a>)<\/td>\n<td class=\"bars ovix number_style\">\n<div class=\"bar_wrapper_ceo\">\n<div class=\"bar\">\n<div class=\"progress light_green\">\n<div class=\"padded black\">51<\/div>\n<\/div>\n<\/div>\n<\/div>\n<\/td>\n<\/tr>\n<tr>\n<td><\/td>\n<td><span class=\"font_weight_400\"><a class=\"links\" href=\"https:\/\/www.obermatt.com\/de\/ceo-des-jahres\/gewinner\/detlef-borghardt.html\" target=\"_blank\" rel=\"noopener noreferrer\">Detlef Borghardt<\/a><\/span>\u00a0(<a href=\"https:\/\/www.obermatt.com\/de\/aktien\/saf-holland-sfq-ff\/aktien-analyse.html\" target=\"_blank\" rel=\"noopener noreferrer\">SAF-Holland<\/a>)<\/td>\n<td class=\"bars ovix number_style\">\n<div class=\"bar_wrapper_ceo\">\n<div class=\"bar\">\n<div class=\"progress light_green\">\n<div class=\"padded black\">51<\/div>\n<\/div>\n<\/div>\n<\/div>\n<\/td>\n<\/tr>\n<tr>\n<td><\/td>\n<td><span class=\"font_weight_400\"><a class=\"links\" href=\"https:\/\/www.obermatt.com\/de\/ceo-des-jahres\/gewinner\/thomas-hegel.html\" target=\"_blank\" rel=\"noopener noreferrer\">Thomas Hegel<\/a><\/span>\u00a0(<a href=\"https:\/\/www.obermatt.com\/de\/aktien\/leg-immobilien-leg-ff\/aktien-analyse.html\" target=\"_blank\" rel=\"noopener noreferrer\">LEG Immobilien<\/a>)<\/td>\n<td class=\"bars ovix number_style\">\n<div class=\"bar_wrapper_ceo\">\n<div class=\"bar\">\n<div class=\"progress light_green\">\n<div class=\"padded black\">50<\/div>\n<\/div>\n<\/div>\n<\/div>\n<\/td>\n<\/tr>\n<tr>\n<td><\/td>\n<td><span class=\"font_weight_400\"><a class=\"links\" href=\"https:\/\/www.obermatt.com\/de\/ceo-des-jahres\/gewinner\/volker-feldkamp.html\" target=\"_blank\" rel=\"noopener noreferrer\">Volker Feldkamp<\/a><\/span>\u00a0(<a href=\"https:\/\/www.obermatt.com\/de\/aktien\/mediclin-med\/aktien-analyse.html\" target=\"_blank\" rel=\"noopener noreferrer\">Mediclin<\/a>)<\/td>\n<td class=\"bars ovix number_style\">\n<div class=\"bar_wrapper_ceo\">\n<div class=\"bar\">\n<div class=\"progress light_green\">\n<div class=\"padded black\">50<\/div>\n<\/div>\n<\/div>\n<\/div>\n<\/td>\n<\/tr>\n<tr>\n<td><\/td>\n<td><span class=\"font_weight_400\"><a class=\"links\" href=\"https:\/\/www.obermatt.com\/de\/ceo-des-jahres\/gewinner\/volker-simon.html\" target=\"_blank\" rel=\"noopener noreferrer\">Volker Simon<\/a><\/span>\u00a0(<a href=\"https:\/\/www.obermatt.com\/de\/aktien\/pwo-db-pwo\/aktien-analyse.html\" target=\"_blank\" rel=\"noopener noreferrer\">PWO<\/a>)<\/td>\n<td class=\"bars ovix number_style\">\n<div class=\"bar_wrapper_ceo\">\n<div class=\"bar\">\n<div class=\"progress light_green\">\n<div class=\"padded black\">50<\/div>\n<\/div>\n<\/div>\n<\/div>\n<\/td>\n<\/tr>\n<tr>\n<td><\/td>\n<td><span class=\"font_weight_400\"><a class=\"links\" href=\"https:\/\/www.obermatt.com\/de\/ceo-des-jahres\/gewinner\/hippler-volker.html\" target=\"_blank\" rel=\"noopener noreferrer\">Volker Hippler<\/a><\/span>\u00a0(<a href=\"https:\/\/www.obermatt.com\/de\/aktien\/mediclin-med\/aktien-analyse.html\" target=\"_blank\" rel=\"noopener noreferrer\">Mediclin<\/a>)<\/td>\n<td class=\"bars ovix number_style\">\n<div class=\"bar_wrapper_ceo\">\n<div class=\"bar\">\n<div class=\"progress light_green\">\n<div class=\"padded black\">50<\/div>\n<\/div>\n<\/div>\n<\/div>\n<\/td>\n<\/tr>\n<tr>\n<td><\/td>\n<td><span class=\"font_weight_400\"><a class=\"links\" href=\"https:\/\/www.obermatt.com\/de\/ceo-des-jahres\/gewinner\/christoph-von%20plotho.html\" target=\"_blank\" rel=\"noopener noreferrer\">Dr. Christoph von Plotho<\/a><\/span>\u00a0(<a href=\"https:\/\/www.obermatt.com\/de\/aktien\/siltronic-db-waf\/aktien-analyse.html\" target=\"_blank\" rel=\"noopener noreferrer\">Siltronic<\/a>)<\/td>\n<td class=\"bars ovix number_style\">\n<div class=\"bar_wrapper_ceo\">\n<div class=\"bar\">\n<div class=\"progress light_green\">\n<div class=\"padded black\">50<\/div>\n<\/div>\n<\/div>\n<\/div>\n<\/td>\n<\/tr>\n<\/tfoot>\n<\/table>\n<p><a class=\"links no_margin text_size_14\" href=\"https:\/\/www.obermatt.com\/de\/ceo-des-jahres\/deutschland\/mittlere-unternehmen-vollst%C3%A4ndige-rangliste-2017.html#top\">zum Seitenanfang<\/a><\/p>\n<\/div>\n<p>In der\u00a0<a class=\"links\" href=\"https:\/\/www.obermatt.com\/de\/ceo-des-jahres\/deutschland\/mittlere-unternehmen-mehrjahres-rangliste.html\">CEO Mehrjahresliste<\/a>\u00a0sind die Leistungen seit Beginn der Rangliste aufgef\u00fchrt.<\/p>\n<h3 id=\"growth\" class=\"blue_text\">Wachstums-Leistung\u00a0<a class=\"links\" href=\"https:\/\/www.obermatt.com\/de\/ceo-des-jahres\/methode.html#growth\"><img decoding=\"async\" src=\"https:\/\/www.obermatt.com\/00\/img\/info.png\" alt=\"\" width=\"12\" height=\"16ds\" \/><\/a><\/h3>\n<p>Diese CEOs haben das h\u00f6chste Wachstum im Vergleich zu ihren Peers erzielt.<\/p>\n<div class=\"table_pin\">\n<table>\n<thead>\n<tr>\n<th class=\"table_title_pin_pin\">PIN<\/th>\n<th class=\"table_title_pin\">CEO<\/th>\n<th class=\"table_title_pin_rank\">RANG<\/th>\n<\/tr>\n<\/thead>\n<tbody>\n<tr>\n<td><span class=\"font_weight_400\">Gold<\/span><br \/>\nPodium<\/td>\n<td><span class=\"font_weight_400\"><a class=\"links\" href=\"https:\/\/www.obermatt.com\/de\/ceo-des-jahres\/gewinner\/helmut-laube.html\" target=\"_blank\" rel=\"noopener noreferrer\">Dr. Helmut Laube<\/a><\/span>\u00a0(<a href=\"https:\/\/www.obermatt.com\/de\/aktien\/drillisch-db-dri\/aktien-analyse.html\" target=\"_blank\" rel=\"noopener noreferrer\">Drillisch<\/a>)<\/td>\n<td class=\"bars ovix number_style\">\n<div class=\"bar_wrapper_ceo\">\n<div class=\"bar\">\n<div class=\"progress dark_green\">\n<div class=\"padded black\">98<\/div>\n<\/div>\n<\/div>\n<\/div>\n<\/td>\n<\/tr>\n<tr>\n<td><\/td>\n<td><span class=\"font_weight_400\"><a class=\"links\" href=\"https:\/\/www.obermatt.com\/de\/ceo-des-jahres\/gewinner\/choulidis-vlasios.html\" target=\"_blank\" rel=\"noopener noreferrer\">Vlasios Choulidis<\/a><\/span>\u00a0(<a href=\"https:\/\/www.obermatt.com\/de\/aktien\/drillisch-db-dri\/aktien-analyse.html\" target=\"_blank\" rel=\"noopener noreferrer\">Drillisch<\/a>)<\/td>\n<td class=\"bars ovix number_style\">\n<div class=\"bar_wrapper_ceo\">\n<div class=\"bar\">\n<div class=\"progress dark_green\">\n<div class=\"padded black\">98<\/div>\n<\/div>\n<\/div>\n<\/div>\n<\/td>\n<\/tr>\n<tr>\n<td><\/td>\n<td><span class=\"font_weight_400\"><a class=\"links\" href=\"https:\/\/www.obermatt.com\/de\/ceo-des-jahres\/gewinner\/claus-bolza-sch%C3%BCnemann.html\" target=\"_blank\" rel=\"noopener noreferrer\">Claus Bolza-Sch\u00fcnemann<\/a><\/span>\u00a0(<a href=\"https:\/\/www.obermatt.com\/de\/aktien\/koenig-bauer-skb-ff\/aktien-analyse.html\" target=\"_blank\" rel=\"noopener noreferrer\">Koenig &amp; Bauer<\/a>)<\/td>\n<td class=\"bars ovix number_style\">\n<div class=\"bar_wrapper_ceo\">\n<div class=\"bar\">\n<div class=\"progress dark_green\">\n<div class=\"padded black\">91<\/div>\n<\/div>\n<\/div>\n<\/div>\n<\/td>\n<\/tr>\n<\/tbody>\n<tbody>\n<tr>\n<td><span class=\"font_weight_400\">Silber<\/span><br \/>\nTop 10<\/td>\n<td><span class=\"font_weight_400\"><a class=\"links\" href=\"https:\/\/www.obermatt.com\/de\/ceo-des-jahres\/gewinner\/cornelius-patt.html\" target=\"_blank\" rel=\"noopener noreferrer\">Cornelius Patt<\/a><\/span>\u00a0(<a href=\"https:\/\/www.obermatt.com\/de\/aktien\/zooplus-zo1-ff\/aktien-analyse.html\" target=\"_blank\" rel=\"noopener noreferrer\">Zooplus<\/a>)<\/td>\n<td class=\"bars ovix number_style\">\n<div class=\"bar_wrapper_ceo\">\n<div class=\"bar\">\n<div class=\"progress dark_green\">\n<div class=\"padded black\">90<\/div>\n<\/div>\n<\/div>\n<\/div>\n<\/td>\n<\/tr>\n<tr>\n<td><\/td>\n<td><span class=\"font_weight_400\"><a class=\"links\" href=\"https:\/\/www.obermatt.com\/de\/ceo-des-jahres\/gewinner\/dr-heiko-fischer.html\" target=\"_blank\" rel=\"noopener noreferrer\">Dr. Heiko Fischer<\/a><\/span>\u00a0(<a href=\"https:\/\/www.obermatt.com\/de\/aktien\/vtg-vt9\/aktien-analyse.html\" target=\"_blank\" rel=\"noopener noreferrer\">VTG<\/a>)<\/td>\n<td class=\"bars ovix number_style\">\n<div class=\"bar_wrapper_ceo\">\n<div class=\"bar\">\n<div class=\"progress dark_green\">\n<div class=\"padded black\">88<\/div>\n<\/div>\n<\/div>\n<\/div>\n<\/td>\n<\/tr>\n<tr>\n<td><\/td>\n<td><span class=\"font_weight_400\"><a class=\"links\" href=\"https:\/\/www.obermatt.com\/de\/ceo-des-jahres\/gewinner\/hans-joachim-watzke.html\" target=\"_blank\" rel=\"noopener noreferrer\">Hans-Joachim Watzke<\/a><\/span>\u00a0(<a href=\"https:\/\/www.obermatt.com\/de\/aktien\/borussia-dortmund-xtra-bvb\/aktien-analyse.html\" target=\"_blank\" rel=\"noopener noreferrer\">Borussia Dortmund<\/a>)<\/td>\n<td class=\"bars ovix number_style\">\n<div class=\"bar_wrapper_ceo\">\n<div class=\"bar\">\n<div class=\"progress dark_green\">\n<div class=\"padded black\">88<\/div>\n<\/div>\n<\/div>\n<\/div>\n<\/td>\n<\/tr>\n<tr>\n<td><\/td>\n<td><span class=\"font_weight_400\"><a class=\"links\" href=\"https:\/\/www.obermatt.com\/de\/ceo-des-jahres\/gewinner\/dr-markus-braun.html\" target=\"_blank\" rel=\"noopener noreferrer\">Dr. Markus Braun<\/a><\/span>\u00a0(<a href=\"https:\/\/www.obermatt.com\/de\/aktien\/wirecard-wdi\/aktien-analyse.html\" target=\"_blank\" rel=\"noopener noreferrer\">Wirecard<\/a>)<\/td>\n<td class=\"bars ovix number_style\">\n<div class=\"bar_wrapper_ceo\">\n<div class=\"bar\">\n<div class=\"progress dark_green\">\n<div class=\"padded black\">86<\/div>\n<\/div>\n<\/div>\n<\/div>\n<\/td>\n<\/tr>\n<tr>\n<td><\/td>\n<td><span class=\"font_weight_400\"><a class=\"links\" href=\"https:\/\/www.obermatt.com\/de\/ceo-des-jahres\/gewinner\/joachim-kreuzberg.html\" target=\"_blank\" rel=\"noopener noreferrer\">Joachim Kreuzburg<\/a><\/span>\u00a0(<a href=\"https:\/\/www.obermatt.com\/de\/aktien\/sartorius-srt\/aktien-analyse.html\" target=\"_blank\" rel=\"noopener noreferrer\">Sartorius<\/a>)<\/td>\n<td class=\"bars ovix number_style\">\n<div class=\"bar_wrapper_ceo\">\n<div class=\"bar\">\n<div class=\"progress dark_green\">\n<div class=\"padded black\">82<\/div>\n<\/div>\n<\/div>\n<\/div>\n<\/td>\n<\/tr>\n<tr>\n<td><\/td>\n<td><span class=\"font_weight_400\"><a class=\"links\" href=\"https:\/\/www.obermatt.com\/de\/ceo-des-jahres\/gewinner\/klaus-weinmann.html\" target=\"_blank\" rel=\"noopener noreferrer\">Klaus Weinmann<\/a><\/span>\u00a0(<a href=\"https:\/\/www.obermatt.com\/de\/aktien\/cancom-cok-ff\/aktien-analyse.html\" target=\"_blank\" rel=\"noopener noreferrer\">Cancom<\/a>)<\/td>\n<td class=\"bars ovix number_style\">\n<div class=\"bar_wrapper_ceo\">\n<div class=\"bar\">\n<div class=\"progress dark_green\">\n<div class=\"padded black\">81<\/div>\n<\/div>\n<\/div>\n<\/div>\n<\/td>\n<\/tr>\n<tr>\n<td><\/td>\n<td><span class=\"font_weight_400\"><a class=\"links\" href=\"https:\/\/www.obermatt.com\/de\/ceo-des-jahres\/gewinner\/philip-von-grolman.html\" target=\"_blank\" rel=\"noopener noreferrer\">Philip von Grolman<\/a><\/span>\u00a0(<a href=\"https:\/\/www.obermatt.com\/de\/aktien\/delticom-dex-ff\/aktien-analyse.html\" target=\"_blank\" rel=\"noopener noreferrer\">Delticom<\/a>)<\/td>\n<td class=\"bars ovix number_style\">\n<div class=\"bar_wrapper_ceo\">\n<div class=\"bar\">\n<div class=\"progress dark_green\">\n<div class=\"padded black\">81<\/div>\n<\/div>\n<\/div>\n<\/div>\n<\/td>\n<\/tr>\n<tr>\n<td><\/td>\n<td><span class=\"font_weight_400\"><a class=\"links\" href=\"https:\/\/www.obermatt.com\/de\/ceo-des-jahres\/gewinner\/andreas-pr%C3%BCfer.html\" target=\"_blank\" rel=\"noopener noreferrer\">Andreas Pr\u00fcfer<\/a><\/span>\u00a0(<a href=\"https:\/\/www.obermatt.com\/de\/aktien\/delticom-dex-ff\/aktien-analyse.html\" target=\"_blank\" rel=\"noopener noreferrer\">Delticom<\/a>)<\/td>\n<td class=\"bars ovix number_style\">\n<div class=\"bar_wrapper_ceo\">\n<div class=\"bar\">\n<div class=\"progress dark_green\">\n<div class=\"padded black\">81<\/div>\n<\/div>\n<\/div>\n<\/div>\n<\/td>\n<\/tr>\n<\/tbody>\n<tfoot>\n<tr>\n<td><span class=\"font_weight_400\">Bronze<\/span><br \/>\nOutperformer<\/td>\n<td><span class=\"font_weight_400\"><a class=\"links\" href=\"https:\/\/www.obermatt.com\/de\/ceo-des-jahres\/gewinner\/brian-protiva.html\" target=\"_blank\" rel=\"noopener noreferrer\">Brian Protiva<\/a><\/span>\u00a0(<a href=\"https:\/\/www.obermatt.com\/de\/aktien\/adva-xtra-adv\/aktien-analyse.html\" target=\"_blank\" rel=\"noopener noreferrer\">Adva<\/a>)<\/td>\n<td class=\"bars ovix number_style\">\n<div class=\"bar_wrapper_ceo\">\n<div class=\"bar\">\n<div class=\"progress dark_green\">\n<div class=\"padded black\">78<\/div>\n<\/div>\n<\/div>\n<\/div>\n<\/td>\n<\/tr>\n<tr>\n<td><\/td>\n<td><span class=\"font_weight_400\"><a class=\"links\" href=\"https:\/\/www.obermatt.com\/de\/ceo-des-jahres\/gewinner\/dr-rolf-hollander.html\" target=\"_blank\" rel=\"noopener noreferrer\">Dr. Rolf Hollander<\/a><\/span>\u00a0(<a href=\"https:\/\/www.obermatt.com\/de\/aktien\/cewe-color-cwc-ff\/aktien-analyse.html\" target=\"_blank\" rel=\"noopener noreferrer\">CeWe Color<\/a>)<\/td>\n<td class=\"bars ovix number_style\">\n<div class=\"bar_wrapper_ceo\">\n<div class=\"bar\">\n<div class=\"progress dark_green\">\n<div class=\"padded black\">75<\/div>\n<\/div>\n<\/div>\n<\/div>\n<\/td>\n<\/tr>\n<tr>\n<td><\/td>\n<td><span class=\"font_weight_400\"><a class=\"links\" href=\"https:\/\/www.obermatt.com\/de\/ceo-des-jahres\/gewinner\/udo-m%C3%BCller.html\" target=\"_blank\" rel=\"noopener noreferrer\">Udo M\u00fcller<\/a><\/span>\u00a0(<a href=\"https:\/\/www.obermatt.com\/de\/aktien\/stroeer-sax-ff\/aktien-analyse.html\" target=\"_blank\" rel=\"noopener noreferrer\">Stroeer<\/a>)<\/td>\n<td class=\"bars ovix number_style\">\n<div class=\"bar_wrapper_ceo\">\n<div class=\"bar\">\n<div class=\"progress light_green\">\n<div class=\"padded black\">72<\/div>\n<\/div>\n<\/div>\n<\/div>\n<\/td>\n<\/tr>\n<tr>\n<td><\/td>\n<td><span class=\"font_weight_400\"><a class=\"links\" href=\"https:\/\/www.obermatt.com\/de\/ceo-des-jahres\/gewinner\/carl-d%C3%BCrschmidt.html\" target=\"_blank\" rel=\"noopener noreferrer\">Carl D\u00fcrschmidt<\/a><\/span>\u00a0(<a href=\"https:\/\/www.obermatt.com\/de\/aktien\/allgeier-xtra-aei\/aktien-analyse.html\" target=\"_blank\" rel=\"noopener noreferrer\">Allgeier<\/a>)<\/td>\n<td class=\"bars ovix number_style\">\n<div class=\"bar_wrapper_ceo\">\n<div class=\"bar\">\n<div class=\"progress light_green\">\n<div class=\"padded black\">71<\/div>\n<\/div>\n<\/div>\n<\/div>\n<\/td>\n<\/tr>\n<tr>\n<td><\/td>\n<td><span class=\"font_weight_400\"><a class=\"links\" href=\"https:\/\/www.obermatt.com\/de\/ceo-des-jahres\/gewinner\/hermann-merkens.html\" target=\"_blank\" rel=\"noopener noreferrer\">Hermann Josef Merkens<\/a><\/span>\u00a0(<a href=\"https:\/\/www.obermatt.com\/de\/aktien\/aareal-bank-arl-ff\/aktien-analyse.html\" target=\"_blank\" rel=\"noopener noreferrer\">Aareal Bank<\/a>)<\/td>\n<td class=\"bars ovix number_style\">\n<div class=\"bar_wrapper_ceo\">\n<div class=\"bar\">\n<div class=\"progress light_green\">\n<div class=\"padded black\">70<\/div>\n<\/div>\n<\/div>\n<\/div>\n<\/td>\n<\/tr>\n<tr>\n<td><\/td>\n<td><span class=\"font_weight_400\"><a class=\"links\" href=\"https:\/\/www.obermatt.com\/de\/ceo-des-jahres\/gewinner\/prof-dr-thomas-bauer.html\" target=\"_blank\" rel=\"noopener noreferrer\">Prof. Thomas Bauer<\/a><\/span>\u00a0(<a href=\"https:\/\/www.obermatt.com\/de\/aktien\/bauer-b5a-ff\/aktien-analyse.html\" target=\"_blank\" rel=\"noopener noreferrer\">Bauer<\/a>)<\/td>\n<td class=\"bars ovix number_style\">\n<div class=\"bar_wrapper_ceo\">\n<div class=\"bar\">\n<div class=\"progress light_green\">\n<div class=\"padded black\">68<\/div>\n<\/div>\n<\/div>\n<\/div>\n<\/td>\n<\/tr>\n<tr>\n<td><\/td>\n<td><span class=\"font_weight_400\"><a class=\"links\" href=\"https:\/\/www.obermatt.com\/de\/ceo-des-jahres\/gewinner\/dr-peter-stadelmann.html\" target=\"_blank\" rel=\"noopener noreferrer\">Dr. Peter Stadelmann<\/a><\/span>\u00a0(<a href=\"https:\/\/www.obermatt.com\/de\/aktien\/rational-raa-ff\/aktien-analyse.html\" target=\"_blank\" rel=\"noopener noreferrer\">Rational<\/a>)<\/td>\n<td class=\"bars ovix number_style\">\n<div class=\"bar_wrapper_ceo\">\n<div class=\"bar\">\n<div class=\"progress light_green\">\n<div class=\"padded black\">68<\/div>\n<\/div>\n<\/div>\n<\/div>\n<\/td>\n<\/tr>\n<tr>\n<td><\/td>\n<td><span class=\"font_weight_400\"><a class=\"links\" href=\"https:\/\/www.obermatt.com\/de\/ceo-des-jahres\/gewinner\/dr-uwe-schroeder-wildberg.html\" target=\"_blank\" rel=\"noopener noreferrer\">Dr. Uwe Schroeder-Wildberg<\/a><\/span>\u00a0(<a href=\"https:\/\/www.obermatt.com\/de\/aktien\/mlp-mlp-ff\/aktien-analyse.html\" target=\"_blank\" rel=\"noopener noreferrer\">MLP<\/a>)<\/td>\n<td class=\"bars ovix number_style\">\n<div class=\"bar_wrapper_ceo\">\n<div class=\"bar\">\n<div class=\"progress light_green\">\n<div class=\"padded black\">67<\/div>\n<\/div>\n<\/div>\n<\/div>\n<\/td>\n<\/tr>\n<tr>\n<td><\/td>\n<td><span class=\"font_weight_400\"><a class=\"links\" href=\"https:\/\/www.obermatt.com\/de\/ceo-des-jahres\/gewinner\/dr-hans-gert-mayrose.html\" target=\"_blank\" rel=\"noopener noreferrer\">Dr. Hans-Gert Mayrose<\/a><\/span>\u00a0(<a href=\"https:\/\/www.obermatt.com\/de\/aktien\/gesco-gsc1-ff\/aktien-analyse.html\" target=\"_blank\" rel=\"noopener noreferrer\">Gesco<\/a>)<\/td>\n<td class=\"bars ovix number_style\">\n<div class=\"bar_wrapper_ceo\">\n<div class=\"bar\">\n<div class=\"progress light_green\">\n<div class=\"padded black\">67<\/div>\n<\/div>\n<\/div>\n<\/div>\n<\/td>\n<\/tr>\n<tr>\n<td><\/td>\n<td><span class=\"font_weight_400\"><a class=\"links\" href=\"https:\/\/www.obermatt.com\/de\/ceo-des-jahres\/gewinner\/bernhard-eric.html\" target=\"_blank\" rel=\"noopener noreferrer\">Dr. Eric Bernhard<\/a><\/span>\u00a0(<a href=\"https:\/\/www.obermatt.com\/de\/aktien\/gesco-gsc1-ff\/aktien-analyse.html\" target=\"_blank\" rel=\"noopener noreferrer\">Gesco<\/a>)<\/td>\n<td class=\"bars ovix number_style\">\n<div class=\"bar_wrapper_ceo\">\n<div class=\"bar\">\n<div class=\"progress light_green\">\n<div class=\"padded black\">67<\/div>\n<\/div>\n<\/div>\n<\/div>\n<\/td>\n<\/tr>\n<tr>\n<td><\/td>\n<td><span class=\"font_weight_400\"><a class=\"links\" href=\"https:\/\/www.obermatt.com\/de\/ceo-des-jahres\/gewinner\/dr-michael-mertin.html\" target=\"_blank\" rel=\"noopener noreferrer\">Dr. Michael Mertin<\/a><\/span>\u00a0(<a href=\"https:\/\/www.obermatt.com\/de\/aktien\/jenoptik-jen\/aktien-analyse.html\" target=\"_blank\" rel=\"noopener noreferrer\">Jenoptik<\/a>)<\/td>\n<td class=\"bars ovix number_style\">\n<div class=\"bar_wrapper_ceo\">\n<div class=\"bar\">\n<div class=\"progress light_green\">\n<div class=\"padded black\">63<\/div>\n<\/div>\n<\/div>\n<\/div>\n<\/td>\n<\/tr>\n<tr>\n<td><\/td>\n<td><span class=\"font_weight_400\"><a class=\"links\" href=\"https:\/\/www.obermatt.com\/de\/ceo-des-jahres\/gewinner\/felix-ahlers.html\" target=\"_blank\" rel=\"noopener noreferrer\">Felix Ahlers<\/a><\/span>\u00a0(<a href=\"https:\/\/www.obermatt.com\/de\/aktien\/frosta-nlm\/aktien-analyse.html\" target=\"_blank\" rel=\"noopener noreferrer\">FRoSTA<\/a>)<\/td>\n<td class=\"bars ovix number_style\">\n<div class=\"bar_wrapper_ceo\">\n<div class=\"bar\">\n<div class=\"progress light_green\">\n<div class=\"padded black\">61<\/div>\n<\/div>\n<\/div>\n<\/div>\n<\/td>\n<\/tr>\n<tr>\n<td><\/td>\n<td><span class=\"font_weight_400\"><a class=\"links\" href=\"https:\/\/www.obermatt.com\/de\/ceo-des-jahres\/gewinner\/manfred-bender.html\" target=\"_blank\" rel=\"noopener noreferrer\">Manfred Bender<\/a><\/span>\u00a0(<a href=\"https:\/\/www.obermatt.com\/de\/aktien\/pfeiffer-vacuum-pfv\/aktien-analyse.html\" target=\"_blank\" rel=\"noopener noreferrer\">Pfeiffer Vacuum<\/a>)<\/td>\n<td class=\"bars ovix number_style\">\n<div class=\"bar_wrapper_ceo\">\n<div class=\"bar\">\n<div class=\"progress light_green\">\n<div class=\"padded black\">60<\/div>\n<\/div>\n<\/div>\n<\/div>\n<\/td>\n<\/tr>\n<tr>\n<td><\/td>\n<td><span class=\"font_weight_400\"><a class=\"links\" href=\"https:\/\/www.obermatt.com\/de\/ceo-des-jahres\/gewinner\/hagen-duenbostel.html\" target=\"_blank\" rel=\"noopener noreferrer\">Hagen Duenbostel<\/a><\/span>\u00a0(<a href=\"https:\/\/www.obermatt.com\/de\/aktien\/kws-saat-kws-ff\/aktien-analyse.html\" target=\"_blank\" rel=\"noopener noreferrer\">KWS Saat<\/a>)<\/td>\n<td class=\"bars ovix number_style\">\n<div class=\"bar_wrapper_ceo\">\n<div class=\"bar\">\n<div class=\"progress light_green\">\n<div class=\"padded black\">60<\/div>\n<\/div>\n<\/div>\n<\/div>\n<\/td>\n<\/tr>\n<tr>\n<td><\/td>\n<td><span class=\"font_weight_400\"><a class=\"links\" href=\"https:\/\/www.obermatt.com\/de\/ceo-des-jahres\/gewinner\/ulrich-dietz.html\" target=\"_blank\" rel=\"noopener noreferrer\">Ulrich Dietz<\/a><\/span>\u00a0(<a href=\"https:\/\/www.obermatt.com\/de\/aktien\/gft-gft\/aktien-analyse.html\" target=\"_blank\" rel=\"noopener noreferrer\">GFT<\/a>)<\/td>\n<td class=\"bars ovix number_style\">\n<div class=\"bar_wrapper_ceo\">\n<div class=\"bar\">\n<div class=\"progress light_green\">\n<div class=\"padded black\">59<\/div>\n<\/div>\n<\/div>\n<\/div>\n<\/td>\n<\/tr>\n<tr>\n<td><\/td>\n<td><span class=\"font_weight_400\"><a class=\"links\" href=\"https:\/\/www.obermatt.com\/de\/ceo-des-jahres\/gewinner\/thomas-hegel.html\" target=\"_blank\" rel=\"noopener noreferrer\">Thomas Hegel<\/a><\/span>\u00a0(<a href=\"https:\/\/www.obermatt.com\/de\/aktien\/leg-immobilien-leg-ff\/aktien-analyse.html\" target=\"_blank\" rel=\"noopener noreferrer\">LEG Immobilien<\/a>)<\/td>\n<td class=\"bars ovix number_style\">\n<div class=\"bar_wrapper_ceo\">\n<div class=\"bar\">\n<div class=\"progress light_green\">\n<div class=\"padded black\">57<\/div>\n<\/div>\n<\/div>\n<\/div>\n<\/td>\n<\/tr>\n<tr>\n<td><\/td>\n<td><span class=\"font_weight_400\"><a class=\"links\" href=\"https:\/\/www.obermatt.com\/de\/ceo-des-jahres\/gewinner\/werner-deggim.html\" target=\"_blank\" rel=\"noopener noreferrer\">Werner Deggim<\/a><\/span>\u00a0(<a href=\"https:\/\/www.obermatt.com\/de\/aktien\/norma-noej-ff\/aktien-analyse.html\" target=\"_blank\" rel=\"noopener noreferrer\">Norma<\/a>)<\/td>\n<td class=\"bars ovix number_style\">\n<div class=\"bar_wrapper_ceo\">\n<div class=\"bar\">\n<div class=\"progress light_green\">\n<div class=\"padded black\">55<\/div>\n<\/div>\n<\/div>\n<\/div>\n<\/td>\n<\/tr>\n<tr>\n<td><\/td>\n<td><span class=\"font_weight_400\"><a class=\"links\" href=\"https:\/\/www.obermatt.com\/de\/ceo-des-jahres\/gewinner\/bernhard-rm-ehmer.html\" target=\"_blank\" rel=\"noopener noreferrer\">Dr. Bernhard R. M. Ehmer<\/a><\/span>\u00a0(<a href=\"https:\/\/www.obermatt.com\/de\/aktien\/biotest-bio-ff\/aktien-analyse.html\" target=\"_blank\" rel=\"noopener noreferrer\">Biotest<\/a>)<\/td>\n<td class=\"bars ovix number_style\">\n<div class=\"bar_wrapper_ceo\">\n<div class=\"bar\">\n<div class=\"progress light_green\">\n<div class=\"padded black\">53<\/div>\n<\/div>\n<\/div>\n<\/div>\n<\/td>\n<\/tr>\n<tr>\n<td><\/td>\n<td><span class=\"font_weight_400\"><a class=\"links\" href=\"https:\/\/www.obermatt.com\/de\/ceo-des-jahres\/gewinner\/thomas-kneip.html\" target=\"_blank\" rel=\"noopener noreferrer\">Dr. Thomas Kneip<\/a><\/span>\u00a0(<a href=\"https:\/\/www.obermatt.com\/de\/aktien\/centrotec-sustainable-cev-ff\/aktien-analyse.html\" target=\"_blank\" rel=\"noopener noreferrer\">Centrotec Sustainable<\/a>)<\/td>\n<td class=\"bars ovix number_style\">\n<div class=\"bar_wrapper_ceo\">\n<div class=\"bar\">\n<div class=\"progress light_green\">\n<div class=\"padded black\">53<\/div>\n<\/div>\n<\/div>\n<\/div>\n<\/td>\n<\/tr>\n<tr>\n<td><\/td>\n<td><span class=\"font_weight_400\"><a class=\"links\" href=\"https:\/\/www.obermatt.com\/de\/ceo-des-jahres\/gewinner\/christoph-traxler.html\" target=\"_blank\" rel=\"noopener noreferrer\">Dr. Christoph Traxler<\/a><\/span>\u00a0(<a href=\"https:\/\/www.obermatt.com\/de\/aktien\/centrotec-sustainable-cev-ff\/aktien-analyse.html\" target=\"_blank\" rel=\"noopener noreferrer\">Centrotec Sustainable<\/a>)<\/td>\n<td class=\"bars ovix number_style\">\n<div class=\"bar_wrapper_ceo\">\n<div class=\"bar\">\n<div class=\"progress light_green\">\n<div class=\"padded black\">53<\/div>\n<\/div>\n<\/div>\n<\/div>\n<\/td>\n<\/tr>\n<tr>\n<td><\/td>\n<td><span class=\"font_weight_400\"><a class=\"links\" href=\"https:\/\/www.obermatt.com\/de\/ceo-des-jahres\/gewinner\/gregory-ellis.html\" target=\"_blank\" rel=\"noopener noreferrer\">Gregory Ellis<\/a><\/span>\u00a0(<a href=\"https:\/\/www.obermatt.com\/de\/aktien\/scout24-db-g24\/aktien-analyse.html\" target=\"_blank\" rel=\"noopener noreferrer\">Scout24<\/a>)<\/td>\n<td class=\"bars ovix number_style\">\n<div class=\"bar_wrapper_ceo\">\n<div class=\"bar\">\n<div class=\"progress light_green\">\n<div class=\"padded black\">52<\/div>\n<\/div>\n<\/div>\n<\/div>\n<\/td>\n<\/tr>\n<tr>\n<td><\/td>\n<td><span class=\"font_weight_400\"><a class=\"links\" href=\"https:\/\/www.obermatt.com\/de\/ceo-des-jahres\/gewinner\/dietmar-bichler.html\" target=\"_blank\" rel=\"noopener noreferrer\">Dietmar Bichler<\/a><\/span>\u00a0(<a href=\"https:\/\/www.obermatt.com\/de\/aktien\/bertrandt-bdt-ff\/aktien-analyse.html\" target=\"_blank\" rel=\"noopener noreferrer\">Bertrandt<\/a>)<\/td>\n<td class=\"bars ovix number_style\">\n<div class=\"bar_wrapper_ceo\">\n<div class=\"bar\">\n<div class=\"progress light_green\">\n<div class=\"padded black\">50<\/div>\n<\/div>\n<\/div>\n<\/div>\n<\/td>\n<\/tr>\n<tr>\n<td><\/td>\n<td><span class=\"font_weight_400\"><a class=\"links\" href=\"https:\/\/www.obermatt.com\/de\/ceo-des-jahres\/gewinner\/cem-peksaglam.html\" target=\"_blank\" rel=\"noopener noreferrer\">Cem Peksaglam<\/a><\/span>\u00a0(<a href=\"https:\/\/www.obermatt.com\/de\/aktien\/wacker-neuson-wac-ff\/aktien-analyse.html\" target=\"_blank\" rel=\"noopener noreferrer\">Wacker Neuson<\/a>)<\/td>\n<td class=\"bars ovix number_style\">\n<div class=\"bar_wrapper_ceo\">\n<div class=\"bar\">\n<div class=\"progress light_green\">\n<div class=\"padded black\">50<\/div>\n<\/div>\n<\/div>\n<\/div>\n<\/td>\n<\/tr>\n<tr>\n<td><\/td>\n<td><span class=\"font_weight_400\"><a class=\"links\" href=\"https:\/\/www.obermatt.com\/de\/ceo-des-jahres\/gewinner\/detlef-borghardt.html\" target=\"_blank\" rel=\"noopener noreferrer\">Detlef Borghardt<\/a><\/span>\u00a0(<a href=\"https:\/\/www.obermatt.com\/de\/aktien\/saf-holland-sfq-ff\/aktien-analyse.html\" target=\"_blank\" rel=\"noopener noreferrer\">SAF-Holland<\/a>)<\/td>\n<td class=\"bars ovix number_style\">\n<div class=\"bar_wrapper_ceo\">\n<div class=\"bar\">\n<div class=\"progress light_green\">\n<div class=\"padded black\">50<\/div>\n<\/div>\n<\/div>\n<\/div>\n<\/td>\n<\/tr>\n<\/tfoot>\n<\/table>\n<p><a class=\"links no_margin text_size_14\" href=\"https:\/\/www.obermatt.com\/de\/ceo-des-jahres\/deutschland\/mittlere-unternehmen-vollst%C3%A4ndige-rangliste-2017.html#top\">zum Seitenanfang<\/a><\/p>\n<\/div>\n<p>In der\u00a0<a class=\"links\" href=\"https:\/\/www.obermatt.com\/de\/ceo-des-jahres\/deutschland\/mittlere-unternehmen-mehrjahres-rangliste.html\">CEO Mehrjahresliste<\/a>\u00a0sind die Leistungen seit Beginn der Rangliste aufgef\u00fchrt.<\/p>\n<h3 id=\"operating\" class=\"blue_text\">Operative Leistung\u00a0<a class=\"links\" href=\"https:\/\/www.obermatt.com\/de\/ceo-des-jahres\/methode.html#operating\"><img decoding=\"async\" src=\"https:\/\/www.obermatt.com\/00\/img\/info.png\" alt=\"\" width=\"12\" height=\"16ds\" \/><\/a><\/h3>\n<p>Diese CEOs haben ihr Unternehmen am effizientesten gef\u00fchrt und so die h\u00f6chste Gewinnsteigerung im Vergleich zu ihren Wettbewerbern generiert.<\/p>\n<div class=\"table_pin\">\n<table>\n<thead>\n<tr>\n<th class=\"table_title_pin_pin\">PIN<\/th>\n<th class=\"table_title_pin\">CEO<\/th>\n<th class=\"table_title_pin_rank\">RANG<\/th>\n<\/tr>\n<\/thead>\n<tbody>\n<tr>\n<td><span class=\"font_weight_400\">Gold<\/span><br \/>\nPodium<\/td>\n<td><span class=\"font_weight_400\"><a class=\"links\" href=\"https:\/\/www.obermatt.com\/de\/ceo-des-jahres\/gewinner\/dr-heiko-fischer.html\" target=\"_blank\" rel=\"noopener noreferrer\">Dr. Heiko Fischer<\/a><\/span>\u00a0(<a href=\"https:\/\/www.obermatt.com\/de\/aktien\/vtg-vt9\/aktien-analyse.html\" target=\"_blank\" rel=\"noopener noreferrer\">VTG<\/a>)<\/td>\n<td class=\"bars ovix number_style\">\n<div class=\"bar_wrapper_ceo\">\n<div class=\"bar\">\n<div class=\"progress dark_green\">\n<div class=\"padded black\">94<\/div>\n<\/div>\n<\/div>\n<\/div>\n<\/td>\n<\/tr>\n<tr>\n<td><\/td>\n<td><span class=\"font_weight_400\"><a class=\"links\" href=\"https:\/\/www.obermatt.com\/de\/ceo-des-jahres\/gewinner\/bernhard-rm-ehmer.html\" target=\"_blank\" rel=\"noopener noreferrer\">Dr. Bernhard R. M. Ehmer<\/a><\/span>\u00a0(<a href=\"https:\/\/www.obermatt.com\/de\/aktien\/biotest-bio-ff\/aktien-analyse.html\" target=\"_blank\" rel=\"noopener noreferrer\">Biotest<\/a>)<\/td>\n<td class=\"bars ovix number_style\">\n<div class=\"bar_wrapper_ceo\">\n<div class=\"bar\">\n<div class=\"progress dark_green\">\n<div class=\"padded black\">92<\/div>\n<\/div>\n<\/div>\n<\/div>\n<\/td>\n<\/tr>\n<tr>\n<td><\/td>\n<td><span class=\"font_weight_400\"><a class=\"links\" href=\"https:\/\/www.obermatt.com\/de\/ceo-des-jahres\/gewinner\/joachim-kreuzberg.html\" target=\"_blank\" rel=\"noopener noreferrer\">Joachim Kreuzburg<\/a><\/span>\u00a0(<a href=\"https:\/\/www.obermatt.com\/de\/aktien\/sartorius-srt\/aktien-analyse.html\" target=\"_blank\" rel=\"noopener noreferrer\">Sartorius<\/a>)<\/td>\n<td class=\"bars ovix number_style\">\n<div class=\"bar_wrapper_ceo\">\n<div class=\"bar\">\n<div class=\"progress dark_green\">\n<div class=\"padded black\">91<\/div>\n<\/div>\n<\/div>\n<\/div>\n<\/td>\n<\/tr>\n<\/tbody>\n<tbody>\n<tr>\n<td><span class=\"font_weight_400\">Silber<\/span><br \/>\nTop 10<\/td>\n<td><span class=\"font_weight_400\"><a class=\"links\" href=\"https:\/\/www.obermatt.com\/de\/ceo-des-jahres\/gewinner\/claus-bolza-sch%C3%BCnemann.html\" target=\"_blank\" rel=\"noopener noreferrer\">Claus Bolza-Sch\u00fcnemann<\/a><\/span>\u00a0(<a href=\"https:\/\/www.obermatt.com\/de\/aktien\/koenig-bauer-skb-ff\/aktien-analyse.html\" target=\"_blank\" rel=\"noopener noreferrer\">Koenig &amp; Bauer<\/a>)<\/td>\n<td class=\"bars ovix number_style\">\n<div class=\"bar_wrapper_ceo\">\n<div class=\"bar\">\n<div class=\"progress dark_green\">\n<div class=\"padded black\">86<\/div>\n<\/div>\n<\/div>\n<\/div>\n<\/td>\n<\/tr>\n<tr>\n<td><\/td>\n<td><span class=\"font_weight_400\"><a class=\"links\" href=\"https:\/\/www.obermatt.com\/de\/ceo-des-jahres\/gewinner\/gregory-ellis.html\" target=\"_blank\" rel=\"noopener noreferrer\">Gregory Ellis<\/a><\/span>\u00a0(<a href=\"https:\/\/www.obermatt.com\/de\/aktien\/scout24-db-g24\/aktien-analyse.html\" target=\"_blank\" rel=\"noopener noreferrer\">Scout24<\/a>)<\/td>\n<td class=\"bars ovix number_style\">\n<div class=\"bar_wrapper_ceo\">\n<div class=\"bar\">\n<div class=\"progress dark_green\">\n<div class=\"padded black\">86<\/div>\n<\/div>\n<\/div>\n<\/div>\n<\/td>\n<\/tr>\n<tr>\n<td><\/td>\n<td><span class=\"font_weight_400\"><a class=\"links\" href=\"https:\/\/www.obermatt.com\/de\/ceo-des-jahres\/gewinner\/prof-dr-thomas-bauer.html\" target=\"_blank\" rel=\"noopener noreferrer\">Prof. Thomas Bauer<\/a><\/span>\u00a0(<a href=\"https:\/\/www.obermatt.com\/de\/aktien\/bauer-b5a-ff\/aktien-analyse.html\" target=\"_blank\" rel=\"noopener noreferrer\">Bauer<\/a>)<\/td>\n<td class=\"bars ovix number_style\">\n<div class=\"bar_wrapper_ceo\">\n<div class=\"bar\">\n<div class=\"progress dark_green\">\n<div class=\"padded black\">81<\/div>\n<\/div>\n<\/div>\n<\/div>\n<\/td>\n<\/tr>\n<tr>\n<td><\/td>\n<td><span class=\"font_weight_400\"><a class=\"links\" href=\"https:\/\/www.obermatt.com\/de\/ceo-des-jahres\/gewinner\/udo-m%C3%BCller.html\" target=\"_blank\" rel=\"noopener noreferrer\">Udo M\u00fcller<\/a><\/span>\u00a0(<a href=\"https:\/\/www.obermatt.com\/de\/aktien\/stroeer-sax-ff\/aktien-analyse.html\" target=\"_blank\" rel=\"noopener noreferrer\">Stroeer<\/a>)<\/td>\n<td class=\"bars ovix number_style\">\n<div class=\"bar_wrapper_ceo\">\n<div class=\"bar\">\n<div class=\"progress dark_green\">\n<div class=\"padded black\">79<\/div>\n<\/div>\n<\/div>\n<\/div>\n<\/td>\n<\/tr>\n<tr>\n<td><\/td>\n<td><span class=\"font_weight_400\"><a class=\"links\" href=\"https:\/\/www.obermatt.com\/de\/ceo-des-jahres\/gewinner\/hans-joachim-watzke.html\" target=\"_blank\" rel=\"noopener noreferrer\">Hans-Joachim Watzke<\/a><\/span>\u00a0(<a href=\"https:\/\/www.obermatt.com\/de\/aktien\/borussia-dortmund-xtra-bvb\/aktien-analyse.html\" target=\"_blank\" rel=\"noopener noreferrer\">Borussia Dortmund<\/a>)<\/td>\n<td class=\"bars ovix number_style\">\n<div class=\"bar_wrapper_ceo\">\n<div class=\"bar\">\n<div class=\"progress dark_green\">\n<div class=\"padded black\">78<\/div>\n<\/div>\n<\/div>\n<\/div>\n<\/td>\n<\/tr>\n<tr>\n<td><\/td>\n<td><span class=\"font_weight_400\"><a class=\"links\" href=\"https:\/\/www.obermatt.com\/de\/ceo-des-jahres\/gewinner\/uwe-r%C3%B6hrhoff.html\" target=\"_blank\" rel=\"noopener noreferrer\">Uwe R\u00f6hrhoff<\/a><\/span>\u00a0(<a href=\"https:\/\/www.obermatt.com\/de\/aktien\/gerresheimer-gxi-ff\/aktien-analyse.html\" target=\"_blank\" rel=\"noopener noreferrer\">Gerresheimer<\/a>)<\/td>\n<td class=\"bars ovix number_style\">\n<div class=\"bar_wrapper_ceo\">\n<div class=\"bar\">\n<div class=\"progress dark_green\">\n<div class=\"padded black\">75<\/div>\n<\/div>\n<\/div>\n<\/div>\n<\/td>\n<\/tr>\n<tr>\n<td><\/td>\n<td><span class=\"font_weight_400\"><a class=\"links\" href=\"https:\/\/www.obermatt.com\/de\/ceo-des-jahres\/gewinner\/dr-rolf-hollander.html\" target=\"_blank\" rel=\"noopener noreferrer\">Dr. Rolf Hollander<\/a><\/span>\u00a0(<a href=\"https:\/\/www.obermatt.com\/de\/aktien\/cewe-color-cwc-ff\/aktien-analyse.html\" target=\"_blank\" rel=\"noopener noreferrer\">CeWe Color<\/a>)<\/td>\n<td class=\"bars ovix number_style\">\n<div class=\"bar_wrapper_ceo\">\n<div class=\"bar\">\n<div class=\"progress light_green\">\n<div class=\"padded black\">72<\/div>\n<\/div>\n<\/div>\n<\/div>\n<\/td>\n<\/tr>\n<tr>\n<td><\/td>\n<td><span class=\"font_weight_400\"><a class=\"links\" href=\"https:\/\/www.obermatt.com\/de\/ceo-des-jahres\/gewinner\/manfred-bender.html\" target=\"_blank\" rel=\"noopener noreferrer\">Manfred Bender<\/a><\/span>\u00a0(<a href=\"https:\/\/www.obermatt.com\/de\/aktien\/pfeiffer-vacuum-pfv\/aktien-analyse.html\" target=\"_blank\" rel=\"noopener noreferrer\">Pfeiffer Vacuum<\/a>)<\/td>\n<td class=\"bars ovix number_style\">\n<div class=\"bar_wrapper_ceo\">\n<div class=\"bar\">\n<div class=\"progress light_green\">\n<div class=\"padded black\">72<\/div>\n<\/div>\n<\/div>\n<\/div>\n<\/td>\n<\/tr>\n<tr>\n<td><\/td>\n<td><span class=\"font_weight_400\"><a class=\"links\" href=\"https:\/\/www.obermatt.com\/de\/ceo-des-jahres\/gewinner\/pierre-pascal-urbon.html\" target=\"_blank\" rel=\"noopener noreferrer\">Pierre-Pascal Urbon<\/a><\/span>\u00a0(<a href=\"https:\/\/www.obermatt.com\/de\/aktien\/sma-solar-s92\/aktien-analyse.html\" target=\"_blank\" rel=\"noopener noreferrer\">SMA Solar<\/a>)<\/td>\n<td class=\"bars ovix number_style\">\n<div class=\"bar_wrapper_ceo\">\n<div class=\"bar\">\n<div class=\"progress light_green\">\n<div class=\"padded black\">72<\/div>\n<\/div>\n<\/div>\n<\/div>\n<\/td>\n<\/tr>\n<tr>\n<td><\/td>\n<td><span class=\"font_weight_400\"><a class=\"links\" href=\"https:\/\/www.obermatt.com\/de\/ceo-des-jahres\/gewinner\/helmut-laube.html\" target=\"_blank\" rel=\"noopener noreferrer\">Dr. Helmut Laube<\/a><\/span>\u00a0(<a href=\"https:\/\/www.obermatt.com\/de\/aktien\/drillisch-db-dri\/aktien-analyse.html\" target=\"_blank\" rel=\"noopener noreferrer\">Drillisch<\/a>)<\/td>\n<td class=\"bars ovix number_style\">\n<div class=\"bar_wrapper_ceo\">\n<div class=\"bar\">\n<div class=\"progress light_green\">\n<div class=\"padded black\">72<\/div>\n<\/div>\n<\/div>\n<\/div>\n<\/td>\n<\/tr>\n<tr>\n<td><\/td>\n<td><span class=\"font_weight_400\"><a class=\"links\" href=\"https:\/\/www.obermatt.com\/de\/ceo-des-jahres\/gewinner\/choulidis-vlasios.html\" target=\"_blank\" rel=\"noopener noreferrer\">Vlasios Choulidis<\/a><\/span>\u00a0(<a href=\"https:\/\/www.obermatt.com\/de\/aktien\/drillisch-db-dri\/aktien-analyse.html\" target=\"_blank\" rel=\"noopener noreferrer\">Drillisch<\/a>)<\/td>\n<td class=\"bars ovix number_style\">\n<div class=\"bar_wrapper_ceo\">\n<div class=\"bar\">\n<div class=\"progress light_green\">\n<div class=\"padded black\">72<\/div>\n<\/div>\n<\/div>\n<\/div>\n<\/td>\n<\/tr>\n<\/tbody>\n<tfoot>\n<tr>\n<td><span class=\"font_weight_400\">Bronze<\/span><br \/>\nOutperformer<\/td>\n<td><span class=\"font_weight_400\"><a class=\"links\" href=\"https:\/\/www.obermatt.com\/de\/ceo-des-jahres\/gewinner\/detlef-borghardt.html\" target=\"_blank\" rel=\"noopener noreferrer\">Detlef Borghardt<\/a><\/span>\u00a0(<a href=\"https:\/\/www.obermatt.com\/de\/aktien\/saf-holland-sfq-ff\/aktien-analyse.html\" target=\"_blank\" rel=\"noopener noreferrer\">SAF-Holland<\/a>)<\/td>\n<td class=\"bars ovix number_style\">\n<div class=\"bar_wrapper_ceo\">\n<div class=\"bar\">\n<div class=\"progress light_green\">\n<div class=\"padded black\">67<\/div>\n<\/div>\n<\/div>\n<\/div>\n<\/td>\n<\/tr>\n<tr>\n<td><\/td>\n<td><span class=\"font_weight_400\"><a class=\"links\" href=\"https:\/\/www.obermatt.com\/de\/ceo-des-jahres\/gewinner\/cornelius-patt.html\" target=\"_blank\" rel=\"noopener noreferrer\">Cornelius Patt<\/a><\/span>\u00a0(<a href=\"https:\/\/www.obermatt.com\/de\/aktien\/zooplus-zo1-ff\/aktien-analyse.html\" target=\"_blank\" rel=\"noopener noreferrer\">Zooplus<\/a>)<\/td>\n<td class=\"bars ovix number_style\">\n<div class=\"bar_wrapper_ceo\">\n<div class=\"bar\">\n<div class=\"progress light_green\">\n<div class=\"padded black\">67<\/div>\n<\/div>\n<\/div>\n<\/div>\n<\/td>\n<\/tr>\n<tr>\n<td><\/td>\n<td><span class=\"font_weight_400\"><a class=\"links\" href=\"https:\/\/www.obermatt.com\/de\/ceo-des-jahres\/gewinner\/frank-gotthardt.html\" target=\"_blank\" rel=\"noopener noreferrer\">Frank Gotthardt<\/a><\/span>\u00a0(<a href=\"https:\/\/www.obermatt.com\/de\/aktien\/compugroup-cop\/aktien-analyse.html\" target=\"_blank\" rel=\"noopener noreferrer\">CompuGROUP<\/a>)<\/td>\n<td class=\"bars ovix number_style\">\n<div class=\"bar_wrapper_ceo\">\n<div class=\"bar\">\n<div class=\"progress light_green\">\n<div class=\"padded black\">65<\/div>\n<\/div>\n<\/div>\n<\/div>\n<\/td>\n<\/tr>\n<tr>\n<td><\/td>\n<td><span class=\"font_weight_400\"><a class=\"links\" href=\"https:\/\/www.obermatt.com\/de\/ceo-des-jahres\/gewinner\/klaus-peter-schulenberg.html\" target=\"_blank\" rel=\"noopener noreferrer\">Klaus-Peter Schulenberg<\/a><\/span>\u00a0(<a href=\"https:\/\/www.obermatt.com\/de\/aktien\/cts-eventim-evd-ff\/aktien-analyse.html\" target=\"_blank\" rel=\"noopener noreferrer\">CTS Eventim<\/a>)<\/td>\n<td class=\"bars ovix number_style\">\n<div class=\"bar_wrapper_ceo\">\n<div class=\"bar\">\n<div class=\"progress light_green\">\n<div class=\"padded black\">62<\/div>\n<\/div>\n<\/div>\n<\/div>\n<\/td>\n<\/tr>\n<tr>\n<td><\/td>\n<td><span class=\"font_weight_400\"><a class=\"links\" href=\"https:\/\/www.obermatt.com\/de\/ceo-des-jahres\/gewinner\/claus-sauter.html\" target=\"_blank\" rel=\"noopener noreferrer\">Claus Sauter<\/a><\/span>\u00a0(<a href=\"https:\/\/www.obermatt.com\/de\/aktien\/verbio-vbk\/aktien-analyse.html\" target=\"_blank\" rel=\"noopener noreferrer\">VERBIO<\/a>)<\/td>\n<td class=\"bars ovix number_style\">\n<div class=\"bar_wrapper_ceo\">\n<div class=\"bar\">\n<div class=\"progress light_green\">\n<div class=\"padded black\">61<\/div>\n<\/div>\n<\/div>\n<\/div>\n<\/td>\n<\/tr>\n<tr>\n<td><\/td>\n<td><span class=\"font_weight_400\"><a class=\"links\" href=\"https:\/\/www.obermatt.com\/de\/ceo-des-jahres\/gewinner\/dr-peter-stadelmann.html\" target=\"_blank\" rel=\"noopener noreferrer\">Dr. Peter Stadelmann<\/a><\/span>\u00a0(<a href=\"https:\/\/www.obermatt.com\/de\/aktien\/rational-raa-ff\/aktien-analyse.html\" target=\"_blank\" rel=\"noopener noreferrer\">Rational<\/a>)<\/td>\n<td class=\"bars ovix number_style\">\n<div class=\"bar_wrapper_ceo\">\n<div class=\"bar\">\n<div class=\"progress light_green\">\n<div class=\"padded black\">61<\/div>\n<\/div>\n<\/div>\n<\/div>\n<\/td>\n<\/tr>\n<tr>\n<td><\/td>\n<td><span class=\"font_weight_400\"><a class=\"links\" href=\"https:\/\/www.obermatt.com\/de\/ceo-des-jahres\/gewinner\/carl-d%C3%BCrschmidt.html\" target=\"_blank\" rel=\"noopener noreferrer\">Carl D\u00fcrschmidt<\/a><\/span>\u00a0(<a href=\"https:\/\/www.obermatt.com\/de\/aktien\/allgeier-xtra-aei\/aktien-analyse.html\" target=\"_blank\" rel=\"noopener noreferrer\">Allgeier<\/a>)<\/td>\n<td class=\"bars ovix number_style\">\n<div class=\"bar_wrapper_ceo\">\n<div class=\"bar\">\n<div class=\"progress light_green\">\n<div class=\"padded black\">61<\/div>\n<\/div>\n<\/div>\n<\/div>\n<\/td>\n<\/tr>\n<tr>\n<td><\/td>\n<td><span class=\"font_weight_400\"><a class=\"links\" href=\"https:\/\/www.obermatt.com\/de\/ceo-des-jahres\/gewinner\/dr-hans-gert-mayrose.html\" target=\"_blank\" rel=\"noopener noreferrer\">Dr. Hans-Gert Mayrose<\/a><\/span>\u00a0(<a href=\"https:\/\/www.obermatt.com\/de\/aktien\/gesco-gsc1-ff\/aktien-analyse.html\" target=\"_blank\" rel=\"noopener noreferrer\">Gesco<\/a>)<\/td>\n<td class=\"bars ovix number_style\">\n<div class=\"bar_wrapper_ceo\">\n<div class=\"bar\">\n<div class=\"progress light_green\">\n<div class=\"padded black\">60<\/div>\n<\/div>\n<\/div>\n<\/div>\n<\/td>\n<\/tr>\n<tr>\n<td><\/td>\n<td><span class=\"font_weight_400\"><a class=\"links\" href=\"https:\/\/www.obermatt.com\/de\/ceo-des-jahres\/gewinner\/bernhard-eric.html\" target=\"_blank\" rel=\"noopener noreferrer\">Dr. Eric Bernhard<\/a><\/span>\u00a0(<a href=\"https:\/\/www.obermatt.com\/de\/aktien\/gesco-gsc1-ff\/aktien-analyse.html\" target=\"_blank\" rel=\"noopener noreferrer\">Gesco<\/a>)<\/td>\n<td class=\"bars ovix number_style\">\n<div class=\"bar_wrapper_ceo\">\n<div class=\"bar\">\n<div class=\"progress light_green\">\n<div class=\"padded black\">60<\/div>\n<\/div>\n<\/div>\n<\/div>\n<\/td>\n<\/tr>\n<tr>\n<td><\/td>\n<td><span class=\"font_weight_400\"><a class=\"links\" href=\"https:\/\/www.obermatt.com\/de\/ceo-des-jahres\/gewinner\/felix-ahlers.html\" target=\"_blank\" rel=\"noopener noreferrer\">Felix Ahlers<\/a><\/span>\u00a0(<a href=\"https:\/\/www.obermatt.com\/de\/aktien\/frosta-nlm\/aktien-analyse.html\" target=\"_blank\" rel=\"noopener noreferrer\">FRoSTA<\/a>)<\/td>\n<td class=\"bars ovix number_style\">\n<div class=\"bar_wrapper_ceo\">\n<div class=\"bar\">\n<div class=\"progress light_green\">\n<div class=\"padded black\">58<\/div>\n<\/div>\n<\/div>\n<\/div>\n<\/td>\n<\/tr>\n<tr>\n<td><\/td>\n<td><span class=\"font_weight_400\"><a class=\"links\" href=\"https:\/\/www.obermatt.com\/de\/ceo-des-jahres\/gewinner\/thomas-hegel.html\" target=\"_blank\" rel=\"noopener noreferrer\">Thomas Hegel<\/a><\/span>\u00a0(<a href=\"https:\/\/www.obermatt.com\/de\/aktien\/leg-immobilien-leg-ff\/aktien-analyse.html\" target=\"_blank\" rel=\"noopener noreferrer\">LEG Immobilien<\/a>)<\/td>\n<td class=\"bars ovix number_style\">\n<div class=\"bar_wrapper_ceo\">\n<div class=\"bar\">\n<div class=\"progress light_green\">\n<div class=\"padded black\">57<\/div>\n<\/div>\n<\/div>\n<\/div>\n<\/td>\n<\/tr>\n<tr>\n<td><\/td>\n<td><span class=\"font_weight_400\"><a class=\"links\" href=\"https:\/\/www.obermatt.com\/de\/ceo-des-jahres\/gewinner\/klaus-weinmann.html\" target=\"_blank\" rel=\"noopener noreferrer\">Klaus Weinmann<\/a><\/span>\u00a0(<a href=\"https:\/\/www.obermatt.com\/de\/aktien\/cancom-cok-ff\/aktien-analyse.html\" target=\"_blank\" rel=\"noopener noreferrer\">Cancom<\/a>)<\/td>\n<td class=\"bars ovix number_style\">\n<div class=\"bar_wrapper_ceo\">\n<div class=\"bar\">\n<div class=\"progress light_green\">\n<div class=\"padded black\">56<\/div>\n<\/div>\n<\/div>\n<\/div>\n<\/td>\n<\/tr>\n<tr>\n<td><\/td>\n<td><span class=\"font_weight_400\"><a class=\"links\" href=\"https:\/\/www.obermatt.com\/de\/ceo-des-jahres\/gewinner\/dr-markus-braun.html\" target=\"_blank\" rel=\"noopener noreferrer\">Dr. Markus Braun<\/a><\/span>\u00a0(<a href=\"https:\/\/www.obermatt.com\/de\/aktien\/wirecard-wdi\/aktien-analyse.html\" target=\"_blank\" rel=\"noopener noreferrer\">Wirecard<\/a>)<\/td>\n<td class=\"bars ovix number_style\">\n<div class=\"bar_wrapper_ceo\">\n<div class=\"bar\">\n<div class=\"progress light_green\">\n<div class=\"padded black\">56<\/div>\n<\/div>\n<\/div>\n<\/div>\n<\/td>\n<\/tr>\n<tr>\n<td><\/td>\n<td><span class=\"font_weight_400\"><a class=\"links\" href=\"https:\/\/www.obermatt.com\/de\/ceo-des-jahres\/gewinner\/marco-fuchs.html\" target=\"_blank\" rel=\"noopener noreferrer\">Marco R. Fuchs<\/a><\/span>\u00a0(<a href=\"https:\/\/www.obermatt.com\/de\/aktien\/ohb-technology-ohb\/aktien-analyse.html\" target=\"_blank\" rel=\"noopener noreferrer\">OHB Technology<\/a>)<\/td>\n<td class=\"bars ovix number_style\">\n<div class=\"bar_wrapper_ceo\">\n<div class=\"bar\">\n<div class=\"progress light_green\">\n<div class=\"padded black\">54<\/div>\n<\/div>\n<\/div>\n<\/div>\n<\/td>\n<\/tr>\n<tr>\n<td><\/td>\n<td><span class=\"font_weight_400\"><a class=\"links\" href=\"https:\/\/www.obermatt.com\/de\/ceo-des-jahres\/gewinner\/dietmar-bichler.html\" target=\"_blank\" rel=\"noopener noreferrer\">Dietmar Bichler<\/a><\/span>\u00a0(<a href=\"https:\/\/www.obermatt.com\/de\/aktien\/bertrandt-bdt-ff\/aktien-analyse.html\" target=\"_blank\" rel=\"noopener noreferrer\">Bertrandt<\/a>)<\/td>\n<td class=\"bars ovix number_style\">\n<div class=\"bar_wrapper_ceo\">\n<div class=\"bar\">\n<div class=\"progress light_green\">\n<div class=\"padded black\">53<\/div>\n<\/div>\n<\/div>\n<\/div>\n<\/td>\n<\/tr>\n<tr>\n<td><\/td>\n<td><span class=\"font_weight_400\"><a class=\"links\" href=\"https:\/\/www.obermatt.com\/de\/ceo-des-jahres\/gewinner\/michael-zahn.html\" target=\"_blank\" rel=\"noopener noreferrer\">Michael Zahn<\/a><\/span>\u00a0(<a href=\"https:\/\/www.obermatt.com\/de\/aktien\/deutsche-wohnen-dwni-ff\/aktien-analyse.html\" target=\"_blank\" rel=\"noopener noreferrer\">Deutsche Wohnen<\/a>)<\/td>\n<td class=\"bars ovix number_style\">\n<div class=\"bar_wrapper_ceo\">\n<div class=\"bar\">\n<div class=\"progress light_green\">\n<div class=\"padded black\">53<\/div>\n<\/div>\n<\/div>\n<\/div>\n<\/td>\n<\/tr>\n<\/tfoot>\n<\/table>\n<p><a class=\"links no_margin text_size_14\" href=\"https:\/\/www.obermatt.com\/de\/ceo-des-jahres\/deutschland\/mittlere-unternehmen-vollst%C3%A4ndige-rangliste-2017.html#top\">zum Seitenanfang<\/a><\/p>\n<\/div>\n<p>In der\u00a0<a class=\"links\" href=\"https:\/\/www.obermatt.com\/de\/ceo-des-jahres\/deutschland\/mittlere-unternehmen-mehrjahres-rangliste.html\">CEO Mehrjahresliste<\/a>\u00a0sind die Leistungen seit Beginn der Rangliste aufgef\u00fchrt.<\/p>\n<h3 id=\"investment\" class=\"blue_text\">Investment-Leistung\u00a0<a class=\"links\" href=\"https:\/\/www.obermatt.com\/de\/ceo-des-jahres\/methode.html#investment\"><img decoding=\"async\" src=\"https:\/\/www.obermatt.com\/00\/img\/info.png\" alt=\"\" width=\"12\" height=\"16ds\" \/><\/a><\/h3>\n<p>Diese CEOs verfolgen Strategien und haben Investitionen get\u00e4tigt, welche die Aktion\u00e4re am meisten \u00fcberzeugten. Deshalb wurde die h\u00f6chste Aktienrendite im Peervergleich erziehlt (indexierte Aktien-Gesamtrendite).<\/p>\n<div class=\"table_pin\">\n<table>\n<thead>\n<tr>\n<th class=\"table_title_pin_pin\">PIN<\/th>\n<th class=\"table_title_pin\">CEO<\/th>\n<th class=\"table_title_pin_rank\">RANG<\/th>\n<\/tr>\n<\/thead>\n<tbody>\n<tr>\n<td><span class=\"font_weight_400\">Gold<\/span><br \/>\nPodium<\/td>\n<td><span class=\"font_weight_400\"><a class=\"links\" href=\"https:\/\/www.obermatt.com\/de\/ceo-des-jahres\/gewinner\/felix-ahlers.html\" target=\"_blank\" rel=\"noopener noreferrer\">Felix Ahlers<\/a><\/span>\u00a0(<a href=\"https:\/\/www.obermatt.com\/de\/aktien\/frosta-nlm\/aktien-analyse.html\" target=\"_blank\" rel=\"noopener noreferrer\">FRoSTA<\/a>)<\/td>\n<td class=\"bars ovix number_style\">\n<div class=\"bar_wrapper_ceo\">\n<div class=\"bar\">\n<div class=\"progress dark_green\">\n<div class=\"padded black\">98<\/div>\n<\/div>\n<\/div>\n<\/div>\n<\/td>\n<\/tr>\n<tr>\n<td><\/td>\n<td><span class=\"font_weight_400\"><a class=\"links\" href=\"https:\/\/www.obermatt.com\/de\/ceo-des-jahres\/gewinner\/christoph-von%20plotho.html\" target=\"_blank\" rel=\"noopener noreferrer\">Dr. Christoph von Plotho<\/a><\/span>\u00a0(<a href=\"https:\/\/www.obermatt.com\/de\/aktien\/siltronic-db-waf\/aktien-analyse.html\" target=\"_blank\" rel=\"noopener noreferrer\">Siltronic<\/a>)<\/td>\n<td class=\"bars ovix number_style\">\n<div class=\"bar_wrapper_ceo\">\n<div class=\"bar\">\n<div class=\"progress dark_green\">\n<div class=\"padded black\">96<\/div>\n<\/div>\n<\/div>\n<\/div>\n<\/td>\n<\/tr>\n<tr>\n<td><\/td>\n<td><span class=\"font_weight_400\"><a class=\"links\" href=\"https:\/\/www.obermatt.com\/de\/ceo-des-jahres\/gewinner\/j%C3%BCrgen-hermann.html\" target=\"_blank\" rel=\"noopener noreferrer\">J\u00fcrgen Hermann<\/a><\/span>\u00a0(<a href=\"https:\/\/www.obermatt.com\/de\/aktien\/qsc-qsc\/aktien-analyse.html\" target=\"_blank\" rel=\"noopener noreferrer\">QSC<\/a>)<\/td>\n<td class=\"bars ovix number_style\">\n<div class=\"bar_wrapper_ceo\">\n<div class=\"bar\">\n<div class=\"progress dark_green\">\n<div class=\"padded black\">92<\/div>\n<\/div>\n<\/div>\n<\/div>\n<\/td>\n<\/tr>\n<tr>\n<td><\/td>\n<td><span class=\"font_weight_400\"><a class=\"links\" href=\"https:\/\/www.obermatt.com\/de\/ceo-des-jahres\/gewinner\/claus-sauter.html\" target=\"_blank\" rel=\"noopener noreferrer\">Claus Sauter<\/a><\/span>\u00a0(<a href=\"https:\/\/www.obermatt.com\/de\/aktien\/verbio-vbk\/aktien-analyse.html\" target=\"_blank\" rel=\"noopener noreferrer\">VERBIO<\/a>)<\/td>\n<td class=\"bars ovix number_style\">\n<div class=\"bar_wrapper_ceo\">\n<div class=\"bar\">\n<div class=\"progress dark_green\">\n<div class=\"padded black\">92<\/div>\n<\/div>\n<\/div>\n<\/div>\n<\/td>\n<\/tr>\n<\/tbody>\n<tbody>\n<tr>\n<td><span class=\"font_weight_400\">Silber<\/span><br \/>\nTop 10<\/td>\n<td><span class=\"font_weight_400\"><a class=\"links\" href=\"https:\/\/www.obermatt.com\/de\/ceo-des-jahres\/gewinner\/dr-rolf-hollander.html\" target=\"_blank\" rel=\"noopener noreferrer\">Dr. Rolf Hollander<\/a><\/span>\u00a0(<a href=\"https:\/\/www.obermatt.com\/de\/aktien\/cewe-color-cwc-ff\/aktien-analyse.html\" target=\"_blank\" rel=\"noopener noreferrer\">CeWe Color<\/a>)<\/td>\n<td class=\"bars ovix number_style\">\n<div class=\"bar_wrapper_ceo\">\n<div class=\"bar\">\n<div class=\"progress dark_green\">\n<div class=\"padded black\">88<\/div>\n<\/div>\n<\/div>\n<\/div>\n<\/td>\n<\/tr>\n<tr>\n<td><\/td>\n<td><span class=\"font_weight_400\"><a class=\"links\" href=\"https:\/\/www.obermatt.com\/de\/ceo-des-jahres\/gewinner\/frank-boshoff.html\" target=\"_blank\" rel=\"noopener noreferrer\">Dr. Frank Boshoff<\/a><\/span>\u00a0(<a href=\"https:\/\/www.obermatt.com\/de\/aktien\/shw-sw1-ff\/aktien-analyse.html\" target=\"_blank\" rel=\"noopener noreferrer\">SHW<\/a>)<\/td>\n<td class=\"bars ovix number_style\">\n<div class=\"bar_wrapper_ceo\">\n<div class=\"bar\">\n<div class=\"progress dark_green\">\n<div class=\"padded black\">88<\/div>\n<\/div>\n<\/div>\n<\/div>\n<\/td>\n<\/tr>\n<tr>\n<td><\/td>\n<td><span class=\"font_weight_400\"><a class=\"links\" href=\"https:\/\/www.obermatt.com\/de\/ceo-des-jahres\/gewinner\/volker-feldkamp.html\" target=\"_blank\" rel=\"noopener noreferrer\">Volker Feldkamp<\/a><\/span>\u00a0(<a href=\"https:\/\/www.obermatt.com\/de\/aktien\/mediclin-med\/aktien-analyse.html\" target=\"_blank\" rel=\"noopener noreferrer\">Mediclin<\/a>)<\/td>\n<td class=\"bars ovix number_style\">\n<div class=\"bar_wrapper_ceo\">\n<div class=\"bar\">\n<div class=\"progress dark_green\">\n<div class=\"padded black\">87<\/div>\n<\/div>\n<\/div>\n<\/div>\n<\/td>\n<\/tr>\n<tr>\n<td><\/td>\n<td><span class=\"font_weight_400\"><a class=\"links\" href=\"https:\/\/www.obermatt.com\/de\/ceo-des-jahres\/gewinner\/hippler-volker.html\" target=\"_blank\" rel=\"noopener noreferrer\">Volker Hippler<\/a><\/span>\u00a0(<a href=\"https:\/\/www.obermatt.com\/de\/aktien\/mediclin-med\/aktien-analyse.html\" target=\"_blank\" rel=\"noopener noreferrer\">Mediclin<\/a>)<\/td>\n<td class=\"bars ovix number_style\">\n<div class=\"bar_wrapper_ceo\">\n<div class=\"bar\">\n<div class=\"progress dark_green\">\n<div class=\"padded black\">87<\/div>\n<\/div>\n<\/div>\n<\/div>\n<\/td>\n<\/tr>\n<tr>\n<td><\/td>\n<td><span class=\"font_weight_400\"><a class=\"links\" href=\"https:\/\/www.obermatt.com\/de\/ceo-des-jahres\/gewinner\/hermann-merkens.html\" target=\"_blank\" rel=\"noopener noreferrer\">Hermann Josef Merkens<\/a><\/span>\u00a0(<a href=\"https:\/\/www.obermatt.com\/de\/aktien\/aareal-bank-arl-ff\/aktien-analyse.html\" target=\"_blank\" rel=\"noopener noreferrer\">Aareal Bank<\/a>)<\/td>\n<td class=\"bars ovix number_style\">\n<div class=\"bar_wrapper_ceo\">\n<div class=\"bar\">\n<div class=\"progress dark_green\">\n<div class=\"padded black\">85<\/div>\n<\/div>\n<\/div>\n<\/div>\n<\/td>\n<\/tr>\n<tr>\n<td><\/td>\n<td><span class=\"font_weight_400\"><a class=\"links\" href=\"https:\/\/www.obermatt.com\/de\/ceo-des-jahres\/gewinner\/karl-heinz-streibich.html\" target=\"_blank\" rel=\"noopener noreferrer\">Karl-Heinz Streibich<\/a><\/span>\u00a0(<a href=\"https:\/\/www.obermatt.com\/de\/aktien\/software-sow\/aktien-analyse.html\" target=\"_blank\" rel=\"noopener noreferrer\">Software<\/a>)<\/td>\n<td class=\"bars ovix number_style\">\n<div class=\"bar_wrapper_ceo\">\n<div class=\"bar\">\n<div class=\"progress dark_green\">\n<div class=\"padded black\">83<\/div>\n<\/div>\n<\/div>\n<\/div>\n<\/td>\n<\/tr>\n<\/tbody>\n<tfoot>\n<tr>\n<td><span class=\"font_weight_400\">Bronze<\/span><br \/>\nOutperformer<\/td>\n<td><span class=\"font_weight_400\"><a class=\"links\" href=\"https:\/\/www.obermatt.com\/de\/ceo-des-jahres\/gewinner\/frank-gotthardt.html\" target=\"_blank\" rel=\"noopener noreferrer\">Frank Gotthardt<\/a><\/span>\u00a0(<a href=\"https:\/\/www.obermatt.com\/de\/aktien\/compugroup-cop\/aktien-analyse.html\" target=\"_blank\" rel=\"noopener noreferrer\">CompuGROUP<\/a>)<\/td>\n<td class=\"bars ovix number_style\">\n<div class=\"bar_wrapper_ceo\">\n<div class=\"bar\">\n<div class=\"progress dark_green\">\n<div class=\"padded black\">82<\/div>\n<\/div>\n<\/div>\n<\/div>\n<\/td>\n<\/tr>\n<tr>\n<td><\/td>\n<td><span class=\"font_weight_400\"><a class=\"links\" href=\"https:\/\/www.obermatt.com\/de\/ceo-des-jahres\/gewinner\/michael-zahn.html\" target=\"_blank\" rel=\"noopener noreferrer\">Michael Zahn<\/a><\/span>\u00a0(<a href=\"https:\/\/www.obermatt.com\/de\/aktien\/deutsche-wohnen-dwni-ff\/aktien-analyse.html\" target=\"_blank\" rel=\"noopener noreferrer\">Deutsche Wohnen<\/a>)<\/td>\n<td class=\"bars ovix number_style\">\n<div class=\"bar_wrapper_ceo\">\n<div class=\"bar\">\n<div class=\"progress dark_green\">\n<div class=\"padded black\">82<\/div>\n<\/div>\n<\/div>\n<\/div>\n<\/td>\n<\/tr>\n<tr>\n<td><\/td>\n<td><span class=\"font_weight_400\"><a class=\"links\" href=\"https:\/\/www.obermatt.com\/de\/ceo-des-jahres\/gewinner\/dr-uwe-schroeder-wildberg.html\" target=\"_blank\" rel=\"noopener noreferrer\">Dr. Uwe Schroeder-Wildberg<\/a><\/span>\u00a0(<a href=\"https:\/\/www.obermatt.com\/de\/aktien\/mlp-mlp-ff\/aktien-analyse.html\" target=\"_blank\" rel=\"noopener noreferrer\">MLP<\/a>)<\/td>\n<td class=\"bars ovix number_style\">\n<div class=\"bar_wrapper_ceo\">\n<div class=\"bar\">\n<div class=\"progress dark_green\">\n<div class=\"padded black\">75<\/div>\n<\/div>\n<\/div>\n<\/div>\n<\/td>\n<\/tr>\n<tr>\n<td><\/td>\n<td><span class=\"font_weight_400\"><a class=\"links\" href=\"https:\/\/www.obermatt.com\/de\/ceo-des-jahres\/gewinner\/frank-g%C3%B6ring.html\" target=\"_blank\" rel=\"noopener noreferrer\">Frank G\u00f6ring<\/a><\/span>\u00a0(<a href=\"https:\/\/www.obermatt.com\/de\/aktien\/villeroy-boch-vib3-ff\/aktien-analyse.html\" target=\"_blank\" rel=\"noopener noreferrer\">Villeroy &amp; Boch<\/a>)<\/td>\n<td class=\"bars ovix number_style\">\n<div class=\"bar_wrapper_ceo\">\n<div class=\"bar\">\n<div class=\"progress light_green\">\n<div class=\"padded black\">70<\/div>\n<\/div>\n<\/div>\n<\/div>\n<\/td>\n<\/tr>\n<tr>\n<td><\/td>\n<td><span class=\"font_weight_400\"><a class=\"links\" href=\"https:\/\/www.obermatt.com\/de\/ceo-des-jahres\/gewinner\/dr-hans-gert-mayrose.html\" target=\"_blank\" rel=\"noopener noreferrer\">Dr. Hans-Gert Mayrose<\/a><\/span>\u00a0(<a href=\"https:\/\/www.obermatt.com\/de\/aktien\/gesco-gsc1-ff\/aktien-analyse.html\" target=\"_blank\" rel=\"noopener noreferrer\">Gesco<\/a>)<\/td>\n<td class=\"bars ovix number_style\">\n<div class=\"bar_wrapper_ceo\">\n<div class=\"bar\">\n<div class=\"progress light_green\">\n<div class=\"padded black\">70<\/div>\n<\/div>\n<\/div>\n<\/div>\n<\/td>\n<\/tr>\n<tr>\n<td><\/td>\n<td><span class=\"font_weight_400\"><a class=\"links\" href=\"https:\/\/www.obermatt.com\/de\/ceo-des-jahres\/gewinner\/volker-simon.html\" target=\"_blank\" rel=\"noopener noreferrer\">Volker Simon<\/a><\/span>\u00a0(<a href=\"https:\/\/www.obermatt.com\/de\/aktien\/pwo-db-pwo\/aktien-analyse.html\" target=\"_blank\" rel=\"noopener noreferrer\">PWO<\/a>)<\/td>\n<td class=\"bars ovix number_style\">\n<div class=\"bar_wrapper_ceo\">\n<div class=\"bar\">\n<div class=\"progress light_green\">\n<div class=\"padded black\">70<\/div>\n<\/div>\n<\/div>\n<\/div>\n<\/td>\n<\/tr>\n<tr>\n<td><\/td>\n<td><span class=\"font_weight_400\"><a class=\"links\" href=\"https:\/\/www.obermatt.com\/de\/ceo-des-jahres\/gewinner\/bernhard-eric.html\" target=\"_blank\" rel=\"noopener noreferrer\">Dr. Eric Bernhard<\/a><\/span>\u00a0(<a href=\"https:\/\/www.obermatt.com\/de\/aktien\/gesco-gsc1-ff\/aktien-analyse.html\" target=\"_blank\" rel=\"noopener noreferrer\">Gesco<\/a>)<\/td>\n<td class=\"bars ovix number_style\">\n<div class=\"bar_wrapper_ceo\">\n<div class=\"bar\">\n<div class=\"progress light_green\">\n<div class=\"padded black\">70<\/div>\n<\/div>\n<\/div>\n<\/div>\n<\/td>\n<\/tr>\n<tr>\n<td><\/td>\n<td><span class=\"font_weight_400\"><a class=\"links\" href=\"https:\/\/www.obermatt.com\/de\/ceo-des-jahres\/gewinner\/dr-michael-mertin.html\" target=\"_blank\" rel=\"noopener noreferrer\">Dr. Michael Mertin<\/a><\/span>\u00a0(<a href=\"https:\/\/www.obermatt.com\/de\/aktien\/jenoptik-jen\/aktien-analyse.html\" target=\"_blank\" rel=\"noopener noreferrer\">Jenoptik<\/a>)<\/td>\n<td class=\"bars ovix number_style\">\n<div class=\"bar_wrapper_ceo\">\n<div class=\"bar\">\n<div class=\"progress light_green\">\n<div class=\"padded black\">66<\/div>\n<\/div>\n<\/div>\n<\/div>\n<\/td>\n<\/tr>\n<tr>\n<td><\/td>\n<td><span class=\"font_weight_400\"><a class=\"links\" href=\"https:\/\/www.obermatt.com\/de\/ceo-des-jahres\/gewinner\/hans-joachim-watzke.html\" target=\"_blank\" rel=\"noopener noreferrer\">Hans-Joachim Watzke<\/a><\/span>\u00a0(<a href=\"https:\/\/www.obermatt.com\/de\/aktien\/borussia-dortmund-xtra-bvb\/aktien-analyse.html\" target=\"_blank\" rel=\"noopener noreferrer\">Borussia Dortmund<\/a>)<\/td>\n<td class=\"bars ovix number_style\">\n<div class=\"bar_wrapper_ceo\">\n<div class=\"bar\">\n<div class=\"progress light_green\">\n<div class=\"padded black\">66<\/div>\n<\/div>\n<\/div>\n<\/div>\n<\/td>\n<\/tr>\n<tr>\n<td><\/td>\n<td><span class=\"font_weight_400\"><a class=\"links\" href=\"https:\/\/www.obermatt.com\/de\/ceo-des-jahres\/gewinner\/helmut-laube.html\" target=\"_blank\" rel=\"noopener noreferrer\">Dr. Helmut Laube<\/a><\/span>\u00a0(<a href=\"https:\/\/www.obermatt.com\/de\/aktien\/drillisch-db-dri\/aktien-analyse.html\" target=\"_blank\" rel=\"noopener noreferrer\">Drillisch<\/a>)<\/td>\n<td class=\"bars ovix number_style\">\n<div class=\"bar_wrapper_ceo\">\n<div class=\"bar\">\n<div class=\"progress light_green\">\n<div class=\"padded black\">65<\/div>\n<\/div>\n<\/div>\n<\/div>\n<\/td>\n<\/tr>\n<tr>\n<td><\/td>\n<td><span class=\"font_weight_400\"><a class=\"links\" href=\"https:\/\/www.obermatt.com\/de\/ceo-des-jahres\/gewinner\/choulidis-vlasios.html\" target=\"_blank\" rel=\"noopener noreferrer\">Vlasios Choulidis<\/a><\/span>\u00a0(<a href=\"https:\/\/www.obermatt.com\/de\/aktien\/drillisch-db-dri\/aktien-analyse.html\" target=\"_blank\" rel=\"noopener noreferrer\">Drillisch<\/a>)<\/td>\n<td class=\"bars ovix number_style\">\n<div class=\"bar_wrapper_ceo\">\n<div class=\"bar\">\n<div class=\"progress light_green\">\n<div class=\"padded black\">65<\/div>\n<\/div>\n<\/div>\n<\/div>\n<\/td>\n<\/tr>\n<tr>\n<td><\/td>\n<td><span class=\"font_weight_400\"><a class=\"links\" href=\"https:\/\/www.obermatt.com\/de\/ceo-des-jahres\/gewinner\/claus-bolza-sch%C3%BCnemann.html\" target=\"_blank\" rel=\"noopener noreferrer\">Claus Bolza-Sch\u00fcnemann<\/a><\/span>\u00a0(<a href=\"https:\/\/www.obermatt.com\/de\/aktien\/koenig-bauer-skb-ff\/aktien-analyse.html\" target=\"_blank\" rel=\"noopener noreferrer\">Koenig &amp; Bauer<\/a>)<\/td>\n<td class=\"bars ovix number_style\">\n<div class=\"bar_wrapper_ceo\">\n<div class=\"bar\">\n<div class=\"progress light_green\">\n<div class=\"padded black\">64<\/div>\n<\/div>\n<\/div>\n<\/div>\n<\/td>\n<\/tr>\n<tr>\n<td><\/td>\n<td><span class=\"font_weight_400\"><a class=\"links\" href=\"https:\/\/www.obermatt.com\/de\/ceo-des-jahres\/gewinner\/hagen-duenbostel.html\" target=\"_blank\" rel=\"noopener noreferrer\">Hagen Duenbostel<\/a><\/span>\u00a0(<a href=\"https:\/\/www.obermatt.com\/de\/aktien\/kws-saat-kws-ff\/aktien-analyse.html\" target=\"_blank\" rel=\"noopener noreferrer\">KWS Saat<\/a>)<\/td>\n<td class=\"bars ovix number_style\">\n<div class=\"bar_wrapper_ceo\">\n<div class=\"bar\">\n<div class=\"progress light_green\">\n<div class=\"padded black\">62<\/div>\n<\/div>\n<\/div>\n<\/div>\n<\/td>\n<\/tr>\n<tr>\n<td><\/td>\n<td><span class=\"font_weight_400\"><a class=\"links\" href=\"https:\/\/www.obermatt.com\/de\/ceo-des-jahres\/gewinner\/thomas-kneip.html\" target=\"_blank\" rel=\"noopener noreferrer\">Dr. Thomas Kneip<\/a><\/span>\u00a0(<a href=\"https:\/\/www.obermatt.com\/de\/aktien\/centrotec-sustainable-cev-ff\/aktien-analyse.html\" target=\"_blank\" rel=\"noopener noreferrer\">Centrotec Sustainable<\/a>)<\/td>\n<td class=\"bars ovix number_style\">\n<div class=\"bar_wrapper_ceo\">\n<div class=\"bar\">\n<div class=\"progress light_green\">\n<div class=\"padded black\">56<\/div>\n<\/div>\n<\/div>\n<\/div>\n<\/td>\n<\/tr>\n<tr>\n<td><\/td>\n<td><span class=\"font_weight_400\"><a class=\"links\" href=\"https:\/\/www.obermatt.com\/de\/ceo-des-jahres\/gewinner\/christoph-traxler.html\" target=\"_blank\" rel=\"noopener noreferrer\">Dr. Christoph Traxler<\/a><\/span>\u00a0(<a href=\"https:\/\/www.obermatt.com\/de\/aktien\/centrotec-sustainable-cev-ff\/aktien-analyse.html\" target=\"_blank\" rel=\"noopener noreferrer\">Centrotec Sustainable<\/a>)<\/td>\n<td class=\"bars ovix number_style\">\n<div class=\"bar_wrapper_ceo\">\n<div class=\"bar\">\n<div class=\"progress light_green\">\n<div class=\"padded black\">56<\/div>\n<\/div>\n<\/div>\n<\/div>\n<\/td>\n<\/tr>\n<\/tfoot>\n<\/table>\n<p><a class=\"links no_margin text_size_14\" href=\"https:\/\/www.obermatt.com\/de\/ceo-des-jahres\/deutschland\/mittlere-unternehmen-vollst%C3%A4ndige-rangliste-2017.html#top\">zum Seitenanfang<\/a><\/p>\n<\/div>\n<p>In der\u00a0<a class=\"links\" href=\"https:\/\/www.obermatt.com\/de\/ceo-des-jahres\/deutschland\/mittlere-unternehmen-mehrjahres-rangliste.html\">CEO Mehrjahresliste<\/a>\u00a0sind die Leistungen seit Beginn der Rangliste aufgef\u00fchrt.<\/p>\n<p>&nbsp;<\/p>\n<p><strong>Die Methode erkl\u00e4rt Hermann Stern, Gesch\u00e4ftsf\u00fchrer der Obermatt AG:<\/strong><\/p>\n<div>Auf den Obermatt CEO des Jahres Ranglisten werden nur Manager gezeigt, die besser waren als der Durchschnitt des Markts. Es sind also alles \u00fcberdurchschnittliche Manager, die aufgef\u00fchrt sind. Die besten zehn sind als Silbergewinner und die besten drei als Goldgewinner ausgewiesen.<\/div>\n<div><\/div>\n<div>Die Leistungsmessung beruht ausschlie\u00dflich auf Finanz-Fakten. Es werden keine pers\u00f6nlichen Urteile einer Jury gebildet. Ausgewertet werden drei Aspekte der CEO-Leistung: Das Wachstum, die operative Effizienz und die Strategie.<\/div>\n<div><\/div>\n<div>Die Wachstumsleistung wird anhand des Umsatzwachstums gegen\u00fcber dem Marktwachstum gemessen, au\u00dferordentliche Effekte wie Akquisitionen werden neutralisiert. Wer auf der Wachstumsliste aufgef\u00fchrt ist, hat mit seinem Unternehmen Marktanteile gewonnen.<\/div>\n<div><\/div>\n<div>Bei der operativen Effizienz geht es um die Kostenkontrolle. CEOs auf der operativen Rangliste haben es verstanden, den Gewinn \u00fcberdurchschnittlich zu steigern.<\/div>\n<div><\/div>\n<div>Strategische Leistung dr\u00fcckt sich am besten im Aktienpreis aus. W\u00e4chst dieser mehr als die Konkurrenz, dann erwartet man vom Unternehmen in der Zukunft mehr. Mit anderen Worten wird die Strategie des Unternehmens besser eingestuft als in der Vorperiode. CEOs auf der strategischen Rangliste haben im Betrachtungszeitraum \u00fcberzeugende Strategien gezeigt und gelebt.<\/div>\n<div><\/div>\n<div><\/div>\n<p><img loading=\"lazy\" decoding=\"async\" class=\"aligncenter size-medium wp-image-664324\" src=\"https:\/\/blog.wiwo.de\/management\/files\/2017\/02\/Blog-Ranking2017-300x212.jpg\" alt=\"\" width=\"300\" height=\"212\" srcset=\"https:\/\/blog.wiwo.de\/management\/files\/2017\/02\/Blog-Ranking2017-300x212.jpg 300w, https:\/\/blog.wiwo.de\/management\/files\/2017\/02\/Blog-Ranking2017-424x300.jpg 424w, https:\/\/blog.wiwo.de\/management\/files\/2017\/02\/Blog-Ranking2017.jpg 650w\" sizes=\"auto, (max-width: 300px) 100vw, 300px\" \/><\/p>\n","protected":false},"excerpt":{"rendered":"<p>Obermatt-Ranking 2017: Wer sind &#8211; nach ihren Finanzkennzahlen &#8211; die erolgreichsten Manager im deutschen Mittelstand? Wie die Methode des Schweizer Analysten im Detail funktioniert, steht ganz unten. Die gemessene CEO-Leistung ist: Das Wachstum, die operative Effizienz und die Strategie. Sieger &hellip; <a href=\"https:\/\/blog.wiwo.de\/management\/2017\/11\/20\/obermatt-rankingerfolgreichste-mittelstaendler-koenig-bauer-cewe-color-und-drillisch-an-der-spitze\/\">Weiterlesen <span class=\"meta-nav\">&rarr;<\/span><\/a><\/p>\n","protected":false},"author":19,"featured_media":0,"comment_status":"open","ping_status":"open","sticky":false,"template":"","format":"standard","meta":{"footnotes":""},"categories":[1],"tags":[7032,7031,7030,5834,5831,6786,783,7033,901],"class_list":["post-666507","post","type-post","status-publish","format-standard","hentry","category-allgemein","tag-cewe-color","tag-drillisch","tag-erfolgreichste-mittelstaendler","tag-finanzkennzahlen","tag-hermann-stern","tag-koenig-bauer","tag-mittelstand","tag-obermatt","tag-ranking"],"_links":{"self":[{"href":"https:\/\/blog.wiwo.de\/management\/wp-json\/wp\/v2\/posts\/666507","targetHints":{"allow":["GET"]}}],"collection":[{"href":"https:\/\/blog.wiwo.de\/management\/wp-json\/wp\/v2\/posts"}],"about":[{"href":"https:\/\/blog.wiwo.de\/management\/wp-json\/wp\/v2\/types\/post"}],"author":[{"embeddable":true,"href":"https:\/\/blog.wiwo.de\/management\/wp-json\/wp\/v2\/users\/19"}],"replies":[{"embeddable":true,"href":"https:\/\/blog.wiwo.de\/management\/wp-json\/wp\/v2\/comments?post=666507"}],"version-history":[{"count":0,"href":"https:\/\/blog.wiwo.de\/management\/wp-json\/wp\/v2\/posts\/666507\/revisions"}],"wp:attachment":[{"href":"https:\/\/blog.wiwo.de\/management\/wp-json\/wp\/v2\/media?parent=666507"}],"wp:term":[{"taxonomy":"category","embeddable":true,"href":"https:\/\/blog.wiwo.de\/management\/wp-json\/wp\/v2\/categories?post=666507"},{"taxonomy":"post_tag","embeddable":true,"href":"https:\/\/blog.wiwo.de\/management\/wp-json\/wp\/v2\/tags?post=666507"}],"curies":[{"name":"wp","href":"https:\/\/api.w.org\/{rel}","templated":true}]}}