{"id":663410,"date":"2016-11-25T14:30:04","date_gmt":"2016-11-25T13:30:04","guid":{"rendered":"https:\/\/blog.wiwo.de\/management\/?p=663410"},"modified":"2016-12-06T18:24:04","modified_gmt":"2016-12-06T17:24:04","slug":"gastbeitrag-xy-cybathlon-in-der-schweiz-dem-silicon-valley-europas-europe-2020-iii","status":"publish","type":"post","link":"https:\/\/blog.wiwo.de\/management\/2016\/11\/25\/gastbeitrag-xy-cybathlon-in-der-schweiz-dem-silicon-valley-europas-europe-2020-iii\/","title":{"rendered":"Gastbeitrag CNN-Anchorman Richard Quest: Cybathlon in der Schweiz, dem Silicon Valley Europas &#8211; Serie &#8222;Europe 2020&#8220; (3)"},"content":{"rendered":"<p><strong>\u201eEurope 2020\u201c\u00a0\u2013 Gast-Serie: Richard Quest aus der Schweiz (3)<\/strong><\/p>\n<p>In den n\u00e4chsten Wochen gibt es einmal pro Woche einen Beitrag in \u201eCNN Money with Nina dos Santos\u201c unter dem Namen \u201eEurope 2020\u201c. Den ersten Teil hat Richard Quest,\u00a0CNN-Kultmoderator der TV-Serie \u201eBusiness Traveller\u201c, bestritten und jetzt auch wieder diesen III.Teil.<\/p>\n<div id=\"attachment_663426\" style=\"width: 443px\" class=\"wp-caption aligncenter\"><img loading=\"lazy\" decoding=\"async\" aria-describedby=\"caption-attachment-663426\" class=\"size-full wp-image-663426\" src=\"https:\/\/blog.wiwo.de\/management\/files\/2016\/11\/Quest.11.2016.jpg\" alt=\"Richard Quest, Wirtschaftsmoderator und Anchorman bei CNN\" width=\"433\" height=\"650\" srcset=\"https:\/\/blog.wiwo.de\/management\/files\/2016\/11\/Quest.11.2016.jpg 433w, https:\/\/blog.wiwo.de\/management\/files\/2016\/11\/Quest.11.2016-200x300.jpg 200w\" sizes=\"auto, (max-width: 433px) 100vw, 433px\" \/><p id=\"caption-attachment-663426\" class=\"wp-caption-text\">Richard Quest, Wirtschaftsmoderator und Anchorman bei CNN<\/p><\/div>\n<p>&nbsp;<\/p>\n<p>Die Schweiz hat schon l\u00e4nger den Ruf, das Silicon Valley Europas zu sein. Da hat es auch Sinn, dort den ersten Cybathlon der Welt\u00a0auszutragen. Dabei treten Menschen mit Behinderung, die sogenannten \u201ePiloten\u201c, an und meistern mit Hilfe von Robotertechnik Hindernissparkours, die den H\u00fcrden des Alltags sehr \u00e4hnlich sind.<\/p>\n<div id=\"attachment_663411\" style=\"width: 660px\" class=\"wp-caption aligncenter\"><img loading=\"lazy\" decoding=\"async\" aria-describedby=\"caption-attachment-663411\" class=\"size-full wp-image-663411\" src=\"https:\/\/blog.wiwo.de\/management\/files\/2016\/11\/europe.2020.3.Hindernisparkour.jpg\" alt=\"Hindernisparcour (Foto: CNN International)\" width=\"650\" height=\"364\" srcset=\"https:\/\/blog.wiwo.de\/management\/files\/2016\/11\/europe.2020.3.Hindernisparkour.jpg 650w, https:\/\/blog.wiwo.de\/management\/files\/2016\/11\/europe.2020.3.Hindernisparkour-300x168.jpg 300w, https:\/\/blog.wiwo.de\/management\/files\/2016\/11\/europe.2020.3.Hindernisparkour-500x280.jpg 500w\" sizes=\"auto, (max-width: 650px) 100vw, 650px\" \/><p id=\"caption-attachment-663411\" class=\"wp-caption-text\">Ein &#8222;Pilot&#8220; steuert durch den Hindernisparcour\u00a0 (Foto: CNN International)<\/p><\/div>\n<p>&nbsp;<\/p>\n<p>\u201eDie Schweiz ist die Nummer eins bei Robotik per Capita. Das hei\u00dft die Schweiz hat die weltweit h\u00f6chste Dichte an Robotik-Wissenschaftlern und Ingenieuren der Biomechanik\u201c, erkl\u00e4rt der Erfinder des Cybathlons Robert Riener.<\/p>\n<p>&nbsp;<\/p>\n<p>&nbsp;<\/p>\n<div id=\"attachment_663412\" style=\"width: 660px\" class=\"wp-caption aligncenter\"><img loading=\"lazy\" decoding=\"async\" aria-describedby=\"caption-attachment-663412\" class=\"size-full wp-image-663412\" src=\"https:\/\/blog.wiwo.de\/management\/files\/2016\/11\/europe2020.2.Robert-Riener.jpg\" alt=\"Robert Riener (Foto: CNN International)\" width=\"650\" height=\"364\" srcset=\"https:\/\/blog.wiwo.de\/management\/files\/2016\/11\/europe2020.2.Robert-Riener.jpg 650w, https:\/\/blog.wiwo.de\/management\/files\/2016\/11\/europe2020.2.Robert-Riener-300x168.jpg 300w, https:\/\/blog.wiwo.de\/management\/files\/2016\/11\/europe2020.2.Robert-Riener-500x280.jpg 500w\" sizes=\"auto, (max-width: 650px) 100vw, 650px\" \/><p id=\"caption-attachment-663412\" class=\"wp-caption-text\">Erfinder des Cybathlon: Robert Riener (Foto: CNN International)<\/p><\/div>\n<p>&nbsp;<\/p>\n<p>Die Geschichten der Teilnehmer \u00e4hneln sich oft, Werner Witschi ist nur einer unter vielen: \u201eIch war auf dem Dach eines S\u00e4gewerks und das Dach war instabil. Ich bin nach unten gefallen und am n\u00e4chsten Tag im Krankenhaus aufgewacht. Dort hat man mir gesagt, dass ich von der H\u00fcfte abw\u00e4rts gel\u00e4hmt bin.\u201c Doch ein Team aus Studenten half Werner wieder aufrecht zu gehen. Mit Hilfe eines Exoskeletts namens \u201eVarileg\u201c war er in der Lage wieder Schritte zu machen und zu stehen.<\/p>\n<p>&nbsp;<\/p>\n<p>Das Team hinter \u201eVarileg\u201c tritt auch am Cybathlon an. Dabei geht es ihnen nicht unbedingt um den Sieg. Stattdessen wollen sie zeigen, was mit der neuen Technologie bereits alles m\u00f6glich ist und welches Potential noch in der Zukunft ausgesch\u00f6pft werden kann. Damit soll der Cybathlon vor allem Menschen wie Werner Witschi wieder Hoffnung machen.<\/p>\n<p>&nbsp;<\/p>\n<p>&nbsp;<\/p>\n<div id=\"attachment_663413\" style=\"width: 660px\" class=\"wp-caption aligncenter\"><img loading=\"lazy\" decoding=\"async\" aria-describedby=\"caption-attachment-663413\" class=\"size-full wp-image-663413\" src=\"https:\/\/blog.wiwo.de\/management\/files\/2016\/11\/europe2020.3Team-Varileg.jpg\" alt=\"Team Varileg (Foto: CNN International)\" width=\"650\" height=\"363\" srcset=\"https:\/\/blog.wiwo.de\/management\/files\/2016\/11\/europe2020.3Team-Varileg.jpg 650w, https:\/\/blog.wiwo.de\/management\/files\/2016\/11\/europe2020.3Team-Varileg-300x168.jpg 300w, https:\/\/blog.wiwo.de\/management\/files\/2016\/11\/europe2020.3Team-Varileg-500x279.jpg 500w\" sizes=\"auto, (max-width: 650px) 100vw, 650px\" \/><p id=\"caption-attachment-663413\" class=\"wp-caption-text\">Team Varileg\u00a0 beim Cybathlon (Foto: CNN International)<\/p><\/div>\n<p>&nbsp;<\/p>\n<p><strong>Video: <a href=\"http:\/\/cnnmon.ie\/2eFo75F\">http:\/\/cnnmon.ie\/2eFo75F<\/a><\/strong><\/p>\n<p>&nbsp;<\/p>\n","protected":false},"excerpt":{"rendered":"<p>\u201eEurope 2020\u201c\u00a0\u2013 Gast-Serie: Richard Quest aus der Schweiz (3) In den n\u00e4chsten Wochen gibt es einmal pro Woche einen Beitrag in \u201eCNN Money with Nina dos Santos\u201c unter dem Namen \u201eEurope 2020\u201c. Den ersten Teil hat Richard Quest,\u00a0CNN-Kultmoderator der TV-Serie &hellip; <a href=\"https:\/\/blog.wiwo.de\/management\/2016\/11\/25\/gastbeitrag-xy-cybathlon-in-der-schweiz-dem-silicon-valley-europas-europe-2020-iii\/\">Weiterlesen <span class=\"meta-nav\">&rarr;<\/span><\/a><\/p>\n","protected":false},"author":19,"featured_media":0,"comment_status":"open","ping_status":"open","sticky":false,"template":"","format":"standard","meta":{"footnotes":""},"categories":[1],"tags":[6173,234,6174,919,957],"class_list":["post-663410","post","type-post","status-publish","format-standard","hentry","category-allgemein","tag-europe-2020-iii","tag-cnn","tag-cybathon","tag-richard-quest","tag-schweiz"],"_links":{"self":[{"href":"https:\/\/blog.wiwo.de\/management\/wp-json\/wp\/v2\/posts\/663410","targetHints":{"allow":["GET"]}}],"collection":[{"href":"https:\/\/blog.wiwo.de\/management\/wp-json\/wp\/v2\/posts"}],"about":[{"href":"https:\/\/blog.wiwo.de\/management\/wp-json\/wp\/v2\/types\/post"}],"author":[{"embeddable":true,"href":"https:\/\/blog.wiwo.de\/management\/wp-json\/wp\/v2\/users\/19"}],"replies":[{"embeddable":true,"href":"https:\/\/blog.wiwo.de\/management\/wp-json\/wp\/v2\/comments?post=663410"}],"version-history":[{"count":0,"href":"https:\/\/blog.wiwo.de\/management\/wp-json\/wp\/v2\/posts\/663410\/revisions"}],"wp:attachment":[{"href":"https:\/\/blog.wiwo.de\/management\/wp-json\/wp\/v2\/media?parent=663410"}],"wp:term":[{"taxonomy":"category","embeddable":true,"href":"https:\/\/blog.wiwo.de\/management\/wp-json\/wp\/v2\/categories?post=663410"},{"taxonomy":"post_tag","embeddable":true,"href":"https:\/\/blog.wiwo.de\/management\/wp-json\/wp\/v2\/tags?post=663410"}],"curies":[{"name":"wp","href":"https:\/\/api.w.org\/{rel}","templated":true}]}}